{"id":33792,"date":"2025-07-30T16:54:58","date_gmt":"2025-07-30T19:54:58","guid":{"rendered":"http:\/\/revistavitrineibiuna.com.br\/?p=33792"},"modified":"2025-07-30T16:59:29","modified_gmt":"2025-07-30T19:59:29","slug":"ignorancia-virou-moda-afirma-neurocientista-na-tv-cultura","status":"publish","type":"post","link":"https:\/\/revistavitrineibiuna.com.br\/?p=33792","title":{"rendered":"\u201cIgnor\u00e2ncia virou moda\u201d, afirma neurocientista na TV Cultura"},"content":{"rendered":"\n<p class=\"has-drop-cap\"><strong>Miguel Nicolelis (64) \u00e9 um m\u00e9dico brasileiro, paulistano, considerado um dos vinte maiores cientistas do mundo em sua especialidade no campo da neuroci\u00eancia.<\/strong><\/p>\n\n\n\n<p><strong>Nesta segunda-feira (28) ele, como sempre brilhante e afiado em suas an\u00e1lises, foi o entrevistado do programa Roda Viva transmitido pela TV Cultura.<\/strong><\/p>\n\n\n\n<p><strong>Seu depoimento sobre os efeitos da chamada \u201ctelinha\u201d, especialmente celulares, no c\u00e9rebro das pessoas disponibilizou dados alarmantes e dignos de serem conhecidos e serem refletidos para aqueles que ainda n\u00e3o tiverem suas mentes \u201cpulverizadas\u201d.<\/strong><\/p>\n\n\n\n<p><strong>[Assista ao v\u00eddeo completo na TV Cultura \u2013 Programa \u201cRoda Viva\u201d.]<\/strong><\/p>\n\n\n\n<p><strong>\u2018A INTELIG\u00caNCIA N\u00c3O \u00c9 ARTIFICIAL\u2019<\/strong><\/p>\n\n\n\n<p><strong>Em seu posicionamento j\u00e1 conhecido, Nicolelis afirma que \u201ca IA n\u00e3o possui verdadeira intelig\u00eancia, visto que esta \u00e9 uma propriedade dos organismos e que tampouco pode ser considerada completamente artificial, dada a sua depend\u00eancia da criatividade e do intelecto humano\u201d. Em suma: ela \u00e9&nbsp; criada pelo ser humano.<\/strong><\/p>\n\n\n\n<p><strong>De forma mais categ\u00f3rica, ele sacramentou em uma entrevista: \u201c\u00c9 imposs\u00edvel que a IA se torne melhor que o c\u00e9rebro.\u201d<\/strong><\/p>\n\n\n\n<p><strong>Autor de v\u00e1rios livros e conectado com in\u00fameros cientistas do planeta, Nicolelis considera que \u201ca IA \u00e9 extremamente \u00fatil em certos ramos, como an\u00e1lise estat\u00edstica e minera\u00e7\u00e3o de dados [uma t\u00e9cnica assistida por computador usada em an\u00e1lise para processar e explorar grandes conjuntos de dados], mas n\u00e3o pode imitar a intelig\u00eancia humana\u201d.<\/strong><\/p>\n\n\n\n<p><strong>EFEITOS SOBRE O C\u00c9REBRO<\/strong><\/p>\n\n\n\n<p><strong>O neurocientista, diante de uma bancada de v\u00e1rios entrevistadores, apresentou a alega\u00e7\u00e3o de que redes sociais criaram um ex\u00e9rcito de ignorantes. \u201cEu n\u00e3o sou t\u00e3o sarc\u00e1stico a esse ponto, mas eu diria a ignor\u00e2ncia virou moda. A nossa cultura n\u00e3o foi destru\u00edda, mas foi pulverizada porque \u00e9 muito mais r\u00e1pido voc\u00ea ter o reconhecimento falando bobagem.\u201d<\/strong><\/p>\n\n\n\n<p><strong>\u2018FAKE NEWS \u00c9 UM V\u00cdRUS\u2019<\/strong><\/p>\n\n\n\n<p><strong>\u201cEu n\u00e3o tenho as provas, mas tem gente que alega que parte da ideologia por tr\u00e1s das redes sociais \u00e9 exatamente isso: criar uma sociedade de imbecis, uma sociedade de pessoas que n\u00e3o conseguem discernir entre o que \u00e9 real do que \u00e9 absolutamente f\u00fatil e o que \u00e9 fundamental para a sobreviv\u00eancia da nossa esp\u00e9cie\u201d, comentou acrescentando:<\/strong><\/p>\n\n\n\n<p><strong>\u201cEsta \u00e9 minha defini\u00e7\u00e3o de um v\u00edrus informacional: \u00e9 um pacote de informa\u00e7\u00f5es falsas, fake news , como a gente chama, que infecta o c\u00e9rebro de milh\u00f5es de pessoas por meios de comunica\u00e7\u00e3o na velocidade da luz que \u00e9 o&nbsp; que n\u00f3s temos hoje.\u201d<\/strong><\/p>\n\n\n\n<p><strong>\u201cPor exemplo, voc\u00ea v\u00ea o que est\u00e1 acontecendo nos Estados Unidos. Hoje a vasta maioria dos seguidores do atual presidente norte-americano n\u00e3o acredita nos fatos, n\u00e3o acredita nos dados, n\u00e3o acredita no que se v\u00ea na televis\u00e3o ao vivo e \u00e9 isso que ele [v\u00edrus] faz: cria toda uma cadeia de dissemina\u00e7\u00e3o do irreal.\u201d<\/strong><\/p>\n\n\n\n<p><strong>\u201cPERDA DA MEM\u00d3RIA\u201d<\/strong><\/p>\n\n\n\n<p><strong>Uma das severas consequ\u00eancias desse fen\u00f4meno, segundo o neurocientista, \u00e9 a perda da mem\u00f3ria e da cogni\u00e7\u00e3o. [As pessoas] deixam de pensar por conta pr\u00f3pria e se tornam dependentes do Google, do ChatGPT.<\/strong><\/p>\n\n\n\n<p><strong>N\u00e3o nego a vantagens e os benef\u00edcios da tecnologia, mas a gente tem que entender os riscos \u00e0 nossa sobreviv\u00eancia que n\u00f3s corremos ao delegarmos as nossas fun\u00e7\u00f5es cognitivas a ela.<\/strong><\/p>\n\n\n\n<p><strong>CHATGPT.<\/strong><\/p>\n\n\n\n<p><strong>O ChatGPT [sigla em&nbsp; inl\u00eas de Chat Generative Pre-trained Transformer], lan\u00e7ado pela OpenAI em novembro de 2022, &nbsp;\u00e9 um modelo de linguagem de intelig\u00eancia artificial desenvolvido pela pr\u00f3pria OpenAI, projetado para gerar texto de forma natural e coerente, simulando uma conversa com um humano. Ele \u00e9 capaz de responder a perguntas, fornecer informa\u00e7\u00f5es, gerar texto criativo e realizar diversas tarefas de linguagem.<\/strong><\/p>\n\n\n\n<p><strong>MODELO DE LINGUAGEM<\/strong><\/p>\n\n\n\n<p><strong>O ChatGPT \u00e9 um modelo de linguagem grande, o que significa que foi treinado em uma quantidade massiva de dados de texto para aprender a reconhecer padr\u00f5es e estruturas na linguagem humana.<\/strong><\/p>\n\n\n\n<p><strong>\u00c9 not\u00e1vel nesse aspecto a entrega da criatividade das pessoas que fazem pedidos para terem teses, livros, artigos, t\u00edtulos, curr\u00edculos, cartas e ficam esperando a resposta vir pronta, tendo utilizado apenas alguns neur\u00f4nios para fazer a encomenda. (C.R.)<\/strong><\/p>\n\n\n\n<figure class=\"wp-block-image size-large\"><img loading=\"lazy\" width=\"702\" height=\"383\" src=\"https:\/\/revistavitrineibiuna.com.br\/wp-content\/uploads\/2025\/07\/Nicolelis-2.png\" alt=\"\" class=\"wp-image-33795\" srcset=\"https:\/\/revistavitrineibiuna.com.br\/wp-content\/uploads\/2025\/07\/Nicolelis-2.png 702w, https:\/\/revistavitrineibiuna.com.br\/wp-content\/uploads\/2025\/07\/Nicolelis-2-300x164.png 300w\" sizes=\"(max-width: 702px) 100vw, 702px\" \/><figcaption>No meio da Roda Viva, Miguel Nicolelis fez advert\u00eancias da maior import\u00e2ncia para a sobreviv\u00eancia humana<\/figcaption><\/figure>\n","protected":false},"excerpt":{"rendered":"<p>Miguel Nicolelis (64) \u00e9 um m\u00e9dico brasileiro, paulistano, considerado um dos vinte maiores cientistas do mundo em sua especialidade no<\/p>\n","protected":false},"author":1,"featured_media":33793,"comment_status":"open","ping_status":"open","sticky":false,"template":"","format":"standard","meta":[],"categories":[3],"tags":[],"yoast_head":"<!-- This site is optimized with the Yoast SEO plugin v15.8 - https:\/\/yoast.com\/wordpress\/plugins\/seo\/ -->\n<title>\u201cIgnor\u00e2ncia virou moda\u201d, afirma neurocientista na TV Cultura - Revista Vitrine Online<\/title>\n<meta name=\"robots\" content=\"index, follow, max-snippet:-1, max-image-preview:large, max-video-preview:-1\" \/>\n<link rel=\"canonical\" href=\"http:\/\/revistavitrineibiuna.com.br\/?p=33792\" \/>\n<meta property=\"og:locale\" content=\"pt_BR\" \/>\n<meta property=\"og:type\" content=\"article\" \/>\n<meta property=\"og:title\" content=\"\u201cIgnor\u00e2ncia virou moda\u201d, afirma neurocientista na TV Cultura - Revista Vitrine Online\" \/>\n<meta property=\"og:description\" content=\"Miguel Nicolelis (64) \u00e9 um m\u00e9dico brasileiro, paulistano, considerado um dos vinte maiores cientistas do mundo em sua especialidade no\" \/>\n<meta property=\"og:url\" content=\"http:\/\/revistavitrineibiuna.com.br\/?p=33792\" \/>\n<meta property=\"og:site_name\" content=\"Revista Vitrine Online\" \/>\n<meta property=\"article:published_time\" content=\"2025-07-30T19:54:58+00:00\" \/>\n<meta property=\"article:modified_time\" content=\"2025-07-30T19:59:29+00:00\" \/>\n<meta property=\"og:image\" content=\"https:\/\/revistavitrineibiuna.com.br\/wp-content\/uploads\/2025\/07\/Miguel-Nicolelis-foto.png\" \/>\n\t<meta property=\"og:image:width\" content=\"717\" \/>\n\t<meta property=\"og:image:height\" content=\"394\" \/>\n<meta name=\"twitter:card\" content=\"summary\" \/>\n<meta name=\"twitter:label1\" content=\"Est. reading time\">\n\t<meta name=\"twitter:data1\" content=\"4 minutos\">\n<script type=\"application\/ld+json\" class=\"yoast-schema-graph\">{\"@context\":\"https:\/\/schema.org\",\"@graph\":[{\"@type\":\"WebSite\",\"@id\":\"https:\/\/revistavitrineibiuna.com.br\/#website\",\"url\":\"https:\/\/revistavitrineibiuna.com.br\/\",\"name\":\"Revista Vitrine Ibi\\u00fana\",\"description\":\"A Revista de Ibi\\u00fana e Regi\\u00e3o\",\"publisher\":{\"@id\":\"https:\/\/revistavitrineibiuna.com.br\/#\/schema\/person\/e51ef49d6d88170ea21ceabff3f73deb\"},\"potentialAction\":[{\"@type\":\"SearchAction\",\"target\":\"https:\/\/revistavitrineibiuna.com.br\/?s={search_term_string}\",\"query-input\":\"required name=search_term_string\"}],\"inLanguage\":\"pt-BR\"},{\"@type\":\"ImageObject\",\"@id\":\"http:\/\/revistavitrineibiuna.com.br\/?p=33792#primaryimage\",\"inLanguage\":\"pt-BR\",\"url\":\"https:\/\/revistavitrineibiuna.com.br\/wp-content\/uploads\/2025\/07\/Miguel-Nicolelis-foto.png\",\"width\":717,\"height\":394},{\"@type\":\"WebPage\",\"@id\":\"http:\/\/revistavitrineibiuna.com.br\/?p=33792#webpage\",\"url\":\"http:\/\/revistavitrineibiuna.com.br\/?p=33792\",\"name\":\"\\u201cIgnor\\u00e2ncia virou moda\\u201d, afirma neurocientista na TV Cultura - Revista Vitrine Online\",\"isPartOf\":{\"@id\":\"https:\/\/revistavitrineibiuna.com.br\/#website\"},\"primaryImageOfPage\":{\"@id\":\"http:\/\/revistavitrineibiuna.com.br\/?p=33792#primaryimage\"},\"datePublished\":\"2025-07-30T19:54:58+00:00\",\"dateModified\":\"2025-07-30T19:59:29+00:00\",\"breadcrumb\":{\"@id\":\"http:\/\/revistavitrineibiuna.com.br\/?p=33792#breadcrumb\"},\"inLanguage\":\"pt-BR\",\"potentialAction\":[{\"@type\":\"ReadAction\",\"target\":[\"http:\/\/revistavitrineibiuna.com.br\/?p=33792\"]}]},{\"@type\":\"BreadcrumbList\",\"@id\":\"http:\/\/revistavitrineibiuna.com.br\/?p=33792#breadcrumb\",\"itemListElement\":[{\"@type\":\"ListItem\",\"position\":1,\"item\":{\"@type\":\"WebPage\",\"@id\":\"https:\/\/revistavitrineibiuna.com.br\/\",\"url\":\"https:\/\/revistavitrineibiuna.com.br\/\",\"name\":\"In\\u00edcio\"}},{\"@type\":\"ListItem\",\"position\":2,\"item\":{\"@type\":\"WebPage\",\"@id\":\"http:\/\/revistavitrineibiuna.com.br\/?p=33792\",\"url\":\"http:\/\/revistavitrineibiuna.com.br\/?p=33792\",\"name\":\"\\u201cIgnor\\u00e2ncia virou moda\\u201d, afirma neurocientista na TV Cultura\"}}]},{\"@type\":\"Article\",\"@id\":\"http:\/\/revistavitrineibiuna.com.br\/?p=33792#article\",\"isPartOf\":{\"@id\":\"http:\/\/revistavitrineibiuna.com.br\/?p=33792#webpage\"},\"author\":{\"@id\":\"https:\/\/revistavitrineibiuna.com.br\/#\/schema\/person\/e51ef49d6d88170ea21ceabff3f73deb\"},\"headline\":\"\\u201cIgnor\\u00e2ncia virou moda\\u201d, afirma neurocientista na TV Cultura\",\"datePublished\":\"2025-07-30T19:54:58+00:00\",\"dateModified\":\"2025-07-30T19:59:29+00:00\",\"mainEntityOfPage\":{\"@id\":\"http:\/\/revistavitrineibiuna.com.br\/?p=33792#webpage\"},\"commentCount\":0,\"publisher\":{\"@id\":\"https:\/\/revistavitrineibiuna.com.br\/#\/schema\/person\/e51ef49d6d88170ea21ceabff3f73deb\"},\"image\":{\"@id\":\"http:\/\/revistavitrineibiuna.com.br\/?p=33792#primaryimage\"},\"articleSection\":\"Not\\u00edcias\",\"inLanguage\":\"pt-BR\",\"potentialAction\":[{\"@type\":\"CommentAction\",\"name\":\"Comment\",\"target\":[\"http:\/\/revistavitrineibiuna.com.br\/?p=33792#respond\"]}]},{\"@type\":[\"Person\",\"Organization\"],\"@id\":\"https:\/\/revistavitrineibiuna.com.br\/#\/schema\/person\/e51ef49d6d88170ea21ceabff3f73deb\",\"name\":\"Carlos Rossini\",\"image\":{\"@type\":\"ImageObject\",\"@id\":\"https:\/\/revistavitrineibiuna.com.br\/#personlogo\",\"inLanguage\":\"pt-BR\",\"url\":\"https:\/\/secure.gravatar.com\/avatar\/4f2d0f99fac1f85c7d643f21f5c8d900?s=96&d=mm&r=g\",\"caption\":\"Carlos Rossini\"},\"logo\":{\"@id\":\"https:\/\/revistavitrineibiuna.com.br\/#personlogo\"},\"description\":\"Carlos Rossini \\u00e9 jornalista, soci\\u00f3logo, escritor e professor universit\\u00e1rio, tendo sido professor de jornalismo por vinte anos. Trabalhou em ve\\u00edculos de comunica\\u00e7\\u00e3o nas fun\\u00e7\\u00f5es de rep\\u00f3rter, redator, editor, articulista e colaborador, como Folha de S. Paulo, O Estado de S. Paulo, Di\\u00e1rio Popular, entre outros. Ao transferir a revista vitrine, vers\\u00e3o imprensa, de S\\u00e3o Paulo para Ibi\\u00fana h\\u00e1 alguns anos, iniciou uma nova experi\\u00eancia profissional, dedicando-se ao jornalismo regional, depois de cumprir uma trajet\\u00f3ria bem-sucedida na grande imprensa brasileira. Seu primeiro livro A Coragem de Comunicar foi lan\\u00e7ado na Bienal do Livro em S\\u00e3o Paulo no ano 2000, pela editora Madras.\"}]}<\/script>\n<!-- \/ Yoast SEO plugin. -->","_links":{"self":[{"href":"https:\/\/revistavitrineibiuna.com.br\/index.php?rest_route=\/wp\/v2\/posts\/33792"}],"collection":[{"href":"https:\/\/revistavitrineibiuna.com.br\/index.php?rest_route=\/wp\/v2\/posts"}],"about":[{"href":"https:\/\/revistavitrineibiuna.com.br\/index.php?rest_route=\/wp\/v2\/types\/post"}],"author":[{"embeddable":true,"href":"https:\/\/revistavitrineibiuna.com.br\/index.php?rest_route=\/wp\/v2\/users\/1"}],"replies":[{"embeddable":true,"href":"https:\/\/revistavitrineibiuna.com.br\/index.php?rest_route=%2Fwp%2Fv2%2Fcomments&post=33792"}],"version-history":[{"count":2,"href":"https:\/\/revistavitrineibiuna.com.br\/index.php?rest_route=\/wp\/v2\/posts\/33792\/revisions"}],"predecessor-version":[{"id":33797,"href":"https:\/\/revistavitrineibiuna.com.br\/index.php?rest_route=\/wp\/v2\/posts\/33792\/revisions\/33797"}],"wp:featuredmedia":[{"embeddable":true,"href":"https:\/\/revistavitrineibiuna.com.br\/index.php?rest_route=\/wp\/v2\/media\/33793"}],"wp:attachment":[{"href":"https:\/\/revistavitrineibiuna.com.br\/index.php?rest_route=%2Fwp%2Fv2%2Fmedia&parent=33792"}],"wp:term":[{"taxonomy":"category","embeddable":true,"href":"https:\/\/revistavitrineibiuna.com.br\/index.php?rest_route=%2Fwp%2Fv2%2Fcategories&post=33792"},{"taxonomy":"post_tag","embeddable":true,"href":"https:\/\/revistavitrineibiuna.com.br\/index.php?rest_route=%2Fwp%2Fv2%2Ftags&post=33792"}],"curies":[{"name":"wp","href":"https:\/\/api.w.org\/{rel}","templated":true}]}}