{"id":33798,"date":"2025-07-31T20:30:45","date_gmt":"2025-07-31T23:30:45","guid":{"rendered":"http:\/\/revistavitrineibiuna.com.br\/?p=33798"},"modified":"2025-07-31T21:07:05","modified_gmt":"2025-08-01T00:07:05","slug":"tropeiros-de-ibiuna-cavalgam-7-dias-para-a-festa-do-bom-jesus-de-iguape","status":"publish","type":"post","link":"https:\/\/revistavitrineibiuna.com.br\/?p=33798","title":{"rendered":"TROPEIROS DE IBI\u00daNA CAVALGAM 7 DIAS PARA A FESTA DO BOM JESUS DE IGUAPE"},"content":{"rendered":"\n<p class=\"has-drop-cap\"><strong>No s\u00e9culo XVII uma imagem do Bom Jesus foi encontrada na Praia do Una, em Iguape, localizada 295 km do centro de Ibi\u00fana. A partir da\u00ed se iniciou a tradi\u00e7\u00e3o de celebrar Bom Jesus de Iguape, com uma grandiosa festa que vai de 18 de julho a 6 de agosto.<\/strong><\/p>\n\n\n\n<p><strong>Na \u00faltima segunda-feira (28) tropeiros de Ibi\u00fana, como fazem todos os anos, tendo \u00e0 frente Samuel Batata, partiram em cavalos e mulas com destino a Iguape numa jornada por trilhas, matas, serras que vai durar 7 dias. A previs\u00e3o de chegada \u00e0 pra\u00e7a da igreja dedicada ao santo \u00e9 neste domingo (3).<\/strong><\/p>\n\n\n\n<p><strong>Com o estandarte da Romaria a Bom Jesus de Iguape est\u00e1 seguindo em frente.<\/strong><\/p>\n\n\n\n<p><strong>No momento em que escrevo esta not\u00edcia estou sem contato com eles porque se encontram em lugar sem sinal de internet. Imaginem o frio que v\u00eam enfrentando nestes dias ao relento. Ao todo v\u00e3o cinco cavaleiros e oito cavalos e mulas. O que n\u00e3o falta \u00e9 pa\u00e7oca de carne seca e caf\u00e9 caipira.<\/strong><\/p>\n\n\n\n<figure class=\"wp-block-image size-large\"><img loading=\"lazy\" width=\"718\" height=\"484\" src=\"https:\/\/revistavitrineibiuna.com.br\/wp-content\/uploads\/2025\/07\/tropeiros-no-parque-do-jurupara.png\" alt=\"\" class=\"wp-image-33802\" srcset=\"https:\/\/revistavitrineibiuna.com.br\/wp-content\/uploads\/2025\/07\/tropeiros-no-parque-do-jurupara.png 718w, https:\/\/revistavitrineibiuna.com.br\/wp-content\/uploads\/2025\/07\/tropeiros-no-parque-do-jurupara-300x202.png 300w\" sizes=\"(max-width: 718px) 100vw, 718px\" \/><figcaption>Os tropeiros atravessam o Parque do Jurupar\u00e1<\/figcaption><\/figure>\n\n\n\n<p><strong>Quando chegarem a Iguape, ou talvez antes, retomaremos o contato e atualizaremos as informa\u00e7\u00f5es.<\/strong><\/p>\n\n\n\n<p><strong>A TVUNA vai contar a hist\u00f3ria dessa aventura movida pela f\u00e9, coragem e resist\u00eancia,&nbsp; que inclui os cen\u00e1rios sertanejos de Ibi\u00fana, Juquitiba, Miracatu, Juqui\u00e1. No trecho final eles v\u00e3o contornando a BR116 pela serra de Paranapiacaba at\u00e9 chegar a Iguape.<\/strong><\/p>\n\n\n\n<p><strong>Os festejos em homenagem a Bom Jesus de Iguape incluem missas, prociss\u00f5es e outras atividades culturais e religiosas, com comidas t\u00edpicas da regi\u00e3o.<\/strong><\/p>\n\n\n\n<figure class=\"wp-block-image size-large\"><img loading=\"lazy\" width=\"712\" height=\"973\" src=\"https:\/\/revistavitrineibiuna.com.br\/wp-content\/uploads\/2025\/07\/samuel-batata.png\" alt=\"\" class=\"wp-image-33805\" srcset=\"https:\/\/revistavitrineibiuna.com.br\/wp-content\/uploads\/2025\/07\/samuel-batata.png 712w, https:\/\/revistavitrineibiuna.com.br\/wp-content\/uploads\/2025\/07\/samuel-batata-220x300.png 220w\" sizes=\"(max-width: 712px) 100vw, 712px\" \/><figcaption>Samuel Batata, filho do cavaleiro Marc\u00e3o Batata, grava um breve v\u00eddeo: &#8220;Olha que imagem linda!&#8221;<\/figcaption><\/figure>\n\n\n\n<figure class=\"wp-block-image size-large\"><img loading=\"lazy\" width=\"634\" height=\"1024\" src=\"https:\/\/revistavitrineibiuna.com.br\/wp-content\/uploads\/2025\/07\/tropeiros-2-634x1024.png\" alt=\"\" class=\"wp-image-33808\" srcset=\"https:\/\/revistavitrineibiuna.com.br\/wp-content\/uploads\/2025\/07\/tropeiros-2-634x1024.png 634w, https:\/\/revistavitrineibiuna.com.br\/wp-content\/uploads\/2025\/07\/tropeiros-2-186x300.png 186w, https:\/\/revistavitrineibiuna.com.br\/wp-content\/uploads\/2025\/07\/tropeiros-2-768x1240.png 768w, https:\/\/revistavitrineibiuna.com.br\/wp-content\/uploads\/2025\/07\/tropeiros-2.png 895w\" sizes=\"(max-width: 634px) 100vw, 634px\" \/><figcaption>Uma parada para uma foto com os companheiros da romaria<\/figcaption><\/figure>\n","protected":false},"excerpt":{"rendered":"<p>No s\u00e9culo XVII uma imagem do Bom Jesus foi encontrada na Praia do Una, em Iguape, localizada 295 km do<\/p>\n","protected":false},"author":1,"featured_media":33799,"comment_status":"open","ping_status":"open","sticky":false,"template":"","format":"standard","meta":[],"categories":[3],"tags":[],"yoast_head":"<!-- This site is optimized with the Yoast SEO plugin v15.8 - https:\/\/yoast.com\/wordpress\/plugins\/seo\/ -->\n<title>TROPEIROS DE IBI\u00daNA CAVALGAM 7 DIAS PARA A FESTA DO BOM JESUS DE IGUAPE - Revista Vitrine Online<\/title>\n<meta name=\"robots\" content=\"index, follow, max-snippet:-1, max-image-preview:large, max-video-preview:-1\" \/>\n<link rel=\"canonical\" href=\"http:\/\/revistavitrineibiuna.com.br\/?p=33798\" \/>\n<meta property=\"og:locale\" content=\"pt_BR\" \/>\n<meta property=\"og:type\" content=\"article\" \/>\n<meta property=\"og:title\" content=\"TROPEIROS DE IBI\u00daNA CAVALGAM 7 DIAS PARA A FESTA DO BOM JESUS DE IGUAPE - Revista Vitrine Online\" \/>\n<meta property=\"og:description\" content=\"No s\u00e9culo XVII uma imagem do Bom Jesus foi encontrada na Praia do Una, em Iguape, localizada 295 km do\" \/>\n<meta property=\"og:url\" content=\"http:\/\/revistavitrineibiuna.com.br\/?p=33798\" \/>\n<meta property=\"og:site_name\" content=\"Revista Vitrine Online\" \/>\n<meta property=\"article:published_time\" content=\"2025-07-31T23:30:45+00:00\" \/>\n<meta property=\"article:modified_time\" content=\"2025-08-01T00:07:05+00:00\" \/>\n<meta property=\"og:image\" content=\"https:\/\/revistavitrineibiuna.com.br\/wp-content\/uploads\/2025\/07\/estandarte-da-romaria-1024x669.png\" \/>\n\t<meta property=\"og:image:width\" content=\"1024\" \/>\n\t<meta property=\"og:image:height\" content=\"669\" \/>\n<meta name=\"twitter:card\" content=\"summary\" \/>\n<meta name=\"twitter:label1\" content=\"Est. reading time\">\n\t<meta name=\"twitter:data1\" content=\"2 minutos\">\n<script type=\"application\/ld+json\" class=\"yoast-schema-graph\">{\"@context\":\"https:\/\/schema.org\",\"@graph\":[{\"@type\":\"WebSite\",\"@id\":\"https:\/\/revistavitrineibiuna.com.br\/#website\",\"url\":\"https:\/\/revistavitrineibiuna.com.br\/\",\"name\":\"Revista Vitrine Ibi\\u00fana\",\"description\":\"A Revista de Ibi\\u00fana e Regi\\u00e3o\",\"publisher\":{\"@id\":\"https:\/\/revistavitrineibiuna.com.br\/#\/schema\/person\/e51ef49d6d88170ea21ceabff3f73deb\"},\"potentialAction\":[{\"@type\":\"SearchAction\",\"target\":\"https:\/\/revistavitrineibiuna.com.br\/?s={search_term_string}\",\"query-input\":\"required name=search_term_string\"}],\"inLanguage\":\"pt-BR\"},{\"@type\":\"ImageObject\",\"@id\":\"http:\/\/revistavitrineibiuna.com.br\/?p=33798#primaryimage\",\"inLanguage\":\"pt-BR\",\"url\":\"https:\/\/revistavitrineibiuna.com.br\/wp-content\/uploads\/2025\/07\/estandarte-da-romaria.png\",\"width\":1600,\"height\":1045},{\"@type\":\"WebPage\",\"@id\":\"http:\/\/revistavitrineibiuna.com.br\/?p=33798#webpage\",\"url\":\"http:\/\/revistavitrineibiuna.com.br\/?p=33798\",\"name\":\"TROPEIROS DE IBI\\u00daNA CAVALGAM 7 DIAS PARA A FESTA DO BOM JESUS DE IGUAPE - Revista Vitrine Online\",\"isPartOf\":{\"@id\":\"https:\/\/revistavitrineibiuna.com.br\/#website\"},\"primaryImageOfPage\":{\"@id\":\"http:\/\/revistavitrineibiuna.com.br\/?p=33798#primaryimage\"},\"datePublished\":\"2025-07-31T23:30:45+00:00\",\"dateModified\":\"2025-08-01T00:07:05+00:00\",\"breadcrumb\":{\"@id\":\"http:\/\/revistavitrineibiuna.com.br\/?p=33798#breadcrumb\"},\"inLanguage\":\"pt-BR\",\"potentialAction\":[{\"@type\":\"ReadAction\",\"target\":[\"http:\/\/revistavitrineibiuna.com.br\/?p=33798\"]}]},{\"@type\":\"BreadcrumbList\",\"@id\":\"http:\/\/revistavitrineibiuna.com.br\/?p=33798#breadcrumb\",\"itemListElement\":[{\"@type\":\"ListItem\",\"position\":1,\"item\":{\"@type\":\"WebPage\",\"@id\":\"https:\/\/revistavitrineibiuna.com.br\/\",\"url\":\"https:\/\/revistavitrineibiuna.com.br\/\",\"name\":\"In\\u00edcio\"}},{\"@type\":\"ListItem\",\"position\":2,\"item\":{\"@type\":\"WebPage\",\"@id\":\"http:\/\/revistavitrineibiuna.com.br\/?p=33798\",\"url\":\"http:\/\/revistavitrineibiuna.com.br\/?p=33798\",\"name\":\"TROPEIROS DE IBI\\u00daNA CAVALGAM 7 DIAS PARA A FESTA DO BOM JESUS DE IGUAPE\"}}]},{\"@type\":\"Article\",\"@id\":\"http:\/\/revistavitrineibiuna.com.br\/?p=33798#article\",\"isPartOf\":{\"@id\":\"http:\/\/revistavitrineibiuna.com.br\/?p=33798#webpage\"},\"author\":{\"@id\":\"https:\/\/revistavitrineibiuna.com.br\/#\/schema\/person\/e51ef49d6d88170ea21ceabff3f73deb\"},\"headline\":\"TROPEIROS DE IBI\\u00daNA CAVALGAM 7 DIAS PARA A FESTA DO BOM JESUS DE IGUAPE\",\"datePublished\":\"2025-07-31T23:30:45+00:00\",\"dateModified\":\"2025-08-01T00:07:05+00:00\",\"mainEntityOfPage\":{\"@id\":\"http:\/\/revistavitrineibiuna.com.br\/?p=33798#webpage\"},\"commentCount\":0,\"publisher\":{\"@id\":\"https:\/\/revistavitrineibiuna.com.br\/#\/schema\/person\/e51ef49d6d88170ea21ceabff3f73deb\"},\"image\":{\"@id\":\"http:\/\/revistavitrineibiuna.com.br\/?p=33798#primaryimage\"},\"articleSection\":\"Not\\u00edcias\",\"inLanguage\":\"pt-BR\",\"potentialAction\":[{\"@type\":\"CommentAction\",\"name\":\"Comment\",\"target\":[\"http:\/\/revistavitrineibiuna.com.br\/?p=33798#respond\"]}]},{\"@type\":[\"Person\",\"Organization\"],\"@id\":\"https:\/\/revistavitrineibiuna.com.br\/#\/schema\/person\/e51ef49d6d88170ea21ceabff3f73deb\",\"name\":\"Carlos Rossini\",\"image\":{\"@type\":\"ImageObject\",\"@id\":\"https:\/\/revistavitrineibiuna.com.br\/#personlogo\",\"inLanguage\":\"pt-BR\",\"url\":\"https:\/\/secure.gravatar.com\/avatar\/4f2d0f99fac1f85c7d643f21f5c8d900?s=96&d=mm&r=g\",\"caption\":\"Carlos Rossini\"},\"logo\":{\"@id\":\"https:\/\/revistavitrineibiuna.com.br\/#personlogo\"},\"description\":\"Carlos Rossini \\u00e9 jornalista, soci\\u00f3logo, escritor e professor universit\\u00e1rio, tendo sido professor de jornalismo por vinte anos. Trabalhou em ve\\u00edculos de comunica\\u00e7\\u00e3o nas fun\\u00e7\\u00f5es de rep\\u00f3rter, redator, editor, articulista e colaborador, como Folha de S. Paulo, O Estado de S. Paulo, Di\\u00e1rio Popular, entre outros. Ao transferir a revista vitrine, vers\\u00e3o imprensa, de S\\u00e3o Paulo para Ibi\\u00fana h\\u00e1 alguns anos, iniciou uma nova experi\\u00eancia profissional, dedicando-se ao jornalismo regional, depois de cumprir uma trajet\\u00f3ria bem-sucedida na grande imprensa brasileira. Seu primeiro livro A Coragem de Comunicar foi lan\\u00e7ado na Bienal do Livro em S\\u00e3o Paulo no ano 2000, pela editora Madras.\"}]}<\/script>\n<!-- \/ Yoast SEO plugin. -->","_links":{"self":[{"href":"https:\/\/revistavitrineibiuna.com.br\/index.php?rest_route=\/wp\/v2\/posts\/33798"}],"collection":[{"href":"https:\/\/revistavitrineibiuna.com.br\/index.php?rest_route=\/wp\/v2\/posts"}],"about":[{"href":"https:\/\/revistavitrineibiuna.com.br\/index.php?rest_route=\/wp\/v2\/types\/post"}],"author":[{"embeddable":true,"href":"https:\/\/revistavitrineibiuna.com.br\/index.php?rest_route=\/wp\/v2\/users\/1"}],"replies":[{"embeddable":true,"href":"https:\/\/revistavitrineibiuna.com.br\/index.php?rest_route=%2Fwp%2Fv2%2Fcomments&post=33798"}],"version-history":[{"count":7,"href":"https:\/\/revistavitrineibiuna.com.br\/index.php?rest_route=\/wp\/v2\/posts\/33798\/revisions"}],"predecessor-version":[{"id":33812,"href":"https:\/\/revistavitrineibiuna.com.br\/index.php?rest_route=\/wp\/v2\/posts\/33798\/revisions\/33812"}],"wp:featuredmedia":[{"embeddable":true,"href":"https:\/\/revistavitrineibiuna.com.br\/index.php?rest_route=\/wp\/v2\/media\/33799"}],"wp:attachment":[{"href":"https:\/\/revistavitrineibiuna.com.br\/index.php?rest_route=%2Fwp%2Fv2%2Fmedia&parent=33798"}],"wp:term":[{"taxonomy":"category","embeddable":true,"href":"https:\/\/revistavitrineibiuna.com.br\/index.php?rest_route=%2Fwp%2Fv2%2Fcategories&post=33798"},{"taxonomy":"post_tag","embeddable":true,"href":"https:\/\/revistavitrineibiuna.com.br\/index.php?rest_route=%2Fwp%2Fv2%2Ftags&post=33798"}],"curies":[{"name":"wp","href":"https:\/\/api.w.org\/{rel}","templated":true}]}}