{"id":33818,"date":"2025-08-03T13:42:49","date_gmt":"2025-08-03T16:42:49","guid":{"rendered":"http:\/\/revistavitrineibiuna.com.br\/?p=33818"},"modified":"2025-08-03T15:23:01","modified_gmt":"2025-08-03T18:23:01","slug":"o-que-voce-pensa-de-sua-cidade","status":"publish","type":"post","link":"https:\/\/revistavitrineibiuna.com.br\/?p=33818","title":{"rendered":"O que voc\u00ea pensa de sua cidade?"},"content":{"rendered":"\n<p class=\"has-drop-cap\"><strong>Nestes tempos de mundo virado de cabe\u00e7a para baixo \u00e9 bom que nos protejamos contra a avassaladora carga de informa\u00e7\u00f5es que recebemos a cada momento, sobretudo nas coisas da chamada pol\u00edtica que podem estar transformando nossas cabe\u00e7as num pandem\u00f4nio sem fim.<\/strong><\/p>\n\n\n\n<p><strong>O fen\u00f4meno est\u00e1 se estabelecendo e ampliando suas garras em escala mundial [veja o caso do insano Trump de querer subjugar o planeta, por meio de um jogo pela expans\u00e3o do poder pelo controle econ\u00f4mico de todos os pa\u00edses, como o nossa p\u00e1tria amada Brasil], se derramando pelos pa\u00edses e estados locais.<\/strong><\/p>\n\n\n\n<p><strong>Lamento ter que dizer que, como parte do tecido das organiza\u00e7\u00f5es mundiais, tamb\u00e9m os munic\u00edpios se incluem nesse cen\u00e1rio assustador. Eles constituem a menor c\u00e9lula em um sistema territorial federativo, e tamb\u00e9m s\u00e3o conhecidos como a cidade onde a gente mora. Trata-se da realidade imediata de nossas exist\u00eancias.<\/strong><\/p>\n\n\n\n<p><strong>J\u00e1 em 1977, o professor e jornalista franc\u00eas, Roger Schartzengberg, chamava a aten\u00e7\u00e3o para um fen\u00f4meno cada vez mais comum nos dias de hoje que ele desfiou no livro <em>O Estado Espet\u00e1culo<\/em>.<\/strong><\/p>\n\n\n\n<p><strong>Para n\u00e3o cansar leitor, resumo: ele observa que a pol\u00edtica cristalizou-se como espet\u00e1culo e os atores pol\u00edticos se tornaram homens-shows criando toda a sorte de eventos para suas exibi\u00e7\u00f5es que transformam o cidad\u00e3o em simples e fr\u00e1gil espectador.<\/strong><\/p>\n\n\n\n<p><strong>Seus discursos, exuberantes ret\u00f3ricas de car\u00e1ter populista, se dirigem ao centro das emo\u00e7\u00f5es humanas, entremeados de promessas de dias melhores e, portanto, de exerc\u00edcios mentais futuristas.<\/strong><\/p>\n\n\n\n<p><strong>Dito de outra maneira, ele se torna um protagonista da eventologia, criando, por meio de servi\u00e7os de marketing \u00e0s vezes sem nenhum escr\u00fapulo, o personagem principal de diversos acontecimentos, como festas, espet\u00e1culos, comemora\u00e7\u00f5es, solenidades, organizadas por especialistas com objetivos institucionais, comunit\u00e1rios e promocionais.<\/strong><\/p>\n\n\n\n<p><strong>O efeito prim\u00e1rio desse fen\u00f4meno \u00e9 a ocupa\u00e7\u00e3o da mente das pessoas com espet\u00e1culos de tal modo que elas deixam de pensar e de enxergar a realidade nua e crua, que afeta suas vidas n\u00e3o raro de forma dram\u00e1tica.<\/strong><\/p>\n\n\n\n<p><strong>O ant\u00eddoto contra esse rolo compressor de acontecimentos estrategicamente organizados \u00e9 manter um m\u00ednimo de senso cr\u00edtico e, sobretudo, acreditar no que a gente v\u00ea como fato not\u00f3rio e evidente<\/strong>, <strong>uma esp\u00e9cie de S\u00e3o Tom\u00e9 contempor\u00e2neo.<\/strong> <strong>Ou, e isso exige um despertar da consci\u00eancia, desenvolver uma imunidade emocional.<\/strong><\/p>\n\n\n\n<p><strong>Aprender a pensar, portanto, pode ser uma boa ideia, porque pensar \u00e9 diferente de ter pensamentos. Ter pensamentos autom\u00e1ticos que surgem na tela mental dos indiv\u00edduos, sem que tenham sido criados de modo consciente, isso n\u00e3o \u00e9 pensamento autoral. Pensar \u00e9 construir ideias e dar vida &nbsp;aos pensamentos por meio de suas pr\u00f3prias palavras vocalizadas. <\/strong><\/p>\n\n\n\n<p><strong>Talvez, portanto, seja oportuno saber diferenciar a mentira da verdade, que n\u00e3o \u00e9 uma tarefa f\u00e1cil para os seres humanos sujeitos ao engano, pelos limites naturais de que somos portadores.<\/strong><\/p>\n\n\n\n<p><strong>H\u00e1 uma conhecida par\u00e1bola com a seguinte narrativa, aqui resumida.<\/strong><\/p>\n\n\n\n<p><strong>Em um dia ensolarado a Mentira e a Verdade sa\u00edram a caminhar no campo. E resolveram banhar-se nas \u00e1guas de um rio que se apresentava muito convidativo.<\/strong><\/p>\n\n\n\n<p><strong>Cada uma tirou a sua roupa e ca\u00edram na \u00e1gua. Mas, a um dado momento, a Mentira aproveitou-se da distra\u00e7\u00e3o da Verdade, saiu da \u00e1gua e vestiu as roupas da Verdade.<\/strong><\/p>\n\n\n\n<p><strong>Quando a verdade saiu da \u00e1gua, negou-se a usar as vestes da Mentira. Saiu nua a perseguir a Mentira. As pessoas que as viam passar acolhiam a Mentira com as vestes da Verdade, mas proferiam improp\u00e9rios e condena\u00e7\u00f5es contra a atitude despudorada da Verdade.<\/strong><\/p>\n\n\n\n<p><strong>Moral: as pessoas est\u00e3o mais dispostas a aprovar a Mentira com vestes de Verdade do que enfrentar a Verdade nua e crua.<\/strong><\/p>\n\n\n\n<p><strong>Talvez por isso estejamos sujeitos a cair na l\u00e1bia dos pol\u00edticos que em p\u00fablico se mostram doces como mel, embora nem sempre, e nos&nbsp; bastidores se comportam como zelosos aprendizes de m\u00e1gicos cujo maior m\u00e9rito \u00e9 iludir as pessoas. (Carlos Rossini \u00e9 jornalista, diretor da TVUNA e editor de vitrine online)<\/strong><\/p>\n","protected":false},"excerpt":{"rendered":"<p>Nestes tempos de mundo virado de cabe\u00e7a para baixo \u00e9 bom que nos protejamos contra a avassaladora carga de informa\u00e7\u00f5es<\/p>\n","protected":false},"author":1,"featured_media":33819,"comment_status":"open","ping_status":"open","sticky":false,"template":"","format":"standard","meta":[],"categories":[3],"tags":[],"yoast_head":"<!-- This site is optimized with the Yoast SEO plugin v15.8 - https:\/\/yoast.com\/wordpress\/plugins\/seo\/ -->\n<title>O que voc\u00ea pensa de sua cidade? - Revista Vitrine Online<\/title>\n<meta name=\"robots\" content=\"index, follow, max-snippet:-1, max-image-preview:large, max-video-preview:-1\" \/>\n<link rel=\"canonical\" href=\"http:\/\/revistavitrineibiuna.com.br\/?p=33818\" \/>\n<meta property=\"og:locale\" content=\"pt_BR\" \/>\n<meta property=\"og:type\" content=\"article\" \/>\n<meta property=\"og:title\" content=\"O que voc\u00ea pensa de sua cidade? - Revista Vitrine Online\" \/>\n<meta property=\"og:description\" content=\"Nestes tempos de mundo virado de cabe\u00e7a para baixo \u00e9 bom que nos protejamos contra a avassaladora carga de informa\u00e7\u00f5es\" \/>\n<meta property=\"og:url\" content=\"http:\/\/revistavitrineibiuna.com.br\/?p=33818\" \/>\n<meta property=\"og:site_name\" content=\"Revista Vitrine Online\" \/>\n<meta property=\"article:published_time\" content=\"2025-08-03T16:42:49+00:00\" \/>\n<meta property=\"article:modified_time\" content=\"2025-08-03T18:23:01+00:00\" \/>\n<meta property=\"og:image\" content=\"https:\/\/revistavitrineibiuna.com.br\/wp-content\/uploads\/2025\/08\/O-pensador.png\" \/>\n\t<meta property=\"og:image:width\" content=\"399\" \/>\n\t<meta property=\"og:image:height\" content=\"236\" \/>\n<meta name=\"twitter:card\" content=\"summary\" \/>\n<meta name=\"twitter:label1\" content=\"Est. reading time\">\n\t<meta name=\"twitter:data1\" content=\"3 minutos\">\n<script type=\"application\/ld+json\" class=\"yoast-schema-graph\">{\"@context\":\"https:\/\/schema.org\",\"@graph\":[{\"@type\":\"WebSite\",\"@id\":\"https:\/\/revistavitrineibiuna.com.br\/#website\",\"url\":\"https:\/\/revistavitrineibiuna.com.br\/\",\"name\":\"Revista Vitrine Ibi\\u00fana\",\"description\":\"A Revista de Ibi\\u00fana e Regi\\u00e3o\",\"publisher\":{\"@id\":\"https:\/\/revistavitrineibiuna.com.br\/#\/schema\/person\/e51ef49d6d88170ea21ceabff3f73deb\"},\"potentialAction\":[{\"@type\":\"SearchAction\",\"target\":\"https:\/\/revistavitrineibiuna.com.br\/?s={search_term_string}\",\"query-input\":\"required name=search_term_string\"}],\"inLanguage\":\"pt-BR\"},{\"@type\":\"ImageObject\",\"@id\":\"http:\/\/revistavitrineibiuna.com.br\/?p=33818#primaryimage\",\"inLanguage\":\"pt-BR\",\"url\":\"https:\/\/revistavitrineibiuna.com.br\/wp-content\/uploads\/2025\/08\/O-pensador.png\",\"width\":399,\"height\":236},{\"@type\":\"WebPage\",\"@id\":\"http:\/\/revistavitrineibiuna.com.br\/?p=33818#webpage\",\"url\":\"http:\/\/revistavitrineibiuna.com.br\/?p=33818\",\"name\":\"O que voc\\u00ea pensa de sua cidade? - Revista Vitrine Online\",\"isPartOf\":{\"@id\":\"https:\/\/revistavitrineibiuna.com.br\/#website\"},\"primaryImageOfPage\":{\"@id\":\"http:\/\/revistavitrineibiuna.com.br\/?p=33818#primaryimage\"},\"datePublished\":\"2025-08-03T16:42:49+00:00\",\"dateModified\":\"2025-08-03T18:23:01+00:00\",\"breadcrumb\":{\"@id\":\"http:\/\/revistavitrineibiuna.com.br\/?p=33818#breadcrumb\"},\"inLanguage\":\"pt-BR\",\"potentialAction\":[{\"@type\":\"ReadAction\",\"target\":[\"http:\/\/revistavitrineibiuna.com.br\/?p=33818\"]}]},{\"@type\":\"BreadcrumbList\",\"@id\":\"http:\/\/revistavitrineibiuna.com.br\/?p=33818#breadcrumb\",\"itemListElement\":[{\"@type\":\"ListItem\",\"position\":1,\"item\":{\"@type\":\"WebPage\",\"@id\":\"https:\/\/revistavitrineibiuna.com.br\/\",\"url\":\"https:\/\/revistavitrineibiuna.com.br\/\",\"name\":\"In\\u00edcio\"}},{\"@type\":\"ListItem\",\"position\":2,\"item\":{\"@type\":\"WebPage\",\"@id\":\"http:\/\/revistavitrineibiuna.com.br\/?p=33818\",\"url\":\"http:\/\/revistavitrineibiuna.com.br\/?p=33818\",\"name\":\"O que voc\\u00ea pensa de sua cidade?\"}}]},{\"@type\":\"Article\",\"@id\":\"http:\/\/revistavitrineibiuna.com.br\/?p=33818#article\",\"isPartOf\":{\"@id\":\"http:\/\/revistavitrineibiuna.com.br\/?p=33818#webpage\"},\"author\":{\"@id\":\"https:\/\/revistavitrineibiuna.com.br\/#\/schema\/person\/e51ef49d6d88170ea21ceabff3f73deb\"},\"headline\":\"O que voc\\u00ea pensa de sua cidade?\",\"datePublished\":\"2025-08-03T16:42:49+00:00\",\"dateModified\":\"2025-08-03T18:23:01+00:00\",\"mainEntityOfPage\":{\"@id\":\"http:\/\/revistavitrineibiuna.com.br\/?p=33818#webpage\"},\"commentCount\":0,\"publisher\":{\"@id\":\"https:\/\/revistavitrineibiuna.com.br\/#\/schema\/person\/e51ef49d6d88170ea21ceabff3f73deb\"},\"image\":{\"@id\":\"http:\/\/revistavitrineibiuna.com.br\/?p=33818#primaryimage\"},\"articleSection\":\"Not\\u00edcias\",\"inLanguage\":\"pt-BR\",\"potentialAction\":[{\"@type\":\"CommentAction\",\"name\":\"Comment\",\"target\":[\"http:\/\/revistavitrineibiuna.com.br\/?p=33818#respond\"]}]},{\"@type\":[\"Person\",\"Organization\"],\"@id\":\"https:\/\/revistavitrineibiuna.com.br\/#\/schema\/person\/e51ef49d6d88170ea21ceabff3f73deb\",\"name\":\"Carlos Rossini\",\"image\":{\"@type\":\"ImageObject\",\"@id\":\"https:\/\/revistavitrineibiuna.com.br\/#personlogo\",\"inLanguage\":\"pt-BR\",\"url\":\"https:\/\/secure.gravatar.com\/avatar\/4f2d0f99fac1f85c7d643f21f5c8d900?s=96&d=mm&r=g\",\"caption\":\"Carlos Rossini\"},\"logo\":{\"@id\":\"https:\/\/revistavitrineibiuna.com.br\/#personlogo\"},\"description\":\"Carlos Rossini \\u00e9 jornalista, soci\\u00f3logo, escritor e professor universit\\u00e1rio, tendo sido professor de jornalismo por vinte anos. Trabalhou em ve\\u00edculos de comunica\\u00e7\\u00e3o nas fun\\u00e7\\u00f5es de rep\\u00f3rter, redator, editor, articulista e colaborador, como Folha de S. Paulo, O Estado de S. Paulo, Di\\u00e1rio Popular, entre outros. Ao transferir a revista vitrine, vers\\u00e3o imprensa, de S\\u00e3o Paulo para Ibi\\u00fana h\\u00e1 alguns anos, iniciou uma nova experi\\u00eancia profissional, dedicando-se ao jornalismo regional, depois de cumprir uma trajet\\u00f3ria bem-sucedida na grande imprensa brasileira. Seu primeiro livro A Coragem de Comunicar foi lan\\u00e7ado na Bienal do Livro em S\\u00e3o Paulo no ano 2000, pela editora Madras.\"}]}<\/script>\n<!-- \/ Yoast SEO plugin. -->","_links":{"self":[{"href":"https:\/\/revistavitrineibiuna.com.br\/index.php?rest_route=\/wp\/v2\/posts\/33818"}],"collection":[{"href":"https:\/\/revistavitrineibiuna.com.br\/index.php?rest_route=\/wp\/v2\/posts"}],"about":[{"href":"https:\/\/revistavitrineibiuna.com.br\/index.php?rest_route=\/wp\/v2\/types\/post"}],"author":[{"embeddable":true,"href":"https:\/\/revistavitrineibiuna.com.br\/index.php?rest_route=\/wp\/v2\/users\/1"}],"replies":[{"embeddable":true,"href":"https:\/\/revistavitrineibiuna.com.br\/index.php?rest_route=%2Fwp%2Fv2%2Fcomments&post=33818"}],"version-history":[{"count":18,"href":"https:\/\/revistavitrineibiuna.com.br\/index.php?rest_route=\/wp\/v2\/posts\/33818\/revisions"}],"predecessor-version":[{"id":33843,"href":"https:\/\/revistavitrineibiuna.com.br\/index.php?rest_route=\/wp\/v2\/posts\/33818\/revisions\/33843"}],"wp:featuredmedia":[{"embeddable":true,"href":"https:\/\/revistavitrineibiuna.com.br\/index.php?rest_route=\/wp\/v2\/media\/33819"}],"wp:attachment":[{"href":"https:\/\/revistavitrineibiuna.com.br\/index.php?rest_route=%2Fwp%2Fv2%2Fmedia&parent=33818"}],"wp:term":[{"taxonomy":"category","embeddable":true,"href":"https:\/\/revistavitrineibiuna.com.br\/index.php?rest_route=%2Fwp%2Fv2%2Fcategories&post=33818"},{"taxonomy":"post_tag","embeddable":true,"href":"https:\/\/revistavitrineibiuna.com.br\/index.php?rest_route=%2Fwp%2Fv2%2Ftags&post=33818"}],"curies":[{"name":"wp","href":"https:\/\/api.w.org\/{rel}","templated":true}]}}