{"id":33844,"date":"2025-08-03T21:20:49","date_gmt":"2025-08-04T00:20:49","guid":{"rendered":"http:\/\/revistavitrineibiuna.com.br\/?p=33844"},"modified":"2025-08-03T21:26:53","modified_gmt":"2025-08-04T00:26:53","slug":"tropeiros-de-ibiuna-chegaram-hoje-a-tarde-a-iguape","status":"publish","type":"post","link":"https:\/\/revistavitrineibiuna.com.br\/?p=33844","title":{"rendered":"TROPEIROS DE IBI\u00daNA CHEGARAM HOJE \u00c0 TARDE A IGUAPE"},"content":{"rendered":"\n<p class=\"has-drop-cap\"><strong>Samuel Batata, Marquinho, Arthur Batata, Juliano Morais (Pilar do Sul) e Matheus (Miracatu) que sa\u00edram em romaria de Bom Jesus de Iguape, depois de sete dias de cavalgada, chegaram neste domingo (3) de tarde \u00e0 pra\u00e7a da Bas\u00edlica Santu\u00e1rio do Senhor Bom Jesus de Iguape.<\/strong><\/p>\n\n\n\n<p><strong>Eles partiram de Ibi\u00fana na segunda-feira (28) de Ibi\u00fana enfrentaram 195 km de trilhas, pontes, matas fechadas, subidas e descidas de grot\u00f5es, frio intenso, acamparam, se alimentaram de pa\u00e7oca de carne seca, caf\u00e9 caipira, tendo \u00e0 frente Samuel Batata, filho do saudoso e tamb\u00e9m tropeiro Marc\u00e3o Batata.<\/strong><\/p>\n\n\n\n<p><strong>Cumpriram a miss\u00e3o movidos pela f\u00e9 e a tradi\u00e7\u00e3o de homenagear Bom Jesus de Iguape, uma festa tradicional que atrai romeiros de outras localidades de 18 de julho a 6 de agosto.<\/strong><\/p>\n\n\n\n<p><strong>Levaram junto os bons votos de prote\u00e7\u00e3o de seus familiares e amigos, j\u00e1 que s\u00e3o personagens conhecidos e pessoas queridas que conclu\u00edram a miss\u00e3o com sucesso.<\/strong><\/p>\n\n\n\n<p><strong>Ainda nesta madrugada devem chegar a Ibi\u00fana, desta vez trazidos em um caminh\u00e3o, com seus oito cavalos e mulas que muitas vezes eram levados pelas m\u00e3os dos romeiros, sobretudo nos muitos trechos estreitos da mata fechada.<\/strong><\/p>\n\n\n\n<p><strong>A TVUNA, que manteve diversos contatos com os romeiros recebeu uma s\u00e9rie de v\u00eddeos breves da longa jornada e vai entrevistar os tropeiros para exibir, em breve, uma reportagem especial sobre esse feito que exige determina\u00e7\u00e3o, resist\u00eancia e muita f\u00e9.<\/strong><\/p>\n\n\n\n<p><strong>TRADI\u00c7\u00c3O CENTEN\u00c1RIA<\/strong><\/p>\n\n\n\n<p><strong>No s\u00e9culo XVII a imagem do Bom Jesus foi encontrada na Praia do Una, no munic\u00edpio de Iguape. A partir da\u00ed se iniciou a tradi\u00e7\u00e3o de celebrar Bom Jesus com uma grandiosa festa.<\/strong><\/p>\n\n\n\n<p><strong>As comemora\u00e7\u00f5es incluem missas, prociss\u00f5es e outras atividades culturais e religiosas, sem faltar comidas t\u00edpicas da regi\u00e3o.<\/strong><\/p>\n\n\n\n<p><strong>O tropeiros sa\u00edram de Ibi\u00fana, passaram por Juquitiba, Miracatu, Juqui\u00e1, at\u00e9 chegar a Iguape.<\/strong><\/p>\n\n\n\n<figure class=\"wp-block-image size-large\"><img loading=\"lazy\" width=\"869\" height=\"1024\" src=\"https:\/\/revistavitrineibiuna.com.br\/wp-content\/uploads\/2025\/08\/chegada-a-Iguape2-869x1024.png\" alt=\"\" class=\"wp-image-33849\" srcset=\"https:\/\/revistavitrineibiuna.com.br\/wp-content\/uploads\/2025\/08\/chegada-a-Iguape2-869x1024.png 869w, https:\/\/revistavitrineibiuna.com.br\/wp-content\/uploads\/2025\/08\/chegada-a-Iguape2-254x300.png 254w, https:\/\/revistavitrineibiuna.com.br\/wp-content\/uploads\/2025\/08\/chegada-a-Iguape2-768x905.png 768w, https:\/\/revistavitrineibiuna.com.br\/wp-content\/uploads\/2025\/08\/chegada-a-Iguape2-1303x1536.png 1303w, https:\/\/revistavitrineibiuna.com.br\/wp-content\/uploads\/2025\/08\/chegada-a-Iguape2-1737x2048.png 1737w\" sizes=\"(max-width: 869px) 100vw, 869px\" \/><figcaption>A  chegada neste domingo \u00e0 tarde<\/figcaption><\/figure>\n\n\n\n<p><\/p>\n\n\n\n<figure class=\"wp-block-image size-large\"><img loading=\"lazy\" width=\"1024\" height=\"768\" src=\"https:\/\/revistavitrineibiuna.com.br\/wp-content\/uploads\/2025\/08\/511cc2e8-7217-427f-a984-afeb8ae6f0f0-1024x768.jpg\" alt=\"\" class=\"wp-image-33851\" srcset=\"https:\/\/revistavitrineibiuna.com.br\/wp-content\/uploads\/2025\/08\/511cc2e8-7217-427f-a984-afeb8ae6f0f0-1024x768.jpg 1024w, https:\/\/revistavitrineibiuna.com.br\/wp-content\/uploads\/2025\/08\/511cc2e8-7217-427f-a984-afeb8ae6f0f0-300x225.jpg 300w, https:\/\/revistavitrineibiuna.com.br\/wp-content\/uploads\/2025\/08\/511cc2e8-7217-427f-a984-afeb8ae6f0f0-768x576.jpg 768w, https:\/\/revistavitrineibiuna.com.br\/wp-content\/uploads\/2025\/08\/511cc2e8-7217-427f-a984-afeb8ae6f0f0-1536x1152.jpg 1536w, https:\/\/revistavitrineibiuna.com.br\/wp-content\/uploads\/2025\/08\/511cc2e8-7217-427f-a984-afeb8ae6f0f0-320x240.jpg 320w, https:\/\/revistavitrineibiuna.com.br\/wp-content\/uploads\/2025\/08\/511cc2e8-7217-427f-a984-afeb8ae6f0f0.jpg 1600w\" sizes=\"(max-width: 1024px) 100vw, 1024px\" \/><figcaption>Uma foto antes da partida de Ibi\u00fana na segunda-feira, sete dias atr\u00e1s<\/figcaption><\/figure>\n\n\n\n<div class=\"schema-faq wp-block-yoast-faq-block\"><div class=\"schema-faq-section\" id=\"faq-question-1754267099753\"><strong class=\"schema-faq-question\"><\/strong> <p class=\"schema-faq-answer\"><\/p> <\/div> <\/div>\n","protected":false},"excerpt":{"rendered":"<p>Samuel Batata, Marquinho, Arthur Batata, Juliano Morais (Pilar do Sul) e Matheus (Miracatu) que sa\u00edram em romaria de Bom Jesus<\/p>\n","protected":false},"author":1,"featured_media":33845,"comment_status":"open","ping_status":"open","sticky":false,"template":"","format":"standard","meta":[],"categories":[3],"tags":[],"yoast_head":"<!-- This site is optimized with the Yoast SEO plugin v15.8 - https:\/\/yoast.com\/wordpress\/plugins\/seo\/ -->\n<title>TROPEIROS DE IBI\u00daNA CHEGARAM HOJE \u00c0 TARDE A IGUAPE - Revista Vitrine Online<\/title>\n<meta name=\"robots\" content=\"index, follow, max-snippet:-1, max-image-preview:large, max-video-preview:-1\" \/>\n<link rel=\"canonical\" href=\"http:\/\/revistavitrineibiuna.com.br\/?p=33844\" \/>\n<meta property=\"og:locale\" content=\"pt_BR\" \/>\n<meta property=\"og:type\" content=\"article\" \/>\n<meta property=\"og:title\" content=\"TROPEIROS DE IBI\u00daNA CHEGARAM HOJE \u00c0 TARDE A IGUAPE - Revista Vitrine Online\" \/>\n<meta property=\"og:description\" content=\"Samuel Batata, Marquinho, Arthur Batata, Juliano Morais (Pilar do Sul) e Matheus (Miracatu) que sa\u00edram em romaria de Bom Jesus\" \/>\n<meta property=\"og:url\" content=\"http:\/\/revistavitrineibiuna.com.br\/?p=33844\" \/>\n<meta property=\"og:site_name\" content=\"Revista Vitrine Online\" \/>\n<meta property=\"article:published_time\" content=\"2025-08-04T00:20:49+00:00\" \/>\n<meta property=\"article:modified_time\" content=\"2025-08-04T00:26:53+00:00\" \/>\n<meta property=\"og:image\" content=\"https:\/\/revistavitrineibiuna.com.br\/wp-content\/uploads\/2025\/08\/eles-chegaram-1024x524.png\" \/>\n\t<meta property=\"og:image:width\" content=\"1024\" \/>\n\t<meta property=\"og:image:height\" content=\"524\" \/>\n<meta name=\"twitter:card\" content=\"summary\" \/>\n<meta name=\"twitter:label1\" content=\"Est. reading time\">\n\t<meta name=\"twitter:data1\" content=\"2 minutos\">\n<script type=\"application\/ld+json\" class=\"yoast-schema-graph\">{\"@context\":\"https:\/\/schema.org\",\"@graph\":[{\"@type\":\"WebSite\",\"@id\":\"https:\/\/revistavitrineibiuna.com.br\/#website\",\"url\":\"https:\/\/revistavitrineibiuna.com.br\/\",\"name\":\"Revista Vitrine Ibi\\u00fana\",\"description\":\"A Revista de Ibi\\u00fana e Regi\\u00e3o\",\"publisher\":{\"@id\":\"https:\/\/revistavitrineibiuna.com.br\/#\/schema\/person\/e51ef49d6d88170ea21ceabff3f73deb\"},\"potentialAction\":[{\"@type\":\"SearchAction\",\"target\":\"https:\/\/revistavitrineibiuna.com.br\/?s={search_term_string}\",\"query-input\":\"required name=search_term_string\"}],\"inLanguage\":\"pt-BR\"},{\"@type\":\"ImageObject\",\"@id\":\"http:\/\/revistavitrineibiuna.com.br\/?p=33844#primaryimage\",\"inLanguage\":\"pt-BR\",\"url\":\"https:\/\/revistavitrineibiuna.com.br\/wp-content\/uploads\/2025\/08\/eles-chegaram.png\",\"width\":2223,\"height\":1138},{\"@type\":[\"WebPage\",\"FAQPage\"],\"@id\":\"http:\/\/revistavitrineibiuna.com.br\/?p=33844#webpage\",\"url\":\"http:\/\/revistavitrineibiuna.com.br\/?p=33844\",\"name\":\"TROPEIROS DE IBI\\u00daNA CHEGARAM HOJE \\u00c0 TARDE A IGUAPE - Revista Vitrine Online\",\"isPartOf\":{\"@id\":\"https:\/\/revistavitrineibiuna.com.br\/#website\"},\"primaryImageOfPage\":{\"@id\":\"http:\/\/revistavitrineibiuna.com.br\/?p=33844#primaryimage\"},\"datePublished\":\"2025-08-04T00:20:49+00:00\",\"dateModified\":\"2025-08-04T00:26:53+00:00\",\"breadcrumb\":{\"@id\":\"http:\/\/revistavitrineibiuna.com.br\/?p=33844#breadcrumb\"},\"inLanguage\":\"pt-BR\",\"potentialAction\":[{\"@type\":\"ReadAction\",\"target\":[\"http:\/\/revistavitrineibiuna.com.br\/?p=33844\"]}]},{\"@type\":\"BreadcrumbList\",\"@id\":\"http:\/\/revistavitrineibiuna.com.br\/?p=33844#breadcrumb\",\"itemListElement\":[{\"@type\":\"ListItem\",\"position\":1,\"item\":{\"@type\":\"WebPage\",\"@id\":\"https:\/\/revistavitrineibiuna.com.br\/\",\"url\":\"https:\/\/revistavitrineibiuna.com.br\/\",\"name\":\"In\\u00edcio\"}},{\"@type\":\"ListItem\",\"position\":2,\"item\":{\"@type\":\"WebPage\",\"@id\":\"http:\/\/revistavitrineibiuna.com.br\/?p=33844\",\"url\":\"http:\/\/revistavitrineibiuna.com.br\/?p=33844\",\"name\":\"TROPEIROS DE IBI\\u00daNA CHEGARAM HOJE \\u00c0 TARDE A IGUAPE\"}}]},{\"@type\":\"Article\",\"@id\":\"http:\/\/revistavitrineibiuna.com.br\/?p=33844#article\",\"isPartOf\":{\"@id\":\"http:\/\/revistavitrineibiuna.com.br\/?p=33844#webpage\"},\"author\":{\"@id\":\"https:\/\/revistavitrineibiuna.com.br\/#\/schema\/person\/e51ef49d6d88170ea21ceabff3f73deb\"},\"headline\":\"TROPEIROS DE IBI\\u00daNA CHEGARAM HOJE \\u00c0 TARDE A IGUAPE\",\"datePublished\":\"2025-08-04T00:20:49+00:00\",\"dateModified\":\"2025-08-04T00:26:53+00:00\",\"mainEntityOfPage\":{\"@id\":\"http:\/\/revistavitrineibiuna.com.br\/?p=33844#webpage\"},\"commentCount\":0,\"publisher\":{\"@id\":\"https:\/\/revistavitrineibiuna.com.br\/#\/schema\/person\/e51ef49d6d88170ea21ceabff3f73deb\"},\"image\":{\"@id\":\"http:\/\/revistavitrineibiuna.com.br\/?p=33844#primaryimage\"},\"articleSection\":\"Not\\u00edcias\",\"inLanguage\":\"pt-BR\",\"potentialAction\":[{\"@type\":\"CommentAction\",\"name\":\"Comment\",\"target\":[\"http:\/\/revistavitrineibiuna.com.br\/?p=33844#respond\"]}]},{\"@type\":[\"Person\",\"Organization\"],\"@id\":\"https:\/\/revistavitrineibiuna.com.br\/#\/schema\/person\/e51ef49d6d88170ea21ceabff3f73deb\",\"name\":\"Carlos Rossini\",\"image\":{\"@type\":\"ImageObject\",\"@id\":\"https:\/\/revistavitrineibiuna.com.br\/#personlogo\",\"inLanguage\":\"pt-BR\",\"url\":\"https:\/\/secure.gravatar.com\/avatar\/4f2d0f99fac1f85c7d643f21f5c8d900?s=96&d=mm&r=g\",\"caption\":\"Carlos Rossini\"},\"logo\":{\"@id\":\"https:\/\/revistavitrineibiuna.com.br\/#personlogo\"},\"description\":\"Carlos Rossini \\u00e9 jornalista, soci\\u00f3logo, escritor e professor universit\\u00e1rio, tendo sido professor de jornalismo por vinte anos. Trabalhou em ve\\u00edculos de comunica\\u00e7\\u00e3o nas fun\\u00e7\\u00f5es de rep\\u00f3rter, redator, editor, articulista e colaborador, como Folha de S. Paulo, O Estado de S. Paulo, Di\\u00e1rio Popular, entre outros. Ao transferir a revista vitrine, vers\\u00e3o imprensa, de S\\u00e3o Paulo para Ibi\\u00fana h\\u00e1 alguns anos, iniciou uma nova experi\\u00eancia profissional, dedicando-se ao jornalismo regional, depois de cumprir uma trajet\\u00f3ria bem-sucedida na grande imprensa brasileira. Seu primeiro livro A Coragem de Comunicar foi lan\\u00e7ado na Bienal do Livro em S\\u00e3o Paulo no ano 2000, pela editora Madras.\"},{\"@type\":\"ItemList\",\"mainEntityOfPage\":{\"@id\":\"http:\/\/revistavitrineibiuna.com.br\/?p=33844#article\"},\"numberOfItems\":0,\"itemListElement\":[]}]}<\/script>\n<!-- \/ Yoast SEO plugin. -->","_links":{"self":[{"href":"https:\/\/revistavitrineibiuna.com.br\/index.php?rest_route=\/wp\/v2\/posts\/33844"}],"collection":[{"href":"https:\/\/revistavitrineibiuna.com.br\/index.php?rest_route=\/wp\/v2\/posts"}],"about":[{"href":"https:\/\/revistavitrineibiuna.com.br\/index.php?rest_route=\/wp\/v2\/types\/post"}],"author":[{"embeddable":true,"href":"https:\/\/revistavitrineibiuna.com.br\/index.php?rest_route=\/wp\/v2\/users\/1"}],"replies":[{"embeddable":true,"href":"https:\/\/revistavitrineibiuna.com.br\/index.php?rest_route=%2Fwp%2Fv2%2Fcomments&post=33844"}],"version-history":[{"count":3,"href":"https:\/\/revistavitrineibiuna.com.br\/index.php?rest_route=\/wp\/v2\/posts\/33844\/revisions"}],"predecessor-version":[{"id":33852,"href":"https:\/\/revistavitrineibiuna.com.br\/index.php?rest_route=\/wp\/v2\/posts\/33844\/revisions\/33852"}],"wp:featuredmedia":[{"embeddable":true,"href":"https:\/\/revistavitrineibiuna.com.br\/index.php?rest_route=\/wp\/v2\/media\/33845"}],"wp:attachment":[{"href":"https:\/\/revistavitrineibiuna.com.br\/index.php?rest_route=%2Fwp%2Fv2%2Fmedia&parent=33844"}],"wp:term":[{"taxonomy":"category","embeddable":true,"href":"https:\/\/revistavitrineibiuna.com.br\/index.php?rest_route=%2Fwp%2Fv2%2Fcategories&post=33844"},{"taxonomy":"post_tag","embeddable":true,"href":"https:\/\/revistavitrineibiuna.com.br\/index.php?rest_route=%2Fwp%2Fv2%2Ftags&post=33844"}],"curies":[{"name":"wp","href":"https:\/\/api.w.org\/{rel}","templated":true}]}}