{"id":33853,"date":"2025-08-06T19:17:04","date_gmt":"2025-08-06T22:17:04","guid":{"rendered":"http:\/\/revistavitrineibiuna.com.br\/?p=33853"},"modified":"2025-08-06T19:50:45","modified_gmt":"2025-08-06T22:50:45","slug":"novidade-na-tvuna-grandes-entrevistas","status":"publish","type":"post","link":"https:\/\/revistavitrineibiuna.com.br\/?p=33853","title":{"rendered":"NOVIDADE NA TVUNA \u2013 \u201cGRANDES ENTREVISTAS\u201d"},"content":{"rendered":"\n<p><strong>A TVUNA nasceu h\u00e1 pouco mais de dois anos como um projeto cujo principal objetivo \u00e9 prestar informa\u00e7\u00f5es de jornalismo profissional \u00e0 popula\u00e7\u00e3o de Ibi\u00fana e regi\u00e3o.<\/strong><\/p>\n\n\n\n<p><strong>A emissora \u00e9 coirm\u00e3 da revista eletr\u00f4nica vitrine online com mais de doze anos de presta\u00e7\u00e3o de servi\u00e7os com id\u00eantico objetivo da TVUNA.<\/strong><\/p>\n\n\n\n<p><strong>Ambas as m\u00eddias v\u00eam se sustentando na maior de suas fontes inspiradoras: a credibilidade junto ao p\u00fablico, uma moeda cujo valor transcende a for\u00e7a gravitacional de h\u00e1bitos estranhos \u00e0s boas pr\u00e1ticas do jornalismo.<\/strong><\/p>\n\n\n\n<p><strong>A miss\u00e3o de um ve\u00edculo de imprensa \u00e9 servir aos telespectadores ou leitores, sem descurar da continua busca da verdade. H\u00e1 naturalmente procedimentos \u00e9ticos que regem essa atividade, ainda que, como \u00e9 inerente \u00e0s institui\u00e7\u00f5es humanas, ela esteja sujeita&nbsp; a imperfei\u00e7\u00f5es.<\/strong><\/p>\n\n\n\n<p><strong>\u201cGRANDES REPORTAGENS\u201d<\/strong><\/p>\n\n\n\n<p><strong>Exatamente pela exist\u00eancia desse cen\u00e1rio, e sempre buscando aprimorar suas produ\u00e7\u00f5es, a TVUNA anuncia o lan\u00e7amento de \u201cGRANDES REPORTAGENS\u201d, levando em conta a diversidade de opini\u00f5es e modos de enxergar os acontecimentos.<\/strong><\/p>\n\n\n\n<p><strong>A TVUNA, numa vers\u00e3o diferenciada de<em> podcast<\/em>, vai entrevistar personagens que, de algum modo, possam contribuir para inspirar novas maneiras de ver a realidade no munic\u00edpio, como fator cultural de seu povo.<\/strong><\/p>\n\n\n\n<p><strong>Exibir\u00e1 testemunhos diretos de experi\u00eancias vividas que possam contribuir para o despertar da consci\u00eancia dos cidad\u00e3os a respeito da verdade dos fatos, tanto quanto poss\u00edvel.<\/strong><\/p>\n\n\n\n<p><strong>Talvez o maior desejo por tr\u00e1s dessa iniciativa seja vencer a trava paralisante do h\u00e1bito de pensar que as coisas \u201csempre foram assim, e n\u00e3o v\u00e3o mudar\u201d. Nada pode ser mais nefasto do que crer e alimentar uma narrativa dessa natureza para um povo que nutre visivelmente a vontade de dias melhores que, na verdade, para se tornar realidade, precisa de a\u00e7\u00f5es de mudan\u00e7a.<\/strong><\/p>\n\n\n\n<p><strong>JONAS CAMPOS<\/strong><\/p>\n\n\n\n<p><strong>O primeiro personagem convidado a inaugurar as \u201cGRANDES ENTREVISTAS\u201d \u00e9 o ex-prefeito e ex-vereador de Ibi\u00fana por duas vezes em cada um desses dois poderes: o advogado Jonas Campos.<\/strong><\/p>\n\n\n\n<p><strong>Natural de Ibi\u00fana, 71, sua experi\u00eancia no mundo da pol\u00edtica j\u00e1 somam quatro d\u00e9cadas. Ele tamb\u00e9m ocupou um importante cargo em vinculado \u00e0 Secretaria de Justi\u00e7a e Defesa da Cidadania de S\u00e3o Paulo. E, certamente, tem boas hist\u00f3rias para nos contar.<\/strong><\/p>\n\n\n\n<p><strong>A entrevista ir\u00e1 nos ajudar a compreender a trajet\u00f3ria hist\u00f3rica da pol\u00edtica ibiunense e conhecer seu ponto de vista em torno dos maiores desafios do atual governo, eleito pelo recorde hist\u00f3rico de 21.661 votos.<\/strong><\/p>\n\n\n\n<p><strong>A prop\u00f3sito h\u00e1 uma imensa expectativa quanto \u00e0 gigantesca esperan\u00e7a que o atual governante da cidade despertou no povo, que passou a ser a refer\u00eancia de aferi\u00e7\u00e3o do seu desempenho, cujo mandato est\u00e1 completando oito meses daqui a alguns dias. (C.R.)&nbsp;&nbsp;<\/strong><\/p>\n\n\n\n<p><strong>SE LIGA NA TVUNA<\/strong><\/p>\n\n\n\n<p><strong>Os programas veiculados pela TVUNA est\u00e3o dispon\u00edveis no Instagram, Facebook, TikTok e Youtube.<\/strong><\/p>\n","protected":false},"excerpt":{"rendered":"<p>A TVUNA nasceu h\u00e1 pouco mais de dois anos como um projeto cujo principal objetivo \u00e9 prestar informa\u00e7\u00f5es de jornalismo<\/p>\n","protected":false},"author":1,"featured_media":33854,"comment_status":"open","ping_status":"open","sticky":false,"template":"","format":"standard","meta":[],"categories":[3],"tags":[],"yoast_head":"<!-- This site is optimized with the Yoast SEO plugin v15.8 - https:\/\/yoast.com\/wordpress\/plugins\/seo\/ -->\n<title>NOVIDADE NA TVUNA \u2013 \u201cGRANDES ENTREVISTAS\u201d - Revista Vitrine Online<\/title>\n<meta name=\"robots\" content=\"index, follow, max-snippet:-1, max-image-preview:large, max-video-preview:-1\" \/>\n<link rel=\"canonical\" href=\"http:\/\/revistavitrineibiuna.com.br\/?p=33853\" \/>\n<meta property=\"og:locale\" content=\"pt_BR\" \/>\n<meta property=\"og:type\" content=\"article\" \/>\n<meta property=\"og:title\" content=\"NOVIDADE NA TVUNA \u2013 \u201cGRANDES ENTREVISTAS\u201d - Revista Vitrine Online\" \/>\n<meta property=\"og:description\" content=\"A TVUNA nasceu h\u00e1 pouco mais de dois anos como um projeto cujo principal objetivo \u00e9 prestar informa\u00e7\u00f5es de jornalismo\" \/>\n<meta property=\"og:url\" content=\"http:\/\/revistavitrineibiuna.com.br\/?p=33853\" \/>\n<meta property=\"og:site_name\" content=\"Revista Vitrine Online\" \/>\n<meta property=\"article:published_time\" content=\"2025-08-06T22:17:04+00:00\" \/>\n<meta property=\"article:modified_time\" content=\"2025-08-06T22:50:45+00:00\" \/>\n<meta property=\"og:image\" content=\"https:\/\/revistavitrineibiuna.com.br\/wp-content\/uploads\/2025\/08\/jonas-campos-grandes-entrevistas.png\" \/>\n\t<meta property=\"og:image:width\" content=\"486\" \/>\n\t<meta property=\"og:image:height\" content=\"355\" \/>\n<meta name=\"twitter:card\" content=\"summary\" \/>\n<meta name=\"twitter:label1\" content=\"Est. reading time\">\n\t<meta name=\"twitter:data1\" content=\"2 minutos\">\n<script type=\"application\/ld+json\" class=\"yoast-schema-graph\">{\"@context\":\"https:\/\/schema.org\",\"@graph\":[{\"@type\":\"WebSite\",\"@id\":\"https:\/\/revistavitrineibiuna.com.br\/#website\",\"url\":\"https:\/\/revistavitrineibiuna.com.br\/\",\"name\":\"Revista Vitrine Ibi\\u00fana\",\"description\":\"A Revista de Ibi\\u00fana e Regi\\u00e3o\",\"publisher\":{\"@id\":\"https:\/\/revistavitrineibiuna.com.br\/#\/schema\/person\/e51ef49d6d88170ea21ceabff3f73deb\"},\"potentialAction\":[{\"@type\":\"SearchAction\",\"target\":\"https:\/\/revistavitrineibiuna.com.br\/?s={search_term_string}\",\"query-input\":\"required name=search_term_string\"}],\"inLanguage\":\"pt-BR\"},{\"@type\":\"ImageObject\",\"@id\":\"http:\/\/revistavitrineibiuna.com.br\/?p=33853#primaryimage\",\"inLanguage\":\"pt-BR\",\"url\":\"https:\/\/revistavitrineibiuna.com.br\/wp-content\/uploads\/2025\/08\/jonas-campos-grandes-entrevistas.png\",\"width\":486,\"height\":355},{\"@type\":\"WebPage\",\"@id\":\"http:\/\/revistavitrineibiuna.com.br\/?p=33853#webpage\",\"url\":\"http:\/\/revistavitrineibiuna.com.br\/?p=33853\",\"name\":\"NOVIDADE NA TVUNA \\u2013 \\u201cGRANDES ENTREVISTAS\\u201d - Revista Vitrine Online\",\"isPartOf\":{\"@id\":\"https:\/\/revistavitrineibiuna.com.br\/#website\"},\"primaryImageOfPage\":{\"@id\":\"http:\/\/revistavitrineibiuna.com.br\/?p=33853#primaryimage\"},\"datePublished\":\"2025-08-06T22:17:04+00:00\",\"dateModified\":\"2025-08-06T22:50:45+00:00\",\"breadcrumb\":{\"@id\":\"http:\/\/revistavitrineibiuna.com.br\/?p=33853#breadcrumb\"},\"inLanguage\":\"pt-BR\",\"potentialAction\":[{\"@type\":\"ReadAction\",\"target\":[\"http:\/\/revistavitrineibiuna.com.br\/?p=33853\"]}]},{\"@type\":\"BreadcrumbList\",\"@id\":\"http:\/\/revistavitrineibiuna.com.br\/?p=33853#breadcrumb\",\"itemListElement\":[{\"@type\":\"ListItem\",\"position\":1,\"item\":{\"@type\":\"WebPage\",\"@id\":\"https:\/\/revistavitrineibiuna.com.br\/\",\"url\":\"https:\/\/revistavitrineibiuna.com.br\/\",\"name\":\"In\\u00edcio\"}},{\"@type\":\"ListItem\",\"position\":2,\"item\":{\"@type\":\"WebPage\",\"@id\":\"http:\/\/revistavitrineibiuna.com.br\/?p=33853\",\"url\":\"http:\/\/revistavitrineibiuna.com.br\/?p=33853\",\"name\":\"NOVIDADE NA TVUNA \\u2013 \\u201cGRANDES ENTREVISTAS\\u201d\"}}]},{\"@type\":\"Article\",\"@id\":\"http:\/\/revistavitrineibiuna.com.br\/?p=33853#article\",\"isPartOf\":{\"@id\":\"http:\/\/revistavitrineibiuna.com.br\/?p=33853#webpage\"},\"author\":{\"@id\":\"https:\/\/revistavitrineibiuna.com.br\/#\/schema\/person\/e51ef49d6d88170ea21ceabff3f73deb\"},\"headline\":\"NOVIDADE NA TVUNA \\u2013 \\u201cGRANDES ENTREVISTAS\\u201d\",\"datePublished\":\"2025-08-06T22:17:04+00:00\",\"dateModified\":\"2025-08-06T22:50:45+00:00\",\"mainEntityOfPage\":{\"@id\":\"http:\/\/revistavitrineibiuna.com.br\/?p=33853#webpage\"},\"commentCount\":0,\"publisher\":{\"@id\":\"https:\/\/revistavitrineibiuna.com.br\/#\/schema\/person\/e51ef49d6d88170ea21ceabff3f73deb\"},\"image\":{\"@id\":\"http:\/\/revistavitrineibiuna.com.br\/?p=33853#primaryimage\"},\"articleSection\":\"Not\\u00edcias\",\"inLanguage\":\"pt-BR\",\"potentialAction\":[{\"@type\":\"CommentAction\",\"name\":\"Comment\",\"target\":[\"http:\/\/revistavitrineibiuna.com.br\/?p=33853#respond\"]}]},{\"@type\":[\"Person\",\"Organization\"],\"@id\":\"https:\/\/revistavitrineibiuna.com.br\/#\/schema\/person\/e51ef49d6d88170ea21ceabff3f73deb\",\"name\":\"Carlos Rossini\",\"image\":{\"@type\":\"ImageObject\",\"@id\":\"https:\/\/revistavitrineibiuna.com.br\/#personlogo\",\"inLanguage\":\"pt-BR\",\"url\":\"https:\/\/secure.gravatar.com\/avatar\/4f2d0f99fac1f85c7d643f21f5c8d900?s=96&d=mm&r=g\",\"caption\":\"Carlos Rossini\"},\"logo\":{\"@id\":\"https:\/\/revistavitrineibiuna.com.br\/#personlogo\"},\"description\":\"Carlos Rossini \\u00e9 jornalista, soci\\u00f3logo, escritor e professor universit\\u00e1rio, tendo sido professor de jornalismo por vinte anos. Trabalhou em ve\\u00edculos de comunica\\u00e7\\u00e3o nas fun\\u00e7\\u00f5es de rep\\u00f3rter, redator, editor, articulista e colaborador, como Folha de S. Paulo, O Estado de S. Paulo, Di\\u00e1rio Popular, entre outros. Ao transferir a revista vitrine, vers\\u00e3o imprensa, de S\\u00e3o Paulo para Ibi\\u00fana h\\u00e1 alguns anos, iniciou uma nova experi\\u00eancia profissional, dedicando-se ao jornalismo regional, depois de cumprir uma trajet\\u00f3ria bem-sucedida na grande imprensa brasileira. Seu primeiro livro A Coragem de Comunicar foi lan\\u00e7ado na Bienal do Livro em S\\u00e3o Paulo no ano 2000, pela editora Madras.\"}]}<\/script>\n<!-- \/ Yoast SEO plugin. -->","_links":{"self":[{"href":"https:\/\/revistavitrineibiuna.com.br\/index.php?rest_route=\/wp\/v2\/posts\/33853"}],"collection":[{"href":"https:\/\/revistavitrineibiuna.com.br\/index.php?rest_route=\/wp\/v2\/posts"}],"about":[{"href":"https:\/\/revistavitrineibiuna.com.br\/index.php?rest_route=\/wp\/v2\/types\/post"}],"author":[{"embeddable":true,"href":"https:\/\/revistavitrineibiuna.com.br\/index.php?rest_route=\/wp\/v2\/users\/1"}],"replies":[{"embeddable":true,"href":"https:\/\/revistavitrineibiuna.com.br\/index.php?rest_route=%2Fwp%2Fv2%2Fcomments&post=33853"}],"version-history":[{"count":6,"href":"https:\/\/revistavitrineibiuna.com.br\/index.php?rest_route=\/wp\/v2\/posts\/33853\/revisions"}],"predecessor-version":[{"id":33861,"href":"https:\/\/revistavitrineibiuna.com.br\/index.php?rest_route=\/wp\/v2\/posts\/33853\/revisions\/33861"}],"wp:featuredmedia":[{"embeddable":true,"href":"https:\/\/revistavitrineibiuna.com.br\/index.php?rest_route=\/wp\/v2\/media\/33854"}],"wp:attachment":[{"href":"https:\/\/revistavitrineibiuna.com.br\/index.php?rest_route=%2Fwp%2Fv2%2Fmedia&parent=33853"}],"wp:term":[{"taxonomy":"category","embeddable":true,"href":"https:\/\/revistavitrineibiuna.com.br\/index.php?rest_route=%2Fwp%2Fv2%2Fcategories&post=33853"},{"taxonomy":"post_tag","embeddable":true,"href":"https:\/\/revistavitrineibiuna.com.br\/index.php?rest_route=%2Fwp%2Fv2%2Ftags&post=33853"}],"curies":[{"name":"wp","href":"https:\/\/api.w.org\/{rel}","templated":true}]}}