{"id":33862,"date":"2025-08-07T20:39:42","date_gmt":"2025-08-07T23:39:42","guid":{"rendered":"http:\/\/revistavitrineibiuna.com.br\/?p=33862"},"modified":"2025-08-07T20:47:32","modified_gmt":"2025-08-07T23:47:32","slug":"entre-desespero-e-lagrimas-idoso-ve-sua-casa-demolida-no-parque-do-jurupara","status":"publish","type":"post","link":"https:\/\/revistavitrineibiuna.com.br\/?p=33862","title":{"rendered":"ENTRE DESESPERO E L\u00c1GRIMAS, IDOSO V\u00ca SUA CASA DEMOLIDA NO PARQUE DO JURUPAR\u00c1"},"content":{"rendered":"\n<p class=\"has-drop-cap\"><strong>A<\/strong>conteceu na manh\u00e3 de hoje (7). A casa do sr. Humberto Antonio Gonzalez, 70, localizada na Estrada da Cachoeira do Fran\u00e7a \u2013 km 5,5, no Parque Estadual do Jurupar\u00e1, no munic\u00edpio de Ibi\u00fana, onde ele morou por\u00a0 mais de trinta anos foi demolida por um trator em obedi\u00eancia a uma ordem judicial de reintegra\u00e7\u00e3o de posse movida pelo governo estadual.<\/p>\n\n\n\n<p>O desespero, a dor e as l\u00e1grimas, tamb\u00e9m derramadas por seus vizinhos e amigos diante da impiedosa derrubada das paredes e teto de sua propriedade legalmente adquirida h\u00e1 mais de trinta anos aconteceu depois que ele voltava de uma sess\u00e3o de hemodi\u00e1lise em S\u00e3o Paulo.<\/p>\n\n\n\n<p>PROFUNDA PREOCUPA\u00c7\u00c3O<\/p>\n\n\n\n<p>Em nota encaminhada a vitrine online o vice-presidente da AJA Sustent\u00e1vel \u2013 Associa\u00e7\u00e3o Moradores e Sitiantes do Jurupar\u00e1 e Adjac\u00eancias, Maur\u00edcio Merzvinskas, faz um relato desse caso e da situa\u00e7\u00e3o geral de abandono e sofrimento imposto injustamente a mais de 600 fam\u00edlias propriet\u00e1rias que tinham moradias e produziam alimentos e animais em suas propriedades na \u00e1rea do parque.<\/p>\n\n\n\n<p>Algumas fam\u00edlias estavam ali h\u00e1 mais de 150 anos at\u00e9 que seus 26 mil hectares se tornaram \u00e1rea de prote\u00e7\u00e3o ambiental e depois integral a partir de um decreto do governador do estado em 1992.<\/p>\n\n\n\n<figure class=\"wp-block-image size-large\"><img loading=\"lazy\" width=\"607\" height=\"397\" src=\"http:\/\/revistavitrineibiuna.com.br\/wp-content\/uploads\/2025\/08\/sr.Humberto-3.png\" alt=\"\" class=\"wp-image-33866\" srcset=\"https:\/\/revistavitrineibiuna.com.br\/wp-content\/uploads\/2025\/08\/sr.Humberto-3.png 607w, https:\/\/revistavitrineibiuna.com.br\/wp-content\/uploads\/2025\/08\/sr.Humberto-3-300x196.png 300w\" sizes=\"(max-width: 607px) 100vw, 607px\" \/><figcaption>Humberto, 70, foi surpreendido pela a\u00e7\u00e3o da justi\u00e7a de autorizar a reintegra\u00e7\u00e3o de posse de sua casa e terreno, depois de voltar de uma sess\u00e3o de hemodi\u00e1lise em S\u00e3o Paulo<\/figcaption><\/figure>\n\n\n\n<p>NOTA NA \u00cdNTEGRA<\/p>\n\n\n\n<p>Para entender a dram\u00e1tica situa\u00e7\u00e3o do sr. Humberto e de tantas outras fam\u00edlias que j\u00e1 foram expulsas daquela \u00e1rea e tiveram suas casas igualmente demolidas, leia a nota da entidade que representa as fam\u00edlias atingidas:<\/p>\n\n\n\n<p>\u201cReintegra\u00e7\u00e3o de posse contra o Sr. Humberto: um retrato da omiss\u00e3o institucional e da urg\u00eancia de suspens\u00e3o das remo\u00e7\u00f5es no PEJU-SP<\/p>\n\n\n\n<p>A AJA Sustent\u00e1vel vem a p\u00fablico manifestar sua profunda preocupa\u00e7\u00e3o com a reintegra\u00e7\u00e3o de posse realizada contra o Sr. Humberto, morador da regi\u00e3o do Parque Estadual do Jurupar\u00e1 (PEJU-SP), cuja resid\u00eancia foi demolida mesmo diante de fatos novos que refor\u00e7am a legitimidade jur\u00eddica e fundi\u00e1ria dos habitantes da regi\u00e3o. O caso do Sr. Humberto simboliza uma violenta desconex\u00e3o entre o Estado e a realidade vivida pelos moradores, al\u00e9m da urg\u00eancia de suspens\u00e3o imediata de todas as reintegra\u00e7\u00f5es em curso.<\/p>\n\n\n\n<figure class=\"wp-block-image size-large\"><img loading=\"lazy\" width=\"719\" height=\"574\" src=\"http:\/\/revistavitrineibiuna.com.br\/wp-content\/uploads\/2025\/08\/sr.-humberto-2.png\" alt=\"\" class=\"wp-image-33869\" srcset=\"https:\/\/revistavitrineibiuna.com.br\/wp-content\/uploads\/2025\/08\/sr.-humberto-2.png 719w, https:\/\/revistavitrineibiuna.com.br\/wp-content\/uploads\/2025\/08\/sr.-humberto-2-300x239.png 300w\" sizes=\"(max-width: 719px) 100vw, 719px\" \/><figcaption>\u00c9 uma imensid\u00e3o a dor de perder a pr\u00f3pria casa onde Humberto e seus  familiares viveram por mais de trinta anos  <\/figcaption><\/figure>\n\n\n\n<p>O Sr. Humberto, apesar de n\u00e3o ser o morador mais antigo da regi\u00e3o, adquiriu legalmente sua propriedade, com documentos cartoriais revestidos de f\u00e9 p\u00fablica. Sua casa servia como resid\u00eancia principal, projeto de vida e aposentadoria. Devido ao seu delicado estado de sa\u00fade, com necessidade de hemodi\u00e1lise duas vezes por semana, ele estava temporariamente em S\u00e3o Paulo, em moradia alugada. Ainda assim, sua casa foi demolida, em meio a um processo que desconsiderou sua condi\u00e7\u00e3o de sa\u00fade e a exist\u00eancia de documentos relevantes.<\/p>\n\n\n\n<p>A decis\u00e3o judicial que autorizou a reintegra\u00e7\u00e3o de posse baseou-se em um laudo de caracteriza\u00e7\u00e3o ambiental do ITESP, que recentemente foi deslegitimado pelo pr\u00f3prio \u00f3rg\u00e3o. Em documento oficial, o ITESP reconheceu que n\u00e3o foi realizado estudo fundi\u00e1rio com an\u00e1lise de sucess\u00e3o possess\u00f3ria, o que compromete a validade das informa\u00e7\u00f5es utilizadas em centenas de processos judiciais, inclusive o que resultou na reintegra\u00e7\u00e3o contra o Sr. Humberto.<\/p>\n\n\n\n<p>Esse fato novo foi formalmente apresentado em pedido de reconsidera\u00e7\u00e3o \u00e0 Vara competente antes da efetiva\u00e7\u00e3o da reintegra\u00e7\u00e3o. Contudo, o ju\u00edzo n\u00e3o analisou o pedido em tempo h\u00e1bil, e a ordem j\u00e1 se encontrava na rua. N\u00e3o se trata de acusa\u00e7\u00e3o contra o magistrado, mas de apontamento da aus\u00eancia de resposta judicial diante de um contexto excepcional e de alta sensibilidade social e humana.<\/p>\n\n\n\n<p>A realidade que se imp\u00f5e \u00e9 a seguinte: houve viola\u00e7\u00e3o de direitos humanos. A reintegra\u00e7\u00e3o n\u00e3o observou a necessidade de an\u00e1lise da posse hist\u00f3rica, tampouco considerou o impacto sobre a sa\u00fade de um idoso em tratamento delicado. Mais grave ainda, ocorreu \u00e0 revelia das discuss\u00f5es estabelecidas no \u00e2mbito do GAORP (Grupo de Atua\u00e7\u00e3o Operacional para Regulariza\u00e7\u00e3o Fundi\u00e1ria \u2013 processo CPA 2024\/00032352), cuja reuni\u00e3o de concilia\u00e7\u00e3o, realizada em 11 de abril de 2025, recomendou a suspens\u00e3o das a\u00e7\u00f5es de reintegra\u00e7\u00e3o at\u00e9 a realiza\u00e7\u00e3o do georreferenciamento, do estudo antropol\u00f3gico e do estudo fundi\u00e1rio completo.<\/p>\n\n\n\n<p>Al\u00e9m disso, \u00e9 importante destacar que o Parque Estadual do Jurupar\u00e1 foi criado por decreto do governador em 1992, sem a devida regulariza\u00e7\u00e3o fundi\u00e1ria, e com base em uma amplia\u00e7\u00e3o de per\u00edmetro territorial sem justificativa legal adequada. A regi\u00e3o teve o processo de legitima\u00e7\u00e3o de posse (processo de legitima\u00e7\u00e3o de posses do segundo per\u00edmetro de S\u00e3o Roque -Processo 36.356-60 posse interrompida de forma arbitr\u00e1ria, causando inseguran\u00e7a jur\u00eddica para centenas de fam\u00edlias, ignorando direitos&nbsp; de posse e dominio , indeniza\u00e7\u00f5es e direitos fundamentais destas pessoas.<\/p>\n\n\n\n<p>O caso do Sr. Humberto, portanto, \u00e9 apenas mais um cap\u00edtulo de uma pol\u00edtica de remo\u00e7\u00f5es for\u00e7adas que ignora a presen\u00e7a hist\u00f3rica e a boa-f\u00e9 dos ocupantes. N\u00e3o se trata de &#8220;invasores&#8221;, mas de moradores tradicionais, sitiantes e fam\u00edlias com hist\u00f3ria, trabalho e documentos anteriores \u00e0 cria\u00e7\u00e3o do parque. Essa narrativa criminalizante \u00e9 incompat\u00edvel com o princ\u00edpio constitucional da dignidade da pessoa humana.<\/p>\n\n\n\n<p>A AJA Sustent\u00e1vel reitera a necessidade urgente de:<\/p>\n\n\n\n<p>. Suspens\u00e3o imediata de todas as reintegra\u00e7\u00f5es de posse no PEJU-SP;<\/p>\n\n\n\n<p>. Instala\u00e7\u00e3o de um grupo de trabalho intersecretarial, com participa\u00e7\u00e3o da Defensoria P\u00fablica, MP, ITESP, OAB, e representantes da sociedade civil organizada;<\/p>\n\n\n\n<p>Reconhecimento da falha do ITESP e revis\u00e3o dos processos judiciais baseados no laudo de caracteriza\u00e7\u00e3o ambiental Processo: 163.00001700\/2025-33, agora sabidamente incompleto;<\/p>\n\n\n\n<p>Garantia de direitos aos moradores e regulariza\u00e7\u00e3o fundi\u00e1ria participativa, com base em estudos antropol\u00f3gicos, sociais e hist\u00f3ricos.<\/p>\n\n\n\n<p>Seguiremos firmes na defesa dos direitos humanos, da justi\u00e7a social e da perman\u00eancia das fam\u00edlias que h\u00e1 gera\u00e7\u00f5es constroem suas vidas no Jurupar\u00e1.<\/p>\n\n\n\n<p>Diretoria da AJA Sustent\u00e1vel Associa\u00e7\u00e3o dos Moradores e sitiantes do Jurupar\u00e1 e adjac\u00eancias.<\/p>\n\n\n\n<p>Respeitosamente,<\/p>\n\n\n\n<p>Mauricio Merzvinskas<\/p>\n\n\n\n<p>Vice-Presidente da AJA Sustent\u00e1vel\u201d<\/p>\n","protected":false},"excerpt":{"rendered":"<p>Aconteceu na manh\u00e3 de hoje (7). A casa do sr. Humberto Antonio Gonzalez, 70, localizada na Estrada da Cachoeira do<\/p>\n","protected":false},"author":1,"featured_media":33863,"comment_status":"open","ping_status":"open","sticky":false,"template":"","format":"standard","meta":[],"categories":[3],"tags":[],"yoast_head":"<!-- This site is optimized with the Yoast SEO plugin v15.8 - https:\/\/yoast.com\/wordpress\/plugins\/seo\/ -->\n<title>ENTRE DESESPERO E L\u00c1GRIMAS, IDOSO V\u00ca SUA CASA DEMOLIDA NO PARQUE DO JURUPAR\u00c1 - Revista Vitrine Online<\/title>\n<meta name=\"robots\" content=\"index, follow, max-snippet:-1, max-image-preview:large, max-video-preview:-1\" \/>\n<link rel=\"canonical\" href=\"http:\/\/revistavitrineibiuna.com.br\/?p=33862\" \/>\n<meta property=\"og:locale\" content=\"pt_BR\" \/>\n<meta property=\"og:type\" content=\"article\" \/>\n<meta property=\"og:title\" content=\"ENTRE DESESPERO E L\u00c1GRIMAS, IDOSO V\u00ca SUA CASA DEMOLIDA NO PARQUE DO JURUPAR\u00c1 - Revista Vitrine Online\" \/>\n<meta property=\"og:description\" content=\"Aconteceu na manh\u00e3 de hoje (7). A casa do sr. Humberto Antonio Gonzalez, 70, localizada na Estrada da Cachoeira do\" \/>\n<meta property=\"og:url\" content=\"http:\/\/revistavitrineibiuna.com.br\/?p=33862\" \/>\n<meta property=\"og:site_name\" content=\"Revista Vitrine Online\" \/>\n<meta property=\"article:published_time\" content=\"2025-08-07T23:39:42+00:00\" \/>\n<meta property=\"article:modified_time\" content=\"2025-08-07T23:47:32+00:00\" \/>\n<meta property=\"og:image\" content=\"https:\/\/revistavitrineibiuna.com.br\/wp-content\/uploads\/2025\/08\/sr-Humberto-1.png\" \/>\n\t<meta property=\"og:image:width\" content=\"550\" \/>\n\t<meta property=\"og:image:height\" content=\"378\" \/>\n<meta name=\"twitter:card\" content=\"summary\" \/>\n<meta name=\"twitter:label1\" content=\"Est. reading time\">\n\t<meta name=\"twitter:data1\" content=\"5 minutos\">\n<script type=\"application\/ld+json\" class=\"yoast-schema-graph\">{\"@context\":\"https:\/\/schema.org\",\"@graph\":[{\"@type\":\"WebSite\",\"@id\":\"https:\/\/revistavitrineibiuna.com.br\/#website\",\"url\":\"https:\/\/revistavitrineibiuna.com.br\/\",\"name\":\"Revista Vitrine Ibi\\u00fana\",\"description\":\"A Revista de Ibi\\u00fana e Regi\\u00e3o\",\"publisher\":{\"@id\":\"https:\/\/revistavitrineibiuna.com.br\/#\/schema\/person\/e51ef49d6d88170ea21ceabff3f73deb\"},\"potentialAction\":[{\"@type\":\"SearchAction\",\"target\":\"https:\/\/revistavitrineibiuna.com.br\/?s={search_term_string}\",\"query-input\":\"required name=search_term_string\"}],\"inLanguage\":\"pt-BR\"},{\"@type\":\"ImageObject\",\"@id\":\"http:\/\/revistavitrineibiuna.com.br\/?p=33862#primaryimage\",\"inLanguage\":\"pt-BR\",\"url\":\"https:\/\/revistavitrineibiuna.com.br\/wp-content\/uploads\/2025\/08\/sr-Humberto-1.png\",\"width\":550,\"height\":378},{\"@type\":\"WebPage\",\"@id\":\"http:\/\/revistavitrineibiuna.com.br\/?p=33862#webpage\",\"url\":\"http:\/\/revistavitrineibiuna.com.br\/?p=33862\",\"name\":\"ENTRE DESESPERO E L\\u00c1GRIMAS, IDOSO V\\u00ca SUA CASA DEMOLIDA NO PARQUE DO JURUPAR\\u00c1 - Revista Vitrine Online\",\"isPartOf\":{\"@id\":\"https:\/\/revistavitrineibiuna.com.br\/#website\"},\"primaryImageOfPage\":{\"@id\":\"http:\/\/revistavitrineibiuna.com.br\/?p=33862#primaryimage\"},\"datePublished\":\"2025-08-07T23:39:42+00:00\",\"dateModified\":\"2025-08-07T23:47:32+00:00\",\"breadcrumb\":{\"@id\":\"http:\/\/revistavitrineibiuna.com.br\/?p=33862#breadcrumb\"},\"inLanguage\":\"pt-BR\",\"potentialAction\":[{\"@type\":\"ReadAction\",\"target\":[\"http:\/\/revistavitrineibiuna.com.br\/?p=33862\"]}]},{\"@type\":\"BreadcrumbList\",\"@id\":\"http:\/\/revistavitrineibiuna.com.br\/?p=33862#breadcrumb\",\"itemListElement\":[{\"@type\":\"ListItem\",\"position\":1,\"item\":{\"@type\":\"WebPage\",\"@id\":\"https:\/\/revistavitrineibiuna.com.br\/\",\"url\":\"https:\/\/revistavitrineibiuna.com.br\/\",\"name\":\"In\\u00edcio\"}},{\"@type\":\"ListItem\",\"position\":2,\"item\":{\"@type\":\"WebPage\",\"@id\":\"http:\/\/revistavitrineibiuna.com.br\/?p=33862\",\"url\":\"http:\/\/revistavitrineibiuna.com.br\/?p=33862\",\"name\":\"ENTRE DESESPERO E L\\u00c1GRIMAS, IDOSO V\\u00ca SUA CASA DEMOLIDA NO PARQUE DO JURUPAR\\u00c1\"}}]},{\"@type\":\"Article\",\"@id\":\"http:\/\/revistavitrineibiuna.com.br\/?p=33862#article\",\"isPartOf\":{\"@id\":\"http:\/\/revistavitrineibiuna.com.br\/?p=33862#webpage\"},\"author\":{\"@id\":\"https:\/\/revistavitrineibiuna.com.br\/#\/schema\/person\/e51ef49d6d88170ea21ceabff3f73deb\"},\"headline\":\"ENTRE DESESPERO E L\\u00c1GRIMAS, IDOSO V\\u00ca SUA CASA DEMOLIDA NO PARQUE DO JURUPAR\\u00c1\",\"datePublished\":\"2025-08-07T23:39:42+00:00\",\"dateModified\":\"2025-08-07T23:47:32+00:00\",\"mainEntityOfPage\":{\"@id\":\"http:\/\/revistavitrineibiuna.com.br\/?p=33862#webpage\"},\"commentCount\":0,\"publisher\":{\"@id\":\"https:\/\/revistavitrineibiuna.com.br\/#\/schema\/person\/e51ef49d6d88170ea21ceabff3f73deb\"},\"image\":{\"@id\":\"http:\/\/revistavitrineibiuna.com.br\/?p=33862#primaryimage\"},\"articleSection\":\"Not\\u00edcias\",\"inLanguage\":\"pt-BR\",\"potentialAction\":[{\"@type\":\"CommentAction\",\"name\":\"Comment\",\"target\":[\"http:\/\/revistavitrineibiuna.com.br\/?p=33862#respond\"]}]},{\"@type\":[\"Person\",\"Organization\"],\"@id\":\"https:\/\/revistavitrineibiuna.com.br\/#\/schema\/person\/e51ef49d6d88170ea21ceabff3f73deb\",\"name\":\"Carlos Rossini\",\"image\":{\"@type\":\"ImageObject\",\"@id\":\"https:\/\/revistavitrineibiuna.com.br\/#personlogo\",\"inLanguage\":\"pt-BR\",\"url\":\"https:\/\/secure.gravatar.com\/avatar\/4f2d0f99fac1f85c7d643f21f5c8d900?s=96&d=mm&r=g\",\"caption\":\"Carlos Rossini\"},\"logo\":{\"@id\":\"https:\/\/revistavitrineibiuna.com.br\/#personlogo\"},\"description\":\"Carlos Rossini \\u00e9 jornalista, soci\\u00f3logo, escritor e professor universit\\u00e1rio, tendo sido professor de jornalismo por vinte anos. Trabalhou em ve\\u00edculos de comunica\\u00e7\\u00e3o nas fun\\u00e7\\u00f5es de rep\\u00f3rter, redator, editor, articulista e colaborador, como Folha de S. Paulo, O Estado de S. Paulo, Di\\u00e1rio Popular, entre outros. Ao transferir a revista vitrine, vers\\u00e3o imprensa, de S\\u00e3o Paulo para Ibi\\u00fana h\\u00e1 alguns anos, iniciou uma nova experi\\u00eancia profissional, dedicando-se ao jornalismo regional, depois de cumprir uma trajet\\u00f3ria bem-sucedida na grande imprensa brasileira. Seu primeiro livro A Coragem de Comunicar foi lan\\u00e7ado na Bienal do Livro em S\\u00e3o Paulo no ano 2000, pela editora Madras.\"}]}<\/script>\n<!-- \/ Yoast SEO plugin. -->","_links":{"self":[{"href":"https:\/\/revistavitrineibiuna.com.br\/index.php?rest_route=\/wp\/v2\/posts\/33862"}],"collection":[{"href":"https:\/\/revistavitrineibiuna.com.br\/index.php?rest_route=\/wp\/v2\/posts"}],"about":[{"href":"https:\/\/revistavitrineibiuna.com.br\/index.php?rest_route=\/wp\/v2\/types\/post"}],"author":[{"embeddable":true,"href":"https:\/\/revistavitrineibiuna.com.br\/index.php?rest_route=\/wp\/v2\/users\/1"}],"replies":[{"embeddable":true,"href":"https:\/\/revistavitrineibiuna.com.br\/index.php?rest_route=%2Fwp%2Fv2%2Fcomments&post=33862"}],"version-history":[{"count":3,"href":"https:\/\/revistavitrineibiuna.com.br\/index.php?rest_route=\/wp\/v2\/posts\/33862\/revisions"}],"predecessor-version":[{"id":33870,"href":"https:\/\/revistavitrineibiuna.com.br\/index.php?rest_route=\/wp\/v2\/posts\/33862\/revisions\/33870"}],"wp:featuredmedia":[{"embeddable":true,"href":"https:\/\/revistavitrineibiuna.com.br\/index.php?rest_route=\/wp\/v2\/media\/33863"}],"wp:attachment":[{"href":"https:\/\/revistavitrineibiuna.com.br\/index.php?rest_route=%2Fwp%2Fv2%2Fmedia&parent=33862"}],"wp:term":[{"taxonomy":"category","embeddable":true,"href":"https:\/\/revistavitrineibiuna.com.br\/index.php?rest_route=%2Fwp%2Fv2%2Fcategories&post=33862"},{"taxonomy":"post_tag","embeddable":true,"href":"https:\/\/revistavitrineibiuna.com.br\/index.php?rest_route=%2Fwp%2Fv2%2Ftags&post=33862"}],"curies":[{"name":"wp","href":"https:\/\/api.w.org\/{rel}","templated":true}]}}