{"id":33891,"date":"2025-08-10T10:35:04","date_gmt":"2025-08-10T13:35:04","guid":{"rendered":"http:\/\/revistavitrineibiuna.com.br\/?p=33891"},"modified":"2025-08-10T10:35:05","modified_gmt":"2025-08-10T13:35:05","slug":"nao-quero-mais-ver-nenhum-ibiunense-de-cabeca-baixa","status":"publish","type":"post","link":"https:\/\/revistavitrineibiuna.com.br\/?p=33891","title":{"rendered":"\u201cN\u00c3O QUERO MAIS VER NENHUM IBIUNENSE DE CABE\u00c7A BAIXA\u201d"},"content":{"rendered":"\n<p class=\"has-drop-cap\"><strong>Essa frase foi dita pelo ex-prefeito (duas vezes) e vereador (duas vezes), o advogado Jonas Campos, na primeira entrevista em novo formato lan\u00e7ado pela TVUNA intitulado \u201cGRANDES ENTREVISTAS\u201d.<\/strong><\/p>\n\n\n\n<p><strong>Elas visam a contribuir para que os telespectadores, ao assistirem \u00e0 pluralidade de pontos de vistas exibida por diversas personalidades, sem restri\u00e7\u00f5es ao seu status socioecon\u00f4mico, possam formar a pr\u00f3pria opini\u00e3o ao contar com refer\u00eancias para compreender e interpretar os acontecimentos do munic\u00edpio e regi\u00e3o.<\/strong><\/p>\n\n\n\n<p><strong>\u201cGRANDES ENTREVISTAS\u201d n\u00e3o devem ser interpretadas como se fossem algo medido ou avaliado pela perspectiva de dimens\u00e3o, e sim proporcionar informa\u00e7\u00f5es de qualidade, confi\u00e1veis e transparentes. Afinal, as imagens e as palavras dizem por si mesmas para quem est\u00e1 diante da tela da televis\u00e3o ou das telinhas dos celulares.<\/strong><\/p>\n\n\n\n<p><strong>Neste momento o material coletado est\u00e1 em processo de edi\u00e7\u00e3o, mas nas pr\u00f3ximas horas subir\u00e1 para o Facebook,&nbsp; Instagram, TikTok e Youtube e estar\u00e1 dispon\u00edvel para aprecia\u00e7\u00f5es e coment\u00e1rios.<\/strong><\/p>\n\n\n\n<p><strong>O entrevistado proferiu a frase que d\u00e1 t\u00edtulo a essa not\u00edcia no finalzinho do bate-papo, num momento de forte emo\u00e7\u00e3o conterr\u00e2nea, como uma met\u00e1fora conclusiva de todos os argumentos apresentados anteriormente.<\/strong><\/p>\n\n\n\n<p><strong>Em suma, sintetiza uma not\u00e1vel vontade de ver Ibi\u00fana libertada de um intricado cipoal que a vem retendo ante o portal para o advento de uma nova era de efetivas melhorias e progresso, que o povo quer e merece.<\/strong><\/p>\n\n\n\n<p><strong>Houve momentos de cr\u00edticas a certas situa\u00e7\u00f5es, prementes na \u00e1rea da sa\u00fade p\u00fablica, mas tamb\u00e9m de esperan\u00e7a de que o novo governante municipal consiga acertar nas medidas que vem anunciando reiteradamente e declarou durante a campanha eleitoral que lhe concedeu a expressiva vit\u00f3ria com 21.661 votos.<\/strong><\/p>\n\n\n\n<p><strong>Esse resultado abriu uma enorme bolha de esperan\u00e7a em seu governo, o que exige poder de um tit\u00e3 para mant\u00ea-la intacta. Seria como tentar conter uma nuvem em voga no c\u00e9u, ao sabor dos ventos da realidade em constante movimento.<\/strong><\/p>\n\n\n\n<p><strong>Foi declarado na entrevista, com objetivo de apoiar o seu governo incipiente, que ele n\u00e3o se deixe dominar pela ilus\u00e3o de empoderamento baixada \u201cpelos deuses do Olimpo\u201d, que encanta os eleitos em seu noviciado. E, sobretudo, que abra a porta para ouvir a popula\u00e7\u00e3o, com a humildade que faz parte da imperativa necessidade de saber escutar sem parti pris, ou preven\u00e7\u00e3o. (<em>Carlos Rossini \u00e9 diretor TVUNA e editor de vitrine online)<\/em><\/strong><\/p>\n","protected":false},"excerpt":{"rendered":"<p>Essa frase foi dita pelo ex-prefeito (duas vezes) e vereador (duas vezes), o advogado Jonas Campos, na primeira entrevista em<\/p>\n","protected":false},"author":1,"featured_media":33892,"comment_status":"open","ping_status":"open","sticky":false,"template":"","format":"standard","meta":[],"categories":[3],"tags":[],"yoast_head":"<!-- This site is optimized with the Yoast SEO plugin v15.8 - https:\/\/yoast.com\/wordpress\/plugins\/seo\/ -->\n<title>\u201cN\u00c3O QUERO MAIS VER NENHUM IBIUNENSE DE CABE\u00c7A BAIXA\u201d - Revista Vitrine Online<\/title>\n<meta name=\"robots\" content=\"index, follow, max-snippet:-1, max-image-preview:large, max-video-preview:-1\" \/>\n<link rel=\"canonical\" href=\"https:\/\/revistavitrineibiuna.com.br\/?p=33891\" \/>\n<meta property=\"og:locale\" content=\"pt_BR\" \/>\n<meta property=\"og:type\" content=\"article\" \/>\n<meta property=\"og:title\" content=\"\u201cN\u00c3O QUERO MAIS VER NENHUM IBIUNENSE DE CABE\u00c7A BAIXA\u201d - Revista Vitrine Online\" \/>\n<meta property=\"og:description\" content=\"Essa frase foi dita pelo ex-prefeito (duas vezes) e vereador (duas vezes), o advogado Jonas Campos, na primeira entrevista em\" \/>\n<meta property=\"og:url\" content=\"https:\/\/revistavitrineibiuna.com.br\/?p=33891\" \/>\n<meta property=\"og:site_name\" content=\"Revista Vitrine Online\" \/>\n<meta property=\"article:published_time\" content=\"2025-08-10T13:35:04+00:00\" \/>\n<meta property=\"article:modified_time\" content=\"2025-08-10T13:35:05+00:00\" \/>\n<meta property=\"og:image\" content=\"https:\/\/revistavitrineibiuna.com.br\/wp-content\/uploads\/2025\/08\/Jonas-Campos-1a-Grandes-Entrevistas-8.8.2025.png\" \/>\n\t<meta property=\"og:image:width\" content=\"767\" \/>\n\t<meta property=\"og:image:height\" content=\"468\" \/>\n<meta name=\"twitter:card\" content=\"summary\" \/>\n<meta name=\"twitter:label1\" content=\"Est. reading time\">\n\t<meta name=\"twitter:data1\" content=\"2 minutos\">\n<script type=\"application\/ld+json\" class=\"yoast-schema-graph\">{\"@context\":\"https:\/\/schema.org\",\"@graph\":[{\"@type\":\"WebSite\",\"@id\":\"https:\/\/revistavitrineibiuna.com.br\/#website\",\"url\":\"https:\/\/revistavitrineibiuna.com.br\/\",\"name\":\"Revista Vitrine Ibi\\u00fana\",\"description\":\"A Revista de Ibi\\u00fana e Regi\\u00e3o\",\"publisher\":{\"@id\":\"https:\/\/revistavitrineibiuna.com.br\/#\/schema\/person\/e51ef49d6d88170ea21ceabff3f73deb\"},\"potentialAction\":[{\"@type\":\"SearchAction\",\"target\":\"https:\/\/revistavitrineibiuna.com.br\/?s={search_term_string}\",\"query-input\":\"required name=search_term_string\"}],\"inLanguage\":\"pt-BR\"},{\"@type\":\"ImageObject\",\"@id\":\"https:\/\/revistavitrineibiuna.com.br\/?p=33891#primaryimage\",\"inLanguage\":\"pt-BR\",\"url\":\"https:\/\/revistavitrineibiuna.com.br\/wp-content\/uploads\/2025\/08\/Jonas-Campos-1a-Grandes-Entrevistas-8.8.2025.png\",\"width\":767,\"height\":468},{\"@type\":\"WebPage\",\"@id\":\"https:\/\/revistavitrineibiuna.com.br\/?p=33891#webpage\",\"url\":\"https:\/\/revistavitrineibiuna.com.br\/?p=33891\",\"name\":\"\\u201cN\\u00c3O QUERO MAIS VER NENHUM IBIUNENSE DE CABE\\u00c7A BAIXA\\u201d - Revista Vitrine Online\",\"isPartOf\":{\"@id\":\"https:\/\/revistavitrineibiuna.com.br\/#website\"},\"primaryImageOfPage\":{\"@id\":\"https:\/\/revistavitrineibiuna.com.br\/?p=33891#primaryimage\"},\"datePublished\":\"2025-08-10T13:35:04+00:00\",\"dateModified\":\"2025-08-10T13:35:05+00:00\",\"breadcrumb\":{\"@id\":\"https:\/\/revistavitrineibiuna.com.br\/?p=33891#breadcrumb\"},\"inLanguage\":\"pt-BR\",\"potentialAction\":[{\"@type\":\"ReadAction\",\"target\":[\"https:\/\/revistavitrineibiuna.com.br\/?p=33891\"]}]},{\"@type\":\"BreadcrumbList\",\"@id\":\"https:\/\/revistavitrineibiuna.com.br\/?p=33891#breadcrumb\",\"itemListElement\":[{\"@type\":\"ListItem\",\"position\":1,\"item\":{\"@type\":\"WebPage\",\"@id\":\"https:\/\/revistavitrineibiuna.com.br\/\",\"url\":\"https:\/\/revistavitrineibiuna.com.br\/\",\"name\":\"In\\u00edcio\"}},{\"@type\":\"ListItem\",\"position\":2,\"item\":{\"@type\":\"WebPage\",\"@id\":\"https:\/\/revistavitrineibiuna.com.br\/?p=33891\",\"url\":\"https:\/\/revistavitrineibiuna.com.br\/?p=33891\",\"name\":\"\\u201cN\\u00c3O QUERO MAIS VER NENHUM IBIUNENSE DE CABE\\u00c7A BAIXA\\u201d\"}}]},{\"@type\":\"Article\",\"@id\":\"https:\/\/revistavitrineibiuna.com.br\/?p=33891#article\",\"isPartOf\":{\"@id\":\"https:\/\/revistavitrineibiuna.com.br\/?p=33891#webpage\"},\"author\":{\"@id\":\"https:\/\/revistavitrineibiuna.com.br\/#\/schema\/person\/e51ef49d6d88170ea21ceabff3f73deb\"},\"headline\":\"\\u201cN\\u00c3O QUERO MAIS VER NENHUM IBIUNENSE DE CABE\\u00c7A BAIXA\\u201d\",\"datePublished\":\"2025-08-10T13:35:04+00:00\",\"dateModified\":\"2025-08-10T13:35:05+00:00\",\"mainEntityOfPage\":{\"@id\":\"https:\/\/revistavitrineibiuna.com.br\/?p=33891#webpage\"},\"commentCount\":0,\"publisher\":{\"@id\":\"https:\/\/revistavitrineibiuna.com.br\/#\/schema\/person\/e51ef49d6d88170ea21ceabff3f73deb\"},\"image\":{\"@id\":\"https:\/\/revistavitrineibiuna.com.br\/?p=33891#primaryimage\"},\"articleSection\":\"Not\\u00edcias\",\"inLanguage\":\"pt-BR\",\"potentialAction\":[{\"@type\":\"CommentAction\",\"name\":\"Comment\",\"target\":[\"https:\/\/revistavitrineibiuna.com.br\/?p=33891#respond\"]}]},{\"@type\":[\"Person\",\"Organization\"],\"@id\":\"https:\/\/revistavitrineibiuna.com.br\/#\/schema\/person\/e51ef49d6d88170ea21ceabff3f73deb\",\"name\":\"Carlos Rossini\",\"image\":{\"@type\":\"ImageObject\",\"@id\":\"https:\/\/revistavitrineibiuna.com.br\/#personlogo\",\"inLanguage\":\"pt-BR\",\"url\":\"https:\/\/secure.gravatar.com\/avatar\/4f2d0f99fac1f85c7d643f21f5c8d900?s=96&d=mm&r=g\",\"caption\":\"Carlos Rossini\"},\"logo\":{\"@id\":\"https:\/\/revistavitrineibiuna.com.br\/#personlogo\"},\"description\":\"Carlos Rossini \\u00e9 jornalista, soci\\u00f3logo, escritor e professor universit\\u00e1rio, tendo sido professor de jornalismo por vinte anos. Trabalhou em ve\\u00edculos de comunica\\u00e7\\u00e3o nas fun\\u00e7\\u00f5es de rep\\u00f3rter, redator, editor, articulista e colaborador, como Folha de S. Paulo, O Estado de S. Paulo, Di\\u00e1rio Popular, entre outros. Ao transferir a revista vitrine, vers\\u00e3o imprensa, de S\\u00e3o Paulo para Ibi\\u00fana h\\u00e1 alguns anos, iniciou uma nova experi\\u00eancia profissional, dedicando-se ao jornalismo regional, depois de cumprir uma trajet\\u00f3ria bem-sucedida na grande imprensa brasileira. Seu primeiro livro A Coragem de Comunicar foi lan\\u00e7ado na Bienal do Livro em S\\u00e3o Paulo no ano 2000, pela editora Madras.\"}]}<\/script>\n<!-- \/ Yoast SEO plugin. -->","_links":{"self":[{"href":"https:\/\/revistavitrineibiuna.com.br\/index.php?rest_route=\/wp\/v2\/posts\/33891"}],"collection":[{"href":"https:\/\/revistavitrineibiuna.com.br\/index.php?rest_route=\/wp\/v2\/posts"}],"about":[{"href":"https:\/\/revistavitrineibiuna.com.br\/index.php?rest_route=\/wp\/v2\/types\/post"}],"author":[{"embeddable":true,"href":"https:\/\/revistavitrineibiuna.com.br\/index.php?rest_route=\/wp\/v2\/users\/1"}],"replies":[{"embeddable":true,"href":"https:\/\/revistavitrineibiuna.com.br\/index.php?rest_route=%2Fwp%2Fv2%2Fcomments&post=33891"}],"version-history":[{"count":1,"href":"https:\/\/revistavitrineibiuna.com.br\/index.php?rest_route=\/wp\/v2\/posts\/33891\/revisions"}],"predecessor-version":[{"id":33893,"href":"https:\/\/revistavitrineibiuna.com.br\/index.php?rest_route=\/wp\/v2\/posts\/33891\/revisions\/33893"}],"wp:featuredmedia":[{"embeddable":true,"href":"https:\/\/revistavitrineibiuna.com.br\/index.php?rest_route=\/wp\/v2\/media\/33892"}],"wp:attachment":[{"href":"https:\/\/revistavitrineibiuna.com.br\/index.php?rest_route=%2Fwp%2Fv2%2Fmedia&parent=33891"}],"wp:term":[{"taxonomy":"category","embeddable":true,"href":"https:\/\/revistavitrineibiuna.com.br\/index.php?rest_route=%2Fwp%2Fv2%2Fcategories&post=33891"},{"taxonomy":"post_tag","embeddable":true,"href":"https:\/\/revistavitrineibiuna.com.br\/index.php?rest_route=%2Fwp%2Fv2%2Ftags&post=33891"}],"curies":[{"name":"wp","href":"https:\/\/api.w.org\/{rel}","templated":true}]}}