{"id":33895,"date":"2025-08-12T18:37:49","date_gmt":"2025-08-12T21:37:49","guid":{"rendered":"http:\/\/revistavitrineibiuna.com.br\/?p=33895"},"modified":"2025-08-13T03:28:18","modified_gmt":"2025-08-13T06:28:18","slug":"em-ibiuna-familias-do-jurupara-fazem-manifesto-nesta-quarta-por-justica","status":"publish","type":"post","link":"https:\/\/revistavitrineibiuna.com.br\/?p=33895","title":{"rendered":"EM IBI\u00daNA &#8211; FAM\u00cdLIAS DO JURUPAR\u00c1 FAZEM MANIFESTO NESTA QUARTA POR JUSTI\u00c7A"},"content":{"rendered":"\n<p class=\"has-drop-cap\">Liderados pela AJA Sustent\u00e1vel, entidade que representa cerca de 300 fam\u00edlias atingidas pelas a\u00e7\u00f5es do governo estadual na \u00e1rea do Parque Estadual do Jurupar\u00e1, fazem manifesto p\u00fablico e pac\u00edfico na cidade de Ibi\u00fana, nesta quarta-feira (13) a partir das 10h.<\/p>\n\n\n\n<p>O movimento ir\u00e1 \u00e0 Delegacia de Pol\u00edcia, \u00e0 sede da Prefeitura e ao F\u00f3rum da Comarca.<\/p>\n\n\n\n<p>No comunicado enviado a vitrine online, os organizadores resumem o motivo desse ato: \u201cDar voz a essas fam\u00edlias, denunciar as injusti\u00e7as e exigir que o Estado, e o Judici\u00e1rio respeitem o direito \u00e0 moradia, \u00e0 posse leg\u00edtima e \u00e0 vida dessas comunidades\u201d. Eis os of\u00edcios que entregar\u00e3o aos respectivos destinat\u00e1rios:<\/p>\n\n\n\n<p>&nbsp;&nbsp;&nbsp;&nbsp;&nbsp;&nbsp;&nbsp;&nbsp; \u2022&nbsp;&nbsp;&nbsp;&nbsp;&nbsp;&nbsp; Delegacia de Pol\u00edcia \u2013 Solicita\u00e7\u00e3o formal de abertura de inqu\u00e9rito&nbsp; CRIMINAL para apurar as den\u00fancias sobre os laudos ambientais fraudulentos de acusa\u00e7\u00e3o (o pedido de abertura de inqu\u00e9rito j\u00e1 foi apresentado \u00e0 delegacia local h\u00e1 cerca de tr\u00eas meses);<\/p>\n\n\n\n<p>&nbsp;&nbsp;&nbsp;&nbsp;&nbsp;&nbsp;&nbsp;&nbsp; \u2022&nbsp;&nbsp;&nbsp;&nbsp;&nbsp;&nbsp; F\u00f3rum da Comarca \u2013 Apresenta\u00e7\u00e3o dos fatos novos, incluindo a confiss\u00e3o do ITESP da aus\u00eancia dos estudos essenciais e obrigat\u00f3rios para a base da acusa\u00e7\u00e3o;<\/p>\n\n\n\n<p>&nbsp;&nbsp;&nbsp;&nbsp;&nbsp;&nbsp;&nbsp;&nbsp; \u2022&nbsp;&nbsp;&nbsp;&nbsp;&nbsp;&nbsp; Prefeitura Municipal \u2013 Pedido de apoio pol\u00edtico para garantir a defesa dos direitos humanos e constitucionais a preserva\u00e7\u00e3o da dignidade das comunidades tradicionais, moradores e sitiantes.<\/p>\n\n\n\n<p>O movimento tamb\u00e9m ir\u00e1 protocolar os documentos na OAB-Ibi\u00fana.<\/p>\n\n\n\n<p>POSS\u00cdVEL ILEGALIDADE<\/p>\n\n\n\n<p>A AJA Sustent\u00e1vel, em defesa do direito das fam\u00edlias, informa que \u00a0\u201co Itesp \u2013 Funda\u00e7\u00e3o Instituto de Terras do Estado de S\u00e3o Paulo admitiu documentalmente que nunca foram realizados os estudos fundi\u00e1rios e antropol\u00f3gicos obrigat\u00f3rios pela Lei SNUC [Sistema Nacional de Unidades de Conserva\u00e7\u00e3o da Natureza] para legitimar qualquer a\u00e7\u00e3o judicial sobre a \u00e1rea do Parque Estadual do Jurupar\u00e1 &#8211; Ibi\u00fana e Piedade\u201d. E acrescenta:<\/p>\n\n\n\n<p>\u201cN\u00e3o bastasse isso, o engenheiro respons\u00e1vel pelo laudo ambiental, possivelmente nunca tenha comparecido \u00e0s propriedades conforme declara\u00e7\u00f5es dos moradores e guardas-parques registrado em ata notarial gerando poss\u00edveis laudos fraudulentos que embasaram 300 a\u00e7\u00f5es judiciais injustas, colocando em risco as vidas e propriedades dessas fam\u00edlias.\u201d<\/p>\n\n\n\n<figure class=\"wp-block-image size-large\"><img loading=\"lazy\" width=\"717\" height=\"1013\" src=\"https:\/\/revistavitrineibiuna.com.br\/wp-content\/uploads\/2025\/08\/casa-do-humerto-no-chao.png\" alt=\"\" class=\"wp-image-33897\" srcset=\"https:\/\/revistavitrineibiuna.com.br\/wp-content\/uploads\/2025\/08\/casa-do-humerto-no-chao.png 717w, https:\/\/revistavitrineibiuna.com.br\/wp-content\/uploads\/2025\/08\/casa-do-humerto-no-chao-212x300.png 212w\" sizes=\"(max-width: 717px) 100vw, 717px\" \/><figcaption>Humberto disse que todos os m\u00f3veis interiores  e objetos ficaram cobertos pelo entulho<\/figcaption><\/figure>\n\n\n\n<p>\u201cGRAVES IRREGULARIDADES\u201d<\/p>\n\n\n\n<p>A nota informa ainda que \u201co encaminhamento pela Funda\u00e7\u00e3o Florestal, por meio da Secretaria de Meio Ambiente do Estado de S\u00e3o Paulo, para a PGE [Procuradoria Geral do Estado], sem estudos obrigat\u00f3rios, com essas graves irregularidades, configuram um grave desrespeito aos direitos humanos, e a constitui\u00e7\u00e3o brasileira, com a cria\u00e7\u00e3o do parque, ocorrendo sem desapropria\u00e7\u00e3o, nem indeniza\u00e7\u00e3o, numa verdadeira persegui\u00e7\u00e3o estatal e judicial, sem base legal mas travestida de legalidade.\u201d<\/p>\n\n\n\n<p>DOR E PEDIDO DE SOCORRO<\/p>\n\n\n\n<figure class=\"wp-block-image size-large\"><img loading=\"lazy\" width=\"550\" height=\"378\" src=\"https:\/\/revistavitrineibiuna.com.br\/wp-content\/uploads\/2025\/08\/sr-Humberto-1-1.png\" alt=\"\" class=\"wp-image-33896\" srcset=\"https:\/\/revistavitrineibiuna.com.br\/wp-content\/uploads\/2025\/08\/sr-Humberto-1-1.png 550w, https:\/\/revistavitrineibiuna.com.br\/wp-content\/uploads\/2025\/08\/sr-Humberto-1-1-300x206.png 300w, https:\/\/revistavitrineibiuna.com.br\/wp-content\/uploads\/2025\/08\/sr-Humberto-1-1-130x90.png 130w\" sizes=\"(max-width: 550px) 100vw, 550px\" \/><figcaption>Depois da hemodi\u00e1lise, Humberto n\u00e3o conseguiu ficar de p\u00e9, ao ver sua casa vir abaixo<\/figcaption><\/figure>\n\n\n\n<p>Conforme vitrine online publicou, na manh\u00e3 da \u00faltima quinta-feira (7) Humberto Ant\u00f4nio Gonzalez, 70, chegava a sua casa no Parque Estadual do Jurupar\u00e1, em Ibi\u00fana, depois de passar por uma hemodi\u00e1lise em S\u00e3o Paulo.<\/p>\n\n\n\n<p>Quando chegou ao port\u00e3o foi surpreendido. Um trator estava demolindo sua \u00fanica casa onde residia h\u00e1 mais de trinta anos.<\/p>\n\n\n\n<p>Ante as ordens proferidas  do oficial de justi\u00e7a, a presen\u00e7a de guardas municipais e de uma representante do Conselho Tutelar, pois havia uma&nbsp; crian\u00e7a, filha do caseiro, que cuidava morava e no local, Gonzalez sentiu a maior dor de sua vida.<\/p>\n\n\n\n<p>Imediatamente pediu socorro aos seus vizinhos e integrantes da AJA Sustent\u00e1vel, associa\u00e7\u00e3o que representa os moradores e propriet\u00e1rios naquela vasta \u00e1rea. Dois \u00e1udios com seu dram\u00e1tico depoimento de um homem fragilizado, encaminhados a vitrine online, s\u00e3o de cortar o cora\u00e7\u00e3o, pois trata-se de um idoso com grave doen\u00e7a renal sentindo-se desolado.<\/p>\n\n\n\n<p>Ele \u00e9 um dos moradores propriet\u00e1rios de terras no Parque Estadual do Jurupar\u00e1. Como ele, v\u00e1rios outras fam\u00edlias foram expulsas do parque com 26 mil hectares de extens\u00e3o e tiveram suas casas demolidas.<\/p>\n\n\n\n<p>S\u00e3o 300 fam\u00edlias que v\u00eam lutando por justi\u00e7a h\u00e1 mais de 30 anos, sobretudo porque as terras lhes pertencem, s\u00e3o tituladas, escrituradas. Al\u00e9m de nativos cujas fam\u00edlias est\u00e3o ali por mais de 150 anos, houve aqueles que adquiriram terras de forma legal e vinham vivendo em paz cuidando de suas planta\u00e7\u00f5es, cria\u00e7\u00e3o de animais, at\u00e9 que em 1992 um decreto do governador do estado tornou a \u00e1rea do parque numa reserva de prote\u00e7\u00e3o integral.<\/p>\n\n\n\n<p>A dor e o pedido de socorro do sr. Gonzalez se fizeram ouvir e ergueram o \u00e2nimo e o desejo de prosseguir a luta por justi\u00e7a, raz\u00e3o por que resolveram sair \u00e0s ruas de Ibi\u00fana nesta quarta-feira, num movimento pac\u00edfico que precisa chegar ao conhecimento do governador Tarc\u00edsio de Freitas, antes que novos epis\u00f3dios envolvendo outras pessoas que, como Gonzalez, vivem o temor constante de serem v\u00edtimas de uma trucul\u00eancia destrutiva dessa natureza. (C.R.) &nbsp;<\/p>\n\n\n\n<p><em>Nota da Reda\u00e7\u00e3o: na propriedade do sr. Gonzalez havia cria\u00e7\u00e3o de porcos e galinhas. At\u00e9 o momento da finaliza\u00e7\u00e3o desta not\u00edcia n\u00e3o conseguimos informa\u00e7\u00f5es do destino dado a eles. A fam\u00edlia do caseiro que morava na resid\u00eancia, um casal e uma crian\u00e7a, tiveram que procurar outro lugar para n\u00e3o ficar ao relento. A casa era a \u00fanica moradia do idoso.<\/em><\/p>\n","protected":false},"excerpt":{"rendered":"<p>Liderados pela AJA Sustent\u00e1vel, entidade que representa cerca de 300 fam\u00edlias atingidas pelas a\u00e7\u00f5es do governo estadual na \u00e1rea do<\/p>\n","protected":false},"author":1,"featured_media":33906,"comment_status":"open","ping_status":"open","sticky":false,"template":"","format":"standard","meta":[],"categories":[3],"tags":[],"yoast_head":"<!-- This site is optimized with the Yoast SEO plugin v15.8 - https:\/\/yoast.com\/wordpress\/plugins\/seo\/ -->\n<title>EM IBI\u00daNA - FAM\u00cdLIAS DO JURUPAR\u00c1 FAZEM MANIFESTO NESTA QUARTA POR JUSTI\u00c7A - Revista Vitrine Online<\/title>\n<meta name=\"robots\" content=\"index, follow, max-snippet:-1, max-image-preview:large, max-video-preview:-1\" \/>\n<link rel=\"canonical\" href=\"http:\/\/revistavitrineibiuna.com.br\/?p=33895\" \/>\n<meta property=\"og:locale\" content=\"pt_BR\" \/>\n<meta property=\"og:type\" content=\"article\" \/>\n<meta property=\"og:title\" content=\"EM IBI\u00daNA - FAM\u00cdLIAS DO JURUPAR\u00c1 FAZEM MANIFESTO NESTA QUARTA POR JUSTI\u00c7A - Revista Vitrine Online\" \/>\n<meta property=\"og:description\" content=\"Liderados pela AJA Sustent\u00e1vel, entidade que representa cerca de 300 fam\u00edlias atingidas pelas a\u00e7\u00f5es do governo estadual na \u00e1rea do\" \/>\n<meta property=\"og:url\" content=\"http:\/\/revistavitrineibiuna.com.br\/?p=33895\" \/>\n<meta property=\"og:site_name\" content=\"Revista Vitrine Online\" \/>\n<meta property=\"article:published_time\" content=\"2025-08-12T21:37:49+00:00\" \/>\n<meta property=\"article:modified_time\" content=\"2025-08-13T06:28:18+00:00\" \/>\n<meta property=\"og:image\" content=\"https:\/\/revistavitrineibiuna.com.br\/wp-content\/uploads\/2025\/08\/senhor-Humberto-Escombros.png\" \/>\n\t<meta property=\"og:image:width\" content=\"963\" \/>\n\t<meta property=\"og:image:height\" content=\"682\" \/>\n<meta name=\"twitter:card\" content=\"summary\" \/>\n<meta name=\"twitter:label1\" content=\"Est. reading time\">\n\t<meta name=\"twitter:data1\" content=\"4 minutos\">\n<script type=\"application\/ld+json\" class=\"yoast-schema-graph\">{\"@context\":\"https:\/\/schema.org\",\"@graph\":[{\"@type\":\"WebSite\",\"@id\":\"https:\/\/revistavitrineibiuna.com.br\/#website\",\"url\":\"https:\/\/revistavitrineibiuna.com.br\/\",\"name\":\"Revista Vitrine Ibi\\u00fana\",\"description\":\"A Revista de Ibi\\u00fana e Regi\\u00e3o\",\"publisher\":{\"@id\":\"https:\/\/revistavitrineibiuna.com.br\/#\/schema\/person\/e51ef49d6d88170ea21ceabff3f73deb\"},\"potentialAction\":[{\"@type\":\"SearchAction\",\"target\":\"https:\/\/revistavitrineibiuna.com.br\/?s={search_term_string}\",\"query-input\":\"required name=search_term_string\"}],\"inLanguage\":\"pt-BR\"},{\"@type\":\"ImageObject\",\"@id\":\"http:\/\/revistavitrineibiuna.com.br\/?p=33895#primaryimage\",\"inLanguage\":\"pt-BR\",\"url\":\"https:\/\/revistavitrineibiuna.com.br\/wp-content\/uploads\/2025\/08\/senhor-Humberto-Escombros.png\",\"width\":963,\"height\":682},{\"@type\":\"WebPage\",\"@id\":\"http:\/\/revistavitrineibiuna.com.br\/?p=33895#webpage\",\"url\":\"http:\/\/revistavitrineibiuna.com.br\/?p=33895\",\"name\":\"EM IBI\\u00daNA - FAM\\u00cdLIAS DO JURUPAR\\u00c1 FAZEM MANIFESTO NESTA QUARTA POR JUSTI\\u00c7A - Revista Vitrine Online\",\"isPartOf\":{\"@id\":\"https:\/\/revistavitrineibiuna.com.br\/#website\"},\"primaryImageOfPage\":{\"@id\":\"http:\/\/revistavitrineibiuna.com.br\/?p=33895#primaryimage\"},\"datePublished\":\"2025-08-12T21:37:49+00:00\",\"dateModified\":\"2025-08-13T06:28:18+00:00\",\"breadcrumb\":{\"@id\":\"http:\/\/revistavitrineibiuna.com.br\/?p=33895#breadcrumb\"},\"inLanguage\":\"pt-BR\",\"potentialAction\":[{\"@type\":\"ReadAction\",\"target\":[\"http:\/\/revistavitrineibiuna.com.br\/?p=33895\"]}]},{\"@type\":\"BreadcrumbList\",\"@id\":\"http:\/\/revistavitrineibiuna.com.br\/?p=33895#breadcrumb\",\"itemListElement\":[{\"@type\":\"ListItem\",\"position\":1,\"item\":{\"@type\":\"WebPage\",\"@id\":\"https:\/\/revistavitrineibiuna.com.br\/\",\"url\":\"https:\/\/revistavitrineibiuna.com.br\/\",\"name\":\"In\\u00edcio\"}},{\"@type\":\"ListItem\",\"position\":2,\"item\":{\"@type\":\"WebPage\",\"@id\":\"http:\/\/revistavitrineibiuna.com.br\/?p=33895\",\"url\":\"http:\/\/revistavitrineibiuna.com.br\/?p=33895\",\"name\":\"EM IBI\\u00daNA &#8211; FAM\\u00cdLIAS DO JURUPAR\\u00c1 FAZEM MANIFESTO NESTA QUARTA POR JUSTI\\u00c7A\"}}]},{\"@type\":\"Article\",\"@id\":\"http:\/\/revistavitrineibiuna.com.br\/?p=33895#article\",\"isPartOf\":{\"@id\":\"http:\/\/revistavitrineibiuna.com.br\/?p=33895#webpage\"},\"author\":{\"@id\":\"https:\/\/revistavitrineibiuna.com.br\/#\/schema\/person\/e51ef49d6d88170ea21ceabff3f73deb\"},\"headline\":\"EM IBI\\u00daNA &#8211; FAM\\u00cdLIAS DO JURUPAR\\u00c1 FAZEM MANIFESTO NESTA QUARTA POR JUSTI\\u00c7A\",\"datePublished\":\"2025-08-12T21:37:49+00:00\",\"dateModified\":\"2025-08-13T06:28:18+00:00\",\"mainEntityOfPage\":{\"@id\":\"http:\/\/revistavitrineibiuna.com.br\/?p=33895#webpage\"},\"commentCount\":0,\"publisher\":{\"@id\":\"https:\/\/revistavitrineibiuna.com.br\/#\/schema\/person\/e51ef49d6d88170ea21ceabff3f73deb\"},\"image\":{\"@id\":\"http:\/\/revistavitrineibiuna.com.br\/?p=33895#primaryimage\"},\"articleSection\":\"Not\\u00edcias\",\"inLanguage\":\"pt-BR\",\"potentialAction\":[{\"@type\":\"CommentAction\",\"name\":\"Comment\",\"target\":[\"http:\/\/revistavitrineibiuna.com.br\/?p=33895#respond\"]}]},{\"@type\":[\"Person\",\"Organization\"],\"@id\":\"https:\/\/revistavitrineibiuna.com.br\/#\/schema\/person\/e51ef49d6d88170ea21ceabff3f73deb\",\"name\":\"Carlos Rossini\",\"image\":{\"@type\":\"ImageObject\",\"@id\":\"https:\/\/revistavitrineibiuna.com.br\/#personlogo\",\"inLanguage\":\"pt-BR\",\"url\":\"https:\/\/secure.gravatar.com\/avatar\/4f2d0f99fac1f85c7d643f21f5c8d900?s=96&d=mm&r=g\",\"caption\":\"Carlos Rossini\"},\"logo\":{\"@id\":\"https:\/\/revistavitrineibiuna.com.br\/#personlogo\"},\"description\":\"Carlos Rossini \\u00e9 jornalista, soci\\u00f3logo, escritor e professor universit\\u00e1rio, tendo sido professor de jornalismo por vinte anos. Trabalhou em ve\\u00edculos de comunica\\u00e7\\u00e3o nas fun\\u00e7\\u00f5es de rep\\u00f3rter, redator, editor, articulista e colaborador, como Folha de S. Paulo, O Estado de S. Paulo, Di\\u00e1rio Popular, entre outros. Ao transferir a revista vitrine, vers\\u00e3o imprensa, de S\\u00e3o Paulo para Ibi\\u00fana h\\u00e1 alguns anos, iniciou uma nova experi\\u00eancia profissional, dedicando-se ao jornalismo regional, depois de cumprir uma trajet\\u00f3ria bem-sucedida na grande imprensa brasileira. Seu primeiro livro A Coragem de Comunicar foi lan\\u00e7ado na Bienal do Livro em S\\u00e3o Paulo no ano 2000, pela editora Madras.\"}]}<\/script>\n<!-- \/ Yoast SEO plugin. -->","_links":{"self":[{"href":"https:\/\/revistavitrineibiuna.com.br\/index.php?rest_route=\/wp\/v2\/posts\/33895"}],"collection":[{"href":"https:\/\/revistavitrineibiuna.com.br\/index.php?rest_route=\/wp\/v2\/posts"}],"about":[{"href":"https:\/\/revistavitrineibiuna.com.br\/index.php?rest_route=\/wp\/v2\/types\/post"}],"author":[{"embeddable":true,"href":"https:\/\/revistavitrineibiuna.com.br\/index.php?rest_route=\/wp\/v2\/users\/1"}],"replies":[{"embeddable":true,"href":"https:\/\/revistavitrineibiuna.com.br\/index.php?rest_route=%2Fwp%2Fv2%2Fcomments&post=33895"}],"version-history":[{"count":9,"href":"https:\/\/revistavitrineibiuna.com.br\/index.php?rest_route=\/wp\/v2\/posts\/33895\/revisions"}],"predecessor-version":[{"id":33912,"href":"https:\/\/revistavitrineibiuna.com.br\/index.php?rest_route=\/wp\/v2\/posts\/33895\/revisions\/33912"}],"wp:featuredmedia":[{"embeddable":true,"href":"https:\/\/revistavitrineibiuna.com.br\/index.php?rest_route=\/wp\/v2\/media\/33906"}],"wp:attachment":[{"href":"https:\/\/revistavitrineibiuna.com.br\/index.php?rest_route=%2Fwp%2Fv2%2Fmedia&parent=33895"}],"wp:term":[{"taxonomy":"category","embeddable":true,"href":"https:\/\/revistavitrineibiuna.com.br\/index.php?rest_route=%2Fwp%2Fv2%2Fcategories&post=33895"},{"taxonomy":"post_tag","embeddable":true,"href":"https:\/\/revistavitrineibiuna.com.br\/index.php?rest_route=%2Fwp%2Fv2%2Ftags&post=33895"}],"curies":[{"name":"wp","href":"https:\/\/api.w.org\/{rel}","templated":true}]}}