{"id":33913,"date":"2025-08-13T21:39:37","date_gmt":"2025-08-14T00:39:37","guid":{"rendered":"http:\/\/revistavitrineibiuna.com.br\/?p=33913"},"modified":"2025-08-13T22:51:20","modified_gmt":"2025-08-14T01:51:20","slug":"fatos-novos-reacendem-a-esperanca-das-familias-do-jurupara","status":"publish","type":"post","link":"https:\/\/revistavitrineibiuna.com.br\/?p=33913","title":{"rendered":"FATOS NOVOS REACENDEM A ESPERAN\u00c7A DAS FAM\u00cdLIAS DO JURUPAR\u00c1"},"content":{"rendered":"\n<p class=\"has-drop-cap\"><strong>O manifesto feito hoje (13) em Ibi\u00fana por fam\u00edlias expropriadas de suas terras depois da cria\u00e7\u00e3o Parque Estadual do Jurupar\u00e1 ganhou um consider\u00e1vel progresso, depois de trinta e dois anos de luta contra as a\u00e7\u00f5es determinantes do governo estadual.<\/strong><\/p>\n\n\n\n<p><strong>Elas foram recebidas em comitiva pelo delegado titular da cidade, pelo prefeito e pelo juiz da Comarca de Ibi\u00fana, ao qual entregaram um of\u00edcio e do qual receberam orienta\u00e7\u00f5es de conduta.<\/strong><\/p>\n\n\n\n<p><strong>Dois fatos novos e de alta relev\u00e2ncia reacendem a esperan\u00e7a das fam\u00edlias [atualmente cerca de 300], pois revelam poss\u00edveis graves irregularidades que podem mudar o rumo de uma hist\u00f3ria de grandes perdas, dor e sofrimento.<\/strong><\/p>\n\n\n\n<p><strong>Muitos j\u00e1 foram expulsos [alguns j\u00e1 morreram] por meio de reintegra\u00e7\u00f5es de posse e tiveram suas resid\u00eancias demolidas, como foi o caso de Humberto Ant\u00f4nio Gonzalez, 70, portador de doen\u00e7a renal grave.<\/strong><\/p>\n\n\n\n<p><strong>No dia 7 \u00faltimo, quando voltava de uma sess\u00e3o de hemodi\u00e1lise em S\u00e3o Paulo, viveu cru\u00e9is momentos&nbsp; de desola\u00e7\u00e3o ao ver sua \u00fanica casa ser destru\u00edda por um trator.<\/strong><\/p>\n\n\n\n<p><strong>Seu caso, em que pediu socorro \u00e0 AJA Sustent\u00e1vel, entidade que representa as citadas fam\u00edlias, foi o motor do movimento de hoje.<\/strong><\/p>\n\n\n\n<figure class=\"wp-block-image size-large\"><img loading=\"lazy\" width=\"698\" height=\"1024\" src=\"https:\/\/revistavitrineibiuna.com.br\/wp-content\/uploads\/2025\/08\/manifesto-3-698x1024.png\" alt=\"\" class=\"wp-image-33917\" srcset=\"https:\/\/revistavitrineibiuna.com.br\/wp-content\/uploads\/2025\/08\/manifesto-3-698x1024.png 698w, https:\/\/revistavitrineibiuna.com.br\/wp-content\/uploads\/2025\/08\/manifesto-3-205x300.png 205w, https:\/\/revistavitrineibiuna.com.br\/wp-content\/uploads\/2025\/08\/manifesto-3-768x1126.png 768w, https:\/\/revistavitrineibiuna.com.br\/wp-content\/uploads\/2025\/08\/manifesto-3-1047x1536.png 1047w, https:\/\/revistavitrineibiuna.com.br\/wp-content\/uploads\/2025\/08\/manifesto-3.png 1091w\" sizes=\"(max-width: 698px) 100vw, 698px\" \/><figcaption>Descendo a Rua Pinduca Soares, a caminho do F\u00f3rum<\/figcaption><\/figure>\n\n\n\n<p><strong>MOTIVOS DA ESPERAN\u00c7A RENOVADA<\/strong><\/p>\n\n\n\n<p><strong>Dois fatos decisivos s\u00e3o os principais ingredientes que podem provocar uma virada e mudar o destino dos acontecimentos, por exemplo, a suspens\u00e3o de todos os processos de reintegra\u00e7\u00e3o de posse.  Um deles e a aus\u00eancia de um estudo fundi\u00e1rio feito pelo Itesp \u2013 Funda\u00e7\u00e3o Instituto de Terras do Estado de S\u00e3o Paulo, obrigat\u00f3rio para legitimar as decis\u00f5es judiciais tomadas at\u00e9 agora.<\/strong><\/p>\n\n\n\n<p><strong>A AJA Sustent\u00e1vel informa que a Itesp \u201cconfessou\u201d a inexist\u00eancia do referido estudo o que apontaria a gravidade legal da situa\u00e7\u00e3o.<\/strong><\/p>\n\n\n\n<p><strong>Por outro lado, o segundo fato \u00e9 igualmente decisivo. A entidade pediu abertura de inqu\u00e9rito \u00e0 delegacia a fim de apurar den\u00fancias sobre laudos ambientais \u201cfraudulentos\u201d que \u201cdeveriam\u201d ser realizados por um engenheiro ambiental pela firma contratada para cumprir esse servi\u00e7o.<\/strong><\/p>\n\n\n\n<p><strong>A AJA Sustent\u00e1vel afirma ter testemunhas de que o engenheiro jamais foi visto tanto no lado norte quanto no sul do parque.<\/strong><\/p>\n\n\n\n<p><strong>O presidente da entidade, Marcos Adelino, assim como a associada Sakura Ishibushi Nanni, que participou de todo o movimento hoje, acreditam que esses fatos realmente deram um novo alento a pessoas que, mesmo cansadas de tanta \u201chumilha\u00e7\u00e3o e desrespeito\u201d ainda acreditam na Justi\u00e7a.<\/strong><\/p>\n\n\n\n<p><strong>BASE LEGAL<\/strong><\/p>\n\n\n\n<p><strong>Nanni foi direto ao ponto: como qualificar as pessoas de \u201cinvasoras\u201d e expropri\u00e1-las, se elas t\u00eam legitima\u00e7\u00e3o de posse, t\u00eam matr\u00edculas, escrituras, usucapi\u00e3o\u201d.<\/strong><\/p>\n\n\n\n<p><strong>RECEPTIVIDADE POSITIVA<\/strong><\/p>\n\n\n\n<p><strong>O delegado Sandro T\u00e1vora, segundo relato, teria se emocionado ao saber do sofrimento daquelas fam\u00edlias. Ele est\u00e1 examinando o pedido de inqu\u00e9rito e, ap\u00f3s reunir informa\u00e7\u00f5es consistentes, ir\u00e1 determinar sua abertura, o que faria imediatamente, pelo que j\u00e1 verificou ouvindo testemunhas, se recebesse indica\u00e7\u00e3o nesse sentido do Minist\u00e9rio P\u00fablico.<\/strong><\/p>\n\n\n\n<p><strong>O prefeito M\u00e1rio Pires acolheu os manifestantes e garantiu que diante dos fatos novos passar\u00e1 a apoiar a causa, acompanhando as reuni\u00f5es da entidade junto a deputados que j\u00e1 se manifestaram favor\u00e1veis e tamb\u00e9m nas reuni\u00f5es com as autoridades judiciais. O prefeito \u00e9 advogado e conhece o caso do Parque Estadual do Jurupar\u00e1.<\/strong><\/p>\n\n\n\n<p><strong>O juiz Wilson Gomes [ele n\u00e3o \u00e9 o juiz titular da causa] recebeu o of\u00edcio e orientou a entidade a agilizar a apresenta\u00e7\u00e3o dos casos individualmente. Ele esteve no parque junto com magistrados do Grupo de Apoio \u00e0s Ordens Judiciais de Reintegra\u00e7\u00e3o de Posse (Gaorp).<\/strong><\/p>\n\n\n\n<p><strong>O magistrado comentou que conflitos fundi\u00e1rios antigos geram grande impacto social.<\/strong><\/p>\n\n\n\n<figure class=\"wp-block-image size-large\"><img loading=\"lazy\" width=\"720\" height=\"405\" src=\"https:\/\/revistavitrineibiuna.com.br\/wp-content\/uploads\/2025\/08\/manifesto-1.png\" alt=\"\" class=\"wp-image-33920\" srcset=\"https:\/\/revistavitrineibiuna.com.br\/wp-content\/uploads\/2025\/08\/manifesto-1.png 720w, https:\/\/revistavitrineibiuna.com.br\/wp-content\/uploads\/2025\/08\/manifesto-1-300x169.png 300w\" sizes=\"(max-width: 720px) 100vw, 720px\" \/><figcaption>Nas proximidade da Delegacia de Pol\u00edcia, na Avenida S\u00e3o Sebasti\u00e3o<\/figcaption><\/figure>\n\n\n\n<p><strong>VEREADORES<\/strong><\/p>\n\n\n\n<p><strong>De acordo com informa\u00e7\u00e3o de uma das organizadores, nenhum vereador foi visto durante a manifesta\u00e7\u00e3o.<\/strong><\/p>\n","protected":false},"excerpt":{"rendered":"<p>O manifesto feito hoje (13) em Ibi\u00fana por fam\u00edlias expropriadas de suas terras depois da cria\u00e7\u00e3o Parque Estadual do Jurupar\u00e1<\/p>\n","protected":false},"author":1,"featured_media":33914,"comment_status":"open","ping_status":"open","sticky":false,"template":"","format":"standard","meta":[],"categories":[3],"tags":[],"yoast_head":"<!-- This site is optimized with the Yoast SEO plugin v15.8 - https:\/\/yoast.com\/wordpress\/plugins\/seo\/ -->\n<title>FATOS NOVOS REACENDEM A ESPERAN\u00c7A DAS FAM\u00cdLIAS DO JURUPAR\u00c1 - Revista Vitrine Online<\/title>\n<meta name=\"robots\" content=\"index, follow, max-snippet:-1, max-image-preview:large, max-video-preview:-1\" \/>\n<link rel=\"canonical\" href=\"http:\/\/revistavitrineibiuna.com.br\/?p=33913\" \/>\n<meta property=\"og:locale\" content=\"pt_BR\" \/>\n<meta property=\"og:type\" content=\"article\" \/>\n<meta property=\"og:title\" content=\"FATOS NOVOS REACENDEM A ESPERAN\u00c7A DAS FAM\u00cdLIAS DO JURUPAR\u00c1 - Revista Vitrine Online\" \/>\n<meta property=\"og:description\" content=\"O manifesto feito hoje (13) em Ibi\u00fana por fam\u00edlias expropriadas de suas terras depois da cria\u00e7\u00e3o Parque Estadual do Jurupar\u00e1\" \/>\n<meta property=\"og:url\" content=\"http:\/\/revistavitrineibiuna.com.br\/?p=33913\" \/>\n<meta property=\"og:site_name\" content=\"Revista Vitrine Online\" \/>\n<meta property=\"article:published_time\" content=\"2025-08-14T00:39:37+00:00\" \/>\n<meta property=\"article:modified_time\" content=\"2025-08-14T01:51:20+00:00\" \/>\n<meta property=\"og:image\" content=\"https:\/\/revistavitrineibiuna.com.br\/wp-content\/uploads\/2025\/08\/manifesto-2.png\" \/>\n\t<meta property=\"og:image:width\" content=\"718\" \/>\n\t<meta property=\"og:image:height\" content=\"435\" \/>\n<meta name=\"twitter:card\" content=\"summary\" \/>\n<meta name=\"twitter:label1\" content=\"Est. reading time\">\n\t<meta name=\"twitter:data1\" content=\"4 minutos\">\n<script type=\"application\/ld+json\" class=\"yoast-schema-graph\">{\"@context\":\"https:\/\/schema.org\",\"@graph\":[{\"@type\":\"WebSite\",\"@id\":\"https:\/\/revistavitrineibiuna.com.br\/#website\",\"url\":\"https:\/\/revistavitrineibiuna.com.br\/\",\"name\":\"Revista Vitrine Ibi\\u00fana\",\"description\":\"A Revista de Ibi\\u00fana e Regi\\u00e3o\",\"publisher\":{\"@id\":\"https:\/\/revistavitrineibiuna.com.br\/#\/schema\/person\/e51ef49d6d88170ea21ceabff3f73deb\"},\"potentialAction\":[{\"@type\":\"SearchAction\",\"target\":\"https:\/\/revistavitrineibiuna.com.br\/?s={search_term_string}\",\"query-input\":\"required name=search_term_string\"}],\"inLanguage\":\"pt-BR\"},{\"@type\":\"ImageObject\",\"@id\":\"http:\/\/revistavitrineibiuna.com.br\/?p=33913#primaryimage\",\"inLanguage\":\"pt-BR\",\"url\":\"https:\/\/revistavitrineibiuna.com.br\/wp-content\/uploads\/2025\/08\/manifesto-2.png\",\"width\":718,\"height\":435},{\"@type\":\"WebPage\",\"@id\":\"http:\/\/revistavitrineibiuna.com.br\/?p=33913#webpage\",\"url\":\"http:\/\/revistavitrineibiuna.com.br\/?p=33913\",\"name\":\"FATOS NOVOS REACENDEM A ESPERAN\\u00c7A DAS FAM\\u00cdLIAS DO JURUPAR\\u00c1 - Revista Vitrine Online\",\"isPartOf\":{\"@id\":\"https:\/\/revistavitrineibiuna.com.br\/#website\"},\"primaryImageOfPage\":{\"@id\":\"http:\/\/revistavitrineibiuna.com.br\/?p=33913#primaryimage\"},\"datePublished\":\"2025-08-14T00:39:37+00:00\",\"dateModified\":\"2025-08-14T01:51:20+00:00\",\"breadcrumb\":{\"@id\":\"http:\/\/revistavitrineibiuna.com.br\/?p=33913#breadcrumb\"},\"inLanguage\":\"pt-BR\",\"potentialAction\":[{\"@type\":\"ReadAction\",\"target\":[\"http:\/\/revistavitrineibiuna.com.br\/?p=33913\"]}]},{\"@type\":\"BreadcrumbList\",\"@id\":\"http:\/\/revistavitrineibiuna.com.br\/?p=33913#breadcrumb\",\"itemListElement\":[{\"@type\":\"ListItem\",\"position\":1,\"item\":{\"@type\":\"WebPage\",\"@id\":\"https:\/\/revistavitrineibiuna.com.br\/\",\"url\":\"https:\/\/revistavitrineibiuna.com.br\/\",\"name\":\"In\\u00edcio\"}},{\"@type\":\"ListItem\",\"position\":2,\"item\":{\"@type\":\"WebPage\",\"@id\":\"http:\/\/revistavitrineibiuna.com.br\/?p=33913\",\"url\":\"http:\/\/revistavitrineibiuna.com.br\/?p=33913\",\"name\":\"FATOS NOVOS REACENDEM A ESPERAN\\u00c7A DAS FAM\\u00cdLIAS DO JURUPAR\\u00c1\"}}]},{\"@type\":\"Article\",\"@id\":\"http:\/\/revistavitrineibiuna.com.br\/?p=33913#article\",\"isPartOf\":{\"@id\":\"http:\/\/revistavitrineibiuna.com.br\/?p=33913#webpage\"},\"author\":{\"@id\":\"https:\/\/revistavitrineibiuna.com.br\/#\/schema\/person\/e51ef49d6d88170ea21ceabff3f73deb\"},\"headline\":\"FATOS NOVOS REACENDEM A ESPERAN\\u00c7A DAS FAM\\u00cdLIAS DO JURUPAR\\u00c1\",\"datePublished\":\"2025-08-14T00:39:37+00:00\",\"dateModified\":\"2025-08-14T01:51:20+00:00\",\"mainEntityOfPage\":{\"@id\":\"http:\/\/revistavitrineibiuna.com.br\/?p=33913#webpage\"},\"commentCount\":0,\"publisher\":{\"@id\":\"https:\/\/revistavitrineibiuna.com.br\/#\/schema\/person\/e51ef49d6d88170ea21ceabff3f73deb\"},\"image\":{\"@id\":\"http:\/\/revistavitrineibiuna.com.br\/?p=33913#primaryimage\"},\"articleSection\":\"Not\\u00edcias\",\"inLanguage\":\"pt-BR\",\"potentialAction\":[{\"@type\":\"CommentAction\",\"name\":\"Comment\",\"target\":[\"http:\/\/revistavitrineibiuna.com.br\/?p=33913#respond\"]}]},{\"@type\":[\"Person\",\"Organization\"],\"@id\":\"https:\/\/revistavitrineibiuna.com.br\/#\/schema\/person\/e51ef49d6d88170ea21ceabff3f73deb\",\"name\":\"Carlos Rossini\",\"image\":{\"@type\":\"ImageObject\",\"@id\":\"https:\/\/revistavitrineibiuna.com.br\/#personlogo\",\"inLanguage\":\"pt-BR\",\"url\":\"https:\/\/secure.gravatar.com\/avatar\/4f2d0f99fac1f85c7d643f21f5c8d900?s=96&d=mm&r=g\",\"caption\":\"Carlos Rossini\"},\"logo\":{\"@id\":\"https:\/\/revistavitrineibiuna.com.br\/#personlogo\"},\"description\":\"Carlos Rossini \\u00e9 jornalista, soci\\u00f3logo, escritor e professor universit\\u00e1rio, tendo sido professor de jornalismo por vinte anos. Trabalhou em ve\\u00edculos de comunica\\u00e7\\u00e3o nas fun\\u00e7\\u00f5es de rep\\u00f3rter, redator, editor, articulista e colaborador, como Folha de S. Paulo, O Estado de S. Paulo, Di\\u00e1rio Popular, entre outros. Ao transferir a revista vitrine, vers\\u00e3o imprensa, de S\\u00e3o Paulo para Ibi\\u00fana h\\u00e1 alguns anos, iniciou uma nova experi\\u00eancia profissional, dedicando-se ao jornalismo regional, depois de cumprir uma trajet\\u00f3ria bem-sucedida na grande imprensa brasileira. Seu primeiro livro A Coragem de Comunicar foi lan\\u00e7ado na Bienal do Livro em S\\u00e3o Paulo no ano 2000, pela editora Madras.\"}]}<\/script>\n<!-- \/ Yoast SEO plugin. -->","_links":{"self":[{"href":"https:\/\/revistavitrineibiuna.com.br\/index.php?rest_route=\/wp\/v2\/posts\/33913"}],"collection":[{"href":"https:\/\/revistavitrineibiuna.com.br\/index.php?rest_route=\/wp\/v2\/posts"}],"about":[{"href":"https:\/\/revistavitrineibiuna.com.br\/index.php?rest_route=\/wp\/v2\/types\/post"}],"author":[{"embeddable":true,"href":"https:\/\/revistavitrineibiuna.com.br\/index.php?rest_route=\/wp\/v2\/users\/1"}],"replies":[{"embeddable":true,"href":"https:\/\/revistavitrineibiuna.com.br\/index.php?rest_route=%2Fwp%2Fv2%2Fcomments&post=33913"}],"version-history":[{"count":13,"href":"https:\/\/revistavitrineibiuna.com.br\/index.php?rest_route=\/wp\/v2\/posts\/33913\/revisions"}],"predecessor-version":[{"id":33936,"href":"https:\/\/revistavitrineibiuna.com.br\/index.php?rest_route=\/wp\/v2\/posts\/33913\/revisions\/33936"}],"wp:featuredmedia":[{"embeddable":true,"href":"https:\/\/revistavitrineibiuna.com.br\/index.php?rest_route=\/wp\/v2\/media\/33914"}],"wp:attachment":[{"href":"https:\/\/revistavitrineibiuna.com.br\/index.php?rest_route=%2Fwp%2Fv2%2Fmedia&parent=33913"}],"wp:term":[{"taxonomy":"category","embeddable":true,"href":"https:\/\/revistavitrineibiuna.com.br\/index.php?rest_route=%2Fwp%2Fv2%2Fcategories&post=33913"},{"taxonomy":"post_tag","embeddable":true,"href":"https:\/\/revistavitrineibiuna.com.br\/index.php?rest_route=%2Fwp%2Fv2%2Ftags&post=33913"}],"curies":[{"name":"wp","href":"https:\/\/api.w.org\/{rel}","templated":true}]}}