{"id":33943,"date":"2025-08-15T10:27:20","date_gmt":"2025-08-15T13:27:20","guid":{"rendered":"http:\/\/revistavitrineibiuna.com.br\/?p=33943"},"modified":"2025-08-15T12:47:15","modified_gmt":"2025-08-15T15:47:15","slug":"ibiuna-camara-elege-mesa-diretora-isso-podera-afetar-sua-vida-em-2026","status":"publish","type":"post","link":"https:\/\/revistavitrineibiuna.com.br\/?p=33943","title":{"rendered":"IBI\u00daNA &#8211; C\u00c2MARA ELEGE MESA DIRETORA; ISSO PODER\u00c1 AFETAR SUA VIDA EM 2026"},"content":{"rendered":"\n<p class=\"has-drop-cap\"><strong>A C\u00e2mara Municipal de Ibi\u00fana, por exig\u00eancia legal, elege nesta ter\u00e7a-feira (19) a Mesa que ir\u00e1 dirigir os trabalhos da Casa durante o ano de 2026.<\/strong><\/p>\n\n\n\n<p><strong>O principal motivo dessa elei\u00e7\u00e3o antecipada relaciona-se com a elabora\u00e7\u00e3o do planejamento or\u00e7ament\u00e1rio do Executivo e do Legislativo para o pr\u00f3ximo ano.<\/strong><\/p>\n\n\n\n<p><strong>Assim, e desde j\u00e1, os futuros componentes da Mesa Diretora dever\u00e3o participar da elabora\u00e7\u00e3o do planejamento que definir\u00e1 os investimentos a serem feitos em obras e servi\u00e7os p\u00fablicos durante todo o transcorrer de 2026.<\/strong><\/p>\n\n\n\n<p><strong>OR\u00c7AMENTO PR\u00d3PRIO<\/strong><\/p>\n\n\n\n<p><strong>A prop\u00f3sito, em recente entrevista \u00e0 TVUNA, o ex-prefeito e ex-vereador Jonas Campos [dispon\u00edvel nas principais plataformas] enfatizou que a avalia\u00e7\u00e3o de desempenho do atual prefeito poder\u00e1 ser mais fidedigna quando ele come\u00e7ar a trabalhar com o pr\u00f3prio or\u00e7amento.<\/strong><\/p>\n\n\n\n<p><strong>Por meio de v\u00eddeos, o chefe do Executivo ibiunense alegou que suas a\u00e7\u00f5es estariam engessadas pelo or\u00e7amento elaborado pelo derrotado governo anterior, que teria deixado de prever diversos gastos essenciais.<\/strong><\/p>\n\n\n\n<p><strong>CIRCUNST\u00c2NCIAS POL\u00cdTICAS<\/strong><\/p>\n\n\n\n<p><strong>Ontem (14) vitrine online conversou com diversos vereadores a fim de conhecer os poss\u00edveis candidatos \u00e0 presid\u00eancia da C\u00e2mara e as chapas com os demais integrantes.<\/strong><\/p>\n\n\n\n<p><strong>O retorno foi um denominador comum: tradicionalmente as chapas se apresentam em cima do in\u00edcio da sess\u00e3o eleitoral. As articula\u00e7\u00f5es em torno da composi\u00e7\u00e3o est\u00e3o fervendo.<\/strong><\/p>\n\n\n\n<p><strong>Apesar de termos ouvido que o chefe do Executivo teria firmado posi\u00e7\u00e3o de n\u00e3o interferir nos resultados do pleito, at\u00e9 o presente momento o \u00fanico candidato declarado \u00e9 o vereador Carlinhos Marques, l\u00edder do Governo na C\u00e2mara Municipal.<\/strong><\/p>\n\n\n\n<p><strong>Nos bastidores surgiam dois nomes: Valnei Galv\u00e3o (Republicanos), que admitiu a possibilidade a vitrine online, mas disse que, por quest\u00f5es particulares, n\u00e3o dever\u00e1 disputar este ano. Outro nome, Tiago Godinho (PRD), tamb\u00e9m foi citado, mas declarou que as defini\u00e7\u00f5es ainda est\u00e3o em processo, podendo surtir um terceiro nome. Mas isso \u00e9 pouco prov\u00e1vel de ocorrer.<\/strong><\/p>\n\n\n\n<p><strong>Prosseguem, portanto, no conjunto de vereadores, conversa\u00e7\u00f5es que poderiam eventualmente provocar o surgimento de uma segunda chapa, mas isso depender\u00e1 exatamente dos efeitos das rela\u00e7\u00f5es de &#8216;harmoniza\u00e7\u00e3o&#8217; entre o Executivo e o Legislativo.<\/strong><\/p>\n\n\n\n<p><strong>A IMPORT\u00c2NCIA DA MESA DIRETORA<\/strong><\/p>\n\n\n\n<p><strong>A Mesa Diretora da C\u00e2mara Municipal de Ibi\u00fana \u00e9 composta por um presidente, um vice-presidente, um 1\u00ba Secret\u00e1rio e um 2\u00ba Secret\u00e1rio. Esses membros s\u00e3o eleitos pelos vereadores, com um mandato de um ano, conforme definido pela legisla\u00e7\u00e3o municipal.<\/strong><\/p>\n\n\n\n<p><strong>A Mesa Diretora \u00e9 o \u00f3rg\u00e3o respons\u00e1vel por dirigir os trabalhos da C\u00e2mara e suas atribui\u00e7\u00f5es s\u00e3o detalhadas no Regimento Interno e na Lei Org\u00e2nica do Munic\u00edpio.<\/strong><\/p>\n\n\n\n<p><strong>Em resumo, a Mesa Diretora da C\u00e2mara de Ibi\u00fana \u00e9 formada por:<\/strong><\/p>\n\n\n\n<p><strong>. presidente: \u00e9 o l\u00edder da C\u00e2mara, respons\u00e1vel por conduzir as sess\u00f5es e representar a Casa;<\/strong><\/p>\n\n\n\n<p><strong>vice-presidente: substitui o presidente em suas aus\u00eancias e impedimentos;<\/strong><\/p>\n\n\n\n<p><strong>1\u00ba secret\u00e1rio: respons\u00e1vel pela reda\u00e7\u00e3o das atas das sess\u00f5es e outros documentos da C\u00e2mara;<\/strong><\/p>\n\n\n\n<p><strong>2\u00ba secret\u00e1rio: auxilia o 1\u00ba Secret\u00e1rio em suas fun\u00e7\u00f5es.<\/strong><\/p>\n\n\n\n<p><strong>MESA ATUAL<\/strong><\/p>\n\n\n\n<p><strong>A atual Mesa Diretora da C\u00e2mara Municipal de Ibi\u00fana \u00e9 composta por: Paulinho Dias (PSD), presidente; Dito Santos (MDB), 1\u00ba vice-presidente, Tiago Godinho (PRD) como 2\u00ba vice-presidente, Abel do Cupim (PL), 1\u00ba secret\u00e1rio; e Rodrigo Moraes (PDT), 2\u00ba secret\u00e1rio.<\/strong><\/p>\n\n\n\n<p><strong>Os integrantes da atual Mesa Diretora n\u00e3o podem se candidatar aos mesmos cargos para 2026.<\/strong><\/p>\n","protected":false},"excerpt":{"rendered":"<p>A C\u00e2mara Municipal de Ibi\u00fana, por exig\u00eancia legal, elege nesta ter\u00e7a-feira (19) a Mesa que ir\u00e1 dirigir os trabalhos da<\/p>\n","protected":false},"author":1,"featured_media":33944,"comment_status":"open","ping_status":"open","sticky":false,"template":"","format":"standard","meta":[],"categories":[3],"tags":[],"yoast_head":"<!-- This site is optimized with the Yoast SEO plugin v15.8 - https:\/\/yoast.com\/wordpress\/plugins\/seo\/ -->\n<title>IBI\u00daNA - C\u00c2MARA ELEGE MESA DIRETORA; ISSO PODER\u00c1 AFETAR SUA VIDA EM 2026 - Revista Vitrine Online<\/title>\n<meta name=\"robots\" content=\"index, follow, max-snippet:-1, max-image-preview:large, max-video-preview:-1\" \/>\n<link rel=\"canonical\" href=\"http:\/\/revistavitrineibiuna.com.br\/?p=33943\" \/>\n<meta property=\"og:locale\" content=\"pt_BR\" \/>\n<meta property=\"og:type\" content=\"article\" \/>\n<meta property=\"og:title\" content=\"IBI\u00daNA - C\u00c2MARA ELEGE MESA DIRETORA; ISSO PODER\u00c1 AFETAR SUA VIDA EM 2026 - Revista Vitrine Online\" \/>\n<meta property=\"og:description\" content=\"A C\u00e2mara Municipal de Ibi\u00fana, por exig\u00eancia legal, elege nesta ter\u00e7a-feira (19) a Mesa que ir\u00e1 dirigir os trabalhos da\" \/>\n<meta property=\"og:url\" content=\"http:\/\/revistavitrineibiuna.com.br\/?p=33943\" \/>\n<meta property=\"og:site_name\" content=\"Revista Vitrine Online\" \/>\n<meta property=\"article:published_time\" content=\"2025-08-15T13:27:20+00:00\" \/>\n<meta property=\"article:modified_time\" content=\"2025-08-15T15:47:15+00:00\" \/>\n<meta property=\"og:image\" content=\"https:\/\/revistavitrineibiuna.com.br\/wp-content\/uploads\/2025\/08\/faaa42a5-73a2-496e-a4dd-46edc2e6e6df.jpg\" \/>\n\t<meta property=\"og:image:width\" content=\"1600\" \/>\n\t<meta property=\"og:image:height\" content=\"1600\" \/>\n<meta name=\"twitter:card\" content=\"summary\" \/>\n<meta name=\"twitter:label1\" content=\"Est. reading time\">\n\t<meta name=\"twitter:data1\" content=\"3 minutos\">\n<script type=\"application\/ld+json\" class=\"yoast-schema-graph\">{\"@context\":\"https:\/\/schema.org\",\"@graph\":[{\"@type\":\"WebSite\",\"@id\":\"https:\/\/revistavitrineibiuna.com.br\/#website\",\"url\":\"https:\/\/revistavitrineibiuna.com.br\/\",\"name\":\"Revista Vitrine Ibi\\u00fana\",\"description\":\"A Revista de Ibi\\u00fana e Regi\\u00e3o\",\"publisher\":{\"@id\":\"https:\/\/revistavitrineibiuna.com.br\/#\/schema\/person\/e51ef49d6d88170ea21ceabff3f73deb\"},\"potentialAction\":[{\"@type\":\"SearchAction\",\"target\":\"https:\/\/revistavitrineibiuna.com.br\/?s={search_term_string}\",\"query-input\":\"required name=search_term_string\"}],\"inLanguage\":\"pt-BR\"},{\"@type\":\"ImageObject\",\"@id\":\"http:\/\/revistavitrineibiuna.com.br\/?p=33943#primaryimage\",\"inLanguage\":\"pt-BR\",\"url\":\"https:\/\/revistavitrineibiuna.com.br\/wp-content\/uploads\/2025\/08\/faaa42a5-73a2-496e-a4dd-46edc2e6e6df.jpg\",\"width\":1600,\"height\":1600},{\"@type\":\"WebPage\",\"@id\":\"http:\/\/revistavitrineibiuna.com.br\/?p=33943#webpage\",\"url\":\"http:\/\/revistavitrineibiuna.com.br\/?p=33943\",\"name\":\"IBI\\u00daNA - C\\u00c2MARA ELEGE MESA DIRETORA; ISSO PODER\\u00c1 AFETAR SUA VIDA EM 2026 - Revista Vitrine Online\",\"isPartOf\":{\"@id\":\"https:\/\/revistavitrineibiuna.com.br\/#website\"},\"primaryImageOfPage\":{\"@id\":\"http:\/\/revistavitrineibiuna.com.br\/?p=33943#primaryimage\"},\"datePublished\":\"2025-08-15T13:27:20+00:00\",\"dateModified\":\"2025-08-15T15:47:15+00:00\",\"breadcrumb\":{\"@id\":\"http:\/\/revistavitrineibiuna.com.br\/?p=33943#breadcrumb\"},\"inLanguage\":\"pt-BR\",\"potentialAction\":[{\"@type\":\"ReadAction\",\"target\":[\"http:\/\/revistavitrineibiuna.com.br\/?p=33943\"]}]},{\"@type\":\"BreadcrumbList\",\"@id\":\"http:\/\/revistavitrineibiuna.com.br\/?p=33943#breadcrumb\",\"itemListElement\":[{\"@type\":\"ListItem\",\"position\":1,\"item\":{\"@type\":\"WebPage\",\"@id\":\"https:\/\/revistavitrineibiuna.com.br\/\",\"url\":\"https:\/\/revistavitrineibiuna.com.br\/\",\"name\":\"In\\u00edcio\"}},{\"@type\":\"ListItem\",\"position\":2,\"item\":{\"@type\":\"WebPage\",\"@id\":\"http:\/\/revistavitrineibiuna.com.br\/?p=33943\",\"url\":\"http:\/\/revistavitrineibiuna.com.br\/?p=33943\",\"name\":\"IBI\\u00daNA &#8211; C\\u00c2MARA ELEGE MESA DIRETORA; ISSO PODER\\u00c1 AFETAR SUA VIDA EM 2026\"}}]},{\"@type\":\"Article\",\"@id\":\"http:\/\/revistavitrineibiuna.com.br\/?p=33943#article\",\"isPartOf\":{\"@id\":\"http:\/\/revistavitrineibiuna.com.br\/?p=33943#webpage\"},\"author\":{\"@id\":\"https:\/\/revistavitrineibiuna.com.br\/#\/schema\/person\/e51ef49d6d88170ea21ceabff3f73deb\"},\"headline\":\"IBI\\u00daNA &#8211; C\\u00c2MARA ELEGE MESA DIRETORA; ISSO PODER\\u00c1 AFETAR SUA VIDA EM 2026\",\"datePublished\":\"2025-08-15T13:27:20+00:00\",\"dateModified\":\"2025-08-15T15:47:15+00:00\",\"mainEntityOfPage\":{\"@id\":\"http:\/\/revistavitrineibiuna.com.br\/?p=33943#webpage\"},\"commentCount\":0,\"publisher\":{\"@id\":\"https:\/\/revistavitrineibiuna.com.br\/#\/schema\/person\/e51ef49d6d88170ea21ceabff3f73deb\"},\"image\":{\"@id\":\"http:\/\/revistavitrineibiuna.com.br\/?p=33943#primaryimage\"},\"articleSection\":\"Not\\u00edcias\",\"inLanguage\":\"pt-BR\",\"potentialAction\":[{\"@type\":\"CommentAction\",\"name\":\"Comment\",\"target\":[\"http:\/\/revistavitrineibiuna.com.br\/?p=33943#respond\"]}]},{\"@type\":[\"Person\",\"Organization\"],\"@id\":\"https:\/\/revistavitrineibiuna.com.br\/#\/schema\/person\/e51ef49d6d88170ea21ceabff3f73deb\",\"name\":\"Carlos Rossini\",\"image\":{\"@type\":\"ImageObject\",\"@id\":\"https:\/\/revistavitrineibiuna.com.br\/#personlogo\",\"inLanguage\":\"pt-BR\",\"url\":\"https:\/\/secure.gravatar.com\/avatar\/4f2d0f99fac1f85c7d643f21f5c8d900?s=96&d=mm&r=g\",\"caption\":\"Carlos Rossini\"},\"logo\":{\"@id\":\"https:\/\/revistavitrineibiuna.com.br\/#personlogo\"},\"description\":\"Carlos Rossini \\u00e9 jornalista, soci\\u00f3logo, escritor e professor universit\\u00e1rio, tendo sido professor de jornalismo por vinte anos. Trabalhou em ve\\u00edculos de comunica\\u00e7\\u00e3o nas fun\\u00e7\\u00f5es de rep\\u00f3rter, redator, editor, articulista e colaborador, como Folha de S. Paulo, O Estado de S. Paulo, Di\\u00e1rio Popular, entre outros. Ao transferir a revista vitrine, vers\\u00e3o imprensa, de S\\u00e3o Paulo para Ibi\\u00fana h\\u00e1 alguns anos, iniciou uma nova experi\\u00eancia profissional, dedicando-se ao jornalismo regional, depois de cumprir uma trajet\\u00f3ria bem-sucedida na grande imprensa brasileira. Seu primeiro livro A Coragem de Comunicar foi lan\\u00e7ado na Bienal do Livro em S\\u00e3o Paulo no ano 2000, pela editora Madras.\"}]}<\/script>\n<!-- \/ Yoast SEO plugin. -->","_links":{"self":[{"href":"https:\/\/revistavitrineibiuna.com.br\/index.php?rest_route=\/wp\/v2\/posts\/33943"}],"collection":[{"href":"https:\/\/revistavitrineibiuna.com.br\/index.php?rest_route=\/wp\/v2\/posts"}],"about":[{"href":"https:\/\/revistavitrineibiuna.com.br\/index.php?rest_route=\/wp\/v2\/types\/post"}],"author":[{"embeddable":true,"href":"https:\/\/revistavitrineibiuna.com.br\/index.php?rest_route=\/wp\/v2\/users\/1"}],"replies":[{"embeddable":true,"href":"https:\/\/revistavitrineibiuna.com.br\/index.php?rest_route=%2Fwp%2Fv2%2Fcomments&post=33943"}],"version-history":[{"count":10,"href":"https:\/\/revistavitrineibiuna.com.br\/index.php?rest_route=\/wp\/v2\/posts\/33943\/revisions"}],"predecessor-version":[{"id":33959,"href":"https:\/\/revistavitrineibiuna.com.br\/index.php?rest_route=\/wp\/v2\/posts\/33943\/revisions\/33959"}],"wp:featuredmedia":[{"embeddable":true,"href":"https:\/\/revistavitrineibiuna.com.br\/index.php?rest_route=\/wp\/v2\/media\/33944"}],"wp:attachment":[{"href":"https:\/\/revistavitrineibiuna.com.br\/index.php?rest_route=%2Fwp%2Fv2%2Fmedia&parent=33943"}],"wp:term":[{"taxonomy":"category","embeddable":true,"href":"https:\/\/revistavitrineibiuna.com.br\/index.php?rest_route=%2Fwp%2Fv2%2Fcategories&post=33943"},{"taxonomy":"post_tag","embeddable":true,"href":"https:\/\/revistavitrineibiuna.com.br\/index.php?rest_route=%2Fwp%2Fv2%2Ftags&post=33943"}],"curies":[{"name":"wp","href":"https:\/\/api.w.org\/{rel}","templated":true}]}}