{"id":33960,"date":"2025-08-17T17:58:53","date_gmt":"2025-08-17T20:58:53","guid":{"rendered":"http:\/\/revistavitrineibiuna.com.br\/?p=33960"},"modified":"2025-08-17T18:38:53","modified_gmt":"2025-08-17T21:38:53","slug":"john-lennon-e-o-agosto-lilas","status":"publish","type":"post","link":"https:\/\/revistavitrineibiuna.com.br\/?p=33960","title":{"rendered":"JOHN LENNON E O \u201cAGOSTO LIL\u00c1S\u201d"},"content":{"rendered":"\n<p class=\"has-drop-cap\"><strong>John Lennon, fundador dos Beatles, a banda musical inglesa mais famosa do planeta, foi morto no dia 8 de dezembro de 1980, aos 40 anos, no edif\u00edcio Dakota, onde residia, em Nova York.<\/strong><\/p>\n\n\n\n<p><strong>A not\u00edcia de seu assassinato chocou o mundo, especialmente os milh\u00f5es de f\u00e3 apaixonados pelas vibrantes can\u00e7\u00f5es de um grupo de cabeludos da cidade de Liverpool que aparecem numa foto cl\u00e1ssica atravessando em fila indiana uma rua londrina.<\/strong> <strong>O quarteto que eletrizou a juventude mundial era formado por John Lennon, Paul McCartney, Gerorge Harrison e Ringo Starr.<\/strong><\/p>\n\n\n\n<p><strong>Um ano depois, Beto Guedes e Ronaldo Bastos, dois jovens m\u00fasicos mineiros, integrantes do movimento musical Clube da Esquina, prestavam uma comovente homenagem a Lennon, com a linda \u201cCan\u00e7\u00e3o do Novo Mundo\u201d.<\/strong><\/p>\n\n\n\n<p><strong>Um singelo trecho da can\u00e7\u00e3o faz uma pergunta impressionantemente atual com os fatos imponder\u00e1veis e cru\u00e9is que acontecem no mundo, como as guerras de antes e as contempor\u00e2neas, que matam impiedosamente uma infinidade de inocentes civis, sobretudo crian\u00e7as, como na Faixa de Gaza.<\/strong><\/p>\n\n\n\n<p><strong>&nbsp;\u201cMe diz como pode acontecer<\/strong><\/p>\n\n\n\n<p><strong>Um simples canalha mata um rei<\/strong><\/p>\n\n\n\n<p><strong>Em menos de um segundo?\u201d<\/strong><\/p>\n\n\n\n<p><strong>A m\u00fasica foi lan\u00e7ada em 1981, um ano ap\u00f3s o assassinato do m\u00fasico, e expressa a dor e a perplexidade diante da perda, al\u00e9m de reverenciar seu legado de sonhos e esperan\u00e7a.<\/strong><\/p>\n\n\n\n<p><strong>A letra da m\u00fasica faz refer\u00eancias diretas ao ocorrido e \u00e0 figura de John Lennon, como no trecho &#8220;Minha estrela amiga, por que voc\u00ea n\u00e3o fez a bala parar?&#8221;. A can\u00e7\u00e3o tamb\u00e9m aborda a ideia de que a for\u00e7a bruta n\u00e3o pode apagar os sonhos e ideais que ele representava.<\/strong><\/p>\n\n\n\n<p><strong>Al\u00e9m de ser uma homenagem individual, &#8220;Can\u00e7\u00e3o do Novo Mundo&#8221; tamb\u00e9m reflete a influ\u00eancia dos Beatles e de John Lennon no movimento Clube da Esquina, do qual Beto Guedes fazia parte. A m\u00fasica, portanto, se insere em um contexto maior de admira\u00e7\u00e3o pela obra do m\u00fasico ingl\u00eas e de reflex\u00e3o sobre o momento pol\u00edtico e social da \u00e9poca.<\/strong><\/p>\n\n\n\n<p><strong>A \u201cCAN\u00c7\u00c3O DO NOVO MUNDO\u201d<\/strong><\/p>\n\n\n\n<p>&#8220;<strong>Quem sonhou s\u00f3 vale se j\u00e1 sonhou demais<\/strong><\/p>\n\n\n\n<p><strong>Vertente de muitas gera\u00e7\u00f5es<\/strong><\/p>\n\n\n\n<p><strong>Gravado em nossos cora\u00e7\u00f5es<\/strong><\/p>\n\n\n\n<p><strong>Um nome se escreve fundo<\/strong><\/p>\n\n\n\n<p><strong>As can\u00e7\u00f5es em nossa mem\u00f3ria v\u00e3o ficar<\/strong><\/p>\n\n\n\n<p><strong>Profundas ra\u00edzes v\u00e3o crescer<\/strong><\/p>\n\n\n\n<p><strong>A luz das pessoas me faz crer<\/strong><\/p>\n\n\n\n<p><strong>E eu sinto que vamos juntos<\/strong><\/p>\n\n\n\n<p><strong>Oh, nem o tempo amigo<\/strong><\/p>\n\n\n\n<p><strong>Nem a for\u00e7a bruta pode um sonho apagar<\/strong><\/p>\n\n\n\n<p><strong>Quem perdeu o trem da hist\u00f3ria por querer<\/strong><\/p>\n\n\n\n<p><strong>Saiu do ju\u00edzo sem saber<\/strong><\/p>\n\n\n\n<p><strong>Foi mais um covarde a se esconder<\/strong><\/p>\n\n\n\n<p><strong>Diante de um novo mundo<\/strong><\/p>\n\n\n\n<p><strong>Quem souber dizer a exata explica\u00e7\u00e3o<\/strong><\/p>\n\n\n\n<p><strong>Me diz como pode acontecer<\/strong><\/p>\n\n\n\n<p><strong>Um simples canalha mata um rei<\/strong><\/p>\n\n\n\n<p><strong>Em menos de um segundo<\/strong><\/p>\n\n\n\n<p><strong>Oh, minha estrela amiga<\/strong><\/p>\n\n\n\n<p><strong>Por que voc\u00ea n\u00e3o fez a bala parar?<\/strong><\/p>\n\n\n\n<p><strong>Oh, nem o tempo amigo<\/strong><\/p>\n\n\n\n<p><strong>Nem a for\u00e7a bruta pode um sonho apagar<\/strong><\/p>\n\n\n\n<p><strong>Quem perdeu o trem da hist\u00f3ria por querer<\/strong><\/p>\n\n\n\n<p><strong>Saiu do ju\u00edzo sem saber<\/strong><\/p>\n\n\n\n<p><strong>Foi mais um covarde a se esconder<\/strong><\/p>\n\n\n\n<p><strong>Diante de um novo mundo<\/strong>&#8220;<\/p>\n\n\n\n<p><strong>\u201cAGOSTO LIL\u00c1S\u201d<\/strong><\/p>\n\n\n\n<p><strong>Sim, mataram brutalmente um \u201crei\u201d e isso enche de tristeza nossa lembran\u00e7a.<\/strong><\/p>\n\n\n\n<p><strong>Mas, hoje \u00e9 preciso falar das \u201crainhas an\u00f4nimas\u201d, as mulheres m\u00e3es ou n\u00e3o, que t\u00eam sido v\u00edtimas de agress\u00f5es brutais de homens imaturos e inconsequentes, n\u00e3o raro, fatais.<\/strong><\/p>\n\n\n\n<p><strong>Na esteira da ideologia patriarcal [dom\u00ednio dos homens sobre as mulheres], que sempre tratou a mulher com desprezo e objeto inferior, homem celerados v\u00eam dando socos, chutes, pauladas, causando ferimentos com armas brancas ou disparos de fogo, numa intoler\u00e1vel banaliza\u00e7\u00e3o da morte.<\/strong><\/p>\n\n\n\n<p><strong>\u201cAgosto Lil\u00e1s\u201d \u00e9 uma campanha brasileira de conscientiza\u00e7\u00e3o e combate \u00e0 viol\u00eancia contra a mulher,&nbsp; que ocorre durante todo o m\u00eas de agosto. O objetivo \u00e9 informar a popula\u00e7\u00e3o sobre os diferentes tipos de viol\u00eancia dom\u00e9stica e familiar, al\u00e9m de divulgar os mecanismos de den\u00fancia e apoio \u00e0s v\u00edtimas. A campanha tamb\u00e9m objetiva promover o respeito, a dignidade e a seguran\u00e7a da mulher.(*)<\/strong><\/p>\n\n\n\n<p><strong>Mas, como escrevem em favor da vida esses renomados m\u00fasicos mineiros \u201cNem a for\u00e7a bruta pode apagar um sonho\u201d, sonho e esperan\u00e7a de que o lado luz do homem um dia consiga conter as trevas bestiais em que, supostamente, ainda estamos aprisionados, sejam vencidas pela for\u00e7a do amor (e respeito) ao pr\u00f3ximo. (Carlos Rossini \u00e9 diretor TVUNA e editor de vitrine online)<\/strong><\/p>\n\n\n\n<p><strong>(*) A TVUNA e vitrine online publicar\u00e3o not\u00edcia especial da s\u00e9rie \u201cGRANDES ENTREVISTAS\u201d a partir da \u201cSala Lil\u00e1s\u201d que funciona na sede da Pol\u00edcia Civil de Ibi\u00fana<\/strong>, <strong>com a dra. Mari\u00e2ngela Borges, presidente da OAB-Ibi\u00fana, e do delegado titular, dr. Sandro T\u00e1vora.<\/strong><\/p>\n","protected":false},"excerpt":{"rendered":"<p>John Lennon, fundador dos Beatles, a banda musical inglesa mais famosa do planeta, foi morto no dia 8 de dezembro<\/p>\n","protected":false},"author":1,"featured_media":33969,"comment_status":"open","ping_status":"open","sticky":false,"template":"","format":"standard","meta":[],"categories":[3],"tags":[],"yoast_head":"<!-- This site is optimized with the Yoast SEO plugin v15.8 - https:\/\/yoast.com\/wordpress\/plugins\/seo\/ -->\n<title>JOHN LENNON E O \u201cAGOSTO LIL\u00c1S\u201d - Revista Vitrine Online<\/title>\n<meta name=\"robots\" content=\"index, follow, max-snippet:-1, max-image-preview:large, max-video-preview:-1\" \/>\n<link rel=\"canonical\" href=\"http:\/\/revistavitrineibiuna.com.br\/?p=33960\" \/>\n<meta property=\"og:locale\" content=\"pt_BR\" \/>\n<meta property=\"og:type\" content=\"article\" \/>\n<meta property=\"og:title\" content=\"JOHN LENNON E O \u201cAGOSTO LIL\u00c1S\u201d - Revista Vitrine Online\" \/>\n<meta property=\"og:description\" content=\"John Lennon, fundador dos Beatles, a banda musical inglesa mais famosa do planeta, foi morto no dia 8 de dezembro\" \/>\n<meta property=\"og:url\" content=\"http:\/\/revistavitrineibiuna.com.br\/?p=33960\" \/>\n<meta property=\"og:site_name\" content=\"Revista Vitrine Online\" \/>\n<meta property=\"article:published_time\" content=\"2025-08-17T20:58:53+00:00\" \/>\n<meta property=\"article:modified_time\" content=\"2025-08-17T21:38:53+00:00\" \/>\n<meta property=\"og:image\" content=\"https:\/\/revistavitrineibiuna.com.br\/wp-content\/uploads\/2025\/08\/b9be7d55-5e3e-4cf9-9acf-70619917a4c4.jpg\" \/>\n\t<meta property=\"og:image:width\" content=\"759\" \/>\n\t<meta property=\"og:image:height\" content=\"436\" \/>\n<meta name=\"twitter:card\" content=\"summary\" \/>\n<meta name=\"twitter:label1\" content=\"Est. reading time\">\n\t<meta name=\"twitter:data1\" content=\"4 minutos\">\n<script type=\"application\/ld+json\" class=\"yoast-schema-graph\">{\"@context\":\"https:\/\/schema.org\",\"@graph\":[{\"@type\":\"WebSite\",\"@id\":\"https:\/\/revistavitrineibiuna.com.br\/#website\",\"url\":\"https:\/\/revistavitrineibiuna.com.br\/\",\"name\":\"Revista Vitrine Ibi\\u00fana\",\"description\":\"A Revista de Ibi\\u00fana e Regi\\u00e3o\",\"publisher\":{\"@id\":\"https:\/\/revistavitrineibiuna.com.br\/#\/schema\/person\/e51ef49d6d88170ea21ceabff3f73deb\"},\"potentialAction\":[{\"@type\":\"SearchAction\",\"target\":\"https:\/\/revistavitrineibiuna.com.br\/?s={search_term_string}\",\"query-input\":\"required name=search_term_string\"}],\"inLanguage\":\"pt-BR\"},{\"@type\":\"ImageObject\",\"@id\":\"http:\/\/revistavitrineibiuna.com.br\/?p=33960#primaryimage\",\"inLanguage\":\"pt-BR\",\"url\":\"https:\/\/revistavitrineibiuna.com.br\/wp-content\/uploads\/2025\/08\/b9be7d55-5e3e-4cf9-9acf-70619917a4c4.jpg\",\"width\":759,\"height\":436},{\"@type\":\"WebPage\",\"@id\":\"http:\/\/revistavitrineibiuna.com.br\/?p=33960#webpage\",\"url\":\"http:\/\/revistavitrineibiuna.com.br\/?p=33960\",\"name\":\"JOHN LENNON E O \\u201cAGOSTO LIL\\u00c1S\\u201d - Revista Vitrine Online\",\"isPartOf\":{\"@id\":\"https:\/\/revistavitrineibiuna.com.br\/#website\"},\"primaryImageOfPage\":{\"@id\":\"http:\/\/revistavitrineibiuna.com.br\/?p=33960#primaryimage\"},\"datePublished\":\"2025-08-17T20:58:53+00:00\",\"dateModified\":\"2025-08-17T21:38:53+00:00\",\"breadcrumb\":{\"@id\":\"http:\/\/revistavitrineibiuna.com.br\/?p=33960#breadcrumb\"},\"inLanguage\":\"pt-BR\",\"potentialAction\":[{\"@type\":\"ReadAction\",\"target\":[\"http:\/\/revistavitrineibiuna.com.br\/?p=33960\"]}]},{\"@type\":\"BreadcrumbList\",\"@id\":\"http:\/\/revistavitrineibiuna.com.br\/?p=33960#breadcrumb\",\"itemListElement\":[{\"@type\":\"ListItem\",\"position\":1,\"item\":{\"@type\":\"WebPage\",\"@id\":\"https:\/\/revistavitrineibiuna.com.br\/\",\"url\":\"https:\/\/revistavitrineibiuna.com.br\/\",\"name\":\"In\\u00edcio\"}},{\"@type\":\"ListItem\",\"position\":2,\"item\":{\"@type\":\"WebPage\",\"@id\":\"http:\/\/revistavitrineibiuna.com.br\/?p=33960\",\"url\":\"http:\/\/revistavitrineibiuna.com.br\/?p=33960\",\"name\":\"JOHN LENNON E O \\u201cAGOSTO LIL\\u00c1S\\u201d\"}}]},{\"@type\":\"Article\",\"@id\":\"http:\/\/revistavitrineibiuna.com.br\/?p=33960#article\",\"isPartOf\":{\"@id\":\"http:\/\/revistavitrineibiuna.com.br\/?p=33960#webpage\"},\"author\":{\"@id\":\"https:\/\/revistavitrineibiuna.com.br\/#\/schema\/person\/e51ef49d6d88170ea21ceabff3f73deb\"},\"headline\":\"JOHN LENNON E O \\u201cAGOSTO LIL\\u00c1S\\u201d\",\"datePublished\":\"2025-08-17T20:58:53+00:00\",\"dateModified\":\"2025-08-17T21:38:53+00:00\",\"mainEntityOfPage\":{\"@id\":\"http:\/\/revistavitrineibiuna.com.br\/?p=33960#webpage\"},\"commentCount\":0,\"publisher\":{\"@id\":\"https:\/\/revistavitrineibiuna.com.br\/#\/schema\/person\/e51ef49d6d88170ea21ceabff3f73deb\"},\"image\":{\"@id\":\"http:\/\/revistavitrineibiuna.com.br\/?p=33960#primaryimage\"},\"articleSection\":\"Not\\u00edcias\",\"inLanguage\":\"pt-BR\",\"potentialAction\":[{\"@type\":\"CommentAction\",\"name\":\"Comment\",\"target\":[\"http:\/\/revistavitrineibiuna.com.br\/?p=33960#respond\"]}]},{\"@type\":[\"Person\",\"Organization\"],\"@id\":\"https:\/\/revistavitrineibiuna.com.br\/#\/schema\/person\/e51ef49d6d88170ea21ceabff3f73deb\",\"name\":\"Carlos Rossini\",\"image\":{\"@type\":\"ImageObject\",\"@id\":\"https:\/\/revistavitrineibiuna.com.br\/#personlogo\",\"inLanguage\":\"pt-BR\",\"url\":\"https:\/\/secure.gravatar.com\/avatar\/4f2d0f99fac1f85c7d643f21f5c8d900?s=96&d=mm&r=g\",\"caption\":\"Carlos Rossini\"},\"logo\":{\"@id\":\"https:\/\/revistavitrineibiuna.com.br\/#personlogo\"},\"description\":\"Carlos Rossini \\u00e9 jornalista, soci\\u00f3logo, escritor e professor universit\\u00e1rio, tendo sido professor de jornalismo por vinte anos. Trabalhou em ve\\u00edculos de comunica\\u00e7\\u00e3o nas fun\\u00e7\\u00f5es de rep\\u00f3rter, redator, editor, articulista e colaborador, como Folha de S. Paulo, O Estado de S. Paulo, Di\\u00e1rio Popular, entre outros. Ao transferir a revista vitrine, vers\\u00e3o imprensa, de S\\u00e3o Paulo para Ibi\\u00fana h\\u00e1 alguns anos, iniciou uma nova experi\\u00eancia profissional, dedicando-se ao jornalismo regional, depois de cumprir uma trajet\\u00f3ria bem-sucedida na grande imprensa brasileira. Seu primeiro livro A Coragem de Comunicar foi lan\\u00e7ado na Bienal do Livro em S\\u00e3o Paulo no ano 2000, pela editora Madras.\"}]}<\/script>\n<!-- \/ Yoast SEO plugin. -->","_links":{"self":[{"href":"https:\/\/revistavitrineibiuna.com.br\/index.php?rest_route=\/wp\/v2\/posts\/33960"}],"collection":[{"href":"https:\/\/revistavitrineibiuna.com.br\/index.php?rest_route=\/wp\/v2\/posts"}],"about":[{"href":"https:\/\/revistavitrineibiuna.com.br\/index.php?rest_route=\/wp\/v2\/types\/post"}],"author":[{"embeddable":true,"href":"https:\/\/revistavitrineibiuna.com.br\/index.php?rest_route=\/wp\/v2\/users\/1"}],"replies":[{"embeddable":true,"href":"https:\/\/revistavitrineibiuna.com.br\/index.php?rest_route=%2Fwp%2Fv2%2Fcomments&post=33960"}],"version-history":[{"count":7,"href":"https:\/\/revistavitrineibiuna.com.br\/index.php?rest_route=\/wp\/v2\/posts\/33960\/revisions"}],"predecessor-version":[{"id":33972,"href":"https:\/\/revistavitrineibiuna.com.br\/index.php?rest_route=\/wp\/v2\/posts\/33960\/revisions\/33972"}],"wp:featuredmedia":[{"embeddable":true,"href":"https:\/\/revistavitrineibiuna.com.br\/index.php?rest_route=\/wp\/v2\/media\/33969"}],"wp:attachment":[{"href":"https:\/\/revistavitrineibiuna.com.br\/index.php?rest_route=%2Fwp%2Fv2%2Fmedia&parent=33960"}],"wp:term":[{"taxonomy":"category","embeddable":true,"href":"https:\/\/revistavitrineibiuna.com.br\/index.php?rest_route=%2Fwp%2Fv2%2Fcategories&post=33960"},{"taxonomy":"post_tag","embeddable":true,"href":"https:\/\/revistavitrineibiuna.com.br\/index.php?rest_route=%2Fwp%2Fv2%2Ftags&post=33960"}],"curies":[{"name":"wp","href":"https:\/\/api.w.org\/{rel}","templated":true}]}}