{"id":33973,"date":"2025-08-18T12:39:48","date_gmt":"2025-08-18T15:39:48","guid":{"rendered":"http:\/\/revistavitrineibiuna.com.br\/?p=33973"},"modified":"2025-08-18T13:01:48","modified_gmt":"2025-08-18T16:01:48","slug":"quem-diria-lei-das-redes-sociais-podera-se-chamar-lei-felca","status":"publish","type":"post","link":"https:\/\/revistavitrineibiuna.com.br\/?p=33973","title":{"rendered":"Quem diria? Lei das redes sociais poder\u00e1 se chamar \u201cLei Felca\u201d"},"content":{"rendered":"\n<p class=\"has-drop-cap\"><strong>Felipe Bressanim Pereira, 27, 1,97m de altura, natural do Paran\u00e1, poder\u00e1 ter seu apelido ou nome art\u00edstico no batismo da lei que, por sua not\u00e1vel influ\u00eancia, reger\u00e1 as regras das redes sociais no Brasil.<\/strong><\/p>\n\n\n\n<p><strong>At\u00e9 pouco dias atr\u00e1s, talvez como outros brasileiros, &nbsp;por etarismo, em muitos casos, jamais ouvira falar desse jovem natural de Londrina.<\/strong><\/p>\n\n\n\n<p><strong>De repente, de um modo sereno e objetivo, ao lan\u00e7ar um v\u00eddeo denunciando a adultiza\u00e7\u00e3o de crian\u00e7as, ou explora\u00e7\u00e3o sexual de menores por ped\u00f3filos, sacudiu a consci\u00eancia moral da popula\u00e7\u00e3o para um crime hediondo que navega na superf\u00edcie de p\u00e2ntanos tenebrosos.<\/strong><\/p>\n\n\n\n<p><strong>N\u00e3o demorou para que seu trabalho atingisse cerca de 30 milh\u00f5es de visualiza\u00e7\u00f5es nas redes sociais, que despertaram a grande m\u00eddia televisiva em canais abertos para entrevistas de grande impacto na sociedade.<\/strong><\/p>\n\n\n\n<p><strong>Tornou-se um fen\u00f4meno como influenciador, depois de permanecer fechado em sua casa por um ano (apenas teria sa\u00eddo quatro dias) per\u00edodo em que investigou meticulosamente o \u201csubmundo\u201d da internet que explora a erotiza\u00e7\u00e3o infantil.<\/strong><\/p>\n\n\n\n<p><strong>\u201cLEI FELCA\u201d<\/strong><\/p>\n\n\n\n<p><strong>O impacto de sua iniciativa foi t\u00e3o convincente sobre os crimes perpetrados contra as crian\u00e7as no Brasil que a Mesa da C\u00e2mara dos Deputados em Bras\u00edlia j\u00e1 recebeu ao menos 8 projetos de lei que tratam da explora\u00e7\u00e3o de menores de idade na Internet.<\/strong><\/p>\n\n\n\n<p><strong>Ao analisar o comportamento de Felca [ele faz a ressalva que tamb\u00e9m n\u00e3o o conhecia], o fil\u00f3sofo Renato Janine Ribeiro, ex-ministro da Educa\u00e7\u00e3o, professor de filosofia, cientista pol\u00edtico e colunista brasileiro, observou que Felca \u201cfala manso, sem agressividade, fala de moral, n\u00e3o de pol\u00edtica\u201d.<\/strong><\/p>\n\n\n\n<p><strong>\u201cTem foco, n\u00e3o dispersa, entra na religi\u00e3o, como quando diz que a \u00fanica pessoa com quem concorda \u00e9 Jesus Cristo, mas diz isso sem hostilidade a outras f\u00e9s ou aus\u00eancia de.\u201d<\/strong><\/p>\n\n\n\n<p><strong>Sem exibir polariza\u00e7\u00e3o, ou seja sem valores da esquerda ou da direita, adverte Ribeiro, \u201cacho \u00f3tima a ideia de chamar a lei das redes sociais de Lei Felca\u201d.<\/strong><\/p>\n\n\n\n<p><strong>\u00c9 preciso pontuar que depois da espetacular repercuss\u00e3o do v\u00eddeo, Felca denunciou ter recebido amea\u00e7as de ped\u00f3filos (\u201cvoc\u00ea vai morrer!). Ele entrou com uma a\u00e7\u00e3o e a Justi\u00e7a determinou que o Google abra o sigilo das amea\u00e7as, o que possibilitar\u00e1 chegar \u00e0s suas origens.<\/strong><\/p>\n\n\n\n<p><strong>FELCA<\/strong><\/p>\n\n\n\n<p><strong>Felca \u00e9 um youtuber (**), um influenciador digital. Come\u00e7ou ainda crian\u00e7a a fu\u00e7ar as redes sociais, mas se diz grato ao pai por t\u00ea-lo feito parar e preservar a sua pr\u00f3pria imagem ainda jovem.<\/strong><\/p>\n\n\n\n<p><strong>No passado chegou a receber R$ 31 mil com v\u00eddeos no TikTok ao denunciar casos de adultiza\u00e7\u00e3o, montante que doou para institui\u00e7\u00f5es de caridade.<\/strong><\/p>\n\n\n\n<p><strong>Autista e portador de fobia social, ele iniciou sua carreira como streamer (*), produzindo v\u00eddeos de jogos eletr\u00f4nicos digitais e v\u00eddeos humor\u00edsticos principalmente em tom autodepreciativo.<\/strong><\/p>\n\n\n\n<p><strong>Um dos seus desafios, doravante, \u00e9 lidar com o fato de ter se tornado uma celebridade, numa sociedade que n\u00e3o \u00e9 doente apenas na quest\u00e3o da viol\u00eancia e da explora\u00e7\u00e3o sexual de crian\u00e7as,&nbsp; mas tamb\u00e9m na mis\u00e9ria que assola toda a sociedade, com graves problemas nas \u00e1reas da pobreza, emprego, sa\u00fade, educa\u00e7\u00e3o e seguran\u00e7a p\u00fablica.<\/strong><\/p>\n\n\n\n<p><strong>Talvez n\u00e3o seja exagero considerar uma frase relacionada ao tema espec\u00edfico que ele est\u00e1 tratando, mas, entendemos, poder representar um significado mais amplo: \u2018A causa \u00e9 maior do que eu.\u2019<\/strong><\/p>\n\n\n\n<p><strong>Atualmente, ele vive na cidade de S\u00e3o Paulo para onde se mudou.<\/strong><\/p>\n\n\n\n<p><strong>De resto, aqui vai nossa gratid\u00e3o por sua ousadia, coragem e firmeza de tomar uma atitude surpreendente, que surge de tempos em tempos na comunidade, como um sinal vermelho. E revelam o quanto somos carentes de autoridades capazes e respons\u00e1veis. (Carlos Rossini \u00e9 diretor da TVNA e editor de vitrine online)<\/strong><\/p>\n\n\n\n<p><strong>_____________<\/strong><\/p>\n\n\n\n<p><strong>(*) Streamer (fl\u00e2mula, bandeirola, em ingl\u00eas) \u00e9 o profissional que transmite conte\u00fados ao vivo, sejam jogos eletr\u00f4nicos, programa\u00e7\u00f5es esportivas, an\u00e1lises e rea\u00e7\u00f5es.<\/strong><\/p>\n\n\n\n<p><strong>(**) Youtuber (sem tradu\u00e7\u00e3o para o portugu\u00eas) \u00e9 um criador de conte\u00fados que usa as plataformas do Youtube para compartilhar v\u00eddeos com a sua comunidade. Alguns atuam como profissionais.<\/strong><\/p>\n","protected":false},"excerpt":{"rendered":"<p>Felipe Bressanim Pereira, 27, 1,97m de altura, natural do Paran\u00e1, poder\u00e1 ter seu apelido ou nome art\u00edstico no batismo da<\/p>\n","protected":false},"author":1,"featured_media":33974,"comment_status":"open","ping_status":"open","sticky":false,"template":"","format":"standard","meta":[],"categories":[3],"tags":[],"yoast_head":"<!-- This site is optimized with the Yoast SEO plugin v15.8 - https:\/\/yoast.com\/wordpress\/plugins\/seo\/ -->\n<title>Quem diria? Lei das redes sociais poder\u00e1 se chamar \u201cLei Felca\u201d - Revista Vitrine Online<\/title>\n<meta name=\"robots\" content=\"index, follow, max-snippet:-1, max-image-preview:large, max-video-preview:-1\" \/>\n<link rel=\"canonical\" href=\"http:\/\/revistavitrineibiuna.com.br\/?p=33973\" \/>\n<meta property=\"og:locale\" content=\"pt_BR\" \/>\n<meta property=\"og:type\" content=\"article\" \/>\n<meta property=\"og:title\" content=\"Quem diria? Lei das redes sociais poder\u00e1 se chamar \u201cLei Felca\u201d - Revista Vitrine Online\" \/>\n<meta property=\"og:description\" content=\"Felipe Bressanim Pereira, 27, 1,97m de altura, natural do Paran\u00e1, poder\u00e1 ter seu apelido ou nome art\u00edstico no batismo da\" \/>\n<meta property=\"og:url\" content=\"http:\/\/revistavitrineibiuna.com.br\/?p=33973\" \/>\n<meta property=\"og:site_name\" content=\"Revista Vitrine Online\" \/>\n<meta property=\"article:published_time\" content=\"2025-08-18T15:39:48+00:00\" \/>\n<meta property=\"article:modified_time\" content=\"2025-08-18T16:01:48+00:00\" \/>\n<meta property=\"og:image\" content=\"https:\/\/revistavitrineibiuna.com.br\/wp-content\/uploads\/2025\/08\/Felca.png\" \/>\n\t<meta property=\"og:image:width\" content=\"701\" \/>\n\t<meta property=\"og:image:height\" content=\"398\" \/>\n<meta name=\"twitter:card\" content=\"summary\" \/>\n<meta name=\"twitter:label1\" content=\"Est. reading time\">\n\t<meta name=\"twitter:data1\" content=\"3 minutos\">\n<script type=\"application\/ld+json\" class=\"yoast-schema-graph\">{\"@context\":\"https:\/\/schema.org\",\"@graph\":[{\"@type\":\"WebSite\",\"@id\":\"https:\/\/revistavitrineibiuna.com.br\/#website\",\"url\":\"https:\/\/revistavitrineibiuna.com.br\/\",\"name\":\"Revista Vitrine Ibi\\u00fana\",\"description\":\"A Revista de Ibi\\u00fana e Regi\\u00e3o\",\"publisher\":{\"@id\":\"https:\/\/revistavitrineibiuna.com.br\/#\/schema\/person\/e51ef49d6d88170ea21ceabff3f73deb\"},\"potentialAction\":[{\"@type\":\"SearchAction\",\"target\":\"https:\/\/revistavitrineibiuna.com.br\/?s={search_term_string}\",\"query-input\":\"required name=search_term_string\"}],\"inLanguage\":\"pt-BR\"},{\"@type\":\"ImageObject\",\"@id\":\"http:\/\/revistavitrineibiuna.com.br\/?p=33973#primaryimage\",\"inLanguage\":\"pt-BR\",\"url\":\"https:\/\/revistavitrineibiuna.com.br\/wp-content\/uploads\/2025\/08\/Felca.png\",\"width\":701,\"height\":398},{\"@type\":\"WebPage\",\"@id\":\"http:\/\/revistavitrineibiuna.com.br\/?p=33973#webpage\",\"url\":\"http:\/\/revistavitrineibiuna.com.br\/?p=33973\",\"name\":\"Quem diria? Lei das redes sociais poder\\u00e1 se chamar \\u201cLei Felca\\u201d - Revista Vitrine Online\",\"isPartOf\":{\"@id\":\"https:\/\/revistavitrineibiuna.com.br\/#website\"},\"primaryImageOfPage\":{\"@id\":\"http:\/\/revistavitrineibiuna.com.br\/?p=33973#primaryimage\"},\"datePublished\":\"2025-08-18T15:39:48+00:00\",\"dateModified\":\"2025-08-18T16:01:48+00:00\",\"breadcrumb\":{\"@id\":\"http:\/\/revistavitrineibiuna.com.br\/?p=33973#breadcrumb\"},\"inLanguage\":\"pt-BR\",\"potentialAction\":[{\"@type\":\"ReadAction\",\"target\":[\"http:\/\/revistavitrineibiuna.com.br\/?p=33973\"]}]},{\"@type\":\"BreadcrumbList\",\"@id\":\"http:\/\/revistavitrineibiuna.com.br\/?p=33973#breadcrumb\",\"itemListElement\":[{\"@type\":\"ListItem\",\"position\":1,\"item\":{\"@type\":\"WebPage\",\"@id\":\"https:\/\/revistavitrineibiuna.com.br\/\",\"url\":\"https:\/\/revistavitrineibiuna.com.br\/\",\"name\":\"In\\u00edcio\"}},{\"@type\":\"ListItem\",\"position\":2,\"item\":{\"@type\":\"WebPage\",\"@id\":\"http:\/\/revistavitrineibiuna.com.br\/?p=33973\",\"url\":\"http:\/\/revistavitrineibiuna.com.br\/?p=33973\",\"name\":\"Quem diria? Lei das redes sociais poder\\u00e1 se chamar \\u201cLei Felca\\u201d\"}}]},{\"@type\":\"Article\",\"@id\":\"http:\/\/revistavitrineibiuna.com.br\/?p=33973#article\",\"isPartOf\":{\"@id\":\"http:\/\/revistavitrineibiuna.com.br\/?p=33973#webpage\"},\"author\":{\"@id\":\"https:\/\/revistavitrineibiuna.com.br\/#\/schema\/person\/e51ef49d6d88170ea21ceabff3f73deb\"},\"headline\":\"Quem diria? Lei das redes sociais poder\\u00e1 se chamar \\u201cLei Felca\\u201d\",\"datePublished\":\"2025-08-18T15:39:48+00:00\",\"dateModified\":\"2025-08-18T16:01:48+00:00\",\"mainEntityOfPage\":{\"@id\":\"http:\/\/revistavitrineibiuna.com.br\/?p=33973#webpage\"},\"commentCount\":0,\"publisher\":{\"@id\":\"https:\/\/revistavitrineibiuna.com.br\/#\/schema\/person\/e51ef49d6d88170ea21ceabff3f73deb\"},\"image\":{\"@id\":\"http:\/\/revistavitrineibiuna.com.br\/?p=33973#primaryimage\"},\"articleSection\":\"Not\\u00edcias\",\"inLanguage\":\"pt-BR\",\"potentialAction\":[{\"@type\":\"CommentAction\",\"name\":\"Comment\",\"target\":[\"http:\/\/revistavitrineibiuna.com.br\/?p=33973#respond\"]}]},{\"@type\":[\"Person\",\"Organization\"],\"@id\":\"https:\/\/revistavitrineibiuna.com.br\/#\/schema\/person\/e51ef49d6d88170ea21ceabff3f73deb\",\"name\":\"Carlos Rossini\",\"image\":{\"@type\":\"ImageObject\",\"@id\":\"https:\/\/revistavitrineibiuna.com.br\/#personlogo\",\"inLanguage\":\"pt-BR\",\"url\":\"https:\/\/secure.gravatar.com\/avatar\/4f2d0f99fac1f85c7d643f21f5c8d900?s=96&d=mm&r=g\",\"caption\":\"Carlos Rossini\"},\"logo\":{\"@id\":\"https:\/\/revistavitrineibiuna.com.br\/#personlogo\"},\"description\":\"Carlos Rossini \\u00e9 jornalista, soci\\u00f3logo, escritor e professor universit\\u00e1rio, tendo sido professor de jornalismo por vinte anos. Trabalhou em ve\\u00edculos de comunica\\u00e7\\u00e3o nas fun\\u00e7\\u00f5es de rep\\u00f3rter, redator, editor, articulista e colaborador, como Folha de S. Paulo, O Estado de S. Paulo, Di\\u00e1rio Popular, entre outros. Ao transferir a revista vitrine, vers\\u00e3o imprensa, de S\\u00e3o Paulo para Ibi\\u00fana h\\u00e1 alguns anos, iniciou uma nova experi\\u00eancia profissional, dedicando-se ao jornalismo regional, depois de cumprir uma trajet\\u00f3ria bem-sucedida na grande imprensa brasileira. Seu primeiro livro A Coragem de Comunicar foi lan\\u00e7ado na Bienal do Livro em S\\u00e3o Paulo no ano 2000, pela editora Madras.\"}]}<\/script>\n<!-- \/ Yoast SEO plugin. -->","_links":{"self":[{"href":"https:\/\/revistavitrineibiuna.com.br\/index.php?rest_route=\/wp\/v2\/posts\/33973"}],"collection":[{"href":"https:\/\/revistavitrineibiuna.com.br\/index.php?rest_route=\/wp\/v2\/posts"}],"about":[{"href":"https:\/\/revistavitrineibiuna.com.br\/index.php?rest_route=\/wp\/v2\/types\/post"}],"author":[{"embeddable":true,"href":"https:\/\/revistavitrineibiuna.com.br\/index.php?rest_route=\/wp\/v2\/users\/1"}],"replies":[{"embeddable":true,"href":"https:\/\/revistavitrineibiuna.com.br\/index.php?rest_route=%2Fwp%2Fv2%2Fcomments&post=33973"}],"version-history":[{"count":4,"href":"https:\/\/revistavitrineibiuna.com.br\/index.php?rest_route=\/wp\/v2\/posts\/33973\/revisions"}],"predecessor-version":[{"id":33978,"href":"https:\/\/revistavitrineibiuna.com.br\/index.php?rest_route=\/wp\/v2\/posts\/33973\/revisions\/33978"}],"wp:featuredmedia":[{"embeddable":true,"href":"https:\/\/revistavitrineibiuna.com.br\/index.php?rest_route=\/wp\/v2\/media\/33974"}],"wp:attachment":[{"href":"https:\/\/revistavitrineibiuna.com.br\/index.php?rest_route=%2Fwp%2Fv2%2Fmedia&parent=33973"}],"wp:term":[{"taxonomy":"category","embeddable":true,"href":"https:\/\/revistavitrineibiuna.com.br\/index.php?rest_route=%2Fwp%2Fv2%2Fcategories&post=33973"},{"taxonomy":"post_tag","embeddable":true,"href":"https:\/\/revistavitrineibiuna.com.br\/index.php?rest_route=%2Fwp%2Fv2%2Ftags&post=33973"}],"curies":[{"name":"wp","href":"https:\/\/api.w.org\/{rel}","templated":true}]}}