{"id":33979,"date":"2025-08-20T12:00:48","date_gmt":"2025-08-20T15:00:48","guid":{"rendered":"http:\/\/revistavitrineibiuna.com.br\/?p=33979"},"modified":"2025-08-20T12:20:45","modified_gmt":"2025-08-20T15:20:45","slug":"eleito-carlinhos-marques-garante-atuar-com-independencia","status":"publish","type":"post","link":"https:\/\/revistavitrineibiuna.com.br\/?p=33979","title":{"rendered":"ELEITO, CARLINHOS MARQUES GARANTE ATUAR COM INDEPEND\u00caNCIA"},"content":{"rendered":"\n<p class=\"has-drop-cap\">\u201cRepresento n\u00e3o o prefeito, mas a popula\u00e7\u00e3o\u201d, declarou o vereador Carlinhos Marques (Podemos) \u00e0 TVUNA ontem (19) \u00e0 tarde, logo ap\u00f3s ter sido eleito presidente da C\u00e2mara Municipal de Ibi\u00fana para 2026. Ele recebeu os votos de 14 dos 15 vereadores da Casa.<\/p>\n\n\n\n<p>Marques, 36, enfatizou que \u201ca nossa cidade precisa sair desse marasmo em que se encontra j\u00e1 h\u00e1 muitos anos\u201d, que a popula\u00e7\u00e3o \u201cespera respostas e o Poder Executivo tem essa fun\u00e7\u00e3o de oferecer respostas para a popula\u00e7\u00e3o e, n\u00f3s, vereadores, temos que cobrar [o Executivo]\u201d.<\/p>\n\n\n\n<p>Mais incisivo real\u00e7ou que \u201cessa cobran\u00e7a tem que ser incessante, ela j\u00e1 \u00e9, mas vai aumentar gradativamente por que o governo j\u00e1 tem que come\u00e7ar a mostrar resultados\u201d.<\/p>\n\n\n\n<p>\u201cJ\u00e1 temos oito meses de governo e n\u00f3s esperamos que em 2026 os principais projetos saiam do papel e a nossa popula\u00e7\u00e3o possa ser atendida em suas principais demandas.\u201d<\/p>\n\n\n\n<p>O vereador eleito disse que \u00e9 l\u00edder do Governo no Legislativo, \u201cmas eu tenho a minha independ\u00eancia para que as coisas comecem a funcionar, para trazer as mudan\u00e7as que a popula\u00e7\u00e3o espera e manifestou na elei\u00e7\u00e3o.\u201d<\/p>\n\n\n\n<p>ELEI\u00c7\u00c3O ANTECIPADA<\/p>\n\n\n\n<figure class=\"wp-block-image size-large\"><img loading=\"lazy\" width=\"1024\" height=\"645\" src=\"http:\/\/revistavitrineibiuna.com.br\/wp-content\/uploads\/2025\/08\/eleicao-carlinhos-2-1024x645.png\" alt=\"\" class=\"wp-image-33982\" srcset=\"https:\/\/revistavitrineibiuna.com.br\/wp-content\/uploads\/2025\/08\/eleicao-carlinhos-2-1024x645.png 1024w, https:\/\/revistavitrineibiuna.com.br\/wp-content\/uploads\/2025\/08\/eleicao-carlinhos-2-300x189.png 300w, https:\/\/revistavitrineibiuna.com.br\/wp-content\/uploads\/2025\/08\/eleicao-carlinhos-2-768x484.png 768w, https:\/\/revistavitrineibiuna.com.br\/wp-content\/uploads\/2025\/08\/eleicao-carlinhos-2-1536x968.png 1536w, https:\/\/revistavitrineibiuna.com.br\/wp-content\/uploads\/2025\/08\/eleicao-carlinhos-2.png 1595w\" sizes=\"(max-width: 1024px) 100vw, 1024px\" \/><\/figure>\n\n\n\n<p>A elei\u00e7\u00e3o da Mesa Diretora da C\u00e2mara foi antecipada tendo em vista possibilitar a participa\u00e7\u00e3o do Legislativo no planejamento tanto do plano plurianual de investimentos quanto do or\u00e7amento do Executivo para 2026 que, ao contr\u00e1rio do or\u00e7amento para 2025, herdado do governo anterior e severamente criticado pelos novos ocupantes do Pa\u00e7o Municipal, ser\u00e1 elaborado pelo atual governo.<\/p>\n\n\n\n<p>Assim, ao ser protagonista do pr\u00f3prio or\u00e7amento, o Executivo atual poder\u00e1, finalmente, ser avaliado em seu desempenho e no cumprimento de suas promessas de campanha eleitoral.<\/p>\n\n\n\n<p>ELEI\u00c7\u00c3O<\/p>\n\n\n\n<p>A elei\u00e7\u00e3o de ontem do ponto de vista dos bastidores refletiu tanto ambi\u00e7\u00f5es individuais dos vereadores quanto conflitos e entre grupos (a palavra trai\u00e7\u00e3o foi ouvida pelo menos uma vez no plen\u00e1rio) deixando algumas ranhuras em alguns relacionamentos, mas que se cicatrizar\u00e3o naturalmente porque pol\u00edtica funciona como nuvens ao vento.<\/p>\n\n\n\n<p>A chapa eleita est\u00e1 assim constitu\u00edda: Carlinhos Marques (Podemos), presidente (14 votos); Rodrigo Moraes (PDT), 1\u00ba vice-presidente (10 votos \u2013 Francine Bello (PDT) obteve 5 votos); Dito Santos (MDB), 2\u00ba vice-presidente (11 votos); Valnei Galv\u00e3o (Republicanos), 1\u00ba secret\u00e1rio (11 votos) \u2013 Lucas Pires (Podemos) obteve 4 votos); Abel do Cupim (PL), 2\u00ba vice-secret\u00e1rio (12 votos).<\/p>\n\n\n\n<p>VEJA COMO VOTARAM<\/p>\n\n\n\n<p>Francine Bello: presidente, Carlinhos Marques; 1\u00ba vice, Francine Bello; 2\u00ba vice, em branco; &nbsp;1\u00ba secret\u00e1rio, Lucas Pires; 2\u00ba secret\u00e1rio, em branco.<\/p>\n\n\n\n<p>Lucas Pires: presidente, Carlinhos Marques; 1\u00ba vice, Francine Bello; 2\u00ba vice, em branco; 1\u00ba secret\u00e1rio, Lucas Pires; 2\u00ba secret\u00e1rio, em branco.<\/p>\n\n\n\n<p>Charles Guimar\u00e3es (PL): presidente, em branco; 1\u00ba vice, Francine Bello; 2\u00ba vice, em branco; 1\u00ba secret\u00e1rio, Lucas Pires; 2\u00ba secret\u00e1rio, em branco.<\/p>\n\n\n\n<figure class=\"wp-block-image size-large\"><img loading=\"lazy\" width=\"1024\" height=\"768\" src=\"http:\/\/revistavitrineibiuna.com.br\/wp-content\/uploads\/2025\/08\/eleicao-carlinhos-3-1024x768.png\" alt=\"\" class=\"wp-image-33984\" srcset=\"https:\/\/revistavitrineibiuna.com.br\/wp-content\/uploads\/2025\/08\/eleicao-carlinhos-3-1024x768.png 1024w, https:\/\/revistavitrineibiuna.com.br\/wp-content\/uploads\/2025\/08\/eleicao-carlinhos-3-300x225.png 300w, https:\/\/revistavitrineibiuna.com.br\/wp-content\/uploads\/2025\/08\/eleicao-carlinhos-3-768x576.png 768w, https:\/\/revistavitrineibiuna.com.br\/wp-content\/uploads\/2025\/08\/eleicao-carlinhos-3-1536x1152.png 1536w, https:\/\/revistavitrineibiuna.com.br\/wp-content\/uploads\/2025\/08\/eleicao-carlinhos-3-320x240.png 320w, https:\/\/revistavitrineibiuna.com.br\/wp-content\/uploads\/2025\/08\/eleicao-carlinhos-3.png 1600w\" sizes=\"(max-width: 1024px) 100vw, 1024px\" \/><\/figure>\n","protected":false},"excerpt":{"rendered":"<p>\u201cRepresento n\u00e3o o prefeito, mas a popula\u00e7\u00e3o\u201d, declarou o vereador Carlinhos Marques (Podemos) \u00e0 TVUNA ontem (19) \u00e0 tarde, logo<\/p>\n","protected":false},"author":1,"featured_media":33980,"comment_status":"open","ping_status":"open","sticky":false,"template":"","format":"standard","meta":[],"categories":[3],"tags":[],"yoast_head":"<!-- This site is optimized with the Yoast SEO plugin v15.8 - https:\/\/yoast.com\/wordpress\/plugins\/seo\/ -->\n<title>ELEITO, CARLINHOS MARQUES GARANTE ATUAR COM INDEPEND\u00caNCIA - Revista Vitrine Online<\/title>\n<meta name=\"robots\" content=\"index, follow, max-snippet:-1, max-image-preview:large, max-video-preview:-1\" \/>\n<link rel=\"canonical\" href=\"http:\/\/revistavitrineibiuna.com.br\/?p=33979\" \/>\n<meta property=\"og:locale\" content=\"pt_BR\" \/>\n<meta property=\"og:type\" content=\"article\" \/>\n<meta property=\"og:title\" content=\"ELEITO, CARLINHOS MARQUES GARANTE ATUAR COM INDEPEND\u00caNCIA - Revista Vitrine Online\" \/>\n<meta property=\"og:description\" content=\"\u201cRepresento n\u00e3o o prefeito, mas a popula\u00e7\u00e3o\u201d, declarou o vereador Carlinhos Marques (Podemos) \u00e0 TVUNA ontem (19) \u00e0 tarde, logo\" \/>\n<meta property=\"og:url\" content=\"http:\/\/revistavitrineibiuna.com.br\/?p=33979\" \/>\n<meta property=\"og:site_name\" content=\"Revista Vitrine Online\" \/>\n<meta property=\"article:published_time\" content=\"2025-08-20T15:00:48+00:00\" \/>\n<meta property=\"article:modified_time\" content=\"2025-08-20T15:20:45+00:00\" \/>\n<meta property=\"og:image\" content=\"https:\/\/revistavitrineibiuna.com.br\/wp-content\/uploads\/2025\/08\/eleicao-carlinhos-1.png\" \/>\n\t<meta property=\"og:image:width\" content=\"522\" \/>\n\t<meta property=\"og:image:height\" content=\"471\" \/>\n<meta name=\"twitter:card\" content=\"summary\" \/>\n<meta name=\"twitter:label1\" content=\"Est. reading time\">\n\t<meta name=\"twitter:data1\" content=\"3 minutos\">\n<script type=\"application\/ld+json\" class=\"yoast-schema-graph\">{\"@context\":\"https:\/\/schema.org\",\"@graph\":[{\"@type\":\"WebSite\",\"@id\":\"https:\/\/revistavitrineibiuna.com.br\/#website\",\"url\":\"https:\/\/revistavitrineibiuna.com.br\/\",\"name\":\"Revista Vitrine Ibi\\u00fana\",\"description\":\"A Revista de Ibi\\u00fana e Regi\\u00e3o\",\"publisher\":{\"@id\":\"https:\/\/revistavitrineibiuna.com.br\/#\/schema\/person\/e51ef49d6d88170ea21ceabff3f73deb\"},\"potentialAction\":[{\"@type\":\"SearchAction\",\"target\":\"https:\/\/revistavitrineibiuna.com.br\/?s={search_term_string}\",\"query-input\":\"required name=search_term_string\"}],\"inLanguage\":\"pt-BR\"},{\"@type\":\"ImageObject\",\"@id\":\"http:\/\/revistavitrineibiuna.com.br\/?p=33979#primaryimage\",\"inLanguage\":\"pt-BR\",\"url\":\"https:\/\/revistavitrineibiuna.com.br\/wp-content\/uploads\/2025\/08\/eleicao-carlinhos-1.png\",\"width\":522,\"height\":471},{\"@type\":\"WebPage\",\"@id\":\"http:\/\/revistavitrineibiuna.com.br\/?p=33979#webpage\",\"url\":\"http:\/\/revistavitrineibiuna.com.br\/?p=33979\",\"name\":\"ELEITO, CARLINHOS MARQUES GARANTE ATUAR COM INDEPEND\\u00caNCIA - Revista Vitrine Online\",\"isPartOf\":{\"@id\":\"https:\/\/revistavitrineibiuna.com.br\/#website\"},\"primaryImageOfPage\":{\"@id\":\"http:\/\/revistavitrineibiuna.com.br\/?p=33979#primaryimage\"},\"datePublished\":\"2025-08-20T15:00:48+00:00\",\"dateModified\":\"2025-08-20T15:20:45+00:00\",\"breadcrumb\":{\"@id\":\"http:\/\/revistavitrineibiuna.com.br\/?p=33979#breadcrumb\"},\"inLanguage\":\"pt-BR\",\"potentialAction\":[{\"@type\":\"ReadAction\",\"target\":[\"http:\/\/revistavitrineibiuna.com.br\/?p=33979\"]}]},{\"@type\":\"BreadcrumbList\",\"@id\":\"http:\/\/revistavitrineibiuna.com.br\/?p=33979#breadcrumb\",\"itemListElement\":[{\"@type\":\"ListItem\",\"position\":1,\"item\":{\"@type\":\"WebPage\",\"@id\":\"https:\/\/revistavitrineibiuna.com.br\/\",\"url\":\"https:\/\/revistavitrineibiuna.com.br\/\",\"name\":\"In\\u00edcio\"}},{\"@type\":\"ListItem\",\"position\":2,\"item\":{\"@type\":\"WebPage\",\"@id\":\"http:\/\/revistavitrineibiuna.com.br\/?p=33979\",\"url\":\"http:\/\/revistavitrineibiuna.com.br\/?p=33979\",\"name\":\"ELEITO, CARLINHOS MARQUES GARANTE ATUAR COM INDEPEND\\u00caNCIA\"}}]},{\"@type\":\"Article\",\"@id\":\"http:\/\/revistavitrineibiuna.com.br\/?p=33979#article\",\"isPartOf\":{\"@id\":\"http:\/\/revistavitrineibiuna.com.br\/?p=33979#webpage\"},\"author\":{\"@id\":\"https:\/\/revistavitrineibiuna.com.br\/#\/schema\/person\/e51ef49d6d88170ea21ceabff3f73deb\"},\"headline\":\"ELEITO, CARLINHOS MARQUES GARANTE ATUAR COM INDEPEND\\u00caNCIA\",\"datePublished\":\"2025-08-20T15:00:48+00:00\",\"dateModified\":\"2025-08-20T15:20:45+00:00\",\"mainEntityOfPage\":{\"@id\":\"http:\/\/revistavitrineibiuna.com.br\/?p=33979#webpage\"},\"commentCount\":0,\"publisher\":{\"@id\":\"https:\/\/revistavitrineibiuna.com.br\/#\/schema\/person\/e51ef49d6d88170ea21ceabff3f73deb\"},\"image\":{\"@id\":\"http:\/\/revistavitrineibiuna.com.br\/?p=33979#primaryimage\"},\"articleSection\":\"Not\\u00edcias\",\"inLanguage\":\"pt-BR\",\"potentialAction\":[{\"@type\":\"CommentAction\",\"name\":\"Comment\",\"target\":[\"http:\/\/revistavitrineibiuna.com.br\/?p=33979#respond\"]}]},{\"@type\":[\"Person\",\"Organization\"],\"@id\":\"https:\/\/revistavitrineibiuna.com.br\/#\/schema\/person\/e51ef49d6d88170ea21ceabff3f73deb\",\"name\":\"Carlos Rossini\",\"image\":{\"@type\":\"ImageObject\",\"@id\":\"https:\/\/revistavitrineibiuna.com.br\/#personlogo\",\"inLanguage\":\"pt-BR\",\"url\":\"https:\/\/secure.gravatar.com\/avatar\/4f2d0f99fac1f85c7d643f21f5c8d900?s=96&d=mm&r=g\",\"caption\":\"Carlos Rossini\"},\"logo\":{\"@id\":\"https:\/\/revistavitrineibiuna.com.br\/#personlogo\"},\"description\":\"Carlos Rossini \\u00e9 jornalista, soci\\u00f3logo, escritor e professor universit\\u00e1rio, tendo sido professor de jornalismo por vinte anos. Trabalhou em ve\\u00edculos de comunica\\u00e7\\u00e3o nas fun\\u00e7\\u00f5es de rep\\u00f3rter, redator, editor, articulista e colaborador, como Folha de S. Paulo, O Estado de S. Paulo, Di\\u00e1rio Popular, entre outros. Ao transferir a revista vitrine, vers\\u00e3o imprensa, de S\\u00e3o Paulo para Ibi\\u00fana h\\u00e1 alguns anos, iniciou uma nova experi\\u00eancia profissional, dedicando-se ao jornalismo regional, depois de cumprir uma trajet\\u00f3ria bem-sucedida na grande imprensa brasileira. Seu primeiro livro A Coragem de Comunicar foi lan\\u00e7ado na Bienal do Livro em S\\u00e3o Paulo no ano 2000, pela editora Madras.\"}]}<\/script>\n<!-- \/ Yoast SEO plugin. -->","_links":{"self":[{"href":"https:\/\/revistavitrineibiuna.com.br\/index.php?rest_route=\/wp\/v2\/posts\/33979"}],"collection":[{"href":"https:\/\/revistavitrineibiuna.com.br\/index.php?rest_route=\/wp\/v2\/posts"}],"about":[{"href":"https:\/\/revistavitrineibiuna.com.br\/index.php?rest_route=\/wp\/v2\/types\/post"}],"author":[{"embeddable":true,"href":"https:\/\/revistavitrineibiuna.com.br\/index.php?rest_route=\/wp\/v2\/users\/1"}],"replies":[{"embeddable":true,"href":"https:\/\/revistavitrineibiuna.com.br\/index.php?rest_route=%2Fwp%2Fv2%2Fcomments&post=33979"}],"version-history":[{"count":3,"href":"https:\/\/revistavitrineibiuna.com.br\/index.php?rest_route=\/wp\/v2\/posts\/33979\/revisions"}],"predecessor-version":[{"id":33987,"href":"https:\/\/revistavitrineibiuna.com.br\/index.php?rest_route=\/wp\/v2\/posts\/33979\/revisions\/33987"}],"wp:featuredmedia":[{"embeddable":true,"href":"https:\/\/revistavitrineibiuna.com.br\/index.php?rest_route=\/wp\/v2\/media\/33980"}],"wp:attachment":[{"href":"https:\/\/revistavitrineibiuna.com.br\/index.php?rest_route=%2Fwp%2Fv2%2Fmedia&parent=33979"}],"wp:term":[{"taxonomy":"category","embeddable":true,"href":"https:\/\/revistavitrineibiuna.com.br\/index.php?rest_route=%2Fwp%2Fv2%2Fcategories&post=33979"},{"taxonomy":"post_tag","embeddable":true,"href":"https:\/\/revistavitrineibiuna.com.br\/index.php?rest_route=%2Fwp%2Fv2%2Ftags&post=33979"}],"curies":[{"name":"wp","href":"https:\/\/api.w.org\/{rel}","templated":true}]}}