{"id":34001,"date":"2025-08-23T20:13:15","date_gmt":"2025-08-23T23:13:15","guid":{"rendered":"http:\/\/revistavitrineibiuna.com.br\/?p=34001"},"modified":"2025-08-23T20:45:59","modified_gmt":"2025-08-23T23:45:59","slug":"tvuna-convida-os-vereadores-para-o-murinho-da-verdade","status":"publish","type":"post","link":"https:\/\/revistavitrineibiuna.com.br\/?p=34001","title":{"rendered":"TVUNA CONVIDA OS VEREADORES PARA O \u201cMURINHO DA VERDADE\u201d"},"content":{"rendered":"\n<p class=\"has-drop-cap\"><strong>Nesta segunda-feira (25) todos os vereadores da C\u00e2mara Municipal de Ibi\u00fana ser\u00e3o convidados a conceder entrevista \u00e0 TVUNA de um jeito diferente do formalismo tradicional.<\/strong><\/p>\n\n\n\n<p><strong>O objetivo desse novo projeto, denominado graciosamente de \u201cMurinho da Verdade\u201d, \u00e9 incentivar o bate-papo, a conversa descontra\u00edda, mas respeitosa.<\/strong><\/p>\n\n\n\n<p><strong>Cada um dos parlamentares ter\u00e1 a oportunidade de se expressar do seu jeito natural e espont\u00e2neo, de modo que os cidad\u00e3os possam compreender suas ideias, como pensam e como encaram sua miss\u00e3o.<\/strong><\/p>\n\n\n\n<p><strong>O cen\u00e1rio inicial das entrevistas contar\u00e1 com a mureta branca que existe no lado de fora do pr\u00e9dio do Legislativo, ao ar livre, que tem ao fundo um pr\u00e9dio em constru\u00e7\u00e3o que j\u00e1 \u00e9 o mais alto jamais constru\u00eddo no munic\u00edpio.<\/strong><\/p>\n\n\n\n<p><strong>Perguntas tradicionais far\u00e3o obviamente parte do card\u00e1pio dessas entrevistas, mas, e a\u00ed \u00e9 que pode haver o que faz a diferen\u00e7a, haver\u00e1 indaga\u00e7\u00f5es fora do script habitual.<\/strong><\/p>\n\n\n\n<p><strong>Essa perspectiva \u00e9 a cereja do bolo da TVUNA que vem conquistando gradativamente cada vez mais audi\u00eancia porque seu compromisso primordial \u00e9 prestar informa\u00e7\u00f5es com base nas boas pr\u00e1ticas do jornalismo profissional.<\/strong><\/p>\n\n\n\n<p><strong>\u00c9 dessa maneira que a TVUNA v\u00ea sua miss\u00e3o de contribuir para que a popula\u00e7\u00e3o de Ibi\u00fana consiga realizar seus sonhos de viver dias melhores e ter raz\u00f5es objetivas para sentir orgulho de sua terra. (C.R.)<\/strong><\/p>\n\n\n\n<figure class=\"wp-block-image size-large\"><img loading=\"lazy\" width=\"1024\" height=\"768\" src=\"http:\/\/revistavitrineibiuna.com.br\/wp-content\/uploads\/2025\/08\/b59cf360-a727-4c0b-8192-6439c0faeee8-1024x768.jpg\" alt=\"\" class=\"wp-image-34004\" srcset=\"https:\/\/revistavitrineibiuna.com.br\/wp-content\/uploads\/2025\/08\/b59cf360-a727-4c0b-8192-6439c0faeee8-1024x768.jpg 1024w, https:\/\/revistavitrineibiuna.com.br\/wp-content\/uploads\/2025\/08\/b59cf360-a727-4c0b-8192-6439c0faeee8-300x225.jpg 300w, https:\/\/revistavitrineibiuna.com.br\/wp-content\/uploads\/2025\/08\/b59cf360-a727-4c0b-8192-6439c0faeee8-768x576.jpg 768w, https:\/\/revistavitrineibiuna.com.br\/wp-content\/uploads\/2025\/08\/b59cf360-a727-4c0b-8192-6439c0faeee8-1536x1152.jpg 1536w, https:\/\/revistavitrineibiuna.com.br\/wp-content\/uploads\/2025\/08\/b59cf360-a727-4c0b-8192-6439c0faeee8-320x240.jpg 320w, https:\/\/revistavitrineibiuna.com.br\/wp-content\/uploads\/2025\/08\/b59cf360-a727-4c0b-8192-6439c0faeee8.jpg 1600w\" sizes=\"(max-width: 1024px) 100vw, 1024px\" \/><\/figure>\n\n\n\n<p><strong><em><u>Nota aos leitores<\/u><\/em><\/strong><strong><em>: Certamente, esse novo projeto editorial da TVUNA depender\u00e1 da aceita\u00e7\u00e3o dos parlamentares, entre os quais se encontram alguns que foram eleitos pela primeira vez.<\/em><\/strong><\/p>\n","protected":false},"excerpt":{"rendered":"<p>Nesta segunda-feira (25) todos os vereadores da C\u00e2mara Municipal de Ibi\u00fana ser\u00e3o convidados a conceder entrevista \u00e0 TVUNA de um<\/p>\n","protected":false},"author":1,"featured_media":34002,"comment_status":"open","ping_status":"open","sticky":false,"template":"","format":"standard","meta":[],"categories":[3],"tags":[],"yoast_head":"<!-- This site is optimized with the Yoast SEO plugin v15.8 - https:\/\/yoast.com\/wordpress\/plugins\/seo\/ -->\n<title>TVUNA CONVIDA OS VEREADORES PARA O \u201cMURINHO DA VERDADE\u201d - Revista Vitrine Online<\/title>\n<meta name=\"robots\" content=\"index, follow, max-snippet:-1, max-image-preview:large, max-video-preview:-1\" \/>\n<link rel=\"canonical\" href=\"http:\/\/revistavitrineibiuna.com.br\/?p=34001\" \/>\n<meta property=\"og:locale\" content=\"pt_BR\" \/>\n<meta property=\"og:type\" content=\"article\" \/>\n<meta property=\"og:title\" content=\"TVUNA CONVIDA OS VEREADORES PARA O \u201cMURINHO DA VERDADE\u201d - Revista Vitrine Online\" \/>\n<meta property=\"og:description\" content=\"Nesta segunda-feira (25) todos os vereadores da C\u00e2mara Municipal de Ibi\u00fana ser\u00e3o convidados a conceder entrevista \u00e0 TVUNA de um\" \/>\n<meta property=\"og:url\" content=\"http:\/\/revistavitrineibiuna.com.br\/?p=34001\" \/>\n<meta property=\"og:site_name\" content=\"Revista Vitrine Online\" \/>\n<meta property=\"article:published_time\" content=\"2025-08-23T23:13:15+00:00\" \/>\n<meta property=\"article:modified_time\" content=\"2025-08-23T23:45:59+00:00\" \/>\n<meta property=\"og:image\" content=\"https:\/\/revistavitrineibiuna.com.br\/wp-content\/uploads\/2025\/08\/murinho-da-verdade.png\" \/>\n\t<meta property=\"og:image:width\" content=\"719\" \/>\n\t<meta property=\"og:image:height\" content=\"503\" \/>\n<meta name=\"twitter:card\" content=\"summary\" \/>\n<meta name=\"twitter:label1\" content=\"Est. reading time\">\n\t<meta name=\"twitter:data1\" content=\"2 minutos\">\n<script type=\"application\/ld+json\" class=\"yoast-schema-graph\">{\"@context\":\"https:\/\/schema.org\",\"@graph\":[{\"@type\":\"WebSite\",\"@id\":\"https:\/\/revistavitrineibiuna.com.br\/#website\",\"url\":\"https:\/\/revistavitrineibiuna.com.br\/\",\"name\":\"Revista Vitrine Ibi\\u00fana\",\"description\":\"A Revista de Ibi\\u00fana e Regi\\u00e3o\",\"publisher\":{\"@id\":\"https:\/\/revistavitrineibiuna.com.br\/#\/schema\/person\/e51ef49d6d88170ea21ceabff3f73deb\"},\"potentialAction\":[{\"@type\":\"SearchAction\",\"target\":\"https:\/\/revistavitrineibiuna.com.br\/?s={search_term_string}\",\"query-input\":\"required name=search_term_string\"}],\"inLanguage\":\"pt-BR\"},{\"@type\":\"ImageObject\",\"@id\":\"http:\/\/revistavitrineibiuna.com.br\/?p=34001#primaryimage\",\"inLanguage\":\"pt-BR\",\"url\":\"https:\/\/revistavitrineibiuna.com.br\/wp-content\/uploads\/2025\/08\/murinho-da-verdade.png\",\"width\":719,\"height\":503},{\"@type\":\"WebPage\",\"@id\":\"http:\/\/revistavitrineibiuna.com.br\/?p=34001#webpage\",\"url\":\"http:\/\/revistavitrineibiuna.com.br\/?p=34001\",\"name\":\"TVUNA CONVIDA OS VEREADORES PARA O \\u201cMURINHO DA VERDADE\\u201d - Revista Vitrine Online\",\"isPartOf\":{\"@id\":\"https:\/\/revistavitrineibiuna.com.br\/#website\"},\"primaryImageOfPage\":{\"@id\":\"http:\/\/revistavitrineibiuna.com.br\/?p=34001#primaryimage\"},\"datePublished\":\"2025-08-23T23:13:15+00:00\",\"dateModified\":\"2025-08-23T23:45:59+00:00\",\"breadcrumb\":{\"@id\":\"http:\/\/revistavitrineibiuna.com.br\/?p=34001#breadcrumb\"},\"inLanguage\":\"pt-BR\",\"potentialAction\":[{\"@type\":\"ReadAction\",\"target\":[\"http:\/\/revistavitrineibiuna.com.br\/?p=34001\"]}]},{\"@type\":\"BreadcrumbList\",\"@id\":\"http:\/\/revistavitrineibiuna.com.br\/?p=34001#breadcrumb\",\"itemListElement\":[{\"@type\":\"ListItem\",\"position\":1,\"item\":{\"@type\":\"WebPage\",\"@id\":\"https:\/\/revistavitrineibiuna.com.br\/\",\"url\":\"https:\/\/revistavitrineibiuna.com.br\/\",\"name\":\"In\\u00edcio\"}},{\"@type\":\"ListItem\",\"position\":2,\"item\":{\"@type\":\"WebPage\",\"@id\":\"http:\/\/revistavitrineibiuna.com.br\/?p=34001\",\"url\":\"http:\/\/revistavitrineibiuna.com.br\/?p=34001\",\"name\":\"TVUNA CONVIDA OS VEREADORES PARA O \\u201cMURINHO DA VERDADE\\u201d\"}}]},{\"@type\":\"Article\",\"@id\":\"http:\/\/revistavitrineibiuna.com.br\/?p=34001#article\",\"isPartOf\":{\"@id\":\"http:\/\/revistavitrineibiuna.com.br\/?p=34001#webpage\"},\"author\":{\"@id\":\"https:\/\/revistavitrineibiuna.com.br\/#\/schema\/person\/e51ef49d6d88170ea21ceabff3f73deb\"},\"headline\":\"TVUNA CONVIDA OS VEREADORES PARA O \\u201cMURINHO DA VERDADE\\u201d\",\"datePublished\":\"2025-08-23T23:13:15+00:00\",\"dateModified\":\"2025-08-23T23:45:59+00:00\",\"mainEntityOfPage\":{\"@id\":\"http:\/\/revistavitrineibiuna.com.br\/?p=34001#webpage\"},\"commentCount\":0,\"publisher\":{\"@id\":\"https:\/\/revistavitrineibiuna.com.br\/#\/schema\/person\/e51ef49d6d88170ea21ceabff3f73deb\"},\"image\":{\"@id\":\"http:\/\/revistavitrineibiuna.com.br\/?p=34001#primaryimage\"},\"articleSection\":\"Not\\u00edcias\",\"inLanguage\":\"pt-BR\",\"potentialAction\":[{\"@type\":\"CommentAction\",\"name\":\"Comment\",\"target\":[\"http:\/\/revistavitrineibiuna.com.br\/?p=34001#respond\"]}]},{\"@type\":[\"Person\",\"Organization\"],\"@id\":\"https:\/\/revistavitrineibiuna.com.br\/#\/schema\/person\/e51ef49d6d88170ea21ceabff3f73deb\",\"name\":\"Carlos Rossini\",\"image\":{\"@type\":\"ImageObject\",\"@id\":\"https:\/\/revistavitrineibiuna.com.br\/#personlogo\",\"inLanguage\":\"pt-BR\",\"url\":\"https:\/\/secure.gravatar.com\/avatar\/4f2d0f99fac1f85c7d643f21f5c8d900?s=96&d=mm&r=g\",\"caption\":\"Carlos Rossini\"},\"logo\":{\"@id\":\"https:\/\/revistavitrineibiuna.com.br\/#personlogo\"},\"description\":\"Carlos Rossini \\u00e9 jornalista, soci\\u00f3logo, escritor e professor universit\\u00e1rio, tendo sido professor de jornalismo por vinte anos. Trabalhou em ve\\u00edculos de comunica\\u00e7\\u00e3o nas fun\\u00e7\\u00f5es de rep\\u00f3rter, redator, editor, articulista e colaborador, como Folha de S. Paulo, O Estado de S. Paulo, Di\\u00e1rio Popular, entre outros. Ao transferir a revista vitrine, vers\\u00e3o imprensa, de S\\u00e3o Paulo para Ibi\\u00fana h\\u00e1 alguns anos, iniciou uma nova experi\\u00eancia profissional, dedicando-se ao jornalismo regional, depois de cumprir uma trajet\\u00f3ria bem-sucedida na grande imprensa brasileira. Seu primeiro livro A Coragem de Comunicar foi lan\\u00e7ado na Bienal do Livro em S\\u00e3o Paulo no ano 2000, pela editora Madras.\"}]}<\/script>\n<!-- \/ Yoast SEO plugin. -->","_links":{"self":[{"href":"https:\/\/revistavitrineibiuna.com.br\/index.php?rest_route=\/wp\/v2\/posts\/34001"}],"collection":[{"href":"https:\/\/revistavitrineibiuna.com.br\/index.php?rest_route=\/wp\/v2\/posts"}],"about":[{"href":"https:\/\/revistavitrineibiuna.com.br\/index.php?rest_route=\/wp\/v2\/types\/post"}],"author":[{"embeddable":true,"href":"https:\/\/revistavitrineibiuna.com.br\/index.php?rest_route=\/wp\/v2\/users\/1"}],"replies":[{"embeddable":true,"href":"https:\/\/revistavitrineibiuna.com.br\/index.php?rest_route=%2Fwp%2Fv2%2Fcomments&post=34001"}],"version-history":[{"count":5,"href":"https:\/\/revistavitrineibiuna.com.br\/index.php?rest_route=\/wp\/v2\/posts\/34001\/revisions"}],"predecessor-version":[{"id":34009,"href":"https:\/\/revistavitrineibiuna.com.br\/index.php?rest_route=\/wp\/v2\/posts\/34001\/revisions\/34009"}],"wp:featuredmedia":[{"embeddable":true,"href":"https:\/\/revistavitrineibiuna.com.br\/index.php?rest_route=\/wp\/v2\/media\/34002"}],"wp:attachment":[{"href":"https:\/\/revistavitrineibiuna.com.br\/index.php?rest_route=%2Fwp%2Fv2%2Fmedia&parent=34001"}],"wp:term":[{"taxonomy":"category","embeddable":true,"href":"https:\/\/revistavitrineibiuna.com.br\/index.php?rest_route=%2Fwp%2Fv2%2Fcategories&post=34001"},{"taxonomy":"post_tag","embeddable":true,"href":"https:\/\/revistavitrineibiuna.com.br\/index.php?rest_route=%2Fwp%2Fv2%2Ftags&post=34001"}],"curies":[{"name":"wp","href":"https:\/\/api.w.org\/{rel}","templated":true}]}}