{"id":34010,"date":"2025-08-27T09:08:12","date_gmt":"2025-08-27T12:08:12","guid":{"rendered":"http:\/\/revistavitrineibiuna.com.br\/?p=34010"},"modified":"2025-08-27T09:45:22","modified_gmt":"2025-08-27T12:45:22","slug":"a-esperanca-era-uma-deusa-ate-a-invencao-da-politica","status":"publish","type":"post","link":"https:\/\/revistavitrineibiuna.com.br\/?p=34010","title":{"rendered":"A ESPERAN\u00c7A ERA UMA DEUSA, AT\u00c9 A \u2018INVEN\u00c7\u00c3O\u2019 DA POL\u00cdTICA"},"content":{"rendered":"\n<p class=\"has-drop-cap\"><strong>Na mitologia grega, Elpis, a deusa da esperan\u00e7a, \u00e9 representada por uma jovem graciosa, muitas vezes carregando flores ou uma cornuc\u00f3pia, s\u00edmbolos da abund\u00e2ncia e do futuro promissor.<\/strong><\/p>\n\n\n\n<p><strong>Conta-se que o povo grego tinha um relacionamento complexo com a ideia da esperan\u00e7a. \u00c0s vezes a considerava como algo positivo, mas tamb\u00e9m como incerteza, quando a esperan\u00e7a se mostrava v\u00e3, ou seja, n\u00e3o se concretizava.<\/strong><\/p>\n\n\n\n<p><strong>O fil\u00f3sofo espanhol Baltasar Graci\u00e1n, que viveu no s\u00e9culo 17, em suas famosas li\u00e7\u00f5es, escreveu: \u201cA esperan\u00e7a \u00e9 uma grande falsificadora\u201d, argumento compreens\u00edvel, no sentido de que ela nos faz aguardar algo que pode n\u00e3o acontecer ou improv\u00e1vel.<\/strong><\/p>\n\n\n\n<p><strong>Al\u00e9m do bord\u00e3o \u201cquem espera sempre alcan\u00e7a\u201d, quando a esperan\u00e7a se apresenta na sua magn\u00edfica vers\u00e3o positiva de crer, ter f\u00e9, em que coisas boas aconte\u00e7am em nossas vidas, o uso pol\u00edtico da esperan\u00e7a se tornou um dos mais frequentes modos de manipular a cabe\u00e7a das pessoas.<\/strong><\/p>\n\n\n\n<p><strong>Governador e prefeitos se apresentam como showmen, desempenhando papeis de puro entretenimento, aparentemente embriagados pelos efeitos que o poder provoca no comportamento humano.<\/strong><\/p>\n\n\n\n<p><strong>\u00c9 not\u00e1vel que tamb\u00e9m integram uma esp\u00e9cie de confraria pol\u00edtica recheada de abra\u00e7os, troca de informa\u00e7\u00f5es e alinhamentos t\u00edpicos de grupos de interesse, em que n\u00e3o faltam olhares atentos a sinais de prest\u00edgio.<\/strong><\/p>\n\n\n\n<p><strong>Veja se isto acontece em sua&nbsp; cidade. A esperan\u00e7a sempre est\u00e1 vinculada a algo que n\u00e3o ocorre aqui e agora, mas no futuro, um tecido feito de promessas formuladas pelos pol\u00edticos.<\/strong><\/p>\n\n\n\n<p><strong>\u00c9 oportuno frisar que n\u00e3o h\u00e1 nada de errado com a esperan\u00e7a como necessidade e desejo humano.<\/strong><\/p>\n\n\n\n<p><strong>Mas \u00e9 bom deixar claro que os pol\u00edticos profissionais a utilizam em suas campanhas eleitorais como uma forma de manipula\u00e7\u00e3o, ao\u00a0 explorar as emo\u00e7\u00f5es dos eleitores, sobretudo dos mais simples e cr\u00e9dulos, e que s\u00e3o deixados ao largo das a\u00e7\u00f5es concretas, que s\u00e3o as bases do progresso e da constru\u00e7\u00e3o de um futuro melhor. Quem pode ser contra um futuro melhor, ainda que se trate de uma utopia?<\/strong><\/p>\n\n\n\n<p><strong>Repetimos: esperan\u00e7a diz respeito a um tempo que n\u00e3o existe, o futuro, enquanto a \u00fanica realidade poss\u00edvel \u00e9 o presente em que se apresentam as necessidades efetivas da popula\u00e7\u00e3o. Exemplo palmar: uma pessoa enferma exige a\u00e7\u00f5es e cuidados imediatos, j\u00e1 que no futuro, ali\u00e1s nem muito distante no tempo, a situa\u00e7\u00e3o pode se agravar seriamente.<\/strong><\/p>\n\n\n\n<p><strong>Boas inten\u00e7\u00f5es declaradas n\u00e3o s\u00e3o exatamente o modo objetivo adequado de se resolverem problemas que exigem atitudes no andamento da carruagem, ainda que esta esteja necessitando de reparos a defeitos pr\u00e9-existentes para se manter funcionando.<\/strong><\/p>\n\n\n\n<p><strong>Todo governo n\u00e3o desp\u00f3tico ou n\u00e3o autocr\u00e1tico tem prazo de validade no cen\u00e1rio da democracia. O tempo se encarregar\u00e1 inexoravelmente de sua transi\u00e7\u00e3o.<\/strong><\/p>\n\n\n\n<p><strong>H\u00e1 tempo para a campanha, tempo para celebrar a elei\u00e7\u00e3o, a lua de mel com o poder, como recebimento da chave que abre as portas dos pal\u00e1cios executivos, a pr\u00e1tica de gerenciamento, a entrega das responsabilidades p\u00fablicas, a conquista do respeito e aprova\u00e7\u00e3o popular, tempo de novas elei\u00e7\u00f5es, e assim por diante.<\/strong><\/p>\n\n\n\n<p><strong>Em suma, um futuro somente poder\u00e1 ser promissor, de fato, se o presente se constituir de a\u00e7\u00f5es coerentes e compat\u00edveis com aquele prop\u00f3sito. (Carlos Rossini \u00e9 jornalista, diretor da TVUNA e editor de vitrine online)<\/strong><\/p>\n","protected":false},"excerpt":{"rendered":"<p>Na mitologia grega, Elpis, a deusa da esperan\u00e7a, \u00e9 representada por uma jovem graciosa, muitas vezes carregando flores ou uma<\/p>\n","protected":false},"author":1,"featured_media":34011,"comment_status":"open","ping_status":"open","sticky":false,"template":"","format":"standard","meta":[],"categories":[3],"tags":[],"yoast_head":"<!-- This site is optimized with the Yoast SEO plugin v15.8 - https:\/\/yoast.com\/wordpress\/plugins\/seo\/ -->\n<title>A ESPERAN\u00c7A ERA UMA DEUSA, AT\u00c9 A \u2018INVEN\u00c7\u00c3O\u2019 DA POL\u00cdTICA - Revista Vitrine Online<\/title>\n<meta name=\"robots\" content=\"index, follow, max-snippet:-1, max-image-preview:large, max-video-preview:-1\" \/>\n<link rel=\"canonical\" href=\"https:\/\/revistavitrineibiuna.com.br\/?p=34010\" \/>\n<meta property=\"og:locale\" content=\"pt_BR\" \/>\n<meta property=\"og:type\" content=\"article\" \/>\n<meta property=\"og:title\" content=\"A ESPERAN\u00c7A ERA UMA DEUSA, AT\u00c9 A \u2018INVEN\u00c7\u00c3O\u2019 DA POL\u00cdTICA - Revista Vitrine Online\" \/>\n<meta property=\"og:description\" content=\"Na mitologia grega, Elpis, a deusa da esperan\u00e7a, \u00e9 representada por uma jovem graciosa, muitas vezes carregando flores ou uma\" \/>\n<meta property=\"og:url\" content=\"https:\/\/revistavitrineibiuna.com.br\/?p=34010\" \/>\n<meta property=\"og:site_name\" content=\"Revista Vitrine Online\" \/>\n<meta property=\"article:published_time\" content=\"2025-08-27T12:08:12+00:00\" \/>\n<meta property=\"article:modified_time\" content=\"2025-08-27T12:45:22+00:00\" \/>\n<meta property=\"og:image\" content=\"https:\/\/revistavitrineibiuna.com.br\/wp-content\/uploads\/2025\/08\/Deusa-Elpis.png\" \/>\n\t<meta property=\"og:image:width\" content=\"699\" \/>\n\t<meta property=\"og:image:height\" content=\"476\" \/>\n<meta name=\"twitter:card\" content=\"summary\" \/>\n<meta name=\"twitter:label1\" content=\"Est. reading time\">\n\t<meta name=\"twitter:data1\" content=\"3 minutos\">\n<script type=\"application\/ld+json\" class=\"yoast-schema-graph\">{\"@context\":\"https:\/\/schema.org\",\"@graph\":[{\"@type\":\"WebSite\",\"@id\":\"https:\/\/revistavitrineibiuna.com.br\/#website\",\"url\":\"https:\/\/revistavitrineibiuna.com.br\/\",\"name\":\"Revista Vitrine Ibi\\u00fana\",\"description\":\"A Revista de Ibi\\u00fana e Regi\\u00e3o\",\"publisher\":{\"@id\":\"https:\/\/revistavitrineibiuna.com.br\/#\/schema\/person\/e51ef49d6d88170ea21ceabff3f73deb\"},\"potentialAction\":[{\"@type\":\"SearchAction\",\"target\":\"https:\/\/revistavitrineibiuna.com.br\/?s={search_term_string}\",\"query-input\":\"required name=search_term_string\"}],\"inLanguage\":\"pt-BR\"},{\"@type\":\"ImageObject\",\"@id\":\"https:\/\/revistavitrineibiuna.com.br\/?p=34010#primaryimage\",\"inLanguage\":\"pt-BR\",\"url\":\"https:\/\/revistavitrineibiuna.com.br\/wp-content\/uploads\/2025\/08\/Deusa-Elpis.png\",\"width\":699,\"height\":476},{\"@type\":\"WebPage\",\"@id\":\"https:\/\/revistavitrineibiuna.com.br\/?p=34010#webpage\",\"url\":\"https:\/\/revistavitrineibiuna.com.br\/?p=34010\",\"name\":\"A ESPERAN\\u00c7A ERA UMA DEUSA, AT\\u00c9 A \\u2018INVEN\\u00c7\\u00c3O\\u2019 DA POL\\u00cdTICA - Revista Vitrine Online\",\"isPartOf\":{\"@id\":\"https:\/\/revistavitrineibiuna.com.br\/#website\"},\"primaryImageOfPage\":{\"@id\":\"https:\/\/revistavitrineibiuna.com.br\/?p=34010#primaryimage\"},\"datePublished\":\"2025-08-27T12:08:12+00:00\",\"dateModified\":\"2025-08-27T12:45:22+00:00\",\"breadcrumb\":{\"@id\":\"https:\/\/revistavitrineibiuna.com.br\/?p=34010#breadcrumb\"},\"inLanguage\":\"pt-BR\",\"potentialAction\":[{\"@type\":\"ReadAction\",\"target\":[\"https:\/\/revistavitrineibiuna.com.br\/?p=34010\"]}]},{\"@type\":\"BreadcrumbList\",\"@id\":\"https:\/\/revistavitrineibiuna.com.br\/?p=34010#breadcrumb\",\"itemListElement\":[{\"@type\":\"ListItem\",\"position\":1,\"item\":{\"@type\":\"WebPage\",\"@id\":\"https:\/\/revistavitrineibiuna.com.br\/\",\"url\":\"https:\/\/revistavitrineibiuna.com.br\/\",\"name\":\"In\\u00edcio\"}},{\"@type\":\"ListItem\",\"position\":2,\"item\":{\"@type\":\"WebPage\",\"@id\":\"https:\/\/revistavitrineibiuna.com.br\/?p=34010\",\"url\":\"https:\/\/revistavitrineibiuna.com.br\/?p=34010\",\"name\":\"A ESPERAN\\u00c7A ERA UMA DEUSA, AT\\u00c9 A \\u2018INVEN\\u00c7\\u00c3O\\u2019 DA POL\\u00cdTICA\"}}]},{\"@type\":\"Article\",\"@id\":\"https:\/\/revistavitrineibiuna.com.br\/?p=34010#article\",\"isPartOf\":{\"@id\":\"https:\/\/revistavitrineibiuna.com.br\/?p=34010#webpage\"},\"author\":{\"@id\":\"https:\/\/revistavitrineibiuna.com.br\/#\/schema\/person\/e51ef49d6d88170ea21ceabff3f73deb\"},\"headline\":\"A ESPERAN\\u00c7A ERA UMA DEUSA, AT\\u00c9 A \\u2018INVEN\\u00c7\\u00c3O\\u2019 DA POL\\u00cdTICA\",\"datePublished\":\"2025-08-27T12:08:12+00:00\",\"dateModified\":\"2025-08-27T12:45:22+00:00\",\"mainEntityOfPage\":{\"@id\":\"https:\/\/revistavitrineibiuna.com.br\/?p=34010#webpage\"},\"commentCount\":0,\"publisher\":{\"@id\":\"https:\/\/revistavitrineibiuna.com.br\/#\/schema\/person\/e51ef49d6d88170ea21ceabff3f73deb\"},\"image\":{\"@id\":\"https:\/\/revistavitrineibiuna.com.br\/?p=34010#primaryimage\"},\"articleSection\":\"Not\\u00edcias\",\"inLanguage\":\"pt-BR\",\"potentialAction\":[{\"@type\":\"CommentAction\",\"name\":\"Comment\",\"target\":[\"https:\/\/revistavitrineibiuna.com.br\/?p=34010#respond\"]}]},{\"@type\":[\"Person\",\"Organization\"],\"@id\":\"https:\/\/revistavitrineibiuna.com.br\/#\/schema\/person\/e51ef49d6d88170ea21ceabff3f73deb\",\"name\":\"Carlos Rossini\",\"image\":{\"@type\":\"ImageObject\",\"@id\":\"https:\/\/revistavitrineibiuna.com.br\/#personlogo\",\"inLanguage\":\"pt-BR\",\"url\":\"https:\/\/secure.gravatar.com\/avatar\/4f2d0f99fac1f85c7d643f21f5c8d900?s=96&d=mm&r=g\",\"caption\":\"Carlos Rossini\"},\"logo\":{\"@id\":\"https:\/\/revistavitrineibiuna.com.br\/#personlogo\"},\"description\":\"Carlos Rossini \\u00e9 jornalista, soci\\u00f3logo, escritor e professor universit\\u00e1rio, tendo sido professor de jornalismo por vinte anos. Trabalhou em ve\\u00edculos de comunica\\u00e7\\u00e3o nas fun\\u00e7\\u00f5es de rep\\u00f3rter, redator, editor, articulista e colaborador, como Folha de S. Paulo, O Estado de S. Paulo, Di\\u00e1rio Popular, entre outros. Ao transferir a revista vitrine, vers\\u00e3o imprensa, de S\\u00e3o Paulo para Ibi\\u00fana h\\u00e1 alguns anos, iniciou uma nova experi\\u00eancia profissional, dedicando-se ao jornalismo regional, depois de cumprir uma trajet\\u00f3ria bem-sucedida na grande imprensa brasileira. Seu primeiro livro A Coragem de Comunicar foi lan\\u00e7ado na Bienal do Livro em S\\u00e3o Paulo no ano 2000, pela editora Madras.\"}]}<\/script>\n<!-- \/ Yoast SEO plugin. -->","_links":{"self":[{"href":"https:\/\/revistavitrineibiuna.com.br\/index.php?rest_route=\/wp\/v2\/posts\/34010"}],"collection":[{"href":"https:\/\/revistavitrineibiuna.com.br\/index.php?rest_route=\/wp\/v2\/posts"}],"about":[{"href":"https:\/\/revistavitrineibiuna.com.br\/index.php?rest_route=\/wp\/v2\/types\/post"}],"author":[{"embeddable":true,"href":"https:\/\/revistavitrineibiuna.com.br\/index.php?rest_route=\/wp\/v2\/users\/1"}],"replies":[{"embeddable":true,"href":"https:\/\/revistavitrineibiuna.com.br\/index.php?rest_route=%2Fwp%2Fv2%2Fcomments&post=34010"}],"version-history":[{"count":3,"href":"https:\/\/revistavitrineibiuna.com.br\/index.php?rest_route=\/wp\/v2\/posts\/34010\/revisions"}],"predecessor-version":[{"id":34015,"href":"https:\/\/revistavitrineibiuna.com.br\/index.php?rest_route=\/wp\/v2\/posts\/34010\/revisions\/34015"}],"wp:featuredmedia":[{"embeddable":true,"href":"https:\/\/revistavitrineibiuna.com.br\/index.php?rest_route=\/wp\/v2\/media\/34011"}],"wp:attachment":[{"href":"https:\/\/revistavitrineibiuna.com.br\/index.php?rest_route=%2Fwp%2Fv2%2Fmedia&parent=34010"}],"wp:term":[{"taxonomy":"category","embeddable":true,"href":"https:\/\/revistavitrineibiuna.com.br\/index.php?rest_route=%2Fwp%2Fv2%2Fcategories&post=34010"},{"taxonomy":"post_tag","embeddable":true,"href":"https:\/\/revistavitrineibiuna.com.br\/index.php?rest_route=%2Fwp%2Fv2%2Ftags&post=34010"}],"curies":[{"name":"wp","href":"https:\/\/api.w.org\/{rel}","templated":true}]}}