{"id":34110,"date":"2025-09-07T07:16:32","date_gmt":"2025-09-07T10:16:32","guid":{"rendered":"http:\/\/revistavitrineibiuna.com.br\/?p=34110"},"modified":"2025-09-08T08:35:29","modified_gmt":"2025-09-08T11:35:29","slug":"ibiuna-prefeito-precisa-limar-as-arestas-do-seu-governo","status":"publish","type":"post","link":"https:\/\/revistavitrineibiuna.com.br\/?p=34110","title":{"rendered":"IBI\u00daNA \u2013 PREFEITO PRECISA LIMAR AS ARESTAS DO SEU GOVERNO"},"content":{"rendered":"\n<p class=\"has-drop-cap\"><strong>Caro prefeito M\u00e1rio Pires, faz tempo que n\u00e3o nos falamos. Trago lembran\u00e7as dos momentos em que o entrevistei para vitrine online e TVUNA como pr\u00e9-candidato, candidato e, finalmente, ap\u00f3s ser retumbantemente eleito prefeito de Ibi\u00fana.<\/strong><\/p>\n\n\n\n<p><strong>Trago lembran\u00e7as que gostaria de compartilhar com V.Exa. e nossos leitores a partir de suas frases marcantes a ouvidos sens\u00edveis. Eis tr\u00eas delas que destaco entrela\u00e7adas com o porvir, ou seja, o futuro<\/strong>,<strong> a promessa.<\/strong><\/p>\n\n\n\n<p><strong>\u201cDias melhores, vir\u00e3o!\u201d<\/strong><\/p>\n\n\n\n<p><strong>\u201cCostumo dizer que o parabrisa \u00e9 maior que o retrovisor que \u00e9 para a gente olhar para frente.\u201d<\/strong><\/p>\n\n\n\n<p><strong>\u201cN\u00e3o tenho um modelo de comunica\u00e7\u00e3o, tenho um jeito de comunicar, pois acredito que a popula\u00e7\u00e3o precisa saber o que est\u00e1 acontecendo.\u201d<\/strong><\/p>\n\n\n\n<p><strong>Como \u201couvidor\u201d da popula\u00e7\u00e3o, que faz parte do trabalho jornal\u00edstico, destaquei as tr\u00eas frases acima como inspira\u00e7\u00e3o para construir o relato que apresento em seguida, com o objetivo de contribuir para o bom desempenho do seu governo perante a popula\u00e7\u00e3o em geral e o quadro funcional da prefeitura com cerca de 2.700 profissionais.<\/strong><\/p>\n\n\n\n<p><strong>Das tr\u00eas frases assinalo seu compromisso reiterado durante entrevista concedida a mim na TVUNA, modo podcast, em que assegurava a transpar\u00eancia do seu governo, que rendeu esperan\u00e7a, uma vez que a comunica\u00e7\u00e3o (relacionamento) \u00e9 respons\u00e1vel por 85% do sucesso de qualquer empreendimento [pesquisa da Universidade de Harvard, nos EUA].<\/strong><\/p>\n\n\n\n<p><strong>Para quem acompanha seus frequentes (nada contra, \u00e9 \u00f3bvio) protagonismos nas telinhas dos celulares do povo s\u00e3o inescap\u00e1veis duas interpreta\u00e7\u00f5es. A primeira do seu exuberante dinamismo em todos os cen\u00e1rios apresentados. A segunda \u00e9 a forma como a popula\u00e7\u00e3o vem interpretando [comparando] esse fen\u00f4meno t\u00edpico de marketing pol\u00edtico com a realidade dos fatos no munic\u00edpio.<\/strong><\/p>\n\n\n\n<p><strong>N\u00e3o tiramos os m\u00e9ritos das a\u00e7\u00f5es do seu governo em aspectos pontuais, considerando sobretudo a gravidade da situa\u00e7\u00e3o relatada por S. Exa. do estado em que recebeu a Prefeitura do governo anterior, que considerou \u201cdestro\u00e7ada\u201d. Da\u00ed haver, quando ou\u00e7o a popula\u00e7\u00e3o, uma benevol\u00eancia expl\u00edcita de que \u201c\u00e9 cedo para p\u00f4r a casa em ordem\u201d pelo deplor\u00e1vel estado em que ela foi herdada pelos novos gestores.<\/strong><\/p>\n\n\n\n<p><strong>Vimos na TVUNA o ex-prefeito por duas vezes Jonas Campos de modo enf\u00e1tico se colocar \u00e0 sua disposi\u00e7\u00e3o para salvaguard\u00e1-lo de cometer os mesmos&nbsp; erros que ele teria cometido em sua dupla gest\u00e3o. \u201cEu amo esta cidade\u201d, ele resumiu justamente apostando, como este escriba, que seu governo precisa dar certo para que a cidade n\u00e3o tenha uma nefasta reca\u00edda em m\u00e3os indesej\u00e1veis que travaram o crescimento do munic\u00edpio.<\/strong><\/p>\n\n\n\n<p><strong>Prefeito \u00e9 muito bom e necess\u00e1rio olhar para a frente, mas \u00e9 pouco recomend\u00e1vel deixar de olhar para tr\u00e1s e ver o rastro deixado pelos nossos p\u00e9s na caminhada, os cuidados que tomamos, a forma como vimos e como devemos estar atentos como um comandante de um navio para evitar colis\u00f5es com poss\u00edveis icebergs pela proa ou no entorno da embarca\u00e7\u00e3o. <\/strong><\/p>\n\n\n\n<p><strong>Um l\u00edder precisa olhar para tr\u00e1s tamb\u00e9m para ver como est\u00e1 sendo seguido.<\/strong> <strong>N\u00e3o ser\u00e1 por outra raz\u00e3o que V.Exa. disse que era o seu CPF que estaria em jogo, durante uma reuni\u00e3o com representantes dos professores municipais, raz\u00e3o por que n\u00e3o abriria m\u00e3o de sua decis\u00e3o de adiar a libera\u00e7\u00e3o do piso nacioinal<\/strong> <strong>reivindicado pela categoria?<\/strong><\/p>\n\n\n\n<p><strong>Prefeito, certamente gostar\u00edamos de constatar o oposto, mas seu governo vem sendo alvo de rumores desfavor\u00e1veis que v\u00eam circulando tanto no meio da popula\u00e7\u00e3o em geral quanto no ambiente funcional, aparentemente exclu\u00eddos aqueles cargos de confian\u00e7a de sua nomea\u00e7\u00e3o. Neste caso, a imagem aparente pode parecer um mar de almirante, sem se ter em mente informa\u00e7\u00f5es sobre a previs\u00e3o do tempo.<\/strong><\/p>\n\n\n\n<p><strong>A boca pequena indica que o prefeito ficou menos acess\u00edvel, apesar das apari\u00e7\u00f5es p\u00fablicas em que aparenta not\u00e1vel popularidade afetiva, mesmo por parte de pessoas que militaram em sua campanha com extrema dedica\u00e7\u00e3o e que demonstram estar ressentidas.<\/strong><\/p>\n\n\n\n<figure class=\"wp-block-image size-large\"><img loading=\"lazy\" width=\"1024\" height=\"768\" src=\"https:\/\/revistavitrineibiuna.com.br\/wp-content\/uploads\/2025\/09\/8d869d19-77eb-457c-895e-673a6cf71d68-1024x768.jpg\" alt=\"\" class=\"wp-image-34113\" srcset=\"https:\/\/revistavitrineibiuna.com.br\/wp-content\/uploads\/2025\/09\/8d869d19-77eb-457c-895e-673a6cf71d68-1024x768.jpg 1024w, https:\/\/revistavitrineibiuna.com.br\/wp-content\/uploads\/2025\/09\/8d869d19-77eb-457c-895e-673a6cf71d68-300x225.jpg 300w, https:\/\/revistavitrineibiuna.com.br\/wp-content\/uploads\/2025\/09\/8d869d19-77eb-457c-895e-673a6cf71d68-768x576.jpg 768w, https:\/\/revistavitrineibiuna.com.br\/wp-content\/uploads\/2025\/09\/8d869d19-77eb-457c-895e-673a6cf71d68-1536x1152.jpg 1536w, https:\/\/revistavitrineibiuna.com.br\/wp-content\/uploads\/2025\/09\/8d869d19-77eb-457c-895e-673a6cf71d68-320x240.jpg 320w, https:\/\/revistavitrineibiuna.com.br\/wp-content\/uploads\/2025\/09\/8d869d19-77eb-457c-895e-673a6cf71d68.jpg 1600w\" sizes=\"(max-width: 1024px) 100vw, 1024px\" \/><figcaption>Problemas dp sistema de sa\u00fade p\u00fablica s\u00e3o de natureza estrutural h\u00e1 d\u00e9cadas<\/figcaption><\/figure>\n\n\n\n<p><strong>Sim, h\u00e1 a promessa de que no porvir teremos um sistema de sa\u00fade p\u00fablica funcional no munic\u00edpio, pelo que se espera de um grande plano articulado [ainda desconhecido] pelo secret\u00e1rio da Sa\u00fade e que j\u00e1 deveria estar sendo iniciado ap\u00f3s a realiza\u00e7\u00e3o de uma licita\u00e7\u00e3o para contratar uma empresa para gerir todo o sistema.<\/strong><\/p>\n\n\n\n<p><strong>No entanto, em vez disso, a empresa que vem atuando na gest\u00e3o do hospital municipal obteve por for\u00e7a de uma a\u00e7\u00e3o judicial permanecer titular do servi\u00e7o por mais 90 dias, com valores mensais majorados por um aditivo, suspendendo o processo de licita\u00e7\u00e3o.<\/strong><\/p>\n\n\n\n<p><strong>Em compensa\u00e7\u00e3o as queixas, ainda que os profissionais da sa\u00fade se desdobrem em oferecer bom atendimento sem contar com os recursos requeridos, prosseguem praticamente em todo o sistema: hospital, rede b\u00e1sica, centro de especialidades, CAPs. Quest\u00f5es b\u00e1sicas n\u00e3o precisariam esperar o futuro chegar para serem reparadas.<\/strong><\/p>\n\n\n\n<p><strong>Em geral, as necessidades da sa\u00fade s\u00e3o imperativas, exigem respostas imediatas, surgem a qualquer momento e n\u00e3o podem ser adiadas. Sabemos os esfor\u00e7os profissionais feitos para compensar as limita\u00e7\u00f5es impostas por quest\u00f5es b\u00e1sicas de cujas ra\u00edzes se encontram na estrutura de um sistema falho.<\/strong><\/p>\n\n\n\n<p><strong>Todos sabem que o servi\u00e7o de sa\u00fade p\u00fablica em Ibi\u00fana \u00e9 o principal desafio para as autoridades ibiunenses funciona mal das pernas h\u00e1 d\u00e9cadas, mesmo absorvendo cerca de R$ 45 milh\u00f5es\/ano.<\/strong><\/p>\n\n\n\n<p><strong>Se pudesse resumir o sentimento m\u00e9dio captado pelas nossas escutas, tanto no meio p\u00fablico quanto no \u00e2mbito do funcionalismo municipal, diria que ele reflete um sentimento de decep\u00e7\u00e3o: \u201cFazer o qu\u00ea? Agora teremos que esperar mais tr\u00eas anos.\u201d Houve muitas men\u00e7\u00f5es de frustra\u00e7\u00f5es em rela\u00e7\u00e3o ao suposto desempenho do quadro de assessores do primeiro escal\u00e3o do prefeito.<\/strong><\/p>\n\n\n\n<p><strong>Em resumo, j\u00e1 dizem que grupos de oposi\u00e7\u00e3o est\u00e3o na torcida da maldade para que esse clima prossiga para tirar vantagens, o que preocupa os ibiunenses que amam Ibi\u00fana e ainda se alimentam da vasta esperan\u00e7a aberta em seus cora\u00e7\u00f5es por M\u00e1rio Pires que lhe renderam 21.661 votos, o maior sufr\u00e1gio j\u00e1 concedido a um candidato a prefeito na cidade.<\/strong><\/p>\n\n\n\n<p><strong>Bem, restaria dizer que talvez o mais importante caminho a ser desbravado pelo prefeito para limar as arestas na imagem de sua gest\u00e3o seja exatamente abrir um processo de transpar\u00eancia como ele pr\u00f3prio definiu: \u201cA popula\u00e7\u00e3o precisa saber o que est\u00e1 acontecendo\u201d.<\/strong><\/p>\n\n\n\n<p><strong>Entendemos ser esta a mais importante e decisiva ferramenta, que precisa ser usada pelo chefe do Executivo, caso o prefeito queira (re)conquistar cora\u00e7\u00f5es e mentes da popula\u00e7\u00e3o que o elegeu movida pela esperan\u00e7a. Assim, se sup\u00f5e, essa tend\u00eancia de \u00e2nimo esbo\u00e7ada poderia ser revertida para o bem de todos. Finalmente, senhor prefeito, todos queremos e estamos esperando por dias melhores! (Carlos Rossini \u00e9 diretor da TVUNA e editor de vitrine online)<\/strong><\/p>\n\n\n\n<figure class=\"wp-block-image size-large\"><img loading=\"lazy\" width=\"640\" height=\"360\" src=\"https:\/\/revistavitrineibiuna.com.br\/wp-content\/uploads\/2025\/09\/centro-de-especialidades.jpg\" alt=\"\" class=\"wp-image-34116\" srcset=\"https:\/\/revistavitrineibiuna.com.br\/wp-content\/uploads\/2025\/09\/centro-de-especialidades.jpg 640w, https:\/\/revistavitrineibiuna.com.br\/wp-content\/uploads\/2025\/09\/centro-de-especialidades-300x169.jpg 300w\" sizes=\"(max-width: 640px) 100vw, 640px\" \/><figcaption>Centro de Especialidades, al\u00e9m de ter perdido especialistas como vascular e proctologista, tem filas de espera de meses. Cardiologia, por exemplo, somente tem agenda para 2026. Os profissionais s\u00e3o dedicados e se viram nos trinta para atender da melhor maneira poss\u00edvel. A rede b\u00e1sica de sa\u00fade, conforme apuramos, tamb\u00e9m funcioina de forma bem limitada, o que provoca aumento de demada tanto no hospital quanto no centro de especialidades.<\/figcaption><\/figure>\n\n\n\n<p><strong>ATUALIZA\u00c7\u00c3O <\/strong><\/p>\n\n\n\n<p><strong>Vitrine onliine apurou que, na realidade, h\u00e1 um colpaso no sistema. N\u00e3o h\u00e1 mais agendamento para este ano no Centro de Especialidades para: cardiologia, otorrinolaringologia, gastro, neurologia. A rede de sa\u00fade b\u00e1sica tamb\u00e9m est\u00e1 disfuncional.<\/strong><\/p>\n","protected":false},"excerpt":{"rendered":"<p>Caro prefeito M\u00e1rio Pires, faz tempo que n\u00e3o nos falamos. Trago lembran\u00e7as dos momentos em que o entrevistei para vitrine<\/p>\n","protected":false},"author":1,"featured_media":34111,"comment_status":"open","ping_status":"open","sticky":false,"template":"","format":"standard","meta":[],"categories":[3],"tags":[],"yoast_head":"<!-- This site is optimized with the Yoast SEO plugin v15.8 - https:\/\/yoast.com\/wordpress\/plugins\/seo\/ -->\n<title>IBI\u00daNA \u2013 PREFEITO PRECISA LIMAR AS ARESTAS DO SEU GOVERNO - Revista Vitrine Online<\/title>\n<meta name=\"robots\" content=\"index, follow, max-snippet:-1, max-image-preview:large, max-video-preview:-1\" \/>\n<link rel=\"canonical\" href=\"https:\/\/revistavitrineibiuna.com.br\/?p=34110\" \/>\n<meta property=\"og:locale\" content=\"pt_BR\" \/>\n<meta property=\"og:type\" content=\"article\" \/>\n<meta property=\"og:title\" content=\"IBI\u00daNA \u2013 PREFEITO PRECISA LIMAR AS ARESTAS DO SEU GOVERNO - Revista Vitrine Online\" \/>\n<meta property=\"og:description\" content=\"Caro prefeito M\u00e1rio Pires, faz tempo que n\u00e3o nos falamos. Trago lembran\u00e7as dos momentos em que o entrevistei para vitrine\" \/>\n<meta property=\"og:url\" content=\"https:\/\/revistavitrineibiuna.com.br\/?p=34110\" \/>\n<meta property=\"og:site_name\" content=\"Revista Vitrine Online\" \/>\n<meta property=\"article:published_time\" content=\"2025-09-07T10:16:32+00:00\" \/>\n<meta property=\"article:modified_time\" content=\"2025-09-08T11:35:29+00:00\" \/>\n<meta property=\"og:image\" content=\"https:\/\/revistavitrineibiuna.com.br\/wp-content\/uploads\/2025\/09\/Pires-no-Palacio-dos-Bandeirantes-6.1.2025.png\" \/>\n\t<meta property=\"og:image:width\" content=\"716\" \/>\n\t<meta property=\"og:image:height\" content=\"461\" \/>\n<meta name=\"twitter:card\" content=\"summary\" \/>\n<meta name=\"twitter:label1\" content=\"Est. reading time\">\n\t<meta name=\"twitter:data1\" content=\"6 minutos\">\n<script type=\"application\/ld+json\" class=\"yoast-schema-graph\">{\"@context\":\"https:\/\/schema.org\",\"@graph\":[{\"@type\":\"WebSite\",\"@id\":\"https:\/\/revistavitrineibiuna.com.br\/#website\",\"url\":\"https:\/\/revistavitrineibiuna.com.br\/\",\"name\":\"Revista Vitrine Ibi\\u00fana\",\"description\":\"A Revista de Ibi\\u00fana e Regi\\u00e3o\",\"publisher\":{\"@id\":\"https:\/\/revistavitrineibiuna.com.br\/#\/schema\/person\/e51ef49d6d88170ea21ceabff3f73deb\"},\"potentialAction\":[{\"@type\":\"SearchAction\",\"target\":\"https:\/\/revistavitrineibiuna.com.br\/?s={search_term_string}\",\"query-input\":\"required name=search_term_string\"}],\"inLanguage\":\"pt-BR\"},{\"@type\":\"ImageObject\",\"@id\":\"https:\/\/revistavitrineibiuna.com.br\/?p=34110#primaryimage\",\"inLanguage\":\"pt-BR\",\"url\":\"https:\/\/revistavitrineibiuna.com.br\/wp-content\/uploads\/2025\/09\/Pires-no-Palacio-dos-Bandeirantes-6.1.2025.png\",\"width\":716,\"height\":461},{\"@type\":\"WebPage\",\"@id\":\"https:\/\/revistavitrineibiuna.com.br\/?p=34110#webpage\",\"url\":\"https:\/\/revistavitrineibiuna.com.br\/?p=34110\",\"name\":\"IBI\\u00daNA \\u2013 PREFEITO PRECISA LIMAR AS ARESTAS DO SEU GOVERNO - Revista Vitrine Online\",\"isPartOf\":{\"@id\":\"https:\/\/revistavitrineibiuna.com.br\/#website\"},\"primaryImageOfPage\":{\"@id\":\"https:\/\/revistavitrineibiuna.com.br\/?p=34110#primaryimage\"},\"datePublished\":\"2025-09-07T10:16:32+00:00\",\"dateModified\":\"2025-09-08T11:35:29+00:00\",\"breadcrumb\":{\"@id\":\"https:\/\/revistavitrineibiuna.com.br\/?p=34110#breadcrumb\"},\"inLanguage\":\"pt-BR\",\"potentialAction\":[{\"@type\":\"ReadAction\",\"target\":[\"https:\/\/revistavitrineibiuna.com.br\/?p=34110\"]}]},{\"@type\":\"BreadcrumbList\",\"@id\":\"https:\/\/revistavitrineibiuna.com.br\/?p=34110#breadcrumb\",\"itemListElement\":[{\"@type\":\"ListItem\",\"position\":1,\"item\":{\"@type\":\"WebPage\",\"@id\":\"https:\/\/revistavitrineibiuna.com.br\/\",\"url\":\"https:\/\/revistavitrineibiuna.com.br\/\",\"name\":\"In\\u00edcio\"}},{\"@type\":\"ListItem\",\"position\":2,\"item\":{\"@type\":\"WebPage\",\"@id\":\"https:\/\/revistavitrineibiuna.com.br\/?p=34110\",\"url\":\"https:\/\/revistavitrineibiuna.com.br\/?p=34110\",\"name\":\"IBI\\u00daNA \\u2013 PREFEITO PRECISA LIMAR AS ARESTAS DO SEU GOVERNO\"}}]},{\"@type\":\"Article\",\"@id\":\"https:\/\/revistavitrineibiuna.com.br\/?p=34110#article\",\"isPartOf\":{\"@id\":\"https:\/\/revistavitrineibiuna.com.br\/?p=34110#webpage\"},\"author\":{\"@id\":\"https:\/\/revistavitrineibiuna.com.br\/#\/schema\/person\/e51ef49d6d88170ea21ceabff3f73deb\"},\"headline\":\"IBI\\u00daNA \\u2013 PREFEITO PRECISA LIMAR AS ARESTAS DO SEU GOVERNO\",\"datePublished\":\"2025-09-07T10:16:32+00:00\",\"dateModified\":\"2025-09-08T11:35:29+00:00\",\"mainEntityOfPage\":{\"@id\":\"https:\/\/revistavitrineibiuna.com.br\/?p=34110#webpage\"},\"commentCount\":0,\"publisher\":{\"@id\":\"https:\/\/revistavitrineibiuna.com.br\/#\/schema\/person\/e51ef49d6d88170ea21ceabff3f73deb\"},\"image\":{\"@id\":\"https:\/\/revistavitrineibiuna.com.br\/?p=34110#primaryimage\"},\"articleSection\":\"Not\\u00edcias\",\"inLanguage\":\"pt-BR\",\"potentialAction\":[{\"@type\":\"CommentAction\",\"name\":\"Comment\",\"target\":[\"https:\/\/revistavitrineibiuna.com.br\/?p=34110#respond\"]}]},{\"@type\":[\"Person\",\"Organization\"],\"@id\":\"https:\/\/revistavitrineibiuna.com.br\/#\/schema\/person\/e51ef49d6d88170ea21ceabff3f73deb\",\"name\":\"Carlos Rossini\",\"image\":{\"@type\":\"ImageObject\",\"@id\":\"https:\/\/revistavitrineibiuna.com.br\/#personlogo\",\"inLanguage\":\"pt-BR\",\"url\":\"https:\/\/secure.gravatar.com\/avatar\/4f2d0f99fac1f85c7d643f21f5c8d900?s=96&d=mm&r=g\",\"caption\":\"Carlos Rossini\"},\"logo\":{\"@id\":\"https:\/\/revistavitrineibiuna.com.br\/#personlogo\"},\"description\":\"Carlos Rossini \\u00e9 jornalista, soci\\u00f3logo, escritor e professor universit\\u00e1rio, tendo sido professor de jornalismo por vinte anos. Trabalhou em ve\\u00edculos de comunica\\u00e7\\u00e3o nas fun\\u00e7\\u00f5es de rep\\u00f3rter, redator, editor, articulista e colaborador, como Folha de S. Paulo, O Estado de S. Paulo, Di\\u00e1rio Popular, entre outros. Ao transferir a revista vitrine, vers\\u00e3o imprensa, de S\\u00e3o Paulo para Ibi\\u00fana h\\u00e1 alguns anos, iniciou uma nova experi\\u00eancia profissional, dedicando-se ao jornalismo regional, depois de cumprir uma trajet\\u00f3ria bem-sucedida na grande imprensa brasileira. Seu primeiro livro A Coragem de Comunicar foi lan\\u00e7ado na Bienal do Livro em S\\u00e3o Paulo no ano 2000, pela editora Madras.\"}]}<\/script>\n<!-- \/ Yoast SEO plugin. -->","_links":{"self":[{"href":"https:\/\/revistavitrineibiuna.com.br\/index.php?rest_route=\/wp\/v2\/posts\/34110"}],"collection":[{"href":"https:\/\/revistavitrineibiuna.com.br\/index.php?rest_route=\/wp\/v2\/posts"}],"about":[{"href":"https:\/\/revistavitrineibiuna.com.br\/index.php?rest_route=\/wp\/v2\/types\/post"}],"author":[{"embeddable":true,"href":"https:\/\/revistavitrineibiuna.com.br\/index.php?rest_route=\/wp\/v2\/users\/1"}],"replies":[{"embeddable":true,"href":"https:\/\/revistavitrineibiuna.com.br\/index.php?rest_route=%2Fwp%2Fv2%2Fcomments&post=34110"}],"version-history":[{"count":33,"href":"https:\/\/revistavitrineibiuna.com.br\/index.php?rest_route=\/wp\/v2\/posts\/34110\/revisions"}],"predecessor-version":[{"id":34160,"href":"https:\/\/revistavitrineibiuna.com.br\/index.php?rest_route=\/wp\/v2\/posts\/34110\/revisions\/34160"}],"wp:featuredmedia":[{"embeddable":true,"href":"https:\/\/revistavitrineibiuna.com.br\/index.php?rest_route=\/wp\/v2\/media\/34111"}],"wp:attachment":[{"href":"https:\/\/revistavitrineibiuna.com.br\/index.php?rest_route=%2Fwp%2Fv2%2Fmedia&parent=34110"}],"wp:term":[{"taxonomy":"category","embeddable":true,"href":"https:\/\/revistavitrineibiuna.com.br\/index.php?rest_route=%2Fwp%2Fv2%2Fcategories&post=34110"},{"taxonomy":"post_tag","embeddable":true,"href":"https:\/\/revistavitrineibiuna.com.br\/index.php?rest_route=%2Fwp%2Fv2%2Ftags&post=34110"}],"curies":[{"name":"wp","href":"https:\/\/api.w.org\/{rel}","templated":true}]}}