{"id":34162,"date":"2025-09-16T09:20:10","date_gmt":"2025-09-16T12:20:10","guid":{"rendered":"http:\/\/revistavitrineibiuna.com.br\/?p=34162"},"modified":"2025-09-16T09:42:23","modified_gmt":"2025-09-16T12:42:23","slug":"gcms-de-ibiuna-se-queixam-das-condicoes-de-trabalho","status":"publish","type":"post","link":"https:\/\/revistavitrineibiuna.com.br\/?p=34162","title":{"rendered":"GCMS DE IBI\u00daNA SE QUEIXAM DAS CONDI\u00c7\u00d5ES DE TRABALHO"},"content":{"rendered":"\n<p class=\"has-drop-cap\"><strong>Procurada por diversos GCMs de Ibi\u00fana, a TVUNA publicou ontem (15) nas principais plataformas not\u00edcia sobre uma s\u00e9rie de queixas apresentadas pelos profissionais que exercem importante e reconhecida atividade na seguran\u00e7a p\u00fablica do munic\u00edpio, onde atuam h\u00e1 28 anos.<\/strong><\/p>\n\n\n\n<p><strong>Por quest\u00f5es de respeito hier\u00e1rquico e obedi\u00eancia \u00e0 Constitui\u00e7\u00e3o, que estabelece que eles exercem fun\u00e7\u00f5es essenciais, est\u00e3o impedidos de fazerem manifesta\u00e7\u00f5es p\u00fablicas ou realizar paralisa\u00e7\u00f5es, &nbsp;procuraram a dire\u00e7\u00e3o da TVUNA.<\/strong><\/p>\n\n\n\n<p><strong>REUNI\u00c3O COM O PREFEITO<\/strong><\/p>\n\n\n\n<p><strong>Na mat\u00e9ria divulgada ontem e que alcan\u00e7ou mais de 5.000 visualiza\u00e7\u00f5es at\u00e9 o momento, o rep\u00f3rter da TVUNA apontou os t\u00f3picos das queixas apresentadas.<\/strong><\/p>\n\n\n\n<p><strong>No entanto, uma delas, mas n\u00e3o menos importante, por falha nossa, deixou de ser mencionada e que reproduzimos abaixo da forma como foi apresentadas pelos GCMs:<\/strong><\/p>\n\n\n\n<p><strong>\u201cO efetivo vem cobrando o Secret\u00e1rio, CMT e Sub para o agendamentode uma reuni\u00e3o geral com o Prefeito, mas sem \u00eaxito. Hoje h\u00e1 um<\/strong> <strong>descontentamento geral, bem como falta de motiva\u00e7\u00e3o para o exerc\u00edcio da fun\u00e7\u00e3o.\u201d<\/strong><\/p>\n\n\n\n<p><strong>QUEIXAS APRESENTADAS<\/strong><\/p>\n\n\n\n<p><strong>Voc\u00ea pode assistir \u00e0 reportagem na \u00edntegra pelo Facebook, Instagram, TikTok e Youtube, entrando nessas plataforma e inidicando TVUNA.<\/strong><\/p>\n\n\n\n<p><strong>Eis a \u00edntegra das queixas apresentadas pelos GCMs e que foram encaminhadas para o secret\u00e1rio de Seguran\u00e7a P\u00fablica na \u00faltima sexta-feira (12) a fim de que a autoridade, que fora convidada para entrevista pela TVUNA possa dar a vers\u00e3o oficial da Prefeitura sobre esse assunto:<\/strong><\/p>\n\n\n\n<p><strong>1. As viaturas n\u00e3o possuem compartimento para preso. Isso traz duasimplica\u00e7\u00f5es: a) situa\u00e7\u00e3o de inseguran\u00e7a para os GCMs j\u00e1 que os prisioneiros poder\u00e3o partir para a\u00e7\u00e3o contra eles; b) viola\u00e7\u00e3o legal dos direitos dos presos por estarem em compartimento sem arejamento e ilumina\u00e7\u00e3o.<\/strong><\/p>\n\n\n\n<p><strong>2. Falta de reposi\u00e7\u00e3o de uniformes h\u00e1 mais de 3 anos que est\u00e3o gastos,descosturados ou mesmo rasgados, sendo que os guardas t\u00eam que dispender de recursos pr\u00f3prios para fazer os reparos necess\u00e1rios, quando poss\u00edveis.<\/strong><\/p>\n\n\n\n<p><strong>3. A sala de monitoramento sem efic\u00e1cia por falta de lugar apropriado,  para que se possa fazer o devido monitoramento. No Cecom aonde chegam todas as solicita\u00e7\u00f5es vias fones e repassadas viar\u00e1dio, em suma. O GCM tem que atender diversos telefones e repassar asocorr\u00eancias via r\u00e1dio e ficando distantes dos monitores.<\/strong><\/p>\n\n\n\n<p><strong>4. A Subsede do Verava est\u00e1 sem efetivo pr\u00f3prio, bem como n\u00e3o existe hoje telefone l\u00e1 para que possam chegar as solicita\u00e7\u00f5es. A R\u00e1dio da GCM em muitos lugares n\u00e3o chega, ou seja, os GCMs ficamsem comunica\u00e7\u00e3o. O r\u00e1dio da Regi\u00e3o do Verava n\u00e3o funciona, deixando osguardas \u00e0 deriva bem como no bairro Vargem do Salto tamb\u00e9m n\u00e3o pega.<\/strong><\/p>\n\n\n\n<p><strong>5. O efetivo vem cobrando o Secret\u00e1rio, CMT e Sub para o agendamentode uma reuni\u00e3o geral com o Prefeito, mas sem \u00eaxito. Hoje h\u00e1 umdescontentamento geral bem como falta de motiva\u00e7\u00e3o para o exerc\u00edcio dafun\u00e7\u00e3o.<\/strong><\/p>\n\n\n\n<p><strong>6. Os GCMs atuam nos jogos de futebol sem o devido material paratrabalhar em campo em seguran\u00e7a.<\/strong><\/p>\n\n\n\n<p><strong>7. Grupamento do Canil n\u00e3o tem viatura apropriada para transporte dos<\/strong> <strong>c\u00e3es.<\/strong><\/p>\n\n\n\n<p><strong>CANAIS ABERTOS<\/strong><\/p>\n\n\n\n<p><strong>Tanto a TVUNA quanto vitrine online est\u00e3o \u00e0 disposi\u00e7\u00e3o para publicar a vers\u00e3o oficial da Prefeitura sobre os fatos levantados pelos GCMs, o que far\u00e1 assim que obtiver o retorno da autoridade municipal.<\/strong><\/p>\n\n\n\n<p><strong>Na realidade j\u00e1 hav\u00edamos feito o convite para entrevista durante a grava\u00e7\u00e3o feita em frente \u00e0 sede da corpora\u00e7\u00e3o localizada na avenida S\u00e3o Sebasti\u00e3o.<\/strong><\/p>\n","protected":false},"excerpt":{"rendered":"<p>Procurada por diversos GCMs de Ibi\u00fana, a TVUNA publicou ontem (15) nas principais plataformas not\u00edcia sobre uma s\u00e9rie de queixas<\/p>\n","protected":false},"author":1,"featured_media":34163,"comment_status":"open","ping_status":"open","sticky":false,"template":"","format":"standard","meta":[],"categories":[3],"tags":[],"yoast_head":"<!-- This site is optimized with the Yoast SEO plugin v15.8 - https:\/\/yoast.com\/wordpress\/plugins\/seo\/ -->\n<title>GCMS DE IBI\u00daNA SE QUEIXAM DAS CONDI\u00c7\u00d5ES DE TRABALHO - Revista Vitrine Online<\/title>\n<meta name=\"robots\" content=\"index, follow, max-snippet:-1, max-image-preview:large, max-video-preview:-1\" \/>\n<link rel=\"canonical\" href=\"https:\/\/revistavitrineibiuna.com.br\/?p=34162\" \/>\n<meta property=\"og:locale\" content=\"pt_BR\" \/>\n<meta property=\"og:type\" content=\"article\" \/>\n<meta property=\"og:title\" content=\"GCMS DE IBI\u00daNA SE QUEIXAM DAS CONDI\u00c7\u00d5ES DE TRABALHO - Revista Vitrine Online\" \/>\n<meta property=\"og:description\" content=\"Procurada por diversos GCMs de Ibi\u00fana, a TVUNA publicou ontem (15) nas principais plataformas not\u00edcia sobre uma s\u00e9rie de queixas\" \/>\n<meta property=\"og:url\" content=\"https:\/\/revistavitrineibiuna.com.br\/?p=34162\" \/>\n<meta property=\"og:site_name\" content=\"Revista Vitrine Online\" \/>\n<meta property=\"article:published_time\" content=\"2025-09-16T12:20:10+00:00\" \/>\n<meta property=\"article:modified_time\" content=\"2025-09-16T12:42:23+00:00\" \/>\n<meta property=\"og:image\" content=\"https:\/\/revistavitrineibiuna.com.br\/wp-content\/uploads\/2025\/09\/sede-da-gcm.png\" \/>\n\t<meta property=\"og:image:width\" content=\"1172\" \/>\n\t<meta property=\"og:image:height\" content=\"648\" \/>\n<meta name=\"twitter:card\" content=\"summary\" \/>\n<meta name=\"twitter:label1\" content=\"Est. reading time\">\n\t<meta name=\"twitter:data1\" content=\"3 minutos\">\n<script type=\"application\/ld+json\" class=\"yoast-schema-graph\">{\"@context\":\"https:\/\/schema.org\",\"@graph\":[{\"@type\":\"WebSite\",\"@id\":\"https:\/\/revistavitrineibiuna.com.br\/#website\",\"url\":\"https:\/\/revistavitrineibiuna.com.br\/\",\"name\":\"Revista Vitrine Ibi\\u00fana\",\"description\":\"A Revista de Ibi\\u00fana e Regi\\u00e3o\",\"publisher\":{\"@id\":\"https:\/\/revistavitrineibiuna.com.br\/#\/schema\/person\/e51ef49d6d88170ea21ceabff3f73deb\"},\"potentialAction\":[{\"@type\":\"SearchAction\",\"target\":\"https:\/\/revistavitrineibiuna.com.br\/?s={search_term_string}\",\"query-input\":\"required name=search_term_string\"}],\"inLanguage\":\"pt-BR\"},{\"@type\":\"ImageObject\",\"@id\":\"https:\/\/revistavitrineibiuna.com.br\/?p=34162#primaryimage\",\"inLanguage\":\"pt-BR\",\"url\":\"https:\/\/revistavitrineibiuna.com.br\/wp-content\/uploads\/2025\/09\/sede-da-gcm.png\",\"width\":1172,\"height\":648},{\"@type\":\"WebPage\",\"@id\":\"https:\/\/revistavitrineibiuna.com.br\/?p=34162#webpage\",\"url\":\"https:\/\/revistavitrineibiuna.com.br\/?p=34162\",\"name\":\"GCMS DE IBI\\u00daNA SE QUEIXAM DAS CONDI\\u00c7\\u00d5ES DE TRABALHO - Revista Vitrine Online\",\"isPartOf\":{\"@id\":\"https:\/\/revistavitrineibiuna.com.br\/#website\"},\"primaryImageOfPage\":{\"@id\":\"https:\/\/revistavitrineibiuna.com.br\/?p=34162#primaryimage\"},\"datePublished\":\"2025-09-16T12:20:10+00:00\",\"dateModified\":\"2025-09-16T12:42:23+00:00\",\"breadcrumb\":{\"@id\":\"https:\/\/revistavitrineibiuna.com.br\/?p=34162#breadcrumb\"},\"inLanguage\":\"pt-BR\",\"potentialAction\":[{\"@type\":\"ReadAction\",\"target\":[\"https:\/\/revistavitrineibiuna.com.br\/?p=34162\"]}]},{\"@type\":\"BreadcrumbList\",\"@id\":\"https:\/\/revistavitrineibiuna.com.br\/?p=34162#breadcrumb\",\"itemListElement\":[{\"@type\":\"ListItem\",\"position\":1,\"item\":{\"@type\":\"WebPage\",\"@id\":\"https:\/\/revistavitrineibiuna.com.br\/\",\"url\":\"https:\/\/revistavitrineibiuna.com.br\/\",\"name\":\"In\\u00edcio\"}},{\"@type\":\"ListItem\",\"position\":2,\"item\":{\"@type\":\"WebPage\",\"@id\":\"https:\/\/revistavitrineibiuna.com.br\/?p=34162\",\"url\":\"https:\/\/revistavitrineibiuna.com.br\/?p=34162\",\"name\":\"GCMS DE IBI\\u00daNA SE QUEIXAM DAS CONDI\\u00c7\\u00d5ES DE TRABALHO\"}}]},{\"@type\":\"Article\",\"@id\":\"https:\/\/revistavitrineibiuna.com.br\/?p=34162#article\",\"isPartOf\":{\"@id\":\"https:\/\/revistavitrineibiuna.com.br\/?p=34162#webpage\"},\"author\":{\"@id\":\"https:\/\/revistavitrineibiuna.com.br\/#\/schema\/person\/e51ef49d6d88170ea21ceabff3f73deb\"},\"headline\":\"GCMS DE IBI\\u00daNA SE QUEIXAM DAS CONDI\\u00c7\\u00d5ES DE TRABALHO\",\"datePublished\":\"2025-09-16T12:20:10+00:00\",\"dateModified\":\"2025-09-16T12:42:23+00:00\",\"mainEntityOfPage\":{\"@id\":\"https:\/\/revistavitrineibiuna.com.br\/?p=34162#webpage\"},\"commentCount\":0,\"publisher\":{\"@id\":\"https:\/\/revistavitrineibiuna.com.br\/#\/schema\/person\/e51ef49d6d88170ea21ceabff3f73deb\"},\"image\":{\"@id\":\"https:\/\/revistavitrineibiuna.com.br\/?p=34162#primaryimage\"},\"articleSection\":\"Not\\u00edcias\",\"inLanguage\":\"pt-BR\",\"potentialAction\":[{\"@type\":\"CommentAction\",\"name\":\"Comment\",\"target\":[\"https:\/\/revistavitrineibiuna.com.br\/?p=34162#respond\"]}]},{\"@type\":[\"Person\",\"Organization\"],\"@id\":\"https:\/\/revistavitrineibiuna.com.br\/#\/schema\/person\/e51ef49d6d88170ea21ceabff3f73deb\",\"name\":\"Carlos Rossini\",\"image\":{\"@type\":\"ImageObject\",\"@id\":\"https:\/\/revistavitrineibiuna.com.br\/#personlogo\",\"inLanguage\":\"pt-BR\",\"url\":\"https:\/\/secure.gravatar.com\/avatar\/4f2d0f99fac1f85c7d643f21f5c8d900?s=96&d=mm&r=g\",\"caption\":\"Carlos Rossini\"},\"logo\":{\"@id\":\"https:\/\/revistavitrineibiuna.com.br\/#personlogo\"},\"description\":\"Carlos Rossini \\u00e9 jornalista, soci\\u00f3logo, escritor e professor universit\\u00e1rio, tendo sido professor de jornalismo por vinte anos. Trabalhou em ve\\u00edculos de comunica\\u00e7\\u00e3o nas fun\\u00e7\\u00f5es de rep\\u00f3rter, redator, editor, articulista e colaborador, como Folha de S. Paulo, O Estado de S. Paulo, Di\\u00e1rio Popular, entre outros. Ao transferir a revista vitrine, vers\\u00e3o imprensa, de S\\u00e3o Paulo para Ibi\\u00fana h\\u00e1 alguns anos, iniciou uma nova experi\\u00eancia profissional, dedicando-se ao jornalismo regional, depois de cumprir uma trajet\\u00f3ria bem-sucedida na grande imprensa brasileira. Seu primeiro livro A Coragem de Comunicar foi lan\\u00e7ado na Bienal do Livro em S\\u00e3o Paulo no ano 2000, pela editora Madras.\"}]}<\/script>\n<!-- \/ Yoast SEO plugin. -->","_links":{"self":[{"href":"https:\/\/revistavitrineibiuna.com.br\/index.php?rest_route=\/wp\/v2\/posts\/34162"}],"collection":[{"href":"https:\/\/revistavitrineibiuna.com.br\/index.php?rest_route=\/wp\/v2\/posts"}],"about":[{"href":"https:\/\/revistavitrineibiuna.com.br\/index.php?rest_route=\/wp\/v2\/types\/post"}],"author":[{"embeddable":true,"href":"https:\/\/revistavitrineibiuna.com.br\/index.php?rest_route=\/wp\/v2\/users\/1"}],"replies":[{"embeddable":true,"href":"https:\/\/revistavitrineibiuna.com.br\/index.php?rest_route=%2Fwp%2Fv2%2Fcomments&post=34162"}],"version-history":[{"count":10,"href":"https:\/\/revistavitrineibiuna.com.br\/index.php?rest_route=\/wp\/v2\/posts\/34162\/revisions"}],"predecessor-version":[{"id":34177,"href":"https:\/\/revistavitrineibiuna.com.br\/index.php?rest_route=\/wp\/v2\/posts\/34162\/revisions\/34177"}],"wp:featuredmedia":[{"embeddable":true,"href":"https:\/\/revistavitrineibiuna.com.br\/index.php?rest_route=\/wp\/v2\/media\/34163"}],"wp:attachment":[{"href":"https:\/\/revistavitrineibiuna.com.br\/index.php?rest_route=%2Fwp%2Fv2%2Fmedia&parent=34162"}],"wp:term":[{"taxonomy":"category","embeddable":true,"href":"https:\/\/revistavitrineibiuna.com.br\/index.php?rest_route=%2Fwp%2Fv2%2Fcategories&post=34162"},{"taxonomy":"post_tag","embeddable":true,"href":"https:\/\/revistavitrineibiuna.com.br\/index.php?rest_route=%2Fwp%2Fv2%2Ftags&post=34162"}],"curies":[{"name":"wp","href":"https:\/\/api.w.org\/{rel}","templated":true}]}}