{"id":34181,"date":"2025-09-19T22:35:44","date_gmt":"2025-09-20T01:35:44","guid":{"rendered":"http:\/\/revistavitrineibiuna.com.br\/?p=34181"},"modified":"2025-09-22T18:32:18","modified_gmt":"2025-09-22T21:32:18","slug":"ibiuna-prefeito-quer-que-estado-assuma-o-hospital-municipal","status":"publish","type":"post","link":"https:\/\/revistavitrineibiuna.com.br\/?p=34181","title":{"rendered":"IBI\u00daNA &#8211; PREFEITO QUER QUE ESTADO ASSUMA O HOSPITAL MUNICIPAL"},"content":{"rendered":"\n<p class=\"has-drop-cap\"><strong>Durante audi\u00eancia p\u00fablica realizada hoje (19) \u00e0 noite na C\u00e2mara Municipal de Ibi\u00fana para debater o Or\u00e7amento Estadual para 2026, que poder\u00e1 incluir destina\u00e7\u00e3o de verbas para os munic\u00edpios de pequeno&nbsp; porte, o prefeito de Ibi\u00fana, M\u00e1rio Pires, fez um apelo enf\u00e1tico para assegurar&nbsp; o custeio do Hospital Municipal de Ibi\u00fana.<\/strong><\/p>\n\n\n\n<p><strong>O chefe do Executivo ibiunense, ap\u00f3s declarar que o pr\u00e9dio do hospital pertence ao governo do estado e que o investimento em sa\u00fade [rede b\u00e1sica e hospital] em Ibi\u00fana representa 34% do or\u00e7amento municipal, \u201ccusto muito alto&nbsp; para um or\u00e7amento curto\u201d.<\/strong><\/p>\n\n\n\n<p><strong>\u201cOu o estado assume o hospital [cuja estrutura \u00e9 antiga e precisa de investimentos significaivos] ou forne\u00e7a o suporte para o munic\u00edpio ou fa\u00e7a um contrato de parceria por meio do SUS Paulista, cujos valores s\u00e3o superiores ao do SUS federal<\/strong><\/p>\n\n\n\n<p><strong>O objetivo do prefeito \u00e9 a inclus\u00e3o de Ibi\u00fana no Programa de Regionaliza\u00e7\u00e3o da Sa\u00fade, anunciado pelo governador.<\/strong><\/p>\n\n\n\n<p><strong>A audi\u00eancia de consulta p\u00fablica contou com a participa\u00e7\u00e3o de representantes de munic\u00edpios, entidades da regi\u00e3o e vereadores. Foi organizado pela Alesp \u2013 Assembleia Legislativa do Estado de S\u00e3o Paulo, e contou com as presen\u00e7as dos deputados Gilmaci Santos (Republicanos) e \u00canio Tatto (PT), respectivamente presidente e vice-presidente da Comiss\u00e3o de Or\u00e7amento e Planejamento da Alesp.<\/strong><\/p>\n\n\n\n<p><strong>O prefeito, dirigindo-se aos parlamentares paulistas, pediu que &nbsp;inclu\u00edssem sua reivindica\u00e7\u00e3o no relat\u00f3rio a ser formulado pela Alesp na composi\u00e7\u00e3o do or\u00e7amento do pr\u00f3ximo ano para todo o estado.&nbsp;<\/strong><\/p>\n\n\n\n<figure class=\"wp-block-image size-large\"><img loading=\"lazy\" width=\"713\" height=\"533\" src=\"https:\/\/revistavitrineibiuna.com.br\/wp-content\/uploads\/2025\/09\/audiencia-alesp.png\" alt=\"\" class=\"wp-image-34185\" srcset=\"https:\/\/revistavitrineibiuna.com.br\/wp-content\/uploads\/2025\/09\/audiencia-alesp.png 713w, https:\/\/revistavitrineibiuna.com.br\/wp-content\/uploads\/2025\/09\/audiencia-alesp-300x224.png 300w, https:\/\/revistavitrineibiuna.com.br\/wp-content\/uploads\/2025\/09\/audiencia-alesp-320x240.png 320w\" sizes=\"(max-width: 713px) 100vw, 713px\" \/><\/figure>\n","protected":false},"excerpt":{"rendered":"<p>Durante audi\u00eancia p\u00fablica realizada hoje (19) \u00e0 noite na C\u00e2mara Municipal de Ibi\u00fana para debater o Or\u00e7amento Estadual para 2026,<\/p>\n","protected":false},"author":1,"featured_media":34182,"comment_status":"open","ping_status":"open","sticky":false,"template":"","format":"standard","meta":[],"categories":[3],"tags":[],"yoast_head":"<!-- This site is optimized with the Yoast SEO plugin v15.8 - https:\/\/yoast.com\/wordpress\/plugins\/seo\/ -->\n<title>IBI\u00daNA - PREFEITO QUER QUE ESTADO ASSUMA O HOSPITAL MUNICIPAL - Revista Vitrine Online<\/title>\n<meta name=\"robots\" content=\"index, follow, max-snippet:-1, max-image-preview:large, max-video-preview:-1\" \/>\n<link rel=\"canonical\" href=\"http:\/\/revistavitrineibiuna.com.br\/?p=34181\" \/>\n<meta property=\"og:locale\" content=\"pt_BR\" \/>\n<meta property=\"og:type\" content=\"article\" \/>\n<meta property=\"og:title\" content=\"IBI\u00daNA - PREFEITO QUER QUE ESTADO ASSUMA O HOSPITAL MUNICIPAL - Revista Vitrine Online\" \/>\n<meta property=\"og:description\" content=\"Durante audi\u00eancia p\u00fablica realizada hoje (19) \u00e0 noite na C\u00e2mara Municipal de Ibi\u00fana para debater o Or\u00e7amento Estadual para 2026,\" \/>\n<meta property=\"og:url\" content=\"http:\/\/revistavitrineibiuna.com.br\/?p=34181\" \/>\n<meta property=\"og:site_name\" content=\"Revista Vitrine Online\" \/>\n<meta property=\"article:published_time\" content=\"2025-09-20T01:35:44+00:00\" \/>\n<meta property=\"article:modified_time\" content=\"2025-09-22T21:32:18+00:00\" \/>\n<meta property=\"og:image\" content=\"https:\/\/revistavitrineibiuna.com.br\/wp-content\/uploads\/2025\/09\/audiencia-alesp-1.png\" \/>\n\t<meta property=\"og:image:width\" content=\"692\" \/>\n\t<meta property=\"og:image:height\" content=\"409\" \/>\n<meta name=\"twitter:card\" content=\"summary\" \/>\n<meta name=\"twitter:label1\" content=\"Est. reading time\">\n\t<meta name=\"twitter:data1\" content=\"2 minutos\">\n<script type=\"application\/ld+json\" class=\"yoast-schema-graph\">{\"@context\":\"https:\/\/schema.org\",\"@graph\":[{\"@type\":\"WebSite\",\"@id\":\"https:\/\/revistavitrineibiuna.com.br\/#website\",\"url\":\"https:\/\/revistavitrineibiuna.com.br\/\",\"name\":\"Revista Vitrine Ibi\\u00fana\",\"description\":\"A Revista de Ibi\\u00fana e Regi\\u00e3o\",\"publisher\":{\"@id\":\"https:\/\/revistavitrineibiuna.com.br\/#\/schema\/person\/e51ef49d6d88170ea21ceabff3f73deb\"},\"potentialAction\":[{\"@type\":\"SearchAction\",\"target\":\"https:\/\/revistavitrineibiuna.com.br\/?s={search_term_string}\",\"query-input\":\"required name=search_term_string\"}],\"inLanguage\":\"pt-BR\"},{\"@type\":\"ImageObject\",\"@id\":\"http:\/\/revistavitrineibiuna.com.br\/?p=34181#primaryimage\",\"inLanguage\":\"pt-BR\",\"url\":\"https:\/\/revistavitrineibiuna.com.br\/wp-content\/uploads\/2025\/09\/audiencia-alesp-1.png\",\"width\":692,\"height\":409},{\"@type\":\"WebPage\",\"@id\":\"http:\/\/revistavitrineibiuna.com.br\/?p=34181#webpage\",\"url\":\"http:\/\/revistavitrineibiuna.com.br\/?p=34181\",\"name\":\"IBI\\u00daNA - PREFEITO QUER QUE ESTADO ASSUMA O HOSPITAL MUNICIPAL - Revista Vitrine Online\",\"isPartOf\":{\"@id\":\"https:\/\/revistavitrineibiuna.com.br\/#website\"},\"primaryImageOfPage\":{\"@id\":\"http:\/\/revistavitrineibiuna.com.br\/?p=34181#primaryimage\"},\"datePublished\":\"2025-09-20T01:35:44+00:00\",\"dateModified\":\"2025-09-22T21:32:18+00:00\",\"breadcrumb\":{\"@id\":\"http:\/\/revistavitrineibiuna.com.br\/?p=34181#breadcrumb\"},\"inLanguage\":\"pt-BR\",\"potentialAction\":[{\"@type\":\"ReadAction\",\"target\":[\"http:\/\/revistavitrineibiuna.com.br\/?p=34181\"]}]},{\"@type\":\"BreadcrumbList\",\"@id\":\"http:\/\/revistavitrineibiuna.com.br\/?p=34181#breadcrumb\",\"itemListElement\":[{\"@type\":\"ListItem\",\"position\":1,\"item\":{\"@type\":\"WebPage\",\"@id\":\"https:\/\/revistavitrineibiuna.com.br\/\",\"url\":\"https:\/\/revistavitrineibiuna.com.br\/\",\"name\":\"In\\u00edcio\"}},{\"@type\":\"ListItem\",\"position\":2,\"item\":{\"@type\":\"WebPage\",\"@id\":\"http:\/\/revistavitrineibiuna.com.br\/?p=34181\",\"url\":\"http:\/\/revistavitrineibiuna.com.br\/?p=34181\",\"name\":\"IBI\\u00daNA &#8211; PREFEITO QUER QUE ESTADO ASSUMA O HOSPITAL MUNICIPAL\"}}]},{\"@type\":\"Article\",\"@id\":\"http:\/\/revistavitrineibiuna.com.br\/?p=34181#article\",\"isPartOf\":{\"@id\":\"http:\/\/revistavitrineibiuna.com.br\/?p=34181#webpage\"},\"author\":{\"@id\":\"https:\/\/revistavitrineibiuna.com.br\/#\/schema\/person\/e51ef49d6d88170ea21ceabff3f73deb\"},\"headline\":\"IBI\\u00daNA &#8211; PREFEITO QUER QUE ESTADO ASSUMA O HOSPITAL MUNICIPAL\",\"datePublished\":\"2025-09-20T01:35:44+00:00\",\"dateModified\":\"2025-09-22T21:32:18+00:00\",\"mainEntityOfPage\":{\"@id\":\"http:\/\/revistavitrineibiuna.com.br\/?p=34181#webpage\"},\"commentCount\":0,\"publisher\":{\"@id\":\"https:\/\/revistavitrineibiuna.com.br\/#\/schema\/person\/e51ef49d6d88170ea21ceabff3f73deb\"},\"image\":{\"@id\":\"http:\/\/revistavitrineibiuna.com.br\/?p=34181#primaryimage\"},\"articleSection\":\"Not\\u00edcias\",\"inLanguage\":\"pt-BR\",\"potentialAction\":[{\"@type\":\"CommentAction\",\"name\":\"Comment\",\"target\":[\"http:\/\/revistavitrineibiuna.com.br\/?p=34181#respond\"]}]},{\"@type\":[\"Person\",\"Organization\"],\"@id\":\"https:\/\/revistavitrineibiuna.com.br\/#\/schema\/person\/e51ef49d6d88170ea21ceabff3f73deb\",\"name\":\"Carlos Rossini\",\"image\":{\"@type\":\"ImageObject\",\"@id\":\"https:\/\/revistavitrineibiuna.com.br\/#personlogo\",\"inLanguage\":\"pt-BR\",\"url\":\"https:\/\/secure.gravatar.com\/avatar\/4f2d0f99fac1f85c7d643f21f5c8d900?s=96&d=mm&r=g\",\"caption\":\"Carlos Rossini\"},\"logo\":{\"@id\":\"https:\/\/revistavitrineibiuna.com.br\/#personlogo\"},\"description\":\"Carlos Rossini \\u00e9 jornalista, soci\\u00f3logo, escritor e professor universit\\u00e1rio, tendo sido professor de jornalismo por vinte anos. Trabalhou em ve\\u00edculos de comunica\\u00e7\\u00e3o nas fun\\u00e7\\u00f5es de rep\\u00f3rter, redator, editor, articulista e colaborador, como Folha de S. Paulo, O Estado de S. Paulo, Di\\u00e1rio Popular, entre outros. Ao transferir a revista vitrine, vers\\u00e3o imprensa, de S\\u00e3o Paulo para Ibi\\u00fana h\\u00e1 alguns anos, iniciou uma nova experi\\u00eancia profissional, dedicando-se ao jornalismo regional, depois de cumprir uma trajet\\u00f3ria bem-sucedida na grande imprensa brasileira. Seu primeiro livro A Coragem de Comunicar foi lan\\u00e7ado na Bienal do Livro em S\\u00e3o Paulo no ano 2000, pela editora Madras.\"}]}<\/script>\n<!-- \/ Yoast SEO plugin. -->","_links":{"self":[{"href":"https:\/\/revistavitrineibiuna.com.br\/index.php?rest_route=\/wp\/v2\/posts\/34181"}],"collection":[{"href":"https:\/\/revistavitrineibiuna.com.br\/index.php?rest_route=\/wp\/v2\/posts"}],"about":[{"href":"https:\/\/revistavitrineibiuna.com.br\/index.php?rest_route=\/wp\/v2\/types\/post"}],"author":[{"embeddable":true,"href":"https:\/\/revistavitrineibiuna.com.br\/index.php?rest_route=\/wp\/v2\/users\/1"}],"replies":[{"embeddable":true,"href":"https:\/\/revistavitrineibiuna.com.br\/index.php?rest_route=%2Fwp%2Fv2%2Fcomments&post=34181"}],"version-history":[{"count":4,"href":"https:\/\/revistavitrineibiuna.com.br\/index.php?rest_route=\/wp\/v2\/posts\/34181\/revisions"}],"predecessor-version":[{"id":34206,"href":"https:\/\/revistavitrineibiuna.com.br\/index.php?rest_route=\/wp\/v2\/posts\/34181\/revisions\/34206"}],"wp:featuredmedia":[{"embeddable":true,"href":"https:\/\/revistavitrineibiuna.com.br\/index.php?rest_route=\/wp\/v2\/media\/34182"}],"wp:attachment":[{"href":"https:\/\/revistavitrineibiuna.com.br\/index.php?rest_route=%2Fwp%2Fv2%2Fmedia&parent=34181"}],"wp:term":[{"taxonomy":"category","embeddable":true,"href":"https:\/\/revistavitrineibiuna.com.br\/index.php?rest_route=%2Fwp%2Fv2%2Fcategories&post=34181"},{"taxonomy":"post_tag","embeddable":true,"href":"https:\/\/revistavitrineibiuna.com.br\/index.php?rest_route=%2Fwp%2Fv2%2Ftags&post=34181"}],"curies":[{"name":"wp","href":"https:\/\/api.w.org\/{rel}","templated":true}]}}