{"id":34203,"date":"2025-09-22T11:58:22","date_gmt":"2025-09-22T14:58:22","guid":{"rendered":"http:\/\/revistavitrineibiuna.com.br\/?p=34203"},"modified":"2025-09-22T11:58:23","modified_gmt":"2025-09-22T14:58:23","slug":"ibiuna-licitacoes-da-saude-podem-sinalizar-o-ponto-de-virada-do-atual-governo","status":"publish","type":"post","link":"https:\/\/revistavitrineibiuna.com.br\/?p=34203","title":{"rendered":"IBI\u00daNA &#8211; LICITA\u00c7\u00d5ES DA SA\u00daDE PODEM SINALIZAR O PONTO DE VIRADA DO ATUAL GOVERNO"},"content":{"rendered":"\n<p class=\"has-drop-cap\"><strong>Os chamamentos de organiza\u00e7\u00f5es sociais para a participa\u00e7\u00e3o em duas licita\u00e7\u00f5es \u2013 para gerenciamento tanto do Hospital Municipal de Ibi\u00fana (HMI) quanto da Rede de Aten\u00e7\u00e3o B\u00e1sica (postos de sa\u00fade), Estrat\u00e9gia da Sa\u00fade da Fam\u00edlia (ESF), Centro de Especialidades, Centro de Aten\u00e7\u00e3o Psicossocial (CAPs) e Centro Odontol\u00f3gico \u2013 podem se tornar o ponto de virada do atual governo municipal.<\/strong><\/p>\n\n\n\n<p><strong>Essa \u00e9 a perspectiva de alguns assessores do prefeito M\u00e1rio Pires e de not\u00e1vel parcela da popula\u00e7\u00e3o que acredita que ele far\u00e1 um bom governo. Consideram que se trata de uma quest\u00e3o de tempo e dos efeitos das medidas que est\u00e3o sendo preparadas e ainda desconhecidas da popula\u00e7\u00e3o.<\/strong><\/p>\n\n\n\n<p><strong>Assim, vivem os cidad\u00e3os um estado de espera, como os espectadores sentados nas poltronas em um teatro, at\u00e9 que o terceiro toque da campainha se faz ouvir, as cortinas se abrem, para que, enfim, os personagens comecem a interpretar seus respectivos pap\u00e9is.<\/strong><\/p>\n\n\n\n<p><strong>O atual governo completa 9 meses de mandato no pr\u00f3ximo dia 30. Tendo sido eleito com recorde hist\u00f3rico de votos, o tamanho da esperan\u00e7a aberto nos sentimentos da popula\u00e7\u00e3o transcorreu na mesma propor\u00e7\u00e3o.<\/strong><\/p>\n\n\n\n<p><strong>DECEP\u00c7\u00c3O<\/strong><\/p>\n\n\n\n<p><strong>Ouvindo dezenas e dezenas de cidad\u00e3os informalmente, nota-se uma clara tend\u00eancia de frustra\u00e7\u00e3o em face da percep\u00e7\u00e3o gerada pelo contraste entre sua intensa <em>mise en sc\u00e8ne<\/em> nas redes sociais e a aparente ina\u00e7\u00e3o objetiva do seu governo, principalmente na \u00e1rea da sa\u00fade.<\/strong><\/p>\n\n\n\n<p><strong>O sentimento geral \u00e9 de que est\u00e1 havendo muita demora para a ado\u00e7\u00e3o de medidas eficazes aos olhos da popula\u00e7\u00e3o e isso cria borr\u00f5es na sua sorridente e ativa imagem de homem p\u00fablico.<\/strong><\/p>\n\n\n\n<p><strong>M\u00c1 FAMA<\/strong><\/p>\n\n\n\n<p><strong>Esse fen\u00f4meno acontece num contexto em que os servi\u00e7os prestados pelo HMI sofrem o estigma de serem considerados prec\u00e1rios e insatisfat\u00f3rios, como se verifica em constantes postagens nas redes sociais. S\u00e3o d\u00e9cadas e d\u00e9cadas de queixas, den\u00fancias e reclama\u00e7\u00f5es por mau atendimento, ainda que, \u00e9 preciso reconhecer, bons servi\u00e7os tenham sido prestados numa diversidade de casos pontuais.<\/strong><\/p>\n\n\n\n<p><strong>PROBLEMAS ESTRUTURAIS<\/strong><\/p>\n\n\n\n<p><strong>Isto, no entanto, n\u00e3o deve ser debitado na conta dos profissionais de sa\u00fade, ou mesmo do atual governo, mas aos problemas estruturais n\u00e3o resolvidos at\u00e9 hoje e levados com a barriga por gestores municipais despreparados ou insens\u00edveis em rela\u00e7\u00e3o \u00e0s necessidades humanas inadi\u00e1veis na \u00e1rea da sa\u00fade. \u00c9 natural, portanto, que os cidad\u00e3os passem a descrer de modo generalizado em promessas de mudan\u00e7a.<\/strong><\/p>\n\n\n\n<p><strong>SITUA\u00c7\u00c3O IR\u00d4NICA<\/strong><\/p>\n\n\n\n<p><strong>Talvez n\u00e3o baste dizer que ironicamente o hospital tenha fechado as portas quando o prefeito era um m\u00e9dico, que haja um n\u00famero insuficiente de m\u00e9dicos por plant\u00f5es, ou que faltem medicamentos, que m\u00e9dicos recusem convite para trabalhar no hospital pela fama de m\u00e1 reputa\u00e7\u00e3o, por hist\u00f3ricos e recorrentes atrasos de pagamento [est\u00e3o em dia no atual governo], do esfor\u00e7o exigido sobretudo do pessoal da enfermagem em n\u00famero insuficiente diante da demanda di\u00e1ria.<\/strong><\/p>\n\n\n\n<p><strong>PIOR HERAN\u00c7A<\/strong><\/p>\n\n\n\n<p><strong>A quest\u00e3o da sa\u00fade p\u00fablica no munic\u00edpio de Ibi\u00fana foi, al\u00e9m da desastrosa situa\u00e7\u00e3o financeira denunciada, a pior parte da heran\u00e7a deixada para o atual governo.<\/strong><\/p>\n\n\n\n<p><strong>Esse fato, no entanto, n\u00e3o deve servir para alimentar resigna\u00e7\u00f5es e sim como oportunidade para demonstrar que os novos atores pol\u00edticos devem agir de modo competente para resolver os problemas sobejamente conhecidos.<\/strong><\/p>\n\n\n\n<p><strong>FIO DE ESPERAN\u00c7A<\/strong><\/p>\n\n\n\n<p><strong>Por isso, se houver a felicidade na escolha das melhores propostas, dentro dos pr\u00e9-requisitos impostos nos editais, certamente o fio de esperan\u00e7a em torno do chefe do Executivo venha a ser o condutor de energia em dire\u00e7\u00e3o ao objetivo que todos almejam: a melhoria substancial nos servi\u00e7os de sa\u00fade \u00e0 popula\u00e7\u00e3o de Ibi\u00fana.<\/strong><\/p>\n\n\n\n<p><strong>CHAMAMENTOS<\/strong><\/p>\n\n\n\n<p><strong>Como se sabe os dois novos chamamentos p\u00fablicos para parceria com organiza\u00e7\u00f5es sociais foram necess\u00e1rios porque a atual prestadora de servi\u00e7o no HMI, o Igats, entrou com uma a\u00e7\u00e3o judicial aceita pelo Tribunal de Contas do Estado e conseguiu espichar sua gest\u00e3o por 90 dias, com um ganho pecuni\u00e1rio extra pelo aumento dos valores recebidos por for\u00e7a de um aditivo ao contrato original.<\/strong><\/p>\n\n\n\n<p><strong>ATEN\u00c7\u00c3O B\u00c1SICA<\/strong><\/p>\n\n\n\n<p><strong>As propostas do chamamento <\/strong><strong>n\u00ba 06\/2025, publicado no Imprensa Oficial 1162, de 10.9.2025, que visa a<\/strong><strong> contratar empresa para atuar na Rede de Aten\u00e7\u00e3o B\u00e1sica (postos de sa\u00fade), Estrat\u00e9gia Sa\u00fade da&nbsp; Fam\u00edlia (ESF), Centro de Especialidades, Centro de Aten\u00e7\u00e3o Psicossocial (CAPs) e Centro Odontol\u00f3gico, ser\u00e3o recebidas no dia 31.10.2025.<\/strong><\/p>\n\n\n\n<p><strong>HOSPITAL MUNICIPAL<\/strong><\/p>\n\n\n\n<p><strong>O contrato a ser firmado com a organiza\u00e7\u00e3o vencedora prev\u00ea gerenciamento das a\u00e7\u00f5es e servi\u00e7os de sa\u00fade, incluindo manuten\u00e7\u00e3o predial, reformas e compra de equipamentos [leia abaixo a nota enviada pela Prefeitura, sobre o novo plano de sa\u00fade].<\/strong><\/p>\n\n\n\n<p><strong>As propostas do chamamento para gerenciamento e execu\u00e7\u00e3o de a\u00e7\u00f5es e servi\u00e7os no Hospital Municipal de Ibi\u00fana ser\u00e3o recebidas no dia 4.11.2025. (<em>Carlos Rossini \u00e9 diretor da TVUNA e editor de vitrine online<\/em>)<\/strong><\/p>\n\n\n\n<p><strong>NOTA DA PREFEITURA DO<\/strong><\/p>\n\n\n\n<p><strong>NOVO PLANO DE SA\u00daDE<\/strong><\/p>\n\n\n\n<p><strong>A pedido de vitrine online, a assessoria de Imprensa da prefeitura enviou a seguinte nota sobre o novo plano de sa\u00fade a ser implantado em Ibi\u00fana, a partir da contrata\u00e7\u00e3o da(s) futura(s) organiza\u00e7\u00e3o(es) contratada(s) mediante as licita\u00e7\u00f5es citadas acima:<\/strong><\/p>\n\n\n\n<p><strong>\u201cO Hospital Municipal de Ibi\u00fana e a Rede de Aten\u00e7\u00e3o B\u00e1sica e complementar de Sa\u00fade ter\u00e3o uma forma de trabalhar mais din\u00e2mica e ampliada, como moderniza\u00e7\u00e3o e informatiza\u00e7\u00e3o dos atendimentos. O novo plano de trabalho prev\u00ea que as futuras contratadas disponibilizem mais m\u00e9dicos, sendo especialistas, cl\u00ednicos gerais e com versatilidade para alternar a demanda da cidade.<\/strong><\/p>\n\n\n\n<p><strong>Um dos pontos de destaque \u00e9 a previs\u00e3o de recurso para a manuten\u00e7\u00e3o predial preventiva e corretiva, al\u00e9m de pequenas reformas. Hoje, a manuten\u00e7\u00e3o do Hospital n\u00e3o est\u00e1 inclu\u00edda no contrato, o que dificulta manter a manuten\u00e7\u00e3o estrutural em dia. Esse mecanismo tamb\u00e9m prev\u00ea a compra de equipamentos como macas e cadeiras, por exemplo. Vale lembrar que os ber\u00e7os t\u00e9rmicos para rec\u00e9m-nascidos ficaram quebrados por mais de 4 anos, tendo sido consertados nesta gest\u00e3o.<\/strong><\/p>\n","protected":false},"excerpt":{"rendered":"<p>Os chamamentos de organiza\u00e7\u00f5es sociais para a participa\u00e7\u00e3o em duas licita\u00e7\u00f5es \u2013 para gerenciamento tanto do Hospital Municipal de Ibi\u00fana<\/p>\n","protected":false},"author":1,"featured_media":34204,"comment_status":"open","ping_status":"open","sticky":false,"template":"","format":"standard","meta":[],"categories":[3],"tags":[],"yoast_head":"<!-- This site is optimized with the Yoast SEO plugin v15.8 - https:\/\/yoast.com\/wordpress\/plugins\/seo\/ -->\n<title>IBI\u00daNA - LICITA\u00c7\u00d5ES DA SA\u00daDE PODEM SINALIZAR O PONTO DE VIRADA DO ATUAL GOVERNO - Revista Vitrine Online<\/title>\n<meta name=\"robots\" content=\"index, follow, max-snippet:-1, max-image-preview:large, max-video-preview:-1\" \/>\n<link rel=\"canonical\" href=\"http:\/\/revistavitrineibiuna.com.br\/?p=34203\" \/>\n<meta property=\"og:locale\" content=\"pt_BR\" \/>\n<meta property=\"og:type\" content=\"article\" \/>\n<meta property=\"og:title\" content=\"IBI\u00daNA - LICITA\u00c7\u00d5ES DA SA\u00daDE PODEM SINALIZAR O PONTO DE VIRADA DO ATUAL GOVERNO - Revista Vitrine Online\" \/>\n<meta property=\"og:description\" content=\"Os chamamentos de organiza\u00e7\u00f5es sociais para a participa\u00e7\u00e3o em duas licita\u00e7\u00f5es \u2013 para gerenciamento tanto do Hospital Municipal de Ibi\u00fana\" \/>\n<meta property=\"og:url\" content=\"http:\/\/revistavitrineibiuna.com.br\/?p=34203\" \/>\n<meta property=\"og:site_name\" content=\"Revista Vitrine Online\" \/>\n<meta property=\"article:published_time\" content=\"2025-09-22T14:58:22+00:00\" \/>\n<meta property=\"article:modified_time\" content=\"2025-09-22T14:58:23+00:00\" \/>\n<meta property=\"og:image\" content=\"https:\/\/revistavitrineibiuna.com.br\/wp-content\/uploads\/2025\/09\/Mario-Pires-licitacoes-1024x575.png\" \/>\n\t<meta property=\"og:image:width\" content=\"1024\" \/>\n\t<meta property=\"og:image:height\" content=\"575\" \/>\n<meta name=\"twitter:card\" content=\"summary\" \/>\n<meta name=\"twitter:label1\" content=\"Est. reading time\">\n\t<meta name=\"twitter:data1\" content=\"5 minutos\">\n<script type=\"application\/ld+json\" class=\"yoast-schema-graph\">{\"@context\":\"https:\/\/schema.org\",\"@graph\":[{\"@type\":\"WebSite\",\"@id\":\"https:\/\/revistavitrineibiuna.com.br\/#website\",\"url\":\"https:\/\/revistavitrineibiuna.com.br\/\",\"name\":\"Revista Vitrine Ibi\\u00fana\",\"description\":\"A Revista de Ibi\\u00fana e Regi\\u00e3o\",\"publisher\":{\"@id\":\"https:\/\/revistavitrineibiuna.com.br\/#\/schema\/person\/e51ef49d6d88170ea21ceabff3f73deb\"},\"potentialAction\":[{\"@type\":\"SearchAction\",\"target\":\"https:\/\/revistavitrineibiuna.com.br\/?s={search_term_string}\",\"query-input\":\"required name=search_term_string\"}],\"inLanguage\":\"pt-BR\"},{\"@type\":\"ImageObject\",\"@id\":\"http:\/\/revistavitrineibiuna.com.br\/?p=34203#primaryimage\",\"inLanguage\":\"pt-BR\",\"url\":\"https:\/\/revistavitrineibiuna.com.br\/wp-content\/uploads\/2025\/09\/Mario-Pires-licitacoes.png\",\"width\":1600,\"height\":899},{\"@type\":\"WebPage\",\"@id\":\"http:\/\/revistavitrineibiuna.com.br\/?p=34203#webpage\",\"url\":\"http:\/\/revistavitrineibiuna.com.br\/?p=34203\",\"name\":\"IBI\\u00daNA - LICITA\\u00c7\\u00d5ES DA SA\\u00daDE PODEM SINALIZAR O PONTO DE VIRADA DO ATUAL GOVERNO - Revista Vitrine Online\",\"isPartOf\":{\"@id\":\"https:\/\/revistavitrineibiuna.com.br\/#website\"},\"primaryImageOfPage\":{\"@id\":\"http:\/\/revistavitrineibiuna.com.br\/?p=34203#primaryimage\"},\"datePublished\":\"2025-09-22T14:58:22+00:00\",\"dateModified\":\"2025-09-22T14:58:23+00:00\",\"breadcrumb\":{\"@id\":\"http:\/\/revistavitrineibiuna.com.br\/?p=34203#breadcrumb\"},\"inLanguage\":\"pt-BR\",\"potentialAction\":[{\"@type\":\"ReadAction\",\"target\":[\"http:\/\/revistavitrineibiuna.com.br\/?p=34203\"]}]},{\"@type\":\"BreadcrumbList\",\"@id\":\"http:\/\/revistavitrineibiuna.com.br\/?p=34203#breadcrumb\",\"itemListElement\":[{\"@type\":\"ListItem\",\"position\":1,\"item\":{\"@type\":\"WebPage\",\"@id\":\"https:\/\/revistavitrineibiuna.com.br\/\",\"url\":\"https:\/\/revistavitrineibiuna.com.br\/\",\"name\":\"In\\u00edcio\"}},{\"@type\":\"ListItem\",\"position\":2,\"item\":{\"@type\":\"WebPage\",\"@id\":\"http:\/\/revistavitrineibiuna.com.br\/?p=34203\",\"url\":\"http:\/\/revistavitrineibiuna.com.br\/?p=34203\",\"name\":\"IBI\\u00daNA &#8211; LICITA\\u00c7\\u00d5ES DA SA\\u00daDE PODEM SINALIZAR O PONTO DE VIRADA DO ATUAL GOVERNO\"}}]},{\"@type\":\"Article\",\"@id\":\"http:\/\/revistavitrineibiuna.com.br\/?p=34203#article\",\"isPartOf\":{\"@id\":\"http:\/\/revistavitrineibiuna.com.br\/?p=34203#webpage\"},\"author\":{\"@id\":\"https:\/\/revistavitrineibiuna.com.br\/#\/schema\/person\/e51ef49d6d88170ea21ceabff3f73deb\"},\"headline\":\"IBI\\u00daNA &#8211; LICITA\\u00c7\\u00d5ES DA SA\\u00daDE PODEM SINALIZAR O PONTO DE VIRADA DO ATUAL GOVERNO\",\"datePublished\":\"2025-09-22T14:58:22+00:00\",\"dateModified\":\"2025-09-22T14:58:23+00:00\",\"mainEntityOfPage\":{\"@id\":\"http:\/\/revistavitrineibiuna.com.br\/?p=34203#webpage\"},\"commentCount\":0,\"publisher\":{\"@id\":\"https:\/\/revistavitrineibiuna.com.br\/#\/schema\/person\/e51ef49d6d88170ea21ceabff3f73deb\"},\"image\":{\"@id\":\"http:\/\/revistavitrineibiuna.com.br\/?p=34203#primaryimage\"},\"articleSection\":\"Not\\u00edcias\",\"inLanguage\":\"pt-BR\",\"potentialAction\":[{\"@type\":\"CommentAction\",\"name\":\"Comment\",\"target\":[\"http:\/\/revistavitrineibiuna.com.br\/?p=34203#respond\"]}]},{\"@type\":[\"Person\",\"Organization\"],\"@id\":\"https:\/\/revistavitrineibiuna.com.br\/#\/schema\/person\/e51ef49d6d88170ea21ceabff3f73deb\",\"name\":\"Carlos Rossini\",\"image\":{\"@type\":\"ImageObject\",\"@id\":\"https:\/\/revistavitrineibiuna.com.br\/#personlogo\",\"inLanguage\":\"pt-BR\",\"url\":\"https:\/\/secure.gravatar.com\/avatar\/4f2d0f99fac1f85c7d643f21f5c8d900?s=96&d=mm&r=g\",\"caption\":\"Carlos Rossini\"},\"logo\":{\"@id\":\"https:\/\/revistavitrineibiuna.com.br\/#personlogo\"},\"description\":\"Carlos Rossini \\u00e9 jornalista, soci\\u00f3logo, escritor e professor universit\\u00e1rio, tendo sido professor de jornalismo por vinte anos. Trabalhou em ve\\u00edculos de comunica\\u00e7\\u00e3o nas fun\\u00e7\\u00f5es de rep\\u00f3rter, redator, editor, articulista e colaborador, como Folha de S. Paulo, O Estado de S. Paulo, Di\\u00e1rio Popular, entre outros. Ao transferir a revista vitrine, vers\\u00e3o imprensa, de S\\u00e3o Paulo para Ibi\\u00fana h\\u00e1 alguns anos, iniciou uma nova experi\\u00eancia profissional, dedicando-se ao jornalismo regional, depois de cumprir uma trajet\\u00f3ria bem-sucedida na grande imprensa brasileira. Seu primeiro livro A Coragem de Comunicar foi lan\\u00e7ado na Bienal do Livro em S\\u00e3o Paulo no ano 2000, pela editora Madras.\"}]}<\/script>\n<!-- \/ Yoast SEO plugin. -->","_links":{"self":[{"href":"https:\/\/revistavitrineibiuna.com.br\/index.php?rest_route=\/wp\/v2\/posts\/34203"}],"collection":[{"href":"https:\/\/revistavitrineibiuna.com.br\/index.php?rest_route=\/wp\/v2\/posts"}],"about":[{"href":"https:\/\/revistavitrineibiuna.com.br\/index.php?rest_route=\/wp\/v2\/types\/post"}],"author":[{"embeddable":true,"href":"https:\/\/revistavitrineibiuna.com.br\/index.php?rest_route=\/wp\/v2\/users\/1"}],"replies":[{"embeddable":true,"href":"https:\/\/revistavitrineibiuna.com.br\/index.php?rest_route=%2Fwp%2Fv2%2Fcomments&post=34203"}],"version-history":[{"count":1,"href":"https:\/\/revistavitrineibiuna.com.br\/index.php?rest_route=\/wp\/v2\/posts\/34203\/revisions"}],"predecessor-version":[{"id":34205,"href":"https:\/\/revistavitrineibiuna.com.br\/index.php?rest_route=\/wp\/v2\/posts\/34203\/revisions\/34205"}],"wp:featuredmedia":[{"embeddable":true,"href":"https:\/\/revistavitrineibiuna.com.br\/index.php?rest_route=\/wp\/v2\/media\/34204"}],"wp:attachment":[{"href":"https:\/\/revistavitrineibiuna.com.br\/index.php?rest_route=%2Fwp%2Fv2%2Fmedia&parent=34203"}],"wp:term":[{"taxonomy":"category","embeddable":true,"href":"https:\/\/revistavitrineibiuna.com.br\/index.php?rest_route=%2Fwp%2Fv2%2Fcategories&post=34203"},{"taxonomy":"post_tag","embeddable":true,"href":"https:\/\/revistavitrineibiuna.com.br\/index.php?rest_route=%2Fwp%2Fv2%2Ftags&post=34203"}],"curies":[{"name":"wp","href":"https:\/\/api.w.org\/{rel}","templated":true}]}}