{"id":34207,"date":"2025-09-23T10:13:11","date_gmt":"2025-09-23T13:13:11","guid":{"rendered":"http:\/\/revistavitrineibiuna.com.br\/?p=34207"},"modified":"2025-09-23T10:13:12","modified_gmt":"2025-09-23T13:13:12","slug":"tres-pedagios-eletronicos-comecam-a-operar-no-dia-1o-na-raposo-tavares","status":"publish","type":"post","link":"https:\/\/revistavitrineibiuna.com.br\/?p=34207","title":{"rendered":"TR\u00caS PED\u00c1GIOS ELETR\u00d4NICOS COME\u00c7AM A OPERAR NO DIA 1\u00ba NA RAPOSO TAVARES"},"content":{"rendered":"\n<p class=\"has-drop-cap\"><strong>A partir da zero hora do dia 1\u00ba de outubro, pr\u00f3xima quarta-feira, tr\u00eas ped\u00e1gios eletr\u00f4nicos (free-flow) iniciam sua opera\u00e7\u00e3o na rodovia Raposo Tavares: em S\u00e3o Roque, km 48; em Sorocaba, km 83; e em Ara\u00e7oiaba, km 111.<\/strong><\/p>\n\n\n\n<p><strong>Simultaneamente, os tr\u00eas ped\u00e1gios tradicionais com cancela ser\u00e3o desativados e ter\u00e3o passagem livre, informa a Motiva (CCR Sorocabana).<\/strong><\/p>\n\n\n\n<p><strong>Eis os valores a serem cobrados dos ve\u00edculos, sendo que as motos estar\u00e3o isentas:<\/strong><\/p>\n\n\n\n<p><strong>km 48 \u2013 S\u00e3o Roque &#8211; R$ 5,05 em cada sentido.<\/strong><\/p>\n\n\n\n<p><strong>km 83 \u2013 Sorocaba &#8211; R$ 4,95 em cada sentido.<\/strong><\/p>\n\n\n\n<p><strong>km 111 \u2013 Ara\u00e7oiaba &#8211; R$ 4,20 por sentido.<\/strong><\/p>\n\n\n\n<p><strong>MULTA<\/strong><\/p>\n\n\n\n<p><strong>O n\u00e3o pagamento em at\u00e9 30 dias ap\u00f3s a passagem do ve\u00edculo pelo p\u00f3rtico configura evas\u00e3o de ped\u00e1gio e resultar\u00e1 em multa de R$ 195,23 e 5 pontos na CNH (Carteira Nacional de Habilita\u00e7\u00e3o).<\/strong><\/p>\n\n\n\n<p><strong>Para evitar a multa, o usu\u00e1rio deve efetuar o pagamento da tarifa dentro do prazo de 30 dias, seja por meio da TAG eletr\u00f4nica ou atrav\u00e9s dos canais disponibilizados pela concession\u00e1ria [leia abaixo], consultando a placa do ve\u00edculo.<\/strong><\/p>\n\n\n\n<p><strong>DESCONTOS<\/strong><\/p>\n\n\n\n<p><strong>A empresa informa que o Siga F\u00e1cil, novo sistema de ped\u00e1gio eletr\u00f4nico \u201cvai muito al\u00e9m da moderniza\u00e7\u00e3o da forma de cobran\u00e7a nas roodovias: ele tamb\u00e9m garante vantagens exclusivas para quem utiliza TAG. O motorista que j\u00e1 circula com o dispositivo eletr\u00f4nico no ve\u00edculo ter\u00e1 acesso a dois tipos de desconto que tornam a viagem mais econ\u00f4mica<\/strong><\/p>\n\n\n\n<p><strong>O primeiro \u00e9 o Desconto B\u00e1sico de Tarifa (DBT), que garante redu\u00e7\u00e3o autom\u00e1tica de 5% no valor de cada transa\u00e7\u00e3o. J\u00e1 o segundo \u00e9 o Desconto de Usu\u00e1rio Frequente (DUF), que pode chegar at\u00e9 20% para ve\u00edculos leves que circulam pelo mesmo p\u00f3rtico mais de uma vez, no mesmo sentido, dentro do per\u00edodo de um m\u00eas. Esses benef\u00edcios estimulam o uso deste meio de pagamento, que torna ainda mais pr\u00e1tica e r\u00e1pida a sua viagem.<\/strong><\/p>\n\n\n\n<p><strong>Quem ainda n\u00e3o utiliza o sistema pode adquirir a TAG com qualquer operadora credenciada e come\u00e7ar a aproveitar as vantagens de imediato. Al\u00e9m da economia, o dispositivo garante mais comodidade e previsibilidade de gastos para quem utiliza as rodovias no dia a dia.<\/strong><\/p>\n\n\n\n<p><strong>Afinal, O que \u00e9 o TAG?<\/strong><\/p>\n\n\n\n<p><strong>\u00c9 um dispositivo eletr\u00f4nico, semelhante a uma etiqueta adesiva, que \u00e9 colada no para-brisa do ve\u00edculo, pr\u00f3ximo ao retrovisor. O local \u00e9 definido devido \u00e0 posi\u00e7\u00e3o dos leitores das operadoras instalados nas cabines das pra\u00e7as ou nos p\u00f3rticos, e que s\u00e3o respons\u00e1veis pela verifica\u00e7\u00e3o dos TAGs e permite o pagamento autom\u00e1tico.<\/strong><\/p>\n\n\n\n<p><strong>A Sorocabana aceita todas as operadoras de TAG. Cada uma delas possui planos diferentes e espec\u00edficos de acordo com a necessidade do cliente. Alguns dos benef\u00edcios oferecidos pelas operadoras, s\u00e3o isen\u00e7\u00e3o vital\u00edcia do pagamento de mensalidade, conv\u00eanio com lojas parceiras, bancos, abastecimento em postos de combust\u00edvel conveniados, entre outros.<\/strong><\/p>\n\n\n\n<p><strong>COMO EFETUAR O PAGAMENTO<\/strong><\/p>\n\n\n\n<p><strong>Os motoristas que ainda n\u00e3o possuem TAG podem pagar de forma simples e digital, em at\u00e9 30 dias ap\u00f3s a passagem pelo ped\u00e1gio eletr\u00f4nico. O pagamento pode ser feito nos canais de autoatendimento da concession\u00e1ria:<\/strong><\/p>\n\n\n\n<p><strong>Site: https:\/\/www.pedagiodigital.com\/<\/strong><\/p>\n\n\n\n<p><strong>Aplicativo CCR Rodovias<\/strong><\/p>\n\n\n\n<p><strong>WhatsApp (ChatBot oficial) &#8211; 0800 252 7280<\/strong><\/p>\n\n\n\n<p><strong>Nesses canais, o motorista pode consultar d\u00e9bitos vinculados \u00e0 placa do ve\u00edculo e pagar por Pix ou cart\u00e3o de cr\u00e9dito.<\/strong><\/p>\n\n\n\n<p><strong>As atuais pra\u00e7as de ped\u00e1gio e suas cabines ser\u00e3o desativadas gradualmente e demolidas em at\u00e9 seis meses, encerrando as paradas obrigat\u00f3rias e consolidando um sistema moderno e sustent\u00e1vel, que tamb\u00e9m reduz a emiss\u00e3o de poluentes.<\/strong><\/p>\n","protected":false},"excerpt":{"rendered":"<p>A partir da zero hora do dia 1\u00ba de outubro, pr\u00f3xima quarta-feira, tr\u00eas ped\u00e1gios eletr\u00f4nicos (free-flow) iniciam sua opera\u00e7\u00e3o na<\/p>\n","protected":false},"author":1,"featured_media":34208,"comment_status":"open","ping_status":"open","sticky":false,"template":"","format":"standard","meta":[],"categories":[3],"tags":[],"yoast_head":"<!-- This site is optimized with the Yoast SEO plugin v15.8 - https:\/\/yoast.com\/wordpress\/plugins\/seo\/ -->\n<title>TR\u00caS PED\u00c1GIOS ELETR\u00d4NICOS COME\u00c7AM A OPERAR NO DIA 1\u00ba NA RAPOSO TAVARES - Revista Vitrine Online<\/title>\n<meta name=\"robots\" content=\"index, follow, max-snippet:-1, max-image-preview:large, max-video-preview:-1\" \/>\n<link rel=\"canonical\" href=\"http:\/\/revistavitrineibiuna.com.br\/?p=34207\" \/>\n<meta property=\"og:locale\" content=\"pt_BR\" \/>\n<meta property=\"og:type\" content=\"article\" \/>\n<meta property=\"og:title\" content=\"TR\u00caS PED\u00c1GIOS ELETR\u00d4NICOS COME\u00c7AM A OPERAR NO DIA 1\u00ba NA RAPOSO TAVARES - Revista Vitrine Online\" \/>\n<meta property=\"og:description\" content=\"A partir da zero hora do dia 1\u00ba de outubro, pr\u00f3xima quarta-feira, tr\u00eas ped\u00e1gios eletr\u00f4nicos (free-flow) iniciam sua opera\u00e7\u00e3o na\" \/>\n<meta property=\"og:url\" content=\"http:\/\/revistavitrineibiuna.com.br\/?p=34207\" \/>\n<meta property=\"og:site_name\" content=\"Revista Vitrine Online\" \/>\n<meta property=\"article:published_time\" content=\"2025-09-23T13:13:11+00:00\" \/>\n<meta property=\"article:modified_time\" content=\"2025-09-23T13:13:12+00:00\" \/>\n<meta property=\"og:image\" content=\"https:\/\/revistavitrineibiuna.com.br\/wp-content\/uploads\/2025\/09\/pedagio-freeflow.png\" \/>\n\t<meta property=\"og:image:width\" content=\"424\" \/>\n\t<meta property=\"og:image:height\" content=\"266\" \/>\n<meta name=\"twitter:card\" content=\"summary\" \/>\n<meta name=\"twitter:label1\" content=\"Est. reading time\">\n\t<meta name=\"twitter:data1\" content=\"3 minutos\">\n<script type=\"application\/ld+json\" class=\"yoast-schema-graph\">{\"@context\":\"https:\/\/schema.org\",\"@graph\":[{\"@type\":\"WebSite\",\"@id\":\"https:\/\/revistavitrineibiuna.com.br\/#website\",\"url\":\"https:\/\/revistavitrineibiuna.com.br\/\",\"name\":\"Revista Vitrine Ibi\\u00fana\",\"description\":\"A Revista de Ibi\\u00fana e Regi\\u00e3o\",\"publisher\":{\"@id\":\"https:\/\/revistavitrineibiuna.com.br\/#\/schema\/person\/e51ef49d6d88170ea21ceabff3f73deb\"},\"potentialAction\":[{\"@type\":\"SearchAction\",\"target\":\"https:\/\/revistavitrineibiuna.com.br\/?s={search_term_string}\",\"query-input\":\"required name=search_term_string\"}],\"inLanguage\":\"pt-BR\"},{\"@type\":\"ImageObject\",\"@id\":\"http:\/\/revistavitrineibiuna.com.br\/?p=34207#primaryimage\",\"inLanguage\":\"pt-BR\",\"url\":\"https:\/\/revistavitrineibiuna.com.br\/wp-content\/uploads\/2025\/09\/pedagio-freeflow.png\",\"width\":424,\"height\":266},{\"@type\":\"WebPage\",\"@id\":\"http:\/\/revistavitrineibiuna.com.br\/?p=34207#webpage\",\"url\":\"http:\/\/revistavitrineibiuna.com.br\/?p=34207\",\"name\":\"TR\\u00caS PED\\u00c1GIOS ELETR\\u00d4NICOS COME\\u00c7AM A OPERAR NO DIA 1\\u00ba NA RAPOSO TAVARES - Revista Vitrine Online\",\"isPartOf\":{\"@id\":\"https:\/\/revistavitrineibiuna.com.br\/#website\"},\"primaryImageOfPage\":{\"@id\":\"http:\/\/revistavitrineibiuna.com.br\/?p=34207#primaryimage\"},\"datePublished\":\"2025-09-23T13:13:11+00:00\",\"dateModified\":\"2025-09-23T13:13:12+00:00\",\"breadcrumb\":{\"@id\":\"http:\/\/revistavitrineibiuna.com.br\/?p=34207#breadcrumb\"},\"inLanguage\":\"pt-BR\",\"potentialAction\":[{\"@type\":\"ReadAction\",\"target\":[\"http:\/\/revistavitrineibiuna.com.br\/?p=34207\"]}]},{\"@type\":\"BreadcrumbList\",\"@id\":\"http:\/\/revistavitrineibiuna.com.br\/?p=34207#breadcrumb\",\"itemListElement\":[{\"@type\":\"ListItem\",\"position\":1,\"item\":{\"@type\":\"WebPage\",\"@id\":\"https:\/\/revistavitrineibiuna.com.br\/\",\"url\":\"https:\/\/revistavitrineibiuna.com.br\/\",\"name\":\"In\\u00edcio\"}},{\"@type\":\"ListItem\",\"position\":2,\"item\":{\"@type\":\"WebPage\",\"@id\":\"http:\/\/revistavitrineibiuna.com.br\/?p=34207\",\"url\":\"http:\/\/revistavitrineibiuna.com.br\/?p=34207\",\"name\":\"TR\\u00caS PED\\u00c1GIOS ELETR\\u00d4NICOS COME\\u00c7AM A OPERAR NO DIA 1\\u00ba NA RAPOSO TAVARES\"}}]},{\"@type\":\"Article\",\"@id\":\"http:\/\/revistavitrineibiuna.com.br\/?p=34207#article\",\"isPartOf\":{\"@id\":\"http:\/\/revistavitrineibiuna.com.br\/?p=34207#webpage\"},\"author\":{\"@id\":\"https:\/\/revistavitrineibiuna.com.br\/#\/schema\/person\/e51ef49d6d88170ea21ceabff3f73deb\"},\"headline\":\"TR\\u00caS PED\\u00c1GIOS ELETR\\u00d4NICOS COME\\u00c7AM A OPERAR NO DIA 1\\u00ba NA RAPOSO TAVARES\",\"datePublished\":\"2025-09-23T13:13:11+00:00\",\"dateModified\":\"2025-09-23T13:13:12+00:00\",\"mainEntityOfPage\":{\"@id\":\"http:\/\/revistavitrineibiuna.com.br\/?p=34207#webpage\"},\"commentCount\":0,\"publisher\":{\"@id\":\"https:\/\/revistavitrineibiuna.com.br\/#\/schema\/person\/e51ef49d6d88170ea21ceabff3f73deb\"},\"image\":{\"@id\":\"http:\/\/revistavitrineibiuna.com.br\/?p=34207#primaryimage\"},\"articleSection\":\"Not\\u00edcias\",\"inLanguage\":\"pt-BR\",\"potentialAction\":[{\"@type\":\"CommentAction\",\"name\":\"Comment\",\"target\":[\"http:\/\/revistavitrineibiuna.com.br\/?p=34207#respond\"]}]},{\"@type\":[\"Person\",\"Organization\"],\"@id\":\"https:\/\/revistavitrineibiuna.com.br\/#\/schema\/person\/e51ef49d6d88170ea21ceabff3f73deb\",\"name\":\"Carlos Rossini\",\"image\":{\"@type\":\"ImageObject\",\"@id\":\"https:\/\/revistavitrineibiuna.com.br\/#personlogo\",\"inLanguage\":\"pt-BR\",\"url\":\"https:\/\/secure.gravatar.com\/avatar\/4f2d0f99fac1f85c7d643f21f5c8d900?s=96&d=mm&r=g\",\"caption\":\"Carlos Rossini\"},\"logo\":{\"@id\":\"https:\/\/revistavitrineibiuna.com.br\/#personlogo\"},\"description\":\"Carlos Rossini \\u00e9 jornalista, soci\\u00f3logo, escritor e professor universit\\u00e1rio, tendo sido professor de jornalismo por vinte anos. Trabalhou em ve\\u00edculos de comunica\\u00e7\\u00e3o nas fun\\u00e7\\u00f5es de rep\\u00f3rter, redator, editor, articulista e colaborador, como Folha de S. Paulo, O Estado de S. Paulo, Di\\u00e1rio Popular, entre outros. Ao transferir a revista vitrine, vers\\u00e3o imprensa, de S\\u00e3o Paulo para Ibi\\u00fana h\\u00e1 alguns anos, iniciou uma nova experi\\u00eancia profissional, dedicando-se ao jornalismo regional, depois de cumprir uma trajet\\u00f3ria bem-sucedida na grande imprensa brasileira. Seu primeiro livro A Coragem de Comunicar foi lan\\u00e7ado na Bienal do Livro em S\\u00e3o Paulo no ano 2000, pela editora Madras.\"}]}<\/script>\n<!-- \/ Yoast SEO plugin. -->","_links":{"self":[{"href":"https:\/\/revistavitrineibiuna.com.br\/index.php?rest_route=\/wp\/v2\/posts\/34207"}],"collection":[{"href":"https:\/\/revistavitrineibiuna.com.br\/index.php?rest_route=\/wp\/v2\/posts"}],"about":[{"href":"https:\/\/revistavitrineibiuna.com.br\/index.php?rest_route=\/wp\/v2\/types\/post"}],"author":[{"embeddable":true,"href":"https:\/\/revistavitrineibiuna.com.br\/index.php?rest_route=\/wp\/v2\/users\/1"}],"replies":[{"embeddable":true,"href":"https:\/\/revistavitrineibiuna.com.br\/index.php?rest_route=%2Fwp%2Fv2%2Fcomments&post=34207"}],"version-history":[{"count":1,"href":"https:\/\/revistavitrineibiuna.com.br\/index.php?rest_route=\/wp\/v2\/posts\/34207\/revisions"}],"predecessor-version":[{"id":34209,"href":"https:\/\/revistavitrineibiuna.com.br\/index.php?rest_route=\/wp\/v2\/posts\/34207\/revisions\/34209"}],"wp:featuredmedia":[{"embeddable":true,"href":"https:\/\/revistavitrineibiuna.com.br\/index.php?rest_route=\/wp\/v2\/media\/34208"}],"wp:attachment":[{"href":"https:\/\/revistavitrineibiuna.com.br\/index.php?rest_route=%2Fwp%2Fv2%2Fmedia&parent=34207"}],"wp:term":[{"taxonomy":"category","embeddable":true,"href":"https:\/\/revistavitrineibiuna.com.br\/index.php?rest_route=%2Fwp%2Fv2%2Fcategories&post=34207"},{"taxonomy":"post_tag","embeddable":true,"href":"https:\/\/revistavitrineibiuna.com.br\/index.php?rest_route=%2Fwp%2Fv2%2Ftags&post=34207"}],"curies":[{"name":"wp","href":"https:\/\/api.w.org\/{rel}","templated":true}]}}