{"id":34211,"date":"2025-09-29T10:18:43","date_gmt":"2025-09-29T13:18:43","guid":{"rendered":"http:\/\/revistavitrineibiuna.com.br\/?p=34211"},"modified":"2025-09-29T11:05:53","modified_gmt":"2025-09-29T14:05:53","slug":"ibiuna-saude-financeira-da-prefeitura-esta-otima-mas-a-da-populacao-pede-socorro","status":"publish","type":"post","link":"https:\/\/revistavitrineibiuna.com.br\/?p=34211","title":{"rendered":"IBI\u00daNA \u2013 SA\u00daDE FINANCEIRA DA PREFEITURA EST\u00c1 \u00d3TIMA, MAS A DA POPULA\u00c7\u00c3O PEDE SOCORRO"},"content":{"rendered":"\n<p class=\"has-drop-cap\"><strong>Duas importantes audi\u00eancias p\u00fablicas foram realizadas na \u00faltima quinta-feira (25) na C\u00e2mara Municipal de Ibi\u00fana. S\u00e3o balan\u00e7os do desempenho do Executivo no segundo quadrimestre de 2025: a das metas fiscais e a da sa\u00fade p\u00fablica.<\/strong><\/p>\n\n\n\n<p><strong>Ambas antecedem a elabora\u00e7\u00e3o da Lei Or\u00e7ament\u00e1ria Anual \u2013 LOA, que ser\u00e1 objeto de uma audi\u00eancia p\u00fablica espec\u00edfica em dezembro pr\u00f3ximo. A LOA \u00e9 um documento elaborado pelo Poder Executivo que estima as receitas e fixa as despesas para 2026, ou seja os recursos que ser\u00e3o aplicados em \u00e1reas como sa\u00fade, educa\u00e7\u00e3o e infraestrutura.<\/strong><\/p>\n\n\n\n<p><strong>Em s\u00edntese os resultados dessas decis\u00f5es impactam diretamente na vida da popula\u00e7\u00e3o em todos os setores de responsabilidade do Executivo.<\/strong><\/p>\n\n\n\n<p><strong>Ambas as audi\u00eancias, com um reduzido n\u00famero de cidad\u00e3os na plateia, contaram com a participa\u00e7\u00e3o de secret\u00e1rios e diretores municipais atenciosos em rela\u00e7\u00e3o aos questionamentos feitos tantos pelos vereadores da Comiss\u00e3o de Firnan\u00e7as e Or\u00e7amento e da Sa\u00fade.<\/strong><\/p>\n\n\n\n<p><strong>AUS\u00caNCIA SENTIDA<\/strong><\/p>\n\n\n\n<p><strong>Pouco antes do inicio da abertura dos&nbsp; trabalhos, circulou&nbsp; a not\u00edcia de que o secret\u00e1rio da Sa\u00fade, Caio Dolfini, n\u00e3o participaria da audi\u00eancia. Embora a C\u00e2mara n\u00e3o tenha recebido nenhuma notifica\u00e7\u00e3o oficial sobre sua aus\u00eancia, informou-se que ele se encontrava hospitalizado.<\/strong><\/p>\n\n\n\n<p><strong>A aus\u00eancia do secret\u00e1rio da Sa\u00fade, \u201cesvaziou\u201d o sentido da audi\u00eancia, uma vez que ele \u00e9 o personagem principal na realiza\u00e7\u00e3o de um novo plano de sa\u00fade que promete causar uma virada em todo o sistema de sa\u00fade no munic\u00edpio. O presidente da comiss\u00e3o e vice-l\u00edder do Governo no Legislativo, vereador Tiago Godinho, admitiu que o secret\u00e1rio dever\u00e1 ser convocado para outra audi\u00eancia.<\/strong><\/p>\n\n\n\n<p><strong>[Veja na TVUNA no Facebook, Instagram, TikTok e Youtube as entrevistas com depoimentos dos vereadores Carlinhos Marques e Lucas Pires]<\/strong><\/p>\n\n\n\n<figure class=\"wp-block-image size-large\"><img loading=\"lazy\" width=\"345\" height=\"300\" src=\"https:\/\/revistavitrineibiuna.com.br\/wp-content\/uploads\/2025\/09\/caio-dolfini.png\" alt=\"\" class=\"wp-image-34214\" srcset=\"https:\/\/revistavitrineibiuna.com.br\/wp-content\/uploads\/2025\/09\/caio-dolfini.png 345w, https:\/\/revistavitrineibiuna.com.br\/wp-content\/uploads\/2025\/09\/caio-dolfini-300x261.png 300w\" sizes=\"(max-width: 345px) 100vw, 345px\" \/><figcaption>Caio Dolfini, secret\u00e1rio da Sa\u00fade<\/figcaption><\/figure>\n\n\n\n<p><strong>BOA E M\u00c1 NOT\u00cdCIA<\/strong><\/p>\n\n\n\n<p><strong>O presidente da Comiss\u00e3o de Finan\u00e7as e Or\u00e7amento da C\u00e2mara Municipal, vereador Carlinhos Marques, que foi eleito para presidir a Casa em 2026, disse \u00e0 TVUNA que a situa\u00e7\u00e3o financeira da prefeitura ter\u00e1 super\u00e1vit este ano e que est\u00e1 numa situa\u00e7\u00e3o confort\u00e1vel excepcional e que n\u00e3o ter\u00e1 dificuldades de honrar suas d\u00edvidas. A previs\u00e3o \u00e9 que at\u00e9 o final deste ano entre nos cofres algo em torno de R$ 400 milh\u00f5es.<\/strong><\/p>\n\n\n\n<p><strong>Marques, atual l\u00edder do governo na C\u00e2mara, no entanto, comparou os n\u00fameros favor\u00e1veis com a atua\u00e7\u00e3o do Executivo. \u201cJ\u00e1 estamos no novo m\u00eas de governo e n\u00e3o temos nada para comemorar, porque os n\u00fameros s\u00e3o \u201cinsignificantes uma vez que a popula\u00e7\u00e3o n\u00e3o est\u00e1 sendo atendida em suas necessidades b\u00e1sicas\u201d.<\/strong><\/p>\n\n\n\n<p><strong>No setor da ilumina\u00e7\u00e3o p\u00fablica, embora tenha em caixa R$ 4 milh\u00f5es da TIP (Taxa de Ilumina\u00e7\u00e3o P\u00fablica) \u00e9\u00a0 preciso consertar milhares de l\u00e2mpadas queimadas. <\/strong><\/p>\n\n\n\n<p><strong>Marque apontou em todos os setores da sa\u00fade uma diversidade de motivos da not\u00f3ria insatisfa\u00e7\u00e3o e queixas da popula\u00e7\u00e3o, assim como  o n\u00e3o pagamento do piso salarial nacional dos professores, que vem sendo reivindicado pela categoria como um direito l\u00edquido e certo.<\/strong><\/p>\n\n\n\n<p><strong>\u201cN\u00f3s somos cobrados todos os dias, mas os servi\u00e7os n\u00e3o est\u00e3o sendo entregues \u00e0 popula\u00e7\u00e3o.\u201d<\/strong><\/p>\n\n\n\n<p><strong>SA\u00daDE PEDE SOCORRO!<\/strong><\/p>\n\n\n\n<p><strong>Ex-presidente da Comiss\u00e3o Especial de Vereadores que apurou os problemas verificados tanto no Hospital Municipal quanto na rede b\u00e1sica, CAPs, Centro Odontol\u00f3gico, Centro de Especialidades, o vereador Lucas Pires considerou a audi\u00eancia \u201cinfrut\u00edfera\u201d, sobretudo porque faltou a participa\u00e7\u00e3o do principal personagem: o secret\u00e1rio da Sa\u00fade.<\/strong><\/p>\n\n\n\n<p><strong>Apresentaram [os diretores que atuam da \u00e1rea] muitos n\u00fameros, \u201cmas nesses nove meses de governo n\u00e3o se v\u00ea nenhum avan\u00e7o na sa\u00fade\u201d.<\/strong><\/p>\n\n\n\n<p><strong>\u201cSe as quest\u00f5es b\u00e1sicas n\u00e3o s\u00e3o resolvidas, porque a sa\u00fade n\u00e3o pode ser deixada para o amanh\u00e3, como acreditar em um anunciado plano que promete ser uma revolu\u00e7\u00e3o na sa\u00fade do munic\u00edpio?\u201d<\/strong><\/p>\n\n\n\n<p><strong>Lucas mencionou tamb\u00e9m a falta de medicamentos b\u00e1sicos e especialmente de alto custo que obriga as pessoas obt\u00ea-los por meio da Justi\u00e7a.<\/strong><\/p>\n\n\n\n<p><strong>Mais jovem vereador e eleito pela primeira vez, Lucas surpreendeu o audit\u00f3rio ao apresentar duas tampas de vaso sanit\u00e1rio e um gal\u00e3o de \u00e1gua.<\/strong><\/p>\n\n\n\n<p><strong>Informou que os dois banheiros, feminino e masculino, existentes na recep\u00e7\u00e3o do Hospital Municipal est\u00e3o sem a tampa e que a UBS da Vargem do Salto n\u00e3o conta com bebedouro.<\/strong><\/p>\n\n\n\n<p><strong>Solicitou e teve a promessa de que as tampas seriam colocadas em ambos os banheiros no hospital e que um bebedouro de ser\u00e1 instalado na UBS da Vargem do Salto.<\/strong><\/p>\n\n\n\n<p><strong>Lucas citou a diferen\u00e7a do sanit\u00e1rio do novo pr\u00e9dio da Secretaria da Sa\u00fade que tem \u201ccheirinho\u201d e dos dispon\u00edveis nas demais unidades de sa\u00fade do munic\u00edpio. Ressaltou como preocupante o not\u00e1vel distanciamento da autoridade da popula\u00e7\u00e3o a que deve servir.<\/strong><\/p>\n\n\n\n<p><strong>QUE REM\u00c9DIO?<\/strong><\/p>\n\n\n\n<p><strong>O vereador Rodrigo Moraes fez relato de um caso que merece aten\u00e7\u00e3o:<\/strong><\/p>\n\n\n\n<p><strong>\u201cA paciente estava com os olhos irritados e foi procurar o hospital para ver se era conjuntivite ou alguma outra coisa. A m\u00e9dica disse que seria quadro de conjuntivite e receitou um col\u00edrio. Ao passar pelos enfermeiros, ela foi informada de que aquele rem\u00e9dio era para o ouvido. Ao retornar para a m\u00e9dica trocar a medica\u00e7\u00e3o, esta lhe disse: \u201cViva as enfermeiras, que veem os erros!\u201d<\/strong><\/p>\n\n\n\n<p><strong>OUTROS VEREADORES<\/strong><\/p>\n\n\n\n<p><strong>Outros vereadores tamb\u00e9m se manifestaram reconhecendo a falta de a\u00e7\u00f5es do Executivo em quest\u00f5es pr\u00e1ticas, al\u00e9m &nbsp;dos problemas apontados especialmente nas \u00e1reas da sa\u00fade, de ilumina\u00e7\u00e3o p\u00fablica, da situa\u00e7\u00e3o prec\u00e1ria de pr\u00e9dios escolares municipais.<\/strong><\/p>\n\n\n\n<p><strong>Tamb\u00e9m ouvimos coment\u00e1rios paralelos sobre o transporte p\u00fablico, cuja tarifa p\u00fablica (que a Prefeitura repassa para a Via\u00e7\u00e3o Raposo Tavares) acaba de ser majorada para R$ 9,50. Para o usu\u00e1rio a tarifa prossegue R$ 5,90.<\/strong><\/p>\n","protected":false},"excerpt":{"rendered":"<p>Duas importantes audi\u00eancias p\u00fablicas foram realizadas na \u00faltima quinta-feira (25) na C\u00e2mara Municipal de Ibi\u00fana. S\u00e3o balan\u00e7os do desempenho do<\/p>\n","protected":false},"author":1,"featured_media":34212,"comment_status":"open","ping_status":"open","sticky":false,"template":"","format":"standard","meta":[],"categories":[3],"tags":[],"yoast_head":"<!-- This site is optimized with the Yoast SEO plugin v15.8 - https:\/\/yoast.com\/wordpress\/plugins\/seo\/ -->\n<title>IBI\u00daNA \u2013 SA\u00daDE FINANCEIRA DA PREFEITURA EST\u00c1 \u00d3TIMA, MAS A DA POPULA\u00c7\u00c3O PEDE SOCORRO - Revista Vitrine Online<\/title>\n<meta name=\"robots\" content=\"index, follow, max-snippet:-1, max-image-preview:large, max-video-preview:-1\" \/>\n<link rel=\"canonical\" href=\"https:\/\/revistavitrineibiuna.com.br\/?p=34211\" \/>\n<meta property=\"og:locale\" content=\"pt_BR\" \/>\n<meta property=\"og:type\" content=\"article\" \/>\n<meta property=\"og:title\" content=\"IBI\u00daNA \u2013 SA\u00daDE FINANCEIRA DA PREFEITURA EST\u00c1 \u00d3TIMA, MAS A DA POPULA\u00c7\u00c3O PEDE SOCORRO - Revista Vitrine Online\" \/>\n<meta property=\"og:description\" content=\"Duas importantes audi\u00eancias p\u00fablicas foram realizadas na \u00faltima quinta-feira (25) na C\u00e2mara Municipal de Ibi\u00fana. S\u00e3o balan\u00e7os do desempenho do\" \/>\n<meta property=\"og:url\" content=\"https:\/\/revistavitrineibiuna.com.br\/?p=34211\" \/>\n<meta property=\"og:site_name\" content=\"Revista Vitrine Online\" \/>\n<meta property=\"article:published_time\" content=\"2025-09-29T13:18:43+00:00\" \/>\n<meta property=\"article:modified_time\" content=\"2025-09-29T14:05:53+00:00\" \/>\n<meta property=\"og:image\" content=\"https:\/\/revistavitrineibiuna.com.br\/wp-content\/uploads\/2025\/09\/lucas-Pires-e-Carlinhos-Marques.png\" \/>\n\t<meta property=\"og:image:width\" content=\"716\" \/>\n\t<meta property=\"og:image:height\" content=\"376\" \/>\n<meta name=\"twitter:card\" content=\"summary\" \/>\n<meta name=\"twitter:label1\" content=\"Est. reading time\">\n\t<meta name=\"twitter:data1\" content=\"5 minutos\">\n<script type=\"application\/ld+json\" class=\"yoast-schema-graph\">{\"@context\":\"https:\/\/schema.org\",\"@graph\":[{\"@type\":\"WebSite\",\"@id\":\"https:\/\/revistavitrineibiuna.com.br\/#website\",\"url\":\"https:\/\/revistavitrineibiuna.com.br\/\",\"name\":\"Revista Vitrine Ibi\\u00fana\",\"description\":\"A Revista de Ibi\\u00fana e Regi\\u00e3o\",\"publisher\":{\"@id\":\"https:\/\/revistavitrineibiuna.com.br\/#\/schema\/person\/e51ef49d6d88170ea21ceabff3f73deb\"},\"potentialAction\":[{\"@type\":\"SearchAction\",\"target\":\"https:\/\/revistavitrineibiuna.com.br\/?s={search_term_string}\",\"query-input\":\"required name=search_term_string\"}],\"inLanguage\":\"pt-BR\"},{\"@type\":\"ImageObject\",\"@id\":\"https:\/\/revistavitrineibiuna.com.br\/?p=34211#primaryimage\",\"inLanguage\":\"pt-BR\",\"url\":\"https:\/\/revistavitrineibiuna.com.br\/wp-content\/uploads\/2025\/09\/lucas-Pires-e-Carlinhos-Marques.png\",\"width\":716,\"height\":376},{\"@type\":\"WebPage\",\"@id\":\"https:\/\/revistavitrineibiuna.com.br\/?p=34211#webpage\",\"url\":\"https:\/\/revistavitrineibiuna.com.br\/?p=34211\",\"name\":\"IBI\\u00daNA \\u2013 SA\\u00daDE FINANCEIRA DA PREFEITURA EST\\u00c1 \\u00d3TIMA, MAS A DA POPULA\\u00c7\\u00c3O PEDE SOCORRO - Revista Vitrine Online\",\"isPartOf\":{\"@id\":\"https:\/\/revistavitrineibiuna.com.br\/#website\"},\"primaryImageOfPage\":{\"@id\":\"https:\/\/revistavitrineibiuna.com.br\/?p=34211#primaryimage\"},\"datePublished\":\"2025-09-29T13:18:43+00:00\",\"dateModified\":\"2025-09-29T14:05:53+00:00\",\"breadcrumb\":{\"@id\":\"https:\/\/revistavitrineibiuna.com.br\/?p=34211#breadcrumb\"},\"inLanguage\":\"pt-BR\",\"potentialAction\":[{\"@type\":\"ReadAction\",\"target\":[\"https:\/\/revistavitrineibiuna.com.br\/?p=34211\"]}]},{\"@type\":\"BreadcrumbList\",\"@id\":\"https:\/\/revistavitrineibiuna.com.br\/?p=34211#breadcrumb\",\"itemListElement\":[{\"@type\":\"ListItem\",\"position\":1,\"item\":{\"@type\":\"WebPage\",\"@id\":\"https:\/\/revistavitrineibiuna.com.br\/\",\"url\":\"https:\/\/revistavitrineibiuna.com.br\/\",\"name\":\"In\\u00edcio\"}},{\"@type\":\"ListItem\",\"position\":2,\"item\":{\"@type\":\"WebPage\",\"@id\":\"https:\/\/revistavitrineibiuna.com.br\/?p=34211\",\"url\":\"https:\/\/revistavitrineibiuna.com.br\/?p=34211\",\"name\":\"IBI\\u00daNA \\u2013 SA\\u00daDE FINANCEIRA DA PREFEITURA EST\\u00c1 \\u00d3TIMA, MAS A DA POPULA\\u00c7\\u00c3O PEDE SOCORRO\"}}]},{\"@type\":\"Article\",\"@id\":\"https:\/\/revistavitrineibiuna.com.br\/?p=34211#article\",\"isPartOf\":{\"@id\":\"https:\/\/revistavitrineibiuna.com.br\/?p=34211#webpage\"},\"author\":{\"@id\":\"https:\/\/revistavitrineibiuna.com.br\/#\/schema\/person\/e51ef49d6d88170ea21ceabff3f73deb\"},\"headline\":\"IBI\\u00daNA \\u2013 SA\\u00daDE FINANCEIRA DA PREFEITURA EST\\u00c1 \\u00d3TIMA, MAS A DA POPULA\\u00c7\\u00c3O PEDE SOCORRO\",\"datePublished\":\"2025-09-29T13:18:43+00:00\",\"dateModified\":\"2025-09-29T14:05:53+00:00\",\"mainEntityOfPage\":{\"@id\":\"https:\/\/revistavitrineibiuna.com.br\/?p=34211#webpage\"},\"commentCount\":0,\"publisher\":{\"@id\":\"https:\/\/revistavitrineibiuna.com.br\/#\/schema\/person\/e51ef49d6d88170ea21ceabff3f73deb\"},\"image\":{\"@id\":\"https:\/\/revistavitrineibiuna.com.br\/?p=34211#primaryimage\"},\"articleSection\":\"Not\\u00edcias\",\"inLanguage\":\"pt-BR\",\"potentialAction\":[{\"@type\":\"CommentAction\",\"name\":\"Comment\",\"target\":[\"https:\/\/revistavitrineibiuna.com.br\/?p=34211#respond\"]}]},{\"@type\":[\"Person\",\"Organization\"],\"@id\":\"https:\/\/revistavitrineibiuna.com.br\/#\/schema\/person\/e51ef49d6d88170ea21ceabff3f73deb\",\"name\":\"Carlos Rossini\",\"image\":{\"@type\":\"ImageObject\",\"@id\":\"https:\/\/revistavitrineibiuna.com.br\/#personlogo\",\"inLanguage\":\"pt-BR\",\"url\":\"https:\/\/secure.gravatar.com\/avatar\/4f2d0f99fac1f85c7d643f21f5c8d900?s=96&d=mm&r=g\",\"caption\":\"Carlos Rossini\"},\"logo\":{\"@id\":\"https:\/\/revistavitrineibiuna.com.br\/#personlogo\"},\"description\":\"Carlos Rossini \\u00e9 jornalista, soci\\u00f3logo, escritor e professor universit\\u00e1rio, tendo sido professor de jornalismo por vinte anos. Trabalhou em ve\\u00edculos de comunica\\u00e7\\u00e3o nas fun\\u00e7\\u00f5es de rep\\u00f3rter, redator, editor, articulista e colaborador, como Folha de S. Paulo, O Estado de S. Paulo, Di\\u00e1rio Popular, entre outros. Ao transferir a revista vitrine, vers\\u00e3o imprensa, de S\\u00e3o Paulo para Ibi\\u00fana h\\u00e1 alguns anos, iniciou uma nova experi\\u00eancia profissional, dedicando-se ao jornalismo regional, depois de cumprir uma trajet\\u00f3ria bem-sucedida na grande imprensa brasileira. Seu primeiro livro A Coragem de Comunicar foi lan\\u00e7ado na Bienal do Livro em S\\u00e3o Paulo no ano 2000, pela editora Madras.\"}]}<\/script>\n<!-- \/ Yoast SEO plugin. -->","_links":{"self":[{"href":"https:\/\/revistavitrineibiuna.com.br\/index.php?rest_route=\/wp\/v2\/posts\/34211"}],"collection":[{"href":"https:\/\/revistavitrineibiuna.com.br\/index.php?rest_route=\/wp\/v2\/posts"}],"about":[{"href":"https:\/\/revistavitrineibiuna.com.br\/index.php?rest_route=\/wp\/v2\/types\/post"}],"author":[{"embeddable":true,"href":"https:\/\/revistavitrineibiuna.com.br\/index.php?rest_route=\/wp\/v2\/users\/1"}],"replies":[{"embeddable":true,"href":"https:\/\/revistavitrineibiuna.com.br\/index.php?rest_route=%2Fwp%2Fv2%2Fcomments&post=34211"}],"version-history":[{"count":9,"href":"https:\/\/revistavitrineibiuna.com.br\/index.php?rest_route=\/wp\/v2\/posts\/34211\/revisions"}],"predecessor-version":[{"id":34224,"href":"https:\/\/revistavitrineibiuna.com.br\/index.php?rest_route=\/wp\/v2\/posts\/34211\/revisions\/34224"}],"wp:featuredmedia":[{"embeddable":true,"href":"https:\/\/revistavitrineibiuna.com.br\/index.php?rest_route=\/wp\/v2\/media\/34212"}],"wp:attachment":[{"href":"https:\/\/revistavitrineibiuna.com.br\/index.php?rest_route=%2Fwp%2Fv2%2Fmedia&parent=34211"}],"wp:term":[{"taxonomy":"category","embeddable":true,"href":"https:\/\/revistavitrineibiuna.com.br\/index.php?rest_route=%2Fwp%2Fv2%2Fcategories&post=34211"},{"taxonomy":"post_tag","embeddable":true,"href":"https:\/\/revistavitrineibiuna.com.br\/index.php?rest_route=%2Fwp%2Fv2%2Ftags&post=34211"}],"curies":[{"name":"wp","href":"https:\/\/api.w.org\/{rel}","templated":true}]}}