{"id":34225,"date":"2025-09-30T10:44:57","date_gmt":"2025-09-30T13:44:57","guid":{"rendered":"http:\/\/revistavitrineibiuna.com.br\/?p=34225"},"modified":"2025-09-30T10:44:58","modified_gmt":"2025-09-30T13:44:58","slug":"ibiuna-matriculas-para-creche-e-pre-escola-podem-ser-feitas-hoje-e-amanha","status":"publish","type":"post","link":"https:\/\/revistavitrineibiuna.com.br\/?p=34225","title":{"rendered":"IBI\u00daNA \u2013 MATR\u00cdCULAS PARA CRECHE E PR\u00c9-ESCOLA PODEM SER FEITAS HOJE E AMANH\u00c3"},"content":{"rendered":"\n<p class=\"has-drop-cap\"><strong>A Prefeitura da Est\u00e2ncia Tur\u00edstica de Ibi\u00fana informa que as matr\u00edculas para o ano letivo de 2026 poder\u00e3o ser feitas hoje (30) e amanh\u00e3 (1\u00ba<\/strong><strong>)<\/strong><strong>, das 9h \u00e0s 12h e das 13h \u00e0s 16h.<\/strong><\/p>\n\n\n\n<p><strong>Os respons\u00e1veis que moram nos bairros devem procurar a creche ou escola mais pr\u00f3xima de sua resid\u00eancia para efetuar a inscri\u00e7\u00e3o. Na regi\u00e3o central as inscri\u00e7\u00f5es acontecem no Audit\u00f3rio Rui Barbosa, na rua Benjamin Constant, n\u00ba 80.<\/strong><\/p>\n\n\n\n<p><strong>S\u00e3o oferecidas vagas para:<\/strong><\/p>\n\n\n\n<p><strong>&#8211; Creches (crian\u00e7as de 6 meses a 3 anos);<\/strong><\/p>\n\n\n\n<p><strong>&#8211; Pr\u00e9-escola (crian\u00e7as de 4 e 5 anos).<\/strong><\/p>\n\n\n\n<p><strong>A medida visa a garantir a amplia\u00e7\u00e3o do acesso \u00e0 educa\u00e7\u00e3o infantil e organizar, com anteced\u00eancia, a rede municipal para o pr\u00f3ximo ano letivo. As fam\u00edlias dever\u00e3o comparecer \u00e0 unidade escolar com os documentos exigidos pela Secretaria Municipal de Educa\u00e7\u00e3o (documentos pessoais da crian\u00e7a e dos respons\u00e1veis, comprovante de resid\u00eancia, cart\u00e3o de vacina\u00e7\u00e3o, entre outros).<\/strong><\/p>\n\n\n\n<p><strong>Informa\u00e7\u00f5es sobre a documenta\u00e7\u00e3o ou d\u00favidas tamb\u00e9m podem ser esclarecidas diretamente na unidade escolar ou na Secretaria Municipal de Educa\u00e7\u00e3o localizada na rua XV de Novembro, n\u00ba 220, Centro, ou pelo telefone: (15) 3248-1292.<\/strong><\/p>\n","protected":false},"excerpt":{"rendered":"<p>A Prefeitura da Est\u00e2ncia Tur\u00edstica de Ibi\u00fana informa que as matr\u00edculas para o ano letivo de 2026 poder\u00e3o ser feitas<\/p>\n","protected":false},"author":1,"featured_media":34226,"comment_status":"open","ping_status":"open","sticky":false,"template":"","format":"standard","meta":[],"categories":[3],"tags":[],"yoast_head":"<!-- This site is optimized with the Yoast SEO plugin v15.8 - https:\/\/yoast.com\/wordpress\/plugins\/seo\/ -->\n<title>IBI\u00daNA \u2013 MATR\u00cdCULAS PARA CRECHE E PR\u00c9-ESCOLA PODEM SER FEITAS HOJE E AMANH\u00c3 - Revista Vitrine Online<\/title>\n<meta name=\"robots\" content=\"index, follow, max-snippet:-1, max-image-preview:large, max-video-preview:-1\" \/>\n<link rel=\"canonical\" href=\"http:\/\/revistavitrineibiuna.com.br\/?p=34225\" \/>\n<meta property=\"og:locale\" content=\"pt_BR\" \/>\n<meta property=\"og:type\" content=\"article\" \/>\n<meta property=\"og:title\" content=\"IBI\u00daNA \u2013 MATR\u00cdCULAS PARA CRECHE E PR\u00c9-ESCOLA PODEM SER FEITAS HOJE E AMANH\u00c3 - Revista Vitrine Online\" \/>\n<meta property=\"og:description\" content=\"A Prefeitura da Est\u00e2ncia Tur\u00edstica de Ibi\u00fana informa que as matr\u00edculas para o ano letivo de 2026 poder\u00e3o ser feitas\" \/>\n<meta property=\"og:url\" content=\"http:\/\/revistavitrineibiuna.com.br\/?p=34225\" \/>\n<meta property=\"og:site_name\" content=\"Revista Vitrine Online\" \/>\n<meta property=\"article:published_time\" content=\"2025-09-30T13:44:57+00:00\" \/>\n<meta property=\"article:modified_time\" content=\"2025-09-30T13:44:58+00:00\" \/>\n<meta property=\"og:image\" content=\"https:\/\/revistavitrineibiuna.com.br\/wp-content\/uploads\/2025\/09\/creche-e-preescola.png\" \/>\n\t<meta property=\"og:image:width\" content=\"718\" \/>\n\t<meta property=\"og:image:height\" content=\"460\" \/>\n<meta name=\"twitter:card\" content=\"summary\" \/>\n<meta name=\"twitter:label1\" content=\"Est. reading time\">\n\t<meta name=\"twitter:data1\" content=\"1 minuto\">\n<script type=\"application\/ld+json\" class=\"yoast-schema-graph\">{\"@context\":\"https:\/\/schema.org\",\"@graph\":[{\"@type\":\"WebSite\",\"@id\":\"https:\/\/revistavitrineibiuna.com.br\/#website\",\"url\":\"https:\/\/revistavitrineibiuna.com.br\/\",\"name\":\"Revista Vitrine Ibi\\u00fana\",\"description\":\"A Revista de Ibi\\u00fana e Regi\\u00e3o\",\"publisher\":{\"@id\":\"https:\/\/revistavitrineibiuna.com.br\/#\/schema\/person\/e51ef49d6d88170ea21ceabff3f73deb\"},\"potentialAction\":[{\"@type\":\"SearchAction\",\"target\":\"https:\/\/revistavitrineibiuna.com.br\/?s={search_term_string}\",\"query-input\":\"required name=search_term_string\"}],\"inLanguage\":\"pt-BR\"},{\"@type\":\"ImageObject\",\"@id\":\"http:\/\/revistavitrineibiuna.com.br\/?p=34225#primaryimage\",\"inLanguage\":\"pt-BR\",\"url\":\"https:\/\/revistavitrineibiuna.com.br\/wp-content\/uploads\/2025\/09\/creche-e-preescola.png\",\"width\":718,\"height\":460},{\"@type\":\"WebPage\",\"@id\":\"http:\/\/revistavitrineibiuna.com.br\/?p=34225#webpage\",\"url\":\"http:\/\/revistavitrineibiuna.com.br\/?p=34225\",\"name\":\"IBI\\u00daNA \\u2013 MATR\\u00cdCULAS PARA CRECHE E PR\\u00c9-ESCOLA PODEM SER FEITAS HOJE E AMANH\\u00c3 - Revista Vitrine Online\",\"isPartOf\":{\"@id\":\"https:\/\/revistavitrineibiuna.com.br\/#website\"},\"primaryImageOfPage\":{\"@id\":\"http:\/\/revistavitrineibiuna.com.br\/?p=34225#primaryimage\"},\"datePublished\":\"2025-09-30T13:44:57+00:00\",\"dateModified\":\"2025-09-30T13:44:58+00:00\",\"breadcrumb\":{\"@id\":\"http:\/\/revistavitrineibiuna.com.br\/?p=34225#breadcrumb\"},\"inLanguage\":\"pt-BR\",\"potentialAction\":[{\"@type\":\"ReadAction\",\"target\":[\"http:\/\/revistavitrineibiuna.com.br\/?p=34225\"]}]},{\"@type\":\"BreadcrumbList\",\"@id\":\"http:\/\/revistavitrineibiuna.com.br\/?p=34225#breadcrumb\",\"itemListElement\":[{\"@type\":\"ListItem\",\"position\":1,\"item\":{\"@type\":\"WebPage\",\"@id\":\"https:\/\/revistavitrineibiuna.com.br\/\",\"url\":\"https:\/\/revistavitrineibiuna.com.br\/\",\"name\":\"In\\u00edcio\"}},{\"@type\":\"ListItem\",\"position\":2,\"item\":{\"@type\":\"WebPage\",\"@id\":\"http:\/\/revistavitrineibiuna.com.br\/?p=34225\",\"url\":\"http:\/\/revistavitrineibiuna.com.br\/?p=34225\",\"name\":\"IBI\\u00daNA \\u2013 MATR\\u00cdCULAS PARA CRECHE E PR\\u00c9-ESCOLA PODEM SER FEITAS HOJE E AMANH\\u00c3\"}}]},{\"@type\":\"Article\",\"@id\":\"http:\/\/revistavitrineibiuna.com.br\/?p=34225#article\",\"isPartOf\":{\"@id\":\"http:\/\/revistavitrineibiuna.com.br\/?p=34225#webpage\"},\"author\":{\"@id\":\"https:\/\/revistavitrineibiuna.com.br\/#\/schema\/person\/e51ef49d6d88170ea21ceabff3f73deb\"},\"headline\":\"IBI\\u00daNA \\u2013 MATR\\u00cdCULAS PARA CRECHE E PR\\u00c9-ESCOLA PODEM SER FEITAS HOJE E AMANH\\u00c3\",\"datePublished\":\"2025-09-30T13:44:57+00:00\",\"dateModified\":\"2025-09-30T13:44:58+00:00\",\"mainEntityOfPage\":{\"@id\":\"http:\/\/revistavitrineibiuna.com.br\/?p=34225#webpage\"},\"commentCount\":0,\"publisher\":{\"@id\":\"https:\/\/revistavitrineibiuna.com.br\/#\/schema\/person\/e51ef49d6d88170ea21ceabff3f73deb\"},\"image\":{\"@id\":\"http:\/\/revistavitrineibiuna.com.br\/?p=34225#primaryimage\"},\"articleSection\":\"Not\\u00edcias\",\"inLanguage\":\"pt-BR\",\"potentialAction\":[{\"@type\":\"CommentAction\",\"name\":\"Comment\",\"target\":[\"http:\/\/revistavitrineibiuna.com.br\/?p=34225#respond\"]}]},{\"@type\":[\"Person\",\"Organization\"],\"@id\":\"https:\/\/revistavitrineibiuna.com.br\/#\/schema\/person\/e51ef49d6d88170ea21ceabff3f73deb\",\"name\":\"Carlos Rossini\",\"image\":{\"@type\":\"ImageObject\",\"@id\":\"https:\/\/revistavitrineibiuna.com.br\/#personlogo\",\"inLanguage\":\"pt-BR\",\"url\":\"https:\/\/secure.gravatar.com\/avatar\/4f2d0f99fac1f85c7d643f21f5c8d900?s=96&d=mm&r=g\",\"caption\":\"Carlos Rossini\"},\"logo\":{\"@id\":\"https:\/\/revistavitrineibiuna.com.br\/#personlogo\"},\"description\":\"Carlos Rossini \\u00e9 jornalista, soci\\u00f3logo, escritor e professor universit\\u00e1rio, tendo sido professor de jornalismo por vinte anos. Trabalhou em ve\\u00edculos de comunica\\u00e7\\u00e3o nas fun\\u00e7\\u00f5es de rep\\u00f3rter, redator, editor, articulista e colaborador, como Folha de S. Paulo, O Estado de S. Paulo, Di\\u00e1rio Popular, entre outros. Ao transferir a revista vitrine, vers\\u00e3o imprensa, de S\\u00e3o Paulo para Ibi\\u00fana h\\u00e1 alguns anos, iniciou uma nova experi\\u00eancia profissional, dedicando-se ao jornalismo regional, depois de cumprir uma trajet\\u00f3ria bem-sucedida na grande imprensa brasileira. Seu primeiro livro A Coragem de Comunicar foi lan\\u00e7ado na Bienal do Livro em S\\u00e3o Paulo no ano 2000, pela editora Madras.\"}]}<\/script>\n<!-- \/ Yoast SEO plugin. -->","_links":{"self":[{"href":"https:\/\/revistavitrineibiuna.com.br\/index.php?rest_route=\/wp\/v2\/posts\/34225"}],"collection":[{"href":"https:\/\/revistavitrineibiuna.com.br\/index.php?rest_route=\/wp\/v2\/posts"}],"about":[{"href":"https:\/\/revistavitrineibiuna.com.br\/index.php?rest_route=\/wp\/v2\/types\/post"}],"author":[{"embeddable":true,"href":"https:\/\/revistavitrineibiuna.com.br\/index.php?rest_route=\/wp\/v2\/users\/1"}],"replies":[{"embeddable":true,"href":"https:\/\/revistavitrineibiuna.com.br\/index.php?rest_route=%2Fwp%2Fv2%2Fcomments&post=34225"}],"version-history":[{"count":1,"href":"https:\/\/revistavitrineibiuna.com.br\/index.php?rest_route=\/wp\/v2\/posts\/34225\/revisions"}],"predecessor-version":[{"id":34227,"href":"https:\/\/revistavitrineibiuna.com.br\/index.php?rest_route=\/wp\/v2\/posts\/34225\/revisions\/34227"}],"wp:featuredmedia":[{"embeddable":true,"href":"https:\/\/revistavitrineibiuna.com.br\/index.php?rest_route=\/wp\/v2\/media\/34226"}],"wp:attachment":[{"href":"https:\/\/revistavitrineibiuna.com.br\/index.php?rest_route=%2Fwp%2Fv2%2Fmedia&parent=34225"}],"wp:term":[{"taxonomy":"category","embeddable":true,"href":"https:\/\/revistavitrineibiuna.com.br\/index.php?rest_route=%2Fwp%2Fv2%2Fcategories&post=34225"},{"taxonomy":"post_tag","embeddable":true,"href":"https:\/\/revistavitrineibiuna.com.br\/index.php?rest_route=%2Fwp%2Fv2%2Ftags&post=34225"}],"curies":[{"name":"wp","href":"https:\/\/api.w.org\/{rel}","templated":true}]}}