{"id":34228,"date":"2025-10-01T11:41:25","date_gmt":"2025-10-01T14:41:25","guid":{"rendered":"http:\/\/revistavitrineibiuna.com.br\/?p=34228"},"modified":"2025-10-01T17:09:05","modified_gmt":"2025-10-01T20:09:05","slug":"ibiuna-mpsp-suspende-aumento-de-tarifas-do-transporte-publico-decretado-pela-prefeitura","status":"publish","type":"post","link":"https:\/\/revistavitrineibiuna.com.br\/?p=34228","title":{"rendered":"IBI\u00daNA \u2013 MPSP \u00c9 FAVOR\u00c1VEL \u00c0 SUSPENS\u00c3O IMEDIATA DO AUMENTO DE TARIFAS DO TRANSPORTE DECRETADO PELA PREFEITURA"},"content":{"rendered":"\n<p class=\"has-drop-cap\"><strong>Acolhendo a\u00e7\u00e3o popular impetrada pelo cidad\u00e3o Adilson Ribeiro, o Minist\u00e9rio P\u00fablico de S\u00e3o Paulo, 2\u00aa Vara de Justi\u00e7a de Ibi\u00fana, opinou favor\u00e1vel,  nesta segunda-feira (29), \u00e0 suspens\u00e3o dos efeitos do Decreto n\u00ba 3439\/2025, publicado na \u00faltima sexta-feira (26) no Imprensa Oficial de Ibi\u00fana.<\/strong><\/p>\n\n\n\n<p><strong>O decreto do Poder Executivo ibiunense, destaca o autor, aumenta \u201cas tarifas p\u00fablicas e vale transporte\u201d, a partir de setembro, que passaram para R$ 9,50, enquanto a passagem comum custa R$ 5,90.<\/strong><\/p>\n\n\n\n<p><strong>Em nota p\u00fablica, o tenente e advogado Adilson Ribeiro, que foi candidato a prefeito nas \u00faltimas elei\u00e7\u00f5es, argumenta que o aumento decretado significa \u201caumento substancial nos passes escolares e passes dos funcion\u00e1rios da municipalidade\u201d.<\/strong><\/p>\n\n\n\n<p><strong>Agora caber\u00e1 ao Poder Executivo, assim que o juiz da Comarca decidir sobre o parecer do MP, apresentar sua contesta\u00e7\u00e3o \u00e0 decis\u00e3o judicial em car\u00e1ter de emerg\u00eancia, \u201cpreservando o interesse p\u00fablico e a legalidade administrativa (do ato)\u201d.<\/strong><\/p>\n\n\n\n<p><strong>A liminar aceita pelo Minist\u00e9rio P\u00fablico de S\u00e3o Paulo considera a inclus\u00e3o do transporte nos direitos sociais pela Emenda Constitucional n\u00ba 90, promulgada em 2015, reconhecendo \u201co transporte como direito fundamental de natureza social, essencial para a frui\u00e7\u00e3o de outros direitos, como educa\u00e7\u00e3o, sa\u00fade e trabalho\u201d.<\/strong><\/p>\n\n\n\n<p><strong>NOTA DA REDA\u00c7\u00c3O: A PEDIDO DA PREFEITURA, E A BEM DA VERDADE, ESCLARECEMOS QUE, NA VERDADE, O MPSP SE MANIFESTOU FAVOR\u00c1VEL \u00c0 SUSPENS\u00c3O IMEDIATA DO AUMENTO DAS TARIFAS DO TRANSPORTE P\u00daBLICO DECRETADO PELA PREFEITURA. A SUSPENS\u00c3O SOMENTE SER\u00c1 OU N\u00c3O EFETIVADA QUANDO O JUIZ DA COMARCA DE IBI\u00daNA TOMAR A DECIS\u00c3O QUE CABE A ELE DIANTE DO PARECER DO MINIST\u00c9RIO P\u00daBLICO. ASSIM QUE A DECIS\u00c3O FOR DADA A CONHECER DAREMOS A NOT\u00cdCIA. PEDIMOS DESCULPAS<\/strong> <strong>PELA IMPRECIS\u00c3O DA NATUREZA JUR\u00cdDICA.<\/strong><\/p>\n","protected":false},"excerpt":{"rendered":"<p>Acolhendo a\u00e7\u00e3o popular impetrada pelo cidad\u00e3o Adilson Ribeiro, o Minist\u00e9rio P\u00fablico de S\u00e3o Paulo, 2\u00aa Vara de Justi\u00e7a de Ibi\u00fana,<\/p>\n","protected":false},"author":1,"featured_media":34229,"comment_status":"open","ping_status":"open","sticky":false,"template":"","format":"standard","meta":[],"categories":[3],"tags":[],"yoast_head":"<!-- This site is optimized with the Yoast SEO plugin v15.8 - https:\/\/yoast.com\/wordpress\/plugins\/seo\/ -->\n<title>IBI\u00daNA \u2013 MPSP \u00c9 FAVOR\u00c1VEL \u00c0 SUSPENS\u00c3O IMEDIATA DO AUMENTO DE TARIFAS DO TRANSPORTE DECRETADO PELA PREFEITURA - Revista Vitrine Online<\/title>\n<meta name=\"robots\" content=\"index, follow, max-snippet:-1, max-image-preview:large, max-video-preview:-1\" \/>\n<link rel=\"canonical\" href=\"http:\/\/revistavitrineibiuna.com.br\/?p=34228\" \/>\n<meta property=\"og:locale\" content=\"pt_BR\" \/>\n<meta property=\"og:type\" content=\"article\" \/>\n<meta property=\"og:title\" content=\"IBI\u00daNA \u2013 MPSP \u00c9 FAVOR\u00c1VEL \u00c0 SUSPENS\u00c3O IMEDIATA DO AUMENTO DE TARIFAS DO TRANSPORTE DECRETADO PELA PREFEITURA - Revista Vitrine Online\" \/>\n<meta property=\"og:description\" content=\"Acolhendo a\u00e7\u00e3o popular impetrada pelo cidad\u00e3o Adilson Ribeiro, o Minist\u00e9rio P\u00fablico de S\u00e3o Paulo, 2\u00aa Vara de Justi\u00e7a de Ibi\u00fana,\" \/>\n<meta property=\"og:url\" content=\"http:\/\/revistavitrineibiuna.com.br\/?p=34228\" \/>\n<meta property=\"og:site_name\" content=\"Revista Vitrine Online\" \/>\n<meta property=\"article:published_time\" content=\"2025-10-01T14:41:25+00:00\" \/>\n<meta property=\"article:modified_time\" content=\"2025-10-01T20:09:05+00:00\" \/>\n<meta property=\"og:image\" content=\"https:\/\/revistavitrineibiuna.com.br\/wp-content\/uploads\/2025\/10\/taarifa-deonibus.png\" \/>\n\t<meta property=\"og:image:width\" content=\"706\" \/>\n\t<meta property=\"og:image:height\" content=\"420\" \/>\n<meta name=\"twitter:card\" content=\"summary\" \/>\n<meta name=\"twitter:label1\" content=\"Est. reading time\">\n\t<meta name=\"twitter:data1\" content=\"2 minutos\">\n<script type=\"application\/ld+json\" class=\"yoast-schema-graph\">{\"@context\":\"https:\/\/schema.org\",\"@graph\":[{\"@type\":\"WebSite\",\"@id\":\"https:\/\/revistavitrineibiuna.com.br\/#website\",\"url\":\"https:\/\/revistavitrineibiuna.com.br\/\",\"name\":\"Revista Vitrine Ibi\\u00fana\",\"description\":\"A Revista de Ibi\\u00fana e Regi\\u00e3o\",\"publisher\":{\"@id\":\"https:\/\/revistavitrineibiuna.com.br\/#\/schema\/person\/e51ef49d6d88170ea21ceabff3f73deb\"},\"potentialAction\":[{\"@type\":\"SearchAction\",\"target\":\"https:\/\/revistavitrineibiuna.com.br\/?s={search_term_string}\",\"query-input\":\"required name=search_term_string\"}],\"inLanguage\":\"pt-BR\"},{\"@type\":\"ImageObject\",\"@id\":\"http:\/\/revistavitrineibiuna.com.br\/?p=34228#primaryimage\",\"inLanguage\":\"pt-BR\",\"url\":\"https:\/\/revistavitrineibiuna.com.br\/wp-content\/uploads\/2025\/10\/taarifa-deonibus.png\",\"width\":706,\"height\":420},{\"@type\":\"WebPage\",\"@id\":\"http:\/\/revistavitrineibiuna.com.br\/?p=34228#webpage\",\"url\":\"http:\/\/revistavitrineibiuna.com.br\/?p=34228\",\"name\":\"IBI\\u00daNA \\u2013 MPSP \\u00c9 FAVOR\\u00c1VEL \\u00c0 SUSPENS\\u00c3O IMEDIATA DO AUMENTO DE TARIFAS DO TRANSPORTE DECRETADO PELA PREFEITURA - Revista Vitrine Online\",\"isPartOf\":{\"@id\":\"https:\/\/revistavitrineibiuna.com.br\/#website\"},\"primaryImageOfPage\":{\"@id\":\"http:\/\/revistavitrineibiuna.com.br\/?p=34228#primaryimage\"},\"datePublished\":\"2025-10-01T14:41:25+00:00\",\"dateModified\":\"2025-10-01T20:09:05+00:00\",\"breadcrumb\":{\"@id\":\"http:\/\/revistavitrineibiuna.com.br\/?p=34228#breadcrumb\"},\"inLanguage\":\"pt-BR\",\"potentialAction\":[{\"@type\":\"ReadAction\",\"target\":[\"http:\/\/revistavitrineibiuna.com.br\/?p=34228\"]}]},{\"@type\":\"BreadcrumbList\",\"@id\":\"http:\/\/revistavitrineibiuna.com.br\/?p=34228#breadcrumb\",\"itemListElement\":[{\"@type\":\"ListItem\",\"position\":1,\"item\":{\"@type\":\"WebPage\",\"@id\":\"https:\/\/revistavitrineibiuna.com.br\/\",\"url\":\"https:\/\/revistavitrineibiuna.com.br\/\",\"name\":\"In\\u00edcio\"}},{\"@type\":\"ListItem\",\"position\":2,\"item\":{\"@type\":\"WebPage\",\"@id\":\"http:\/\/revistavitrineibiuna.com.br\/?p=34228\",\"url\":\"http:\/\/revistavitrineibiuna.com.br\/?p=34228\",\"name\":\"IBI\\u00daNA \\u2013 MPSP \\u00c9 FAVOR\\u00c1VEL \\u00c0 SUSPENS\\u00c3O IMEDIATA DO AUMENTO DE TARIFAS DO TRANSPORTE DECRETADO PELA PREFEITURA\"}}]},{\"@type\":\"Article\",\"@id\":\"http:\/\/revistavitrineibiuna.com.br\/?p=34228#article\",\"isPartOf\":{\"@id\":\"http:\/\/revistavitrineibiuna.com.br\/?p=34228#webpage\"},\"author\":{\"@id\":\"https:\/\/revistavitrineibiuna.com.br\/#\/schema\/person\/e51ef49d6d88170ea21ceabff3f73deb\"},\"headline\":\"IBI\\u00daNA \\u2013 MPSP \\u00c9 FAVOR\\u00c1VEL \\u00c0 SUSPENS\\u00c3O IMEDIATA DO AUMENTO DE TARIFAS DO TRANSPORTE DECRETADO PELA PREFEITURA\",\"datePublished\":\"2025-10-01T14:41:25+00:00\",\"dateModified\":\"2025-10-01T20:09:05+00:00\",\"mainEntityOfPage\":{\"@id\":\"http:\/\/revistavitrineibiuna.com.br\/?p=34228#webpage\"},\"commentCount\":0,\"publisher\":{\"@id\":\"https:\/\/revistavitrineibiuna.com.br\/#\/schema\/person\/e51ef49d6d88170ea21ceabff3f73deb\"},\"image\":{\"@id\":\"http:\/\/revistavitrineibiuna.com.br\/?p=34228#primaryimage\"},\"articleSection\":\"Not\\u00edcias\",\"inLanguage\":\"pt-BR\",\"potentialAction\":[{\"@type\":\"CommentAction\",\"name\":\"Comment\",\"target\":[\"http:\/\/revistavitrineibiuna.com.br\/?p=34228#respond\"]}]},{\"@type\":[\"Person\",\"Organization\"],\"@id\":\"https:\/\/revistavitrineibiuna.com.br\/#\/schema\/person\/e51ef49d6d88170ea21ceabff3f73deb\",\"name\":\"Carlos Rossini\",\"image\":{\"@type\":\"ImageObject\",\"@id\":\"https:\/\/revistavitrineibiuna.com.br\/#personlogo\",\"inLanguage\":\"pt-BR\",\"url\":\"https:\/\/secure.gravatar.com\/avatar\/4f2d0f99fac1f85c7d643f21f5c8d900?s=96&d=mm&r=g\",\"caption\":\"Carlos Rossini\"},\"logo\":{\"@id\":\"https:\/\/revistavitrineibiuna.com.br\/#personlogo\"},\"description\":\"Carlos Rossini \\u00e9 jornalista, soci\\u00f3logo, escritor e professor universit\\u00e1rio, tendo sido professor de jornalismo por vinte anos. Trabalhou em ve\\u00edculos de comunica\\u00e7\\u00e3o nas fun\\u00e7\\u00f5es de rep\\u00f3rter, redator, editor, articulista e colaborador, como Folha de S. Paulo, O Estado de S. Paulo, Di\\u00e1rio Popular, entre outros. Ao transferir a revista vitrine, vers\\u00e3o imprensa, de S\\u00e3o Paulo para Ibi\\u00fana h\\u00e1 alguns anos, iniciou uma nova experi\\u00eancia profissional, dedicando-se ao jornalismo regional, depois de cumprir uma trajet\\u00f3ria bem-sucedida na grande imprensa brasileira. Seu primeiro livro A Coragem de Comunicar foi lan\\u00e7ado na Bienal do Livro em S\\u00e3o Paulo no ano 2000, pela editora Madras.\"}]}<\/script>\n<!-- \/ Yoast SEO plugin. -->","_links":{"self":[{"href":"https:\/\/revistavitrineibiuna.com.br\/index.php?rest_route=\/wp\/v2\/posts\/34228"}],"collection":[{"href":"https:\/\/revistavitrineibiuna.com.br\/index.php?rest_route=\/wp\/v2\/posts"}],"about":[{"href":"https:\/\/revistavitrineibiuna.com.br\/index.php?rest_route=\/wp\/v2\/types\/post"}],"author":[{"embeddable":true,"href":"https:\/\/revistavitrineibiuna.com.br\/index.php?rest_route=\/wp\/v2\/users\/1"}],"replies":[{"embeddable":true,"href":"https:\/\/revistavitrineibiuna.com.br\/index.php?rest_route=%2Fwp%2Fv2%2Fcomments&post=34228"}],"version-history":[{"count":8,"href":"https:\/\/revistavitrineibiuna.com.br\/index.php?rest_route=\/wp\/v2\/posts\/34228\/revisions"}],"predecessor-version":[{"id":34241,"href":"https:\/\/revistavitrineibiuna.com.br\/index.php?rest_route=\/wp\/v2\/posts\/34228\/revisions\/34241"}],"wp:featuredmedia":[{"embeddable":true,"href":"https:\/\/revistavitrineibiuna.com.br\/index.php?rest_route=\/wp\/v2\/media\/34229"}],"wp:attachment":[{"href":"https:\/\/revistavitrineibiuna.com.br\/index.php?rest_route=%2Fwp%2Fv2%2Fmedia&parent=34228"}],"wp:term":[{"taxonomy":"category","embeddable":true,"href":"https:\/\/revistavitrineibiuna.com.br\/index.php?rest_route=%2Fwp%2Fv2%2Fcategories&post=34228"},{"taxonomy":"post_tag","embeddable":true,"href":"https:\/\/revistavitrineibiuna.com.br\/index.php?rest_route=%2Fwp%2Fv2%2Ftags&post=34228"}],"curies":[{"name":"wp","href":"https:\/\/api.w.org\/{rel}","templated":true}]}}