{"id":34242,"date":"2025-10-03T03:03:18","date_gmt":"2025-10-03T06:03:18","guid":{"rendered":"http:\/\/revistavitrineibiuna.com.br\/?p=34242"},"modified":"2025-10-03T04:13:45","modified_gmt":"2025-10-03T07:13:45","slug":"ibiuna-noticia-do-aumento-da-tarifa-de-transporte-publico-passa-de-40-mil-visualizacoes","status":"publish","type":"post","link":"https:\/\/revistavitrineibiuna.com.br\/?p=34242","title":{"rendered":"IBI\u00daNA \u2013 NOT\u00cdCIA DO AUMENTO DA TARIFA DE TRANSPORTE P\u00daBLICO PASSA DE 40 MIL VISUALIZA\u00c7\u00d5ES"},"content":{"rendered":"\n<p class=\"has-drop-cap\"><strong>No momento em que iniciamos a reda\u00e7\u00e3o deste texto 41.977 pessoas j\u00e1 haviam visualizado a not\u00edcia publicada por vitrine online na quarta-feira (1\u00ba) informando que o Minist\u00e9rio P\u00fablico de S\u00e3o Paulo \u2013 MPSP, Comarca de Ibi\u00fana, dera parecer favor\u00e1vel \u00e0 suspens\u00e3o imediata do aumento da tarifa do transporte decretado pela Prefeitura.<\/strong><\/p>\n\n\n\n<p><strong>De modo sintom\u00e1tico, tamb\u00e9m expressivo foi o n\u00famero de coment\u00e1rios indignados dos leitores, sobretudo no ambiente empresarial que fornece vale transporte aos seus funcion\u00e1rios.<\/strong><\/p>\n\n\n\n<p><strong>At\u00e9 o momento, a \u00fanica rea\u00e7\u00e3o do Executivo \u00e0 publica\u00e7\u00e3o foi uma liga\u00e7\u00e3o telef\u00f4nica de um secret\u00e1rio municipal em que pedia para substituir a palavra \u201csuspende\u201d do t\u00edtulo original que era: IBI\u00daNA \u2013 MPSP SUSPENDE AUMENTO DE TARIFAS DO TRANSPORTE DECRETADO PELA PREFEITURA\u201d. Havia de fato no uso do verbo uma incorre\u00e7\u00e3o de natureza jur\u00eddica.<\/strong><\/p>\n\n\n\n<p><strong>Vitrine online, admitindo a imprecis\u00e3o, e a bem da verdade, atendeu ao pedido, porque ainda faltava a manifesta\u00e7\u00e3o do juiz da Comarca sobre o parecer do Minist\u00e9rio P\u00fablico cuja decis\u00e3o poder\u00e1 ser conhecida a qualquer momento, j\u00e1 que o encaminhamento teve a rubrica de urg\u00eancia como medida jur\u00eddica protetiva contra eventuais danos sociais.<\/strong><\/p>\n\n\n\n<p><strong>ESCLARECER A POPULA\u00c7\u00c3O<\/strong><\/p>\n\n\n\n<p><strong>Ouvimos um advogado especializado em administra\u00e7\u00e3o p\u00fablica que tamb\u00e9m nos alertou sobre a referida imprecis\u00e3o. Ele, no entanto, observou que o decreto n\u00e3o incluiu nenhuma justificativa, do ponto vista t\u00e9cnico e financeiro, da raz\u00e3o do aumento.<\/strong><\/p>\n\n\n\n<p><strong>Um vereador observou que o aumento para R$ 9,50 abrange os valores dos passes fornecidos pelo governo estadual e pela prefeitura para o transporte dos alunos do ensino b\u00e1sico e m\u00e9dio e funcion\u00e1rios, mantendo-se em R$ 5,90 a chamada tarifa social que \u00e9 paga pelos usu\u00e1rios dos \u00f4nibus que atuam no munic\u00edpio.<\/strong><\/p>\n\n\n\n<p><strong>Ao tomar essa iniciativa &#8211; assinalou o edil -, as empresas que fornecem carteirinhas (vale transporte) para os seus\u00a0 funcion\u00e1rios tamb\u00e9m foram oneradas com o aumento, o que provocou not\u00e1vel reprova\u00e7\u00e3o no empresariado do munic\u00edpio.<\/strong><\/p>\n\n\n\n<p><strong>O mesmo vereador, que espera retorno ao pedido de esclarecimentos feito ao chefe do Executivo, acrescentou que essa medida ter\u00e1 sido adotada para garantir novos recursos financeiros a serem pagos \u00e0 Via\u00e7\u00e3o Raposo Tavares, a fim de que a empresa volte a operar linhas que foram retiradas de bairros durante a pandemia da Covid-19 e que ficaram estagnadas desde ent\u00e3o.<\/strong><\/p>\n\n\n\n<p><strong>A\u00c7\u00c3O POPULAR<\/strong><\/p>\n\n\n\n<p><strong>Na decis\u00e3o do MPSP, em face da a\u00e7\u00e3o popular impetrada por Adilson Ribeiro, houve parecer favor\u00e1vel \u00e0 suspens\u00e3o imediata dos efeitos do Decreto n\u00ba 3439\/2025, publicado na \u00faltima sexta-feira (26), no Imprensa Oficial.<\/strong><\/p>\n\n\n\n<p><strong>Em nota, o tenente e advogado Adilson Ribeiro, que foi candidato a prefeito nas \u00faltimas elei\u00e7\u00f5es, declarou que a majora\u00e7\u00e3o decretada significa um \u201caumento substancial nos passes escolares e passes dos funcion\u00e1rios da municipalidade\u201d.<\/strong><\/p>\n\n\n\n<p><strong><em>Nota da Reda\u00e7\u00e3o: a revista vitrine online continua \u00e0 disposi\u00e7\u00e3o da autoridade municipal prestar os esclarecimentos que julgue necess\u00e1rios \u00e0 popula\u00e7\u00e3o.<\/em><\/strong><\/p>\n","protected":false},"excerpt":{"rendered":"<p>No momento em que iniciamos a reda\u00e7\u00e3o deste texto 41.977 pessoas j\u00e1 haviam visualizado a not\u00edcia publicada por vitrine online<\/p>\n","protected":false},"author":1,"featured_media":34243,"comment_status":"open","ping_status":"open","sticky":false,"template":"","format":"standard","meta":[],"categories":[3],"tags":[],"yoast_head":"<!-- This site is optimized with the Yoast SEO plugin v15.8 - https:\/\/yoast.com\/wordpress\/plugins\/seo\/ -->\n<title>IBI\u00daNA \u2013 NOT\u00cdCIA DO AUMENTO DA TARIFA DE TRANSPORTE P\u00daBLICO PASSA DE 40 MIL VISUALIZA\u00c7\u00d5ES - Revista Vitrine Online<\/title>\n<meta name=\"robots\" content=\"index, follow, max-snippet:-1, max-image-preview:large, max-video-preview:-1\" \/>\n<link rel=\"canonical\" href=\"https:\/\/revistavitrineibiuna.com.br\/?p=34242\" \/>\n<meta property=\"og:locale\" content=\"pt_BR\" \/>\n<meta property=\"og:type\" content=\"article\" \/>\n<meta property=\"og:title\" content=\"IBI\u00daNA \u2013 NOT\u00cdCIA DO AUMENTO DA TARIFA DE TRANSPORTE P\u00daBLICO PASSA DE 40 MIL VISUALIZA\u00c7\u00d5ES - Revista Vitrine Online\" \/>\n<meta property=\"og:description\" content=\"No momento em que iniciamos a reda\u00e7\u00e3o deste texto 41.977 pessoas j\u00e1 haviam visualizado a not\u00edcia publicada por vitrine online\" \/>\n<meta property=\"og:url\" content=\"https:\/\/revistavitrineibiuna.com.br\/?p=34242\" \/>\n<meta property=\"og:site_name\" content=\"Revista Vitrine Online\" \/>\n<meta property=\"article:published_time\" content=\"2025-10-03T06:03:18+00:00\" \/>\n<meta property=\"article:modified_time\" content=\"2025-10-03T07:13:45+00:00\" \/>\n<meta property=\"og:image\" content=\"https:\/\/revistavitrineibiuna.com.br\/wp-content\/uploads\/2025\/10\/20220205_142445-scaled.jpg\" \/>\n\t<meta property=\"og:image:width\" content=\"2560\" \/>\n\t<meta property=\"og:image:height\" content=\"1440\" \/>\n<meta name=\"twitter:card\" content=\"summary\" \/>\n<meta name=\"twitter:label1\" content=\"Est. reading time\">\n\t<meta name=\"twitter:data1\" content=\"2 minutos\">\n<script type=\"application\/ld+json\" class=\"yoast-schema-graph\">{\"@context\":\"https:\/\/schema.org\",\"@graph\":[{\"@type\":\"WebSite\",\"@id\":\"https:\/\/revistavitrineibiuna.com.br\/#website\",\"url\":\"https:\/\/revistavitrineibiuna.com.br\/\",\"name\":\"Revista Vitrine Ibi\\u00fana\",\"description\":\"A Revista de Ibi\\u00fana e Regi\\u00e3o\",\"publisher\":{\"@id\":\"https:\/\/revistavitrineibiuna.com.br\/#\/schema\/person\/e51ef49d6d88170ea21ceabff3f73deb\"},\"potentialAction\":[{\"@type\":\"SearchAction\",\"target\":\"https:\/\/revistavitrineibiuna.com.br\/?s={search_term_string}\",\"query-input\":\"required name=search_term_string\"}],\"inLanguage\":\"pt-BR\"},{\"@type\":\"ImageObject\",\"@id\":\"https:\/\/revistavitrineibiuna.com.br\/?p=34242#primaryimage\",\"inLanguage\":\"pt-BR\",\"url\":\"https:\/\/revistavitrineibiuna.com.br\/wp-content\/uploads\/2025\/10\/20220205_142445-scaled.jpg\",\"width\":2560,\"height\":1440},{\"@type\":\"WebPage\",\"@id\":\"https:\/\/revistavitrineibiuna.com.br\/?p=34242#webpage\",\"url\":\"https:\/\/revistavitrineibiuna.com.br\/?p=34242\",\"name\":\"IBI\\u00daNA \\u2013 NOT\\u00cdCIA DO AUMENTO DA TARIFA DE TRANSPORTE P\\u00daBLICO PASSA DE 40 MIL VISUALIZA\\u00c7\\u00d5ES - Revista Vitrine Online\",\"isPartOf\":{\"@id\":\"https:\/\/revistavitrineibiuna.com.br\/#website\"},\"primaryImageOfPage\":{\"@id\":\"https:\/\/revistavitrineibiuna.com.br\/?p=34242#primaryimage\"},\"datePublished\":\"2025-10-03T06:03:18+00:00\",\"dateModified\":\"2025-10-03T07:13:45+00:00\",\"breadcrumb\":{\"@id\":\"https:\/\/revistavitrineibiuna.com.br\/?p=34242#breadcrumb\"},\"inLanguage\":\"pt-BR\",\"potentialAction\":[{\"@type\":\"ReadAction\",\"target\":[\"https:\/\/revistavitrineibiuna.com.br\/?p=34242\"]}]},{\"@type\":\"BreadcrumbList\",\"@id\":\"https:\/\/revistavitrineibiuna.com.br\/?p=34242#breadcrumb\",\"itemListElement\":[{\"@type\":\"ListItem\",\"position\":1,\"item\":{\"@type\":\"WebPage\",\"@id\":\"https:\/\/revistavitrineibiuna.com.br\/\",\"url\":\"https:\/\/revistavitrineibiuna.com.br\/\",\"name\":\"In\\u00edcio\"}},{\"@type\":\"ListItem\",\"position\":2,\"item\":{\"@type\":\"WebPage\",\"@id\":\"https:\/\/revistavitrineibiuna.com.br\/?p=34242\",\"url\":\"https:\/\/revistavitrineibiuna.com.br\/?p=34242\",\"name\":\"IBI\\u00daNA \\u2013 NOT\\u00cdCIA DO AUMENTO DA TARIFA DE TRANSPORTE P\\u00daBLICO PASSA DE 40 MIL VISUALIZA\\u00c7\\u00d5ES\"}}]},{\"@type\":\"Article\",\"@id\":\"https:\/\/revistavitrineibiuna.com.br\/?p=34242#article\",\"isPartOf\":{\"@id\":\"https:\/\/revistavitrineibiuna.com.br\/?p=34242#webpage\"},\"author\":{\"@id\":\"https:\/\/revistavitrineibiuna.com.br\/#\/schema\/person\/e51ef49d6d88170ea21ceabff3f73deb\"},\"headline\":\"IBI\\u00daNA \\u2013 NOT\\u00cdCIA DO AUMENTO DA TARIFA DE TRANSPORTE P\\u00daBLICO PASSA DE 40 MIL VISUALIZA\\u00c7\\u00d5ES\",\"datePublished\":\"2025-10-03T06:03:18+00:00\",\"dateModified\":\"2025-10-03T07:13:45+00:00\",\"mainEntityOfPage\":{\"@id\":\"https:\/\/revistavitrineibiuna.com.br\/?p=34242#webpage\"},\"commentCount\":0,\"publisher\":{\"@id\":\"https:\/\/revistavitrineibiuna.com.br\/#\/schema\/person\/e51ef49d6d88170ea21ceabff3f73deb\"},\"image\":{\"@id\":\"https:\/\/revistavitrineibiuna.com.br\/?p=34242#primaryimage\"},\"articleSection\":\"Not\\u00edcias\",\"inLanguage\":\"pt-BR\",\"potentialAction\":[{\"@type\":\"CommentAction\",\"name\":\"Comment\",\"target\":[\"https:\/\/revistavitrineibiuna.com.br\/?p=34242#respond\"]}]},{\"@type\":[\"Person\",\"Organization\"],\"@id\":\"https:\/\/revistavitrineibiuna.com.br\/#\/schema\/person\/e51ef49d6d88170ea21ceabff3f73deb\",\"name\":\"Carlos Rossini\",\"image\":{\"@type\":\"ImageObject\",\"@id\":\"https:\/\/revistavitrineibiuna.com.br\/#personlogo\",\"inLanguage\":\"pt-BR\",\"url\":\"https:\/\/secure.gravatar.com\/avatar\/4f2d0f99fac1f85c7d643f21f5c8d900?s=96&d=mm&r=g\",\"caption\":\"Carlos Rossini\"},\"logo\":{\"@id\":\"https:\/\/revistavitrineibiuna.com.br\/#personlogo\"},\"description\":\"Carlos Rossini \\u00e9 jornalista, soci\\u00f3logo, escritor e professor universit\\u00e1rio, tendo sido professor de jornalismo por vinte anos. Trabalhou em ve\\u00edculos de comunica\\u00e7\\u00e3o nas fun\\u00e7\\u00f5es de rep\\u00f3rter, redator, editor, articulista e colaborador, como Folha de S. Paulo, O Estado de S. Paulo, Di\\u00e1rio Popular, entre outros. Ao transferir a revista vitrine, vers\\u00e3o imprensa, de S\\u00e3o Paulo para Ibi\\u00fana h\\u00e1 alguns anos, iniciou uma nova experi\\u00eancia profissional, dedicando-se ao jornalismo regional, depois de cumprir uma trajet\\u00f3ria bem-sucedida na grande imprensa brasileira. Seu primeiro livro A Coragem de Comunicar foi lan\\u00e7ado na Bienal do Livro em S\\u00e3o Paulo no ano 2000, pela editora Madras.\"}]}<\/script>\n<!-- \/ Yoast SEO plugin. -->","_links":{"self":[{"href":"https:\/\/revistavitrineibiuna.com.br\/index.php?rest_route=\/wp\/v2\/posts\/34242"}],"collection":[{"href":"https:\/\/revistavitrineibiuna.com.br\/index.php?rest_route=\/wp\/v2\/posts"}],"about":[{"href":"https:\/\/revistavitrineibiuna.com.br\/index.php?rest_route=\/wp\/v2\/types\/post"}],"author":[{"embeddable":true,"href":"https:\/\/revistavitrineibiuna.com.br\/index.php?rest_route=\/wp\/v2\/users\/1"}],"replies":[{"embeddable":true,"href":"https:\/\/revistavitrineibiuna.com.br\/index.php?rest_route=%2Fwp%2Fv2%2Fcomments&post=34242"}],"version-history":[{"count":21,"href":"https:\/\/revistavitrineibiuna.com.br\/index.php?rest_route=\/wp\/v2\/posts\/34242\/revisions"}],"predecessor-version":[{"id":34275,"href":"https:\/\/revistavitrineibiuna.com.br\/index.php?rest_route=\/wp\/v2\/posts\/34242\/revisions\/34275"}],"wp:featuredmedia":[{"embeddable":true,"href":"https:\/\/revistavitrineibiuna.com.br\/index.php?rest_route=\/wp\/v2\/media\/34243"}],"wp:attachment":[{"href":"https:\/\/revistavitrineibiuna.com.br\/index.php?rest_route=%2Fwp%2Fv2%2Fmedia&parent=34242"}],"wp:term":[{"taxonomy":"category","embeddable":true,"href":"https:\/\/revistavitrineibiuna.com.br\/index.php?rest_route=%2Fwp%2Fv2%2Fcategories&post=34242"},{"taxonomy":"post_tag","embeddable":true,"href":"https:\/\/revistavitrineibiuna.com.br\/index.php?rest_route=%2Fwp%2Fv2%2Ftags&post=34242"}],"curies":[{"name":"wp","href":"https:\/\/api.w.org\/{rel}","templated":true}]}}