{"id":34277,"date":"2025-10-06T15:29:08","date_gmt":"2025-10-06T18:29:08","guid":{"rendered":"http:\/\/revistavitrineibiuna.com.br\/?p=34277"},"modified":"2025-10-06T15:29:09","modified_gmt":"2025-10-06T18:29:09","slug":"ibiuna-justica-suspende-aumento-da-tarifa-de-onibus","status":"publish","type":"post","link":"https:\/\/revistavitrineibiuna.com.br\/?p=34277","title":{"rendered":"IBI\u00daNA \u2013 JUSTI\u00c7A SUSPENDE AUMENTO DA TARIFA DE \u00d4NIBUS"},"content":{"rendered":"\n<p class=\"has-drop-cap\"><strong>A ju\u00edza Taiana Josviak D\u2019Avila, da 2\u00aa Vara da&nbsp; Comarca de Ibi\u00fana, em decis\u00e3o proferida na \u00faltima sexta-feira (3), suspendeu o aumento da tarifa de \u00f4nibus que havia sido decretado pela Prefeitura, e elevava o pre\u00e7o de R$ 5,90 para R$ 9,50 dos passes escolares e vale transporte.<\/strong><\/p>\n\n\n\n<p><strong>A magistrada acolheu o parecer do Minist\u00e9rio P\u00fablico favor\u00e1vel \u00e0 a\u00e7\u00e3o popular impetrada pelo cidad\u00e3o Adilson Ribeiro em face do Decreto n\u00ba 3439\/2025, publicado no dia 19.9, no Imprensa Oficial, em que pedia a suspens\u00e3o da referida majora\u00e7\u00e3o.<\/strong><\/p>\n\n\n\n<p><strong>Ribeiro, que \u00e9 tenente aposentado da PM e advogado [ele foi candidato a prefeito nas elei\u00e7\u00f5es de 2024], denunciou \u201co aumento substancial nos passes escolares e dos funcion\u00e1rios da municipalidade\u201d.<\/strong><\/p>\n\n\n\n<p><strong>A DECIS\u00c3O<\/strong><\/p>\n\n\n\n<p><strong>\u201cAnte o exposto, e em conson\u00e2ncia com o parecer do Minist\u00e9rio P\u00fablico, DEFIRO O PEDIDO DE TUTELA DE URG\u00caNCIA para SUSPENDER, com efeito imediato, a efic\u00e1cia e todos os efeitos do Decreto Municipal n\u00ba 3439, de 19 de setembro de 2025\u201d, determinou a ju\u00edza. E complementou:<\/strong><\/p>\n\n\n\n<p><strong>\u201cEm consequ\u00eancia, determino que a tarifa do servi\u00e7o de transporte p\u00fablico coletivo e escolar do Munic\u00edpio de Ibi\u00fana retorne, imediatamente, ao patamar anterior de R$ 5,90.\u201d<\/strong><\/p>\n\n\n\n<p><strong>A magistrada determinou ainda o prazo de 24 horas [j\u00e1 decorridos] para cumprimento da decis\u00e3o, sob pena de fixa\u00e7\u00e3o de multa di\u00e1ria por descumprimento, \u201csem preju\u00edzo de outras medidas cab\u00edveis\u201d.<\/strong><\/p>\n\n\n\n<p><strong>A Prefeitura&nbsp; tem prazo de 15 dias para manifestar sua r\u00e9plica.<\/strong><\/p>\n","protected":false},"excerpt":{"rendered":"<p>A ju\u00edza Taiana Josviak D\u2019Avila, da 2\u00aa Vara da&nbsp; Comarca de Ibi\u00fana, em decis\u00e3o proferida na \u00faltima sexta-feira (3), suspendeu<\/p>\n","protected":false},"author":1,"featured_media":34229,"comment_status":"open","ping_status":"open","sticky":false,"template":"","format":"standard","meta":[],"categories":[3],"tags":[],"yoast_head":"<!-- This site is optimized with the Yoast SEO plugin v15.8 - https:\/\/yoast.com\/wordpress\/plugins\/seo\/ -->\n<title>IBI\u00daNA \u2013 JUSTI\u00c7A SUSPENDE AUMENTO DA TARIFA DE \u00d4NIBUS - Revista Vitrine Online<\/title>\n<meta name=\"robots\" content=\"index, follow, max-snippet:-1, max-image-preview:large, max-video-preview:-1\" \/>\n<link rel=\"canonical\" href=\"https:\/\/revistavitrineibiuna.com.br\/?p=34277\" \/>\n<meta property=\"og:locale\" content=\"pt_BR\" \/>\n<meta property=\"og:type\" content=\"article\" \/>\n<meta property=\"og:title\" content=\"IBI\u00daNA \u2013 JUSTI\u00c7A SUSPENDE AUMENTO DA TARIFA DE \u00d4NIBUS - Revista Vitrine Online\" \/>\n<meta property=\"og:description\" content=\"A ju\u00edza Taiana Josviak D\u2019Avila, da 2\u00aa Vara da&nbsp; Comarca de Ibi\u00fana, em decis\u00e3o proferida na \u00faltima sexta-feira (3), suspendeu\" \/>\n<meta property=\"og:url\" content=\"https:\/\/revistavitrineibiuna.com.br\/?p=34277\" \/>\n<meta property=\"og:site_name\" content=\"Revista Vitrine Online\" \/>\n<meta property=\"article:published_time\" content=\"2025-10-06T18:29:08+00:00\" \/>\n<meta property=\"article:modified_time\" content=\"2025-10-06T18:29:09+00:00\" \/>\n<meta property=\"og:image\" content=\"https:\/\/revistavitrineibiuna.com.br\/wp-content\/uploads\/2025\/10\/taarifa-deonibus.png\" \/>\n\t<meta property=\"og:image:width\" content=\"706\" \/>\n\t<meta property=\"og:image:height\" content=\"420\" \/>\n<meta name=\"twitter:card\" content=\"summary\" \/>\n<meta name=\"twitter:label1\" content=\"Est. reading time\">\n\t<meta name=\"twitter:data1\" content=\"2 minutos\">\n<script type=\"application\/ld+json\" class=\"yoast-schema-graph\">{\"@context\":\"https:\/\/schema.org\",\"@graph\":[{\"@type\":\"WebSite\",\"@id\":\"https:\/\/revistavitrineibiuna.com.br\/#website\",\"url\":\"https:\/\/revistavitrineibiuna.com.br\/\",\"name\":\"Revista Vitrine Ibi\\u00fana\",\"description\":\"A Revista de Ibi\\u00fana e Regi\\u00e3o\",\"publisher\":{\"@id\":\"https:\/\/revistavitrineibiuna.com.br\/#\/schema\/person\/e51ef49d6d88170ea21ceabff3f73deb\"},\"potentialAction\":[{\"@type\":\"SearchAction\",\"target\":\"https:\/\/revistavitrineibiuna.com.br\/?s={search_term_string}\",\"query-input\":\"required name=search_term_string\"}],\"inLanguage\":\"pt-BR\"},{\"@type\":\"ImageObject\",\"@id\":\"https:\/\/revistavitrineibiuna.com.br\/?p=34277#primaryimage\",\"inLanguage\":\"pt-BR\",\"url\":\"https:\/\/revistavitrineibiuna.com.br\/wp-content\/uploads\/2025\/10\/taarifa-deonibus.png\",\"width\":706,\"height\":420},{\"@type\":\"WebPage\",\"@id\":\"https:\/\/revistavitrineibiuna.com.br\/?p=34277#webpage\",\"url\":\"https:\/\/revistavitrineibiuna.com.br\/?p=34277\",\"name\":\"IBI\\u00daNA \\u2013 JUSTI\\u00c7A SUSPENDE AUMENTO DA TARIFA DE \\u00d4NIBUS - Revista Vitrine Online\",\"isPartOf\":{\"@id\":\"https:\/\/revistavitrineibiuna.com.br\/#website\"},\"primaryImageOfPage\":{\"@id\":\"https:\/\/revistavitrineibiuna.com.br\/?p=34277#primaryimage\"},\"datePublished\":\"2025-10-06T18:29:08+00:00\",\"dateModified\":\"2025-10-06T18:29:09+00:00\",\"breadcrumb\":{\"@id\":\"https:\/\/revistavitrineibiuna.com.br\/?p=34277#breadcrumb\"},\"inLanguage\":\"pt-BR\",\"potentialAction\":[{\"@type\":\"ReadAction\",\"target\":[\"https:\/\/revistavitrineibiuna.com.br\/?p=34277\"]}]},{\"@type\":\"BreadcrumbList\",\"@id\":\"https:\/\/revistavitrineibiuna.com.br\/?p=34277#breadcrumb\",\"itemListElement\":[{\"@type\":\"ListItem\",\"position\":1,\"item\":{\"@type\":\"WebPage\",\"@id\":\"https:\/\/revistavitrineibiuna.com.br\/\",\"url\":\"https:\/\/revistavitrineibiuna.com.br\/\",\"name\":\"In\\u00edcio\"}},{\"@type\":\"ListItem\",\"position\":2,\"item\":{\"@type\":\"WebPage\",\"@id\":\"https:\/\/revistavitrineibiuna.com.br\/?p=34277\",\"url\":\"https:\/\/revistavitrineibiuna.com.br\/?p=34277\",\"name\":\"IBI\\u00daNA \\u2013 JUSTI\\u00c7A SUSPENDE AUMENTO DA TARIFA DE \\u00d4NIBUS\"}}]},{\"@type\":\"Article\",\"@id\":\"https:\/\/revistavitrineibiuna.com.br\/?p=34277#article\",\"isPartOf\":{\"@id\":\"https:\/\/revistavitrineibiuna.com.br\/?p=34277#webpage\"},\"author\":{\"@id\":\"https:\/\/revistavitrineibiuna.com.br\/#\/schema\/person\/e51ef49d6d88170ea21ceabff3f73deb\"},\"headline\":\"IBI\\u00daNA \\u2013 JUSTI\\u00c7A SUSPENDE AUMENTO DA TARIFA DE \\u00d4NIBUS\",\"datePublished\":\"2025-10-06T18:29:08+00:00\",\"dateModified\":\"2025-10-06T18:29:09+00:00\",\"mainEntityOfPage\":{\"@id\":\"https:\/\/revistavitrineibiuna.com.br\/?p=34277#webpage\"},\"commentCount\":0,\"publisher\":{\"@id\":\"https:\/\/revistavitrineibiuna.com.br\/#\/schema\/person\/e51ef49d6d88170ea21ceabff3f73deb\"},\"image\":{\"@id\":\"https:\/\/revistavitrineibiuna.com.br\/?p=34277#primaryimage\"},\"articleSection\":\"Not\\u00edcias\",\"inLanguage\":\"pt-BR\",\"potentialAction\":[{\"@type\":\"CommentAction\",\"name\":\"Comment\",\"target\":[\"https:\/\/revistavitrineibiuna.com.br\/?p=34277#respond\"]}]},{\"@type\":[\"Person\",\"Organization\"],\"@id\":\"https:\/\/revistavitrineibiuna.com.br\/#\/schema\/person\/e51ef49d6d88170ea21ceabff3f73deb\",\"name\":\"Carlos Rossini\",\"image\":{\"@type\":\"ImageObject\",\"@id\":\"https:\/\/revistavitrineibiuna.com.br\/#personlogo\",\"inLanguage\":\"pt-BR\",\"url\":\"https:\/\/secure.gravatar.com\/avatar\/4f2d0f99fac1f85c7d643f21f5c8d900?s=96&d=mm&r=g\",\"caption\":\"Carlos Rossini\"},\"logo\":{\"@id\":\"https:\/\/revistavitrineibiuna.com.br\/#personlogo\"},\"description\":\"Carlos Rossini \\u00e9 jornalista, soci\\u00f3logo, escritor e professor universit\\u00e1rio, tendo sido professor de jornalismo por vinte anos. Trabalhou em ve\\u00edculos de comunica\\u00e7\\u00e3o nas fun\\u00e7\\u00f5es de rep\\u00f3rter, redator, editor, articulista e colaborador, como Folha de S. Paulo, O Estado de S. Paulo, Di\\u00e1rio Popular, entre outros. Ao transferir a revista vitrine, vers\\u00e3o imprensa, de S\\u00e3o Paulo para Ibi\\u00fana h\\u00e1 alguns anos, iniciou uma nova experi\\u00eancia profissional, dedicando-se ao jornalismo regional, depois de cumprir uma trajet\\u00f3ria bem-sucedida na grande imprensa brasileira. Seu primeiro livro A Coragem de Comunicar foi lan\\u00e7ado na Bienal do Livro em S\\u00e3o Paulo no ano 2000, pela editora Madras.\"}]}<\/script>\n<!-- \/ Yoast SEO plugin. -->","_links":{"self":[{"href":"https:\/\/revistavitrineibiuna.com.br\/index.php?rest_route=\/wp\/v2\/posts\/34277"}],"collection":[{"href":"https:\/\/revistavitrineibiuna.com.br\/index.php?rest_route=\/wp\/v2\/posts"}],"about":[{"href":"https:\/\/revistavitrineibiuna.com.br\/index.php?rest_route=\/wp\/v2\/types\/post"}],"author":[{"embeddable":true,"href":"https:\/\/revistavitrineibiuna.com.br\/index.php?rest_route=\/wp\/v2\/users\/1"}],"replies":[{"embeddable":true,"href":"https:\/\/revistavitrineibiuna.com.br\/index.php?rest_route=%2Fwp%2Fv2%2Fcomments&post=34277"}],"version-history":[{"count":1,"href":"https:\/\/revistavitrineibiuna.com.br\/index.php?rest_route=\/wp\/v2\/posts\/34277\/revisions"}],"predecessor-version":[{"id":34278,"href":"https:\/\/revistavitrineibiuna.com.br\/index.php?rest_route=\/wp\/v2\/posts\/34277\/revisions\/34278"}],"wp:featuredmedia":[{"embeddable":true,"href":"https:\/\/revistavitrineibiuna.com.br\/index.php?rest_route=\/wp\/v2\/media\/34229"}],"wp:attachment":[{"href":"https:\/\/revistavitrineibiuna.com.br\/index.php?rest_route=%2Fwp%2Fv2%2Fmedia&parent=34277"}],"wp:term":[{"taxonomy":"category","embeddable":true,"href":"https:\/\/revistavitrineibiuna.com.br\/index.php?rest_route=%2Fwp%2Fv2%2Fcategories&post=34277"},{"taxonomy":"post_tag","embeddable":true,"href":"https:\/\/revistavitrineibiuna.com.br\/index.php?rest_route=%2Fwp%2Fv2%2Ftags&post=34277"}],"curies":[{"name":"wp","href":"https:\/\/api.w.org\/{rel}","templated":true}]}}