{"id":34279,"date":"2025-10-08T16:13:28","date_gmt":"2025-10-08T19:13:28","guid":{"rendered":"http:\/\/revistavitrineibiuna.com.br\/?p=34279"},"modified":"2025-10-08T19:01:32","modified_gmt":"2025-10-08T22:01:32","slug":"ibiuna-acordo-assegura-equiparacao-do-piso-nacional-aos-professores-municipais","status":"publish","type":"post","link":"https:\/\/revistavitrineibiuna.com.br\/?p=34279","title":{"rendered":"IBI\u00daNA \u2013 ACORDO ASSEGURA EQUIPARA\u00c7\u00c3O DO PISO NACIONAL AOS PROFESSORES MUNICIPAIS"},"content":{"rendered":"\n<p class=\"has-drop-cap\"><strong>O Sindicato dos Servidores P\u00fablicos de S\u00e3o Roque, Ibi\u00fana e Regi\u00e3o e a comiss\u00e3o de professores fecharam hoje (8) acordo com a Prefeitura de Ibi\u00fana, que vai equiparar o vencimento dos professores da rede municipal ao piso nacional do magist\u00e9rio.<\/strong><\/p>\n\n\n\n<p><strong>Esse fato tamb\u00e9m p\u00f5e fim ao estado de greve que vinha sendo mantido pela categoria, depois do movimento reivindicat\u00f3rio iniciado em julho, com realiza\u00e7\u00e3o de assembleias e reuni\u00f5es com o Executivo.<\/strong><\/p>\n\n\n\n<p><strong>TR\u00caS PARCELAS<\/strong><\/p>\n\n\n\n<p><strong>O acordo prev\u00ea que haver\u00e1 um reajuste \u2013 concedido em tr\u00eas parcelas de 8% em outubro\/2025, outubro\/2026 e outubro\/2027, no total de 24% em tr\u00eas anos, que far\u00e1 com que a equipara\u00e7\u00e3o seja completada.<\/strong><\/p>\n\n\n\n<p><strong>\u201cO objetivo do sindicato sempre foi obter a equipara\u00e7\u00e3o de imediato, mas o justificado pela administra\u00e7\u00e3o \u00e9 atual indisponibilidade financeira\u201d, declarou Patr\u00edcia Bueno Lisboa, presidente da entidade a vitrine online.<\/strong><\/p>\n\n\n\n<p><strong>Em nome da categoria, Lisboa disse ainda que \u201cnos sentimos respeitados e reconhecidos pela atual administra\u00e7\u00e3o, coisa que h\u00e1 muitos&nbsp; anos n\u00e3o acontecia em Ibi\u00fana.\u201d<\/strong><\/p>\n\n\n\n<p><strong>\u201cEsse \u00e9 um compromisso que estamos cumprindo. Quando me propus a ser prefeito, me comprometi a valorizar os professores e promover esse ajuste\u201d, afirmou o prefeito M\u00e1rio Pires.<\/strong><\/p>\n\n\n\n<p><strong>OUTRAS QUEST\u00d5ES<\/strong><\/p>\n\n\n\n<p><strong>A presidente sindical assinalou que o Sindicato e a comiss\u00e3o de professores \u201centenderam aprovar a proposta [da Prefeitura] para, neste momento, assegurar os percentuais propostos, mas que, desde o in\u00edcio, outras quest\u00f5es pertinentes est\u00e3o sendo discutidas\u201d.<\/strong><\/p>\n\n\n\n<p><strong>Mencionou como exemplo as progress\u00f5es funcionais acad\u00eamicas e n\u00e3o acad\u00eamicas, atualiza\u00e7\u00e3o de refer\u00eancias, \u201centre outros direitos que n\u00e3o s\u00e3o cumpridos de forma correta, h\u00e1 muitos anos\u201d.<\/strong><\/p>\n","protected":false},"excerpt":{"rendered":"<p>O Sindicato dos Servidores P\u00fablicos de S\u00e3o Roque, Ibi\u00fana e Regi\u00e3o e a comiss\u00e3o de professores fecharam hoje (8) acordo<\/p>\n","protected":false},"author":1,"featured_media":34280,"comment_status":"open","ping_status":"open","sticky":false,"template":"","format":"standard","meta":[],"categories":[3],"tags":[],"yoast_head":"<!-- This site is optimized with the Yoast SEO plugin v15.8 - https:\/\/yoast.com\/wordpress\/plugins\/seo\/ -->\n<title>IBI\u00daNA \u2013 ACORDO ASSEGURA EQUIPARA\u00c7\u00c3O DO PISO NACIONAL AOS PROFESSORES MUNICIPAIS - Revista Vitrine Online<\/title>\n<meta name=\"robots\" content=\"index, follow, max-snippet:-1, max-image-preview:large, max-video-preview:-1\" \/>\n<link rel=\"canonical\" href=\"http:\/\/revistavitrineibiuna.com.br\/?p=34279\" \/>\n<meta property=\"og:locale\" content=\"pt_BR\" \/>\n<meta property=\"og:type\" content=\"article\" \/>\n<meta property=\"og:title\" content=\"IBI\u00daNA \u2013 ACORDO ASSEGURA EQUIPARA\u00c7\u00c3O DO PISO NACIONAL AOS PROFESSORES MUNICIPAIS - Revista Vitrine Online\" \/>\n<meta property=\"og:description\" content=\"O Sindicato dos Servidores P\u00fablicos de S\u00e3o Roque, Ibi\u00fana e Regi\u00e3o e a comiss\u00e3o de professores fecharam hoje (8) acordo\" \/>\n<meta property=\"og:url\" content=\"http:\/\/revistavitrineibiuna.com.br\/?p=34279\" \/>\n<meta property=\"og:site_name\" content=\"Revista Vitrine Online\" \/>\n<meta property=\"article:published_time\" content=\"2025-10-08T19:13:28+00:00\" \/>\n<meta property=\"article:modified_time\" content=\"2025-10-08T22:01:32+00:00\" \/>\n<meta property=\"og:image\" content=\"https:\/\/revistavitrineibiuna.com.br\/wp-content\/uploads\/2025\/10\/acordo-prefeitura.png\" \/>\n\t<meta property=\"og:image:width\" content=\"1280\" \/>\n\t<meta property=\"og:image:height\" content=\"804\" \/>\n<meta name=\"twitter:card\" content=\"summary\" \/>\n<meta name=\"twitter:label1\" content=\"Est. reading time\">\n\t<meta name=\"twitter:data1\" content=\"2 minutos\">\n<script type=\"application\/ld+json\" class=\"yoast-schema-graph\">{\"@context\":\"https:\/\/schema.org\",\"@graph\":[{\"@type\":\"WebSite\",\"@id\":\"https:\/\/revistavitrineibiuna.com.br\/#website\",\"url\":\"https:\/\/revistavitrineibiuna.com.br\/\",\"name\":\"Revista Vitrine Ibi\\u00fana\",\"description\":\"A Revista de Ibi\\u00fana e Regi\\u00e3o\",\"publisher\":{\"@id\":\"https:\/\/revistavitrineibiuna.com.br\/#\/schema\/person\/e51ef49d6d88170ea21ceabff3f73deb\"},\"potentialAction\":[{\"@type\":\"SearchAction\",\"target\":\"https:\/\/revistavitrineibiuna.com.br\/?s={search_term_string}\",\"query-input\":\"required name=search_term_string\"}],\"inLanguage\":\"pt-BR\"},{\"@type\":\"ImageObject\",\"@id\":\"http:\/\/revistavitrineibiuna.com.br\/?p=34279#primaryimage\",\"inLanguage\":\"pt-BR\",\"url\":\"https:\/\/revistavitrineibiuna.com.br\/wp-content\/uploads\/2025\/10\/acordo-prefeitura.png\",\"width\":1280,\"height\":804},{\"@type\":\"WebPage\",\"@id\":\"http:\/\/revistavitrineibiuna.com.br\/?p=34279#webpage\",\"url\":\"http:\/\/revistavitrineibiuna.com.br\/?p=34279\",\"name\":\"IBI\\u00daNA \\u2013 ACORDO ASSEGURA EQUIPARA\\u00c7\\u00c3O DO PISO NACIONAL AOS PROFESSORES MUNICIPAIS - Revista Vitrine Online\",\"isPartOf\":{\"@id\":\"https:\/\/revistavitrineibiuna.com.br\/#website\"},\"primaryImageOfPage\":{\"@id\":\"http:\/\/revistavitrineibiuna.com.br\/?p=34279#primaryimage\"},\"datePublished\":\"2025-10-08T19:13:28+00:00\",\"dateModified\":\"2025-10-08T22:01:32+00:00\",\"breadcrumb\":{\"@id\":\"http:\/\/revistavitrineibiuna.com.br\/?p=34279#breadcrumb\"},\"inLanguage\":\"pt-BR\",\"potentialAction\":[{\"@type\":\"ReadAction\",\"target\":[\"http:\/\/revistavitrineibiuna.com.br\/?p=34279\"]}]},{\"@type\":\"BreadcrumbList\",\"@id\":\"http:\/\/revistavitrineibiuna.com.br\/?p=34279#breadcrumb\",\"itemListElement\":[{\"@type\":\"ListItem\",\"position\":1,\"item\":{\"@type\":\"WebPage\",\"@id\":\"https:\/\/revistavitrineibiuna.com.br\/\",\"url\":\"https:\/\/revistavitrineibiuna.com.br\/\",\"name\":\"In\\u00edcio\"}},{\"@type\":\"ListItem\",\"position\":2,\"item\":{\"@type\":\"WebPage\",\"@id\":\"http:\/\/revistavitrineibiuna.com.br\/?p=34279\",\"url\":\"http:\/\/revistavitrineibiuna.com.br\/?p=34279\",\"name\":\"IBI\\u00daNA \\u2013 ACORDO ASSEGURA EQUIPARA\\u00c7\\u00c3O DO PISO NACIONAL AOS PROFESSORES MUNICIPAIS\"}}]},{\"@type\":\"Article\",\"@id\":\"http:\/\/revistavitrineibiuna.com.br\/?p=34279#article\",\"isPartOf\":{\"@id\":\"http:\/\/revistavitrineibiuna.com.br\/?p=34279#webpage\"},\"author\":{\"@id\":\"https:\/\/revistavitrineibiuna.com.br\/#\/schema\/person\/e51ef49d6d88170ea21ceabff3f73deb\"},\"headline\":\"IBI\\u00daNA \\u2013 ACORDO ASSEGURA EQUIPARA\\u00c7\\u00c3O DO PISO NACIONAL AOS PROFESSORES MUNICIPAIS\",\"datePublished\":\"2025-10-08T19:13:28+00:00\",\"dateModified\":\"2025-10-08T22:01:32+00:00\",\"mainEntityOfPage\":{\"@id\":\"http:\/\/revistavitrineibiuna.com.br\/?p=34279#webpage\"},\"commentCount\":0,\"publisher\":{\"@id\":\"https:\/\/revistavitrineibiuna.com.br\/#\/schema\/person\/e51ef49d6d88170ea21ceabff3f73deb\"},\"image\":{\"@id\":\"http:\/\/revistavitrineibiuna.com.br\/?p=34279#primaryimage\"},\"articleSection\":\"Not\\u00edcias\",\"inLanguage\":\"pt-BR\",\"potentialAction\":[{\"@type\":\"CommentAction\",\"name\":\"Comment\",\"target\":[\"http:\/\/revistavitrineibiuna.com.br\/?p=34279#respond\"]}]},{\"@type\":[\"Person\",\"Organization\"],\"@id\":\"https:\/\/revistavitrineibiuna.com.br\/#\/schema\/person\/e51ef49d6d88170ea21ceabff3f73deb\",\"name\":\"Carlos Rossini\",\"image\":{\"@type\":\"ImageObject\",\"@id\":\"https:\/\/revistavitrineibiuna.com.br\/#personlogo\",\"inLanguage\":\"pt-BR\",\"url\":\"https:\/\/secure.gravatar.com\/avatar\/4f2d0f99fac1f85c7d643f21f5c8d900?s=96&d=mm&r=g\",\"caption\":\"Carlos Rossini\"},\"logo\":{\"@id\":\"https:\/\/revistavitrineibiuna.com.br\/#personlogo\"},\"description\":\"Carlos Rossini \\u00e9 jornalista, soci\\u00f3logo, escritor e professor universit\\u00e1rio, tendo sido professor de jornalismo por vinte anos. Trabalhou em ve\\u00edculos de comunica\\u00e7\\u00e3o nas fun\\u00e7\\u00f5es de rep\\u00f3rter, redator, editor, articulista e colaborador, como Folha de S. Paulo, O Estado de S. Paulo, Di\\u00e1rio Popular, entre outros. Ao transferir a revista vitrine, vers\\u00e3o imprensa, de S\\u00e3o Paulo para Ibi\\u00fana h\\u00e1 alguns anos, iniciou uma nova experi\\u00eancia profissional, dedicando-se ao jornalismo regional, depois de cumprir uma trajet\\u00f3ria bem-sucedida na grande imprensa brasileira. Seu primeiro livro A Coragem de Comunicar foi lan\\u00e7ado na Bienal do Livro em S\\u00e3o Paulo no ano 2000, pela editora Madras.\"}]}<\/script>\n<!-- \/ Yoast SEO plugin. -->","_links":{"self":[{"href":"https:\/\/revistavitrineibiuna.com.br\/index.php?rest_route=\/wp\/v2\/posts\/34279"}],"collection":[{"href":"https:\/\/revistavitrineibiuna.com.br\/index.php?rest_route=\/wp\/v2\/posts"}],"about":[{"href":"https:\/\/revistavitrineibiuna.com.br\/index.php?rest_route=\/wp\/v2\/types\/post"}],"author":[{"embeddable":true,"href":"https:\/\/revistavitrineibiuna.com.br\/index.php?rest_route=\/wp\/v2\/users\/1"}],"replies":[{"embeddable":true,"href":"https:\/\/revistavitrineibiuna.com.br\/index.php?rest_route=%2Fwp%2Fv2%2Fcomments&post=34279"}],"version-history":[{"count":3,"href":"https:\/\/revistavitrineibiuna.com.br\/index.php?rest_route=\/wp\/v2\/posts\/34279\/revisions"}],"predecessor-version":[{"id":34283,"href":"https:\/\/revistavitrineibiuna.com.br\/index.php?rest_route=\/wp\/v2\/posts\/34279\/revisions\/34283"}],"wp:featuredmedia":[{"embeddable":true,"href":"https:\/\/revistavitrineibiuna.com.br\/index.php?rest_route=\/wp\/v2\/media\/34280"}],"wp:attachment":[{"href":"https:\/\/revistavitrineibiuna.com.br\/index.php?rest_route=%2Fwp%2Fv2%2Fmedia&parent=34279"}],"wp:term":[{"taxonomy":"category","embeddable":true,"href":"https:\/\/revistavitrineibiuna.com.br\/index.php?rest_route=%2Fwp%2Fv2%2Fcategories&post=34279"},{"taxonomy":"post_tag","embeddable":true,"href":"https:\/\/revistavitrineibiuna.com.br\/index.php?rest_route=%2Fwp%2Fv2%2Ftags&post=34279"}],"curies":[{"name":"wp","href":"https:\/\/api.w.org\/{rel}","templated":true}]}}