{"id":34284,"date":"2025-10-09T11:05:00","date_gmt":"2025-10-09T14:05:00","guid":{"rendered":"http:\/\/revistavitrineibiuna.com.br\/?p=34284"},"modified":"2025-10-09T12:11:12","modified_gmt":"2025-10-09T15:11:12","slug":"vem-ai-1a-super-run-ibiuna-uma-corrida-contra-o-cancer-de-prostata","status":"publish","type":"post","link":"https:\/\/revistavitrineibiuna.com.br\/?p=34284","title":{"rendered":"VEM A\u00cd! \u2013 1\u00aa SUPER RUN IBI\u00daNA, UMA CORRIDA CONTRA O C\u00c2NCER DE PR\u00d3STATA"},"content":{"rendered":"\n<p class=\"has-drop-cap\"><strong>O Supermercado Ibi\u00fana, com 70 anos de tradi\u00e7\u00e3o, promover\u00e1 uma corrida especial para envolver toda a fam\u00edlia na conscientiza\u00e7\u00e3o do Novembro Azul, m\u00eas dedicado ao combate ao c\u00e2ncer de pr\u00f3stata, que mais causa \u00f3bitos entre os homens no Brasil.<\/strong><\/p>\n\n\n\n<p><strong>Haver\u00e1 tamb\u00e9m uma a\u00e7\u00e3o social em prol da Casa Santa Rita Lar dos Idosos.<\/strong><\/p>\n\n\n\n<p><strong>A corrida ser\u00e1 realizada no dia 23 de novembro, com sa\u00edda \u00e0s 7h30 na rua Jos\u00e9 Juni, em frente ao estacionamento novo do Supermercado Ibi\u00fana, no centro da cidade.<\/strong><\/p>\n\n\n\n<p><strong>Voc\u00ea j\u00e1 pode fazer sua inscri\u00e7\u00e3o neste link: https:\/\/www.runnerbrasil.com.br\/Views\/Runner_CalendarioDetalhe.aspx?idEvento=8872<\/strong><\/p>\n\n\n\n<p><strong>O lema da 1\u00aa Super Run Ibi\u00fana \u00e9: \u201cNovembro Azul, ser her\u00f3i&nbsp;\u00e9&nbsp;se&nbsp;prevenir!\u201d<\/strong><\/p>\n\n\n\n<p><strong>A PREVEN\u00c7\u00c3O \u00c9 O MELHOR REM\u00c9DIO<\/strong><\/p>\n\n\n\n<p><strong>Novembro Azul &nbsp;\u00e9&nbsp; uma campanha de conscientiza\u00e7\u00e3o sobre a sa\u00fade masculina, que visa a alertar sobre o c\u00e2ncer de pr\u00f3stata, o segundo tipo de c\u00e2ncer mais comum entre homens no Brasil.<\/strong><\/p>\n\n\n\n<p><strong>O objetivo \u00e9 incentivar a realiza\u00e7\u00e3o de exames preventivos e o cuidado integral da sa\u00fade do homem, combatendo o estigma e o preconceito que impedem muitos de buscar ajuda m\u00e9dica.<\/strong><\/p>\n\n\n\n<p><strong>O ponto-chave da campanha \u00e9 a import\u00e2ncia da detec\u00e7\u00e3o precoce da doen\u00e7a que amplia a chance de cura e incentivar a busca por acompanhamento m\u00e9dico urologista.<\/strong><\/p>\n\n\n\n<p><strong>&nbsp;Objetivo: Aumentar a conscientiza\u00e7\u00e3o sobre as doen\u00e7as que afetam a sa\u00fade masculina e incentivar a busca por acompanhamento m\u00e9dico.<\/strong><\/p>\n\n\n\n<p><strong>O movimento \u00e9 global e teve in\u00edcio em 2003 na Austr\u00e1lia, sendo que o dia 17 de novembro \u00e9 o Dia Mundial de Combate ao C\u00e2ncer de Pr\u00f3stata.<\/strong><\/p>\n\n\n\n<p><strong>Cuidar da sa\u00fade \u00e9 um ato de coragem e amor, e a preven\u00e7\u00e3o pode salvar vidas.<\/strong><\/p>\n\n\n\n<p><strong>PREVEN\u00c7\u00c3O<\/strong><\/p>\n\n\n\n<p><strong>\u00c9 fundamental que homens a partir dos 50 anos (ou antes, em caso de hist\u00f3rico familiar) visitem regularmente um urologista.<\/strong><\/p>\n\n\n\n<p><strong>Adotar h\u00e1bitos saud\u00e1veis e se afastar de mitos e estigmas relacionados \u00e0 busca por assist\u00eancia m\u00e9dica s\u00e3o passos importantes.<\/strong><\/p>\n","protected":false},"excerpt":{"rendered":"<p>O Supermercado Ibi\u00fana, com 70 anos de tradi\u00e7\u00e3o, promover\u00e1 uma corrida especial para envolver toda a fam\u00edlia na conscientiza\u00e7\u00e3o do<\/p>\n","protected":false},"author":1,"featured_media":34285,"comment_status":"open","ping_status":"open","sticky":false,"template":"","format":"standard","meta":[],"categories":[3],"tags":[],"yoast_head":"<!-- This site is optimized with the Yoast SEO plugin v15.8 - https:\/\/yoast.com\/wordpress\/plugins\/seo\/ -->\n<title>VEM A\u00cd! \u2013 1\u00aa SUPER RUN IBI\u00daNA, UMA CORRIDA CONTRA O C\u00c2NCER DE PR\u00d3STATA - Revista Vitrine Online<\/title>\n<meta name=\"robots\" content=\"index, follow, max-snippet:-1, max-image-preview:large, max-video-preview:-1\" \/>\n<link rel=\"canonical\" href=\"http:\/\/revistavitrineibiuna.com.br\/?p=34284\" \/>\n<meta property=\"og:locale\" content=\"pt_BR\" \/>\n<meta property=\"og:type\" content=\"article\" \/>\n<meta property=\"og:title\" content=\"VEM A\u00cd! \u2013 1\u00aa SUPER RUN IBI\u00daNA, UMA CORRIDA CONTRA O C\u00c2NCER DE PR\u00d3STATA - Revista Vitrine Online\" \/>\n<meta property=\"og:description\" content=\"O Supermercado Ibi\u00fana, com 70 anos de tradi\u00e7\u00e3o, promover\u00e1 uma corrida especial para envolver toda a fam\u00edlia na conscientiza\u00e7\u00e3o do\" \/>\n<meta property=\"og:url\" content=\"http:\/\/revistavitrineibiuna.com.br\/?p=34284\" \/>\n<meta property=\"og:site_name\" content=\"Revista Vitrine Online\" \/>\n<meta property=\"article:published_time\" content=\"2025-10-09T14:05:00+00:00\" \/>\n<meta property=\"article:modified_time\" content=\"2025-10-09T15:11:12+00:00\" \/>\n<meta property=\"og:image\" content=\"https:\/\/revistavitrineibiuna.com.br\/wp-content\/uploads\/2025\/10\/1a-Super-Run-Ibiuna.png\" \/>\n\t<meta property=\"og:image:width\" content=\"1244\" \/>\n\t<meta property=\"og:image:height\" content=\"948\" \/>\n<meta name=\"twitter:card\" content=\"summary\" \/>\n<meta name=\"twitter:label1\" content=\"Est. reading time\">\n\t<meta name=\"twitter:data1\" content=\"2 minutos\">\n<script type=\"application\/ld+json\" class=\"yoast-schema-graph\">{\"@context\":\"https:\/\/schema.org\",\"@graph\":[{\"@type\":\"WebSite\",\"@id\":\"https:\/\/revistavitrineibiuna.com.br\/#website\",\"url\":\"https:\/\/revistavitrineibiuna.com.br\/\",\"name\":\"Revista Vitrine Ibi\\u00fana\",\"description\":\"A Revista de Ibi\\u00fana e Regi\\u00e3o\",\"publisher\":{\"@id\":\"https:\/\/revistavitrineibiuna.com.br\/#\/schema\/person\/e51ef49d6d88170ea21ceabff3f73deb\"},\"potentialAction\":[{\"@type\":\"SearchAction\",\"target\":\"https:\/\/revistavitrineibiuna.com.br\/?s={search_term_string}\",\"query-input\":\"required name=search_term_string\"}],\"inLanguage\":\"pt-BR\"},{\"@type\":\"ImageObject\",\"@id\":\"http:\/\/revistavitrineibiuna.com.br\/?p=34284#primaryimage\",\"inLanguage\":\"pt-BR\",\"url\":\"https:\/\/revistavitrineibiuna.com.br\/wp-content\/uploads\/2025\/10\/1a-Super-Run-Ibiuna.png\",\"width\":1244,\"height\":948},{\"@type\":\"WebPage\",\"@id\":\"http:\/\/revistavitrineibiuna.com.br\/?p=34284#webpage\",\"url\":\"http:\/\/revistavitrineibiuna.com.br\/?p=34284\",\"name\":\"VEM A\\u00cd! \\u2013 1\\u00aa SUPER RUN IBI\\u00daNA, UMA CORRIDA CONTRA O C\\u00c2NCER DE PR\\u00d3STATA - Revista Vitrine Online\",\"isPartOf\":{\"@id\":\"https:\/\/revistavitrineibiuna.com.br\/#website\"},\"primaryImageOfPage\":{\"@id\":\"http:\/\/revistavitrineibiuna.com.br\/?p=34284#primaryimage\"},\"datePublished\":\"2025-10-09T14:05:00+00:00\",\"dateModified\":\"2025-10-09T15:11:12+00:00\",\"breadcrumb\":{\"@id\":\"http:\/\/revistavitrineibiuna.com.br\/?p=34284#breadcrumb\"},\"inLanguage\":\"pt-BR\",\"potentialAction\":[{\"@type\":\"ReadAction\",\"target\":[\"http:\/\/revistavitrineibiuna.com.br\/?p=34284\"]}]},{\"@type\":\"BreadcrumbList\",\"@id\":\"http:\/\/revistavitrineibiuna.com.br\/?p=34284#breadcrumb\",\"itemListElement\":[{\"@type\":\"ListItem\",\"position\":1,\"item\":{\"@type\":\"WebPage\",\"@id\":\"https:\/\/revistavitrineibiuna.com.br\/\",\"url\":\"https:\/\/revistavitrineibiuna.com.br\/\",\"name\":\"In\\u00edcio\"}},{\"@type\":\"ListItem\",\"position\":2,\"item\":{\"@type\":\"WebPage\",\"@id\":\"http:\/\/revistavitrineibiuna.com.br\/?p=34284\",\"url\":\"http:\/\/revistavitrineibiuna.com.br\/?p=34284\",\"name\":\"VEM A\\u00cd! \\u2013 1\\u00aa SUPER RUN IBI\\u00daNA, UMA CORRIDA CONTRA O C\\u00c2NCER DE PR\\u00d3STATA\"}}]},{\"@type\":\"Article\",\"@id\":\"http:\/\/revistavitrineibiuna.com.br\/?p=34284#article\",\"isPartOf\":{\"@id\":\"http:\/\/revistavitrineibiuna.com.br\/?p=34284#webpage\"},\"author\":{\"@id\":\"https:\/\/revistavitrineibiuna.com.br\/#\/schema\/person\/e51ef49d6d88170ea21ceabff3f73deb\"},\"headline\":\"VEM A\\u00cd! \\u2013 1\\u00aa SUPER RUN IBI\\u00daNA, UMA CORRIDA CONTRA O C\\u00c2NCER DE PR\\u00d3STATA\",\"datePublished\":\"2025-10-09T14:05:00+00:00\",\"dateModified\":\"2025-10-09T15:11:12+00:00\",\"mainEntityOfPage\":{\"@id\":\"http:\/\/revistavitrineibiuna.com.br\/?p=34284#webpage\"},\"commentCount\":0,\"publisher\":{\"@id\":\"https:\/\/revistavitrineibiuna.com.br\/#\/schema\/person\/e51ef49d6d88170ea21ceabff3f73deb\"},\"image\":{\"@id\":\"http:\/\/revistavitrineibiuna.com.br\/?p=34284#primaryimage\"},\"articleSection\":\"Not\\u00edcias\",\"inLanguage\":\"pt-BR\",\"potentialAction\":[{\"@type\":\"CommentAction\",\"name\":\"Comment\",\"target\":[\"http:\/\/revistavitrineibiuna.com.br\/?p=34284#respond\"]}]},{\"@type\":[\"Person\",\"Organization\"],\"@id\":\"https:\/\/revistavitrineibiuna.com.br\/#\/schema\/person\/e51ef49d6d88170ea21ceabff3f73deb\",\"name\":\"Carlos Rossini\",\"image\":{\"@type\":\"ImageObject\",\"@id\":\"https:\/\/revistavitrineibiuna.com.br\/#personlogo\",\"inLanguage\":\"pt-BR\",\"url\":\"https:\/\/secure.gravatar.com\/avatar\/4f2d0f99fac1f85c7d643f21f5c8d900?s=96&d=mm&r=g\",\"caption\":\"Carlos Rossini\"},\"logo\":{\"@id\":\"https:\/\/revistavitrineibiuna.com.br\/#personlogo\"},\"description\":\"Carlos Rossini \\u00e9 jornalista, soci\\u00f3logo, escritor e professor universit\\u00e1rio, tendo sido professor de jornalismo por vinte anos. Trabalhou em ve\\u00edculos de comunica\\u00e7\\u00e3o nas fun\\u00e7\\u00f5es de rep\\u00f3rter, redator, editor, articulista e colaborador, como Folha de S. Paulo, O Estado de S. Paulo, Di\\u00e1rio Popular, entre outros. Ao transferir a revista vitrine, vers\\u00e3o imprensa, de S\\u00e3o Paulo para Ibi\\u00fana h\\u00e1 alguns anos, iniciou uma nova experi\\u00eancia profissional, dedicando-se ao jornalismo regional, depois de cumprir uma trajet\\u00f3ria bem-sucedida na grande imprensa brasileira. Seu primeiro livro A Coragem de Comunicar foi lan\\u00e7ado na Bienal do Livro em S\\u00e3o Paulo no ano 2000, pela editora Madras.\"}]}<\/script>\n<!-- \/ Yoast SEO plugin. -->","_links":{"self":[{"href":"https:\/\/revistavitrineibiuna.com.br\/index.php?rest_route=\/wp\/v2\/posts\/34284"}],"collection":[{"href":"https:\/\/revistavitrineibiuna.com.br\/index.php?rest_route=\/wp\/v2\/posts"}],"about":[{"href":"https:\/\/revistavitrineibiuna.com.br\/index.php?rest_route=\/wp\/v2\/types\/post"}],"author":[{"embeddable":true,"href":"https:\/\/revistavitrineibiuna.com.br\/index.php?rest_route=\/wp\/v2\/users\/1"}],"replies":[{"embeddable":true,"href":"https:\/\/revistavitrineibiuna.com.br\/index.php?rest_route=%2Fwp%2Fv2%2Fcomments&post=34284"}],"version-history":[{"count":2,"href":"https:\/\/revistavitrineibiuna.com.br\/index.php?rest_route=\/wp\/v2\/posts\/34284\/revisions"}],"predecessor-version":[{"id":34288,"href":"https:\/\/revistavitrineibiuna.com.br\/index.php?rest_route=\/wp\/v2\/posts\/34284\/revisions\/34288"}],"wp:featuredmedia":[{"embeddable":true,"href":"https:\/\/revistavitrineibiuna.com.br\/index.php?rest_route=\/wp\/v2\/media\/34285"}],"wp:attachment":[{"href":"https:\/\/revistavitrineibiuna.com.br\/index.php?rest_route=%2Fwp%2Fv2%2Fmedia&parent=34284"}],"wp:term":[{"taxonomy":"category","embeddable":true,"href":"https:\/\/revistavitrineibiuna.com.br\/index.php?rest_route=%2Fwp%2Fv2%2Fcategories&post=34284"},{"taxonomy":"post_tag","embeddable":true,"href":"https:\/\/revistavitrineibiuna.com.br\/index.php?rest_route=%2Fwp%2Fv2%2Ftags&post=34284"}],"curies":[{"name":"wp","href":"https:\/\/api.w.org\/{rel}","templated":true}]}}