{"id":34289,"date":"2025-10-10T19:22:04","date_gmt":"2025-10-10T22:22:04","guid":{"rendered":"http:\/\/revistavitrineibiuna.com.br\/?p=34289"},"modified":"2025-10-10T19:44:33","modified_gmt":"2025-10-10T22:44:33","slug":"ibiuna-camara-realiza-a-mais-importante-audiencia-publica-na-terca-feira","status":"publish","type":"post","link":"https:\/\/revistavitrineibiuna.com.br\/?p=34289","title":{"rendered":"IBI\u00daNA \u2013 C\u00c2MARA REALIZA A MAIS IMPORTANTE AUDI\u00caNCIA P\u00daBLICA NA TER\u00c7A-FEIRA"},"content":{"rendered":"\n<p class=\"has-drop-cap\"><strong>A C\u00e2mara Municipal de Ibi\u00fana realizar\u00e1 nesta ter\u00e7a-feira (14), a partir das 17h30, a mais importante audi\u00eancia p\u00fablica dos pr\u00f3ximos quatro anos.<\/strong><\/p>\n\n\n\n<p><strong>Ela ir\u00e1 definir o or\u00e7amento municipal para 2026 e os investimentos previstos em todas as \u00e1reas da administra\u00e7\u00e3o, como sa\u00fade, educa\u00e7\u00e3o, compras, a serem executados pela Prefeitura nos pr\u00f3ximos quatro anos inscritos no PPA \u2013 Plano Plurianual, elaborado com base em audi\u00eancias p\u00fablicas ocorridas em v\u00e1rios bairros.<\/strong><\/p>\n\n\n\n<p><strong>A audi\u00eancia dever\u00e1 ter longa dura\u00e7\u00e3o para ouvir cidad\u00e3os e vereadores, tirar d\u00favidas e receber emendas aos projetos j\u00e1 encaminhados ao Legislativo pelo Executivo.<\/strong><\/p>\n\n\n\n<p><strong>Os vereadores t\u00eam prazo at\u00e9 a pr\u00f3xima quinta-feira (16) para apresentar as emendas. A vota\u00e7\u00e3o do projeto dever\u00e1 ocorrer at\u00e9 o fim do ano.<\/strong><\/p>\n\n\n\n<p><strong>O presidente da Comiss\u00e3o de Or\u00e7amento e Finan\u00e7as da C\u00e2mara, economista e vereador Carlinhos Marques, conforme vitrine online publicou, foi eleito antecipadamente presidente da institui\u00e7\u00e3o para o ano de 2026 para acompanhar as tratativas entre o governo municipal nos assuntos or\u00e7ament\u00e1rios e financeiros.<\/strong><\/p>\n\n\n\n<p><strong>Marques disse a vitrine online hoje (10) que \u201ca audi\u00eancia de or\u00e7amento e finan\u00e7as, al\u00e9m de analisar as propostas encaminhadas pelo governo [lidas na sess\u00e3o da C\u00e2mara na ter\u00e7a-feira, dia 7] \u00e9 dar transpar\u00eancia ao uso e destina\u00e7\u00e3o do dinheiro p\u00fablico.\u201d<\/strong><\/p>\n\n\n\n<p><strong>\u201cO prazo dado aos vereadores para apresentar as emendas \u00e9 para a gente poder mexer em alguma coisa e n\u00e3o votar exatamente como o Poder Executivo mandou a proposta\u201d, disse o parlamentar.<\/strong><\/p>\n\n\n\n<p><strong>Ele, que j\u00e1 analisou os decretos encaminhados pelo Executivo, com base nas audi\u00eancias realizadas nos bairros, afirmou: \u201cA Prefeitura nos mandou uma pe\u00e7a at\u00e9 mesmo gen\u00e9rica. Achei que deveria ser mais espec\u00edfica em alguns pontos, mas n\u00f3s vamos tirar as d\u00favidas\u201d.<\/strong><\/p>\n\n\n\n<p><strong>EMENDAS<\/strong><\/p>\n\n\n\n<p><strong>H\u00e1 dois tipos de emendas que podem ser apresentadas pelos vereadores:<\/strong><\/p>\n\n\n\n<p><strong>. as que alteram alguns pontos das propostas or\u00e7ament\u00e1rias [que podem ser vetadas pelo prefeito];<\/strong><\/p>\n\n\n\n<p><strong>. as emendas impositivas que permitem aos edis destinarem o valor equivalente a 1,2% da receita municipal do ano anterior e cujo cumprimento \u00e9 obrigat\u00f3rio por parte do Executivo.<\/strong><\/p>\n\n\n\n<p><strong>Outro ponto pass\u00edvel de emenda \u00e9 o percentual que o prefeito tem de liberdade de remanejamento das dota\u00e7\u00f5es dentro do or\u00e7amento, de&nbsp; acordo com suas conveni\u00eancias.<\/strong><\/p>\n\n\n\n<p><strong>Normalmente, os vereadores podem apresentar uma emenda para reduzir esse percentual e a\u00ed quando atingir o percentual aprovado, ent\u00e3o o prefeito deve encaminhar um projeto \u00e0 C\u00e2mara para ter autoriza\u00e7\u00e3o para realizar remanejamento nas dota\u00e7\u00f5es.<\/strong><\/p>\n\n\n\n<p><strong>Ainda que possa fazer vetos \u00e0s emendas que alterem os termos da proposta original, a palavra final \u00e9 da C\u00e2mara, pois o Legislativo pode derrubar os vetos, na vota\u00e7\u00e3o final.<\/strong><\/p>\n","protected":false},"excerpt":{"rendered":"<p>A C\u00e2mara Municipal de Ibi\u00fana realizar\u00e1 nesta ter\u00e7a-feira (14), a partir das 17h30, a mais importante audi\u00eancia p\u00fablica dos pr\u00f3ximos<\/p>\n","protected":false},"author":1,"featured_media":34290,"comment_status":"open","ping_status":"open","sticky":false,"template":"","format":"standard","meta":[],"categories":[3],"tags":[],"yoast_head":"<!-- This site is optimized with the Yoast SEO plugin v15.8 - https:\/\/yoast.com\/wordpress\/plugins\/seo\/ -->\n<title>IBI\u00daNA \u2013 C\u00c2MARA REALIZA A MAIS IMPORTANTE AUDI\u00caNCIA P\u00daBLICA NA TER\u00c7A-FEIRA - Revista Vitrine Online<\/title>\n<meta name=\"robots\" content=\"index, follow, max-snippet:-1, max-image-preview:large, max-video-preview:-1\" \/>\n<link rel=\"canonical\" href=\"http:\/\/revistavitrineibiuna.com.br\/?p=34289\" \/>\n<meta property=\"og:locale\" content=\"pt_BR\" \/>\n<meta property=\"og:type\" content=\"article\" \/>\n<meta property=\"og:title\" content=\"IBI\u00daNA \u2013 C\u00c2MARA REALIZA A MAIS IMPORTANTE AUDI\u00caNCIA P\u00daBLICA NA TER\u00c7A-FEIRA - Revista Vitrine Online\" \/>\n<meta property=\"og:description\" content=\"A C\u00e2mara Municipal de Ibi\u00fana realizar\u00e1 nesta ter\u00e7a-feira (14), a partir das 17h30, a mais importante audi\u00eancia p\u00fablica dos pr\u00f3ximos\" \/>\n<meta property=\"og:url\" content=\"http:\/\/revistavitrineibiuna.com.br\/?p=34289\" \/>\n<meta property=\"og:site_name\" content=\"Revista Vitrine Online\" \/>\n<meta property=\"article:published_time\" content=\"2025-10-10T22:22:04+00:00\" \/>\n<meta property=\"article:modified_time\" content=\"2025-10-10T22:44:33+00:00\" \/>\n<meta property=\"og:image\" content=\"https:\/\/revistavitrineibiuna.com.br\/wp-content\/uploads\/2025\/10\/carlinhos-orcamento.png\" \/>\n\t<meta property=\"og:image:width\" content=\"1262\" \/>\n\t<meta property=\"og:image:height\" content=\"810\" \/>\n<meta name=\"twitter:card\" content=\"summary\" \/>\n<meta name=\"twitter:label1\" content=\"Est. reading time\">\n\t<meta name=\"twitter:data1\" content=\"2 minutos\">\n<script type=\"application\/ld+json\" class=\"yoast-schema-graph\">{\"@context\":\"https:\/\/schema.org\",\"@graph\":[{\"@type\":\"WebSite\",\"@id\":\"https:\/\/revistavitrineibiuna.com.br\/#website\",\"url\":\"https:\/\/revistavitrineibiuna.com.br\/\",\"name\":\"Revista Vitrine Ibi\\u00fana\",\"description\":\"A Revista de Ibi\\u00fana e Regi\\u00e3o\",\"publisher\":{\"@id\":\"https:\/\/revistavitrineibiuna.com.br\/#\/schema\/person\/e51ef49d6d88170ea21ceabff3f73deb\"},\"potentialAction\":[{\"@type\":\"SearchAction\",\"target\":\"https:\/\/revistavitrineibiuna.com.br\/?s={search_term_string}\",\"query-input\":\"required name=search_term_string\"}],\"inLanguage\":\"pt-BR\"},{\"@type\":\"ImageObject\",\"@id\":\"http:\/\/revistavitrineibiuna.com.br\/?p=34289#primaryimage\",\"inLanguage\":\"pt-BR\",\"url\":\"https:\/\/revistavitrineibiuna.com.br\/wp-content\/uploads\/2025\/10\/carlinhos-orcamento.png\",\"width\":1262,\"height\":810},{\"@type\":\"WebPage\",\"@id\":\"http:\/\/revistavitrineibiuna.com.br\/?p=34289#webpage\",\"url\":\"http:\/\/revistavitrineibiuna.com.br\/?p=34289\",\"name\":\"IBI\\u00daNA \\u2013 C\\u00c2MARA REALIZA A MAIS IMPORTANTE AUDI\\u00caNCIA P\\u00daBLICA NA TER\\u00c7A-FEIRA - Revista Vitrine Online\",\"isPartOf\":{\"@id\":\"https:\/\/revistavitrineibiuna.com.br\/#website\"},\"primaryImageOfPage\":{\"@id\":\"http:\/\/revistavitrineibiuna.com.br\/?p=34289#primaryimage\"},\"datePublished\":\"2025-10-10T22:22:04+00:00\",\"dateModified\":\"2025-10-10T22:44:33+00:00\",\"breadcrumb\":{\"@id\":\"http:\/\/revistavitrineibiuna.com.br\/?p=34289#breadcrumb\"},\"inLanguage\":\"pt-BR\",\"potentialAction\":[{\"@type\":\"ReadAction\",\"target\":[\"http:\/\/revistavitrineibiuna.com.br\/?p=34289\"]}]},{\"@type\":\"BreadcrumbList\",\"@id\":\"http:\/\/revistavitrineibiuna.com.br\/?p=34289#breadcrumb\",\"itemListElement\":[{\"@type\":\"ListItem\",\"position\":1,\"item\":{\"@type\":\"WebPage\",\"@id\":\"https:\/\/revistavitrineibiuna.com.br\/\",\"url\":\"https:\/\/revistavitrineibiuna.com.br\/\",\"name\":\"In\\u00edcio\"}},{\"@type\":\"ListItem\",\"position\":2,\"item\":{\"@type\":\"WebPage\",\"@id\":\"http:\/\/revistavitrineibiuna.com.br\/?p=34289\",\"url\":\"http:\/\/revistavitrineibiuna.com.br\/?p=34289\",\"name\":\"IBI\\u00daNA \\u2013 C\\u00c2MARA REALIZA A MAIS IMPORTANTE AUDI\\u00caNCIA P\\u00daBLICA NA TER\\u00c7A-FEIRA\"}}]},{\"@type\":\"Article\",\"@id\":\"http:\/\/revistavitrineibiuna.com.br\/?p=34289#article\",\"isPartOf\":{\"@id\":\"http:\/\/revistavitrineibiuna.com.br\/?p=34289#webpage\"},\"author\":{\"@id\":\"https:\/\/revistavitrineibiuna.com.br\/#\/schema\/person\/e51ef49d6d88170ea21ceabff3f73deb\"},\"headline\":\"IBI\\u00daNA \\u2013 C\\u00c2MARA REALIZA A MAIS IMPORTANTE AUDI\\u00caNCIA P\\u00daBLICA NA TER\\u00c7A-FEIRA\",\"datePublished\":\"2025-10-10T22:22:04+00:00\",\"dateModified\":\"2025-10-10T22:44:33+00:00\",\"mainEntityOfPage\":{\"@id\":\"http:\/\/revistavitrineibiuna.com.br\/?p=34289#webpage\"},\"commentCount\":0,\"publisher\":{\"@id\":\"https:\/\/revistavitrineibiuna.com.br\/#\/schema\/person\/e51ef49d6d88170ea21ceabff3f73deb\"},\"image\":{\"@id\":\"http:\/\/revistavitrineibiuna.com.br\/?p=34289#primaryimage\"},\"articleSection\":\"Not\\u00edcias\",\"inLanguage\":\"pt-BR\",\"potentialAction\":[{\"@type\":\"CommentAction\",\"name\":\"Comment\",\"target\":[\"http:\/\/revistavitrineibiuna.com.br\/?p=34289#respond\"]}]},{\"@type\":[\"Person\",\"Organization\"],\"@id\":\"https:\/\/revistavitrineibiuna.com.br\/#\/schema\/person\/e51ef49d6d88170ea21ceabff3f73deb\",\"name\":\"Carlos Rossini\",\"image\":{\"@type\":\"ImageObject\",\"@id\":\"https:\/\/revistavitrineibiuna.com.br\/#personlogo\",\"inLanguage\":\"pt-BR\",\"url\":\"https:\/\/secure.gravatar.com\/avatar\/4f2d0f99fac1f85c7d643f21f5c8d900?s=96&d=mm&r=g\",\"caption\":\"Carlos Rossini\"},\"logo\":{\"@id\":\"https:\/\/revistavitrineibiuna.com.br\/#personlogo\"},\"description\":\"Carlos Rossini \\u00e9 jornalista, soci\\u00f3logo, escritor e professor universit\\u00e1rio, tendo sido professor de jornalismo por vinte anos. Trabalhou em ve\\u00edculos de comunica\\u00e7\\u00e3o nas fun\\u00e7\\u00f5es de rep\\u00f3rter, redator, editor, articulista e colaborador, como Folha de S. Paulo, O Estado de S. Paulo, Di\\u00e1rio Popular, entre outros. Ao transferir a revista vitrine, vers\\u00e3o imprensa, de S\\u00e3o Paulo para Ibi\\u00fana h\\u00e1 alguns anos, iniciou uma nova experi\\u00eancia profissional, dedicando-se ao jornalismo regional, depois de cumprir uma trajet\\u00f3ria bem-sucedida na grande imprensa brasileira. Seu primeiro livro A Coragem de Comunicar foi lan\\u00e7ado na Bienal do Livro em S\\u00e3o Paulo no ano 2000, pela editora Madras.\"}]}<\/script>\n<!-- \/ Yoast SEO plugin. -->","_links":{"self":[{"href":"https:\/\/revistavitrineibiuna.com.br\/index.php?rest_route=\/wp\/v2\/posts\/34289"}],"collection":[{"href":"https:\/\/revistavitrineibiuna.com.br\/index.php?rest_route=\/wp\/v2\/posts"}],"about":[{"href":"https:\/\/revistavitrineibiuna.com.br\/index.php?rest_route=\/wp\/v2\/types\/post"}],"author":[{"embeddable":true,"href":"https:\/\/revistavitrineibiuna.com.br\/index.php?rest_route=\/wp\/v2\/users\/1"}],"replies":[{"embeddable":true,"href":"https:\/\/revistavitrineibiuna.com.br\/index.php?rest_route=%2Fwp%2Fv2%2Fcomments&post=34289"}],"version-history":[{"count":3,"href":"https:\/\/revistavitrineibiuna.com.br\/index.php?rest_route=\/wp\/v2\/posts\/34289\/revisions"}],"predecessor-version":[{"id":34293,"href":"https:\/\/revistavitrineibiuna.com.br\/index.php?rest_route=\/wp\/v2\/posts\/34289\/revisions\/34293"}],"wp:featuredmedia":[{"embeddable":true,"href":"https:\/\/revistavitrineibiuna.com.br\/index.php?rest_route=\/wp\/v2\/media\/34290"}],"wp:attachment":[{"href":"https:\/\/revistavitrineibiuna.com.br\/index.php?rest_route=%2Fwp%2Fv2%2Fmedia&parent=34289"}],"wp:term":[{"taxonomy":"category","embeddable":true,"href":"https:\/\/revistavitrineibiuna.com.br\/index.php?rest_route=%2Fwp%2Fv2%2Fcategories&post=34289"},{"taxonomy":"post_tag","embeddable":true,"href":"https:\/\/revistavitrineibiuna.com.br\/index.php?rest_route=%2Fwp%2Fv2%2Ftags&post=34289"}],"curies":[{"name":"wp","href":"https:\/\/api.w.org\/{rel}","templated":true}]}}