{"id":34294,"date":"2025-10-11T16:37:28","date_gmt":"2025-10-11T19:37:28","guid":{"rendered":"http:\/\/revistavitrineibiuna.com.br\/?p=34294"},"modified":"2025-10-11T16:57:51","modified_gmt":"2025-10-11T19:57:51","slug":"ibiuna-gcm-prende-suspeito-de-abuso-sexual-contra-11-mulheres-da-propria-familia","status":"publish","type":"post","link":"https:\/\/revistavitrineibiuna.com.br\/?p=34294","title":{"rendered":"IBI\u00daNA \u2013 GCM PRENDE SUSPEITO DE ABUSO SEXUAL CONTRA 11 MULHERES DA PR\u00d3PRIA FAM\u00cdLIA"},"content":{"rendered":"\n<p class=\"has-drop-cap\"><strong>A GCM \u2013 Guarda Municipal de Ibi\u00fana prendeu hoje (11), \u00e0s 12h45, I.A.D, um homem de 55 anos, no Samano, bairro na regi\u00e3o da Vargem do Salto, suspeito de ter cometido abuso sexual contra 11 mulheres da pr\u00f3pria fam\u00edlia, incluindo filhas, netas e uma sobrinha.<\/strong><\/p>\n\n\n\n<p><strong>A GCM cumpriu o mandado de pris\u00e3o ap\u00f3s uma das filhas do suspeito, j\u00e1 adulta, resolver denunci\u00e1-lo, depois de flagrar o pai cometendo abuso contra uma das meninas na \u00faltima segunda-feira (6).<\/strong><\/p>\n\n\n\n<p><strong>Ela fingiu que estava dormindo e presenciou a cena de abuso que a teria encorajado a superar o pr\u00f3prio trauma. Tr\u00eamula, mal conseguindo falar, ela disse a vitrine online que sofreu abuso do pai dos 6 aos 12 anos e j\u00e1 n\u00e3o mora mais na casa da fam\u00edlia. Atualmente ela est\u00e1 com 22 anos.<\/strong><\/p>\n\n\n\n<p><strong>O clima na fam\u00edlia \u00e9 de horror. Em frente \u00e0 delegacia de pol\u00edcia j\u00e1 haviam tomado depoimentos que davam conta de que pelo menos 11 mulheres, entre as quais tr\u00eas filhas, netas e uma sobrinha, haviam sido molestadas por I.A.D. que \u00e9 evang\u00e9lico, m\u00fasico e frequenta um templo no bairro Gabriel.<\/strong><\/p>\n\n\n\n<p><strong>A m\u00e3e, uma idosa, segundo um familiar, teria dito que preferia ver \u201cfilho morto\u201d, caso os crimes que ele teria cometido sejam judicialmente comprovados<\/strong><\/p>\n\n\n\n<p><strong>Ap\u00f3s a lavratura do boletim de ocorr\u00eancia, o suspeito ficou preso e ser\u00e1 colocado \u00e0 disposi\u00e7\u00e3o da Justi\u00e7a.<\/strong><\/p>\n\n\n\n<figure class=\"wp-block-image size-large\"><img loading=\"lazy\" width=\"1024\" height=\"658\" src=\"http:\/\/revistavitrineibiuna.com.br\/wp-content\/uploads\/2025\/10\/equipeda-GCM-1024x658.png\" alt=\"\" class=\"wp-image-34297\" srcset=\"https:\/\/revistavitrineibiuna.com.br\/wp-content\/uploads\/2025\/10\/equipeda-GCM-1024x658.png 1024w, https:\/\/revistavitrineibiuna.com.br\/wp-content\/uploads\/2025\/10\/equipeda-GCM-300x193.png 300w, https:\/\/revistavitrineibiuna.com.br\/wp-content\/uploads\/2025\/10\/equipeda-GCM-768x494.png 768w, https:\/\/revistavitrineibiuna.com.br\/wp-content\/uploads\/2025\/10\/equipeda-GCM.png 1450w\" sizes=\"(max-width: 1024px) 100vw, 1024px\" \/><\/figure>\n\n\n\n<p><strong>GCM<\/strong><\/p>\n\n\n\n<p><strong>Tr\u00eas integrantes da equipe \u201cC\u201d da GCM efetuaram a pris\u00e3o. Eles o interceptaram quando passava em seu carro por uma estradinha no meio do mato e deram voz de pris\u00e3o.<\/strong><\/p>\n\n\n\n<p><strong>A delegacia de pol\u00edcia comunicou que somente dar\u00e1 informa\u00e7\u00e3o sobre esse caso depois que o inqu\u00e9rito for conclu\u00eddo.<\/strong><\/p>\n","protected":false},"excerpt":{"rendered":"<p>A GCM \u2013 Guarda Municipal de Ibi\u00fana prendeu hoje (11), \u00e0s 12h45, I.A.D, um homem de 55 anos, no Samano,<\/p>\n","protected":false},"author":1,"featured_media":34295,"comment_status":"open","ping_status":"open","sticky":false,"template":"","format":"standard","meta":[],"categories":[3],"tags":[],"yoast_head":"<!-- This site is optimized with the Yoast SEO plugin v15.8 - https:\/\/yoast.com\/wordpress\/plugins\/seo\/ -->\n<title>IBI\u00daNA \u2013 GCM PRENDE SUSPEITO DE ABUSO SEXUAL CONTRA 11 MULHERES DA PR\u00d3PRIA FAM\u00cdLIA - Revista Vitrine Online<\/title>\n<meta name=\"robots\" content=\"index, follow, max-snippet:-1, max-image-preview:large, max-video-preview:-1\" \/>\n<link rel=\"canonical\" href=\"https:\/\/revistavitrineibiuna.com.br\/?p=34294\" \/>\n<meta property=\"og:locale\" content=\"pt_BR\" \/>\n<meta property=\"og:type\" content=\"article\" \/>\n<meta property=\"og:title\" content=\"IBI\u00daNA \u2013 GCM PRENDE SUSPEITO DE ABUSO SEXUAL CONTRA 11 MULHERES DA PR\u00d3PRIA FAM\u00cdLIA - Revista Vitrine Online\" \/>\n<meta property=\"og:description\" content=\"A GCM \u2013 Guarda Municipal de Ibi\u00fana prendeu hoje (11), \u00e0s 12h45, I.A.D, um homem de 55 anos, no Samano,\" \/>\n<meta property=\"og:url\" content=\"https:\/\/revistavitrineibiuna.com.br\/?p=34294\" \/>\n<meta property=\"og:site_name\" content=\"Revista Vitrine Online\" \/>\n<meta property=\"article:published_time\" content=\"2025-10-11T19:37:28+00:00\" \/>\n<meta property=\"article:modified_time\" content=\"2025-10-11T19:57:51+00:00\" \/>\n<meta property=\"og:image\" content=\"https:\/\/revistavitrineibiuna.com.br\/wp-content\/uploads\/2025\/10\/suspeito-algemado.png\" \/>\n\t<meta property=\"og:image:width\" content=\"877\" \/>\n\t<meta property=\"og:image:height\" content=\"524\" \/>\n<meta name=\"twitter:card\" content=\"summary\" \/>\n<meta name=\"twitter:label1\" content=\"Est. reading time\">\n\t<meta name=\"twitter:data1\" content=\"2 minutos\">\n<script type=\"application\/ld+json\" class=\"yoast-schema-graph\">{\"@context\":\"https:\/\/schema.org\",\"@graph\":[{\"@type\":\"WebSite\",\"@id\":\"https:\/\/revistavitrineibiuna.com.br\/#website\",\"url\":\"https:\/\/revistavitrineibiuna.com.br\/\",\"name\":\"Revista Vitrine Ibi\\u00fana\",\"description\":\"A Revista de Ibi\\u00fana e Regi\\u00e3o\",\"publisher\":{\"@id\":\"https:\/\/revistavitrineibiuna.com.br\/#\/schema\/person\/e51ef49d6d88170ea21ceabff3f73deb\"},\"potentialAction\":[{\"@type\":\"SearchAction\",\"target\":\"https:\/\/revistavitrineibiuna.com.br\/?s={search_term_string}\",\"query-input\":\"required name=search_term_string\"}],\"inLanguage\":\"pt-BR\"},{\"@type\":\"ImageObject\",\"@id\":\"https:\/\/revistavitrineibiuna.com.br\/?p=34294#primaryimage\",\"inLanguage\":\"pt-BR\",\"url\":\"https:\/\/revistavitrineibiuna.com.br\/wp-content\/uploads\/2025\/10\/suspeito-algemado.png\",\"width\":877,\"height\":524},{\"@type\":\"WebPage\",\"@id\":\"https:\/\/revistavitrineibiuna.com.br\/?p=34294#webpage\",\"url\":\"https:\/\/revistavitrineibiuna.com.br\/?p=34294\",\"name\":\"IBI\\u00daNA \\u2013 GCM PRENDE SUSPEITO DE ABUSO SEXUAL CONTRA 11 MULHERES DA PR\\u00d3PRIA FAM\\u00cdLIA - Revista Vitrine Online\",\"isPartOf\":{\"@id\":\"https:\/\/revistavitrineibiuna.com.br\/#website\"},\"primaryImageOfPage\":{\"@id\":\"https:\/\/revistavitrineibiuna.com.br\/?p=34294#primaryimage\"},\"datePublished\":\"2025-10-11T19:37:28+00:00\",\"dateModified\":\"2025-10-11T19:57:51+00:00\",\"breadcrumb\":{\"@id\":\"https:\/\/revistavitrineibiuna.com.br\/?p=34294#breadcrumb\"},\"inLanguage\":\"pt-BR\",\"potentialAction\":[{\"@type\":\"ReadAction\",\"target\":[\"https:\/\/revistavitrineibiuna.com.br\/?p=34294\"]}]},{\"@type\":\"BreadcrumbList\",\"@id\":\"https:\/\/revistavitrineibiuna.com.br\/?p=34294#breadcrumb\",\"itemListElement\":[{\"@type\":\"ListItem\",\"position\":1,\"item\":{\"@type\":\"WebPage\",\"@id\":\"https:\/\/revistavitrineibiuna.com.br\/\",\"url\":\"https:\/\/revistavitrineibiuna.com.br\/\",\"name\":\"In\\u00edcio\"}},{\"@type\":\"ListItem\",\"position\":2,\"item\":{\"@type\":\"WebPage\",\"@id\":\"https:\/\/revistavitrineibiuna.com.br\/?p=34294\",\"url\":\"https:\/\/revistavitrineibiuna.com.br\/?p=34294\",\"name\":\"IBI\\u00daNA \\u2013 GCM PRENDE SUSPEITO DE ABUSO SEXUAL CONTRA 11 MULHERES DA PR\\u00d3PRIA FAM\\u00cdLIA\"}}]},{\"@type\":\"Article\",\"@id\":\"https:\/\/revistavitrineibiuna.com.br\/?p=34294#article\",\"isPartOf\":{\"@id\":\"https:\/\/revistavitrineibiuna.com.br\/?p=34294#webpage\"},\"author\":{\"@id\":\"https:\/\/revistavitrineibiuna.com.br\/#\/schema\/person\/e51ef49d6d88170ea21ceabff3f73deb\"},\"headline\":\"IBI\\u00daNA \\u2013 GCM PRENDE SUSPEITO DE ABUSO SEXUAL CONTRA 11 MULHERES DA PR\\u00d3PRIA FAM\\u00cdLIA\",\"datePublished\":\"2025-10-11T19:37:28+00:00\",\"dateModified\":\"2025-10-11T19:57:51+00:00\",\"mainEntityOfPage\":{\"@id\":\"https:\/\/revistavitrineibiuna.com.br\/?p=34294#webpage\"},\"commentCount\":0,\"publisher\":{\"@id\":\"https:\/\/revistavitrineibiuna.com.br\/#\/schema\/person\/e51ef49d6d88170ea21ceabff3f73deb\"},\"image\":{\"@id\":\"https:\/\/revistavitrineibiuna.com.br\/?p=34294#primaryimage\"},\"articleSection\":\"Not\\u00edcias\",\"inLanguage\":\"pt-BR\",\"potentialAction\":[{\"@type\":\"CommentAction\",\"name\":\"Comment\",\"target\":[\"https:\/\/revistavitrineibiuna.com.br\/?p=34294#respond\"]}]},{\"@type\":[\"Person\",\"Organization\"],\"@id\":\"https:\/\/revistavitrineibiuna.com.br\/#\/schema\/person\/e51ef49d6d88170ea21ceabff3f73deb\",\"name\":\"Carlos Rossini\",\"image\":{\"@type\":\"ImageObject\",\"@id\":\"https:\/\/revistavitrineibiuna.com.br\/#personlogo\",\"inLanguage\":\"pt-BR\",\"url\":\"https:\/\/secure.gravatar.com\/avatar\/4f2d0f99fac1f85c7d643f21f5c8d900?s=96&d=mm&r=g\",\"caption\":\"Carlos Rossini\"},\"logo\":{\"@id\":\"https:\/\/revistavitrineibiuna.com.br\/#personlogo\"},\"description\":\"Carlos Rossini \\u00e9 jornalista, soci\\u00f3logo, escritor e professor universit\\u00e1rio, tendo sido professor de jornalismo por vinte anos. Trabalhou em ve\\u00edculos de comunica\\u00e7\\u00e3o nas fun\\u00e7\\u00f5es de rep\\u00f3rter, redator, editor, articulista e colaborador, como Folha de S. Paulo, O Estado de S. Paulo, Di\\u00e1rio Popular, entre outros. Ao transferir a revista vitrine, vers\\u00e3o imprensa, de S\\u00e3o Paulo para Ibi\\u00fana h\\u00e1 alguns anos, iniciou uma nova experi\\u00eancia profissional, dedicando-se ao jornalismo regional, depois de cumprir uma trajet\\u00f3ria bem-sucedida na grande imprensa brasileira. Seu primeiro livro A Coragem de Comunicar foi lan\\u00e7ado na Bienal do Livro em S\\u00e3o Paulo no ano 2000, pela editora Madras.\"}]}<\/script>\n<!-- \/ Yoast SEO plugin. -->","_links":{"self":[{"href":"https:\/\/revistavitrineibiuna.com.br\/index.php?rest_route=\/wp\/v2\/posts\/34294"}],"collection":[{"href":"https:\/\/revistavitrineibiuna.com.br\/index.php?rest_route=\/wp\/v2\/posts"}],"about":[{"href":"https:\/\/revistavitrineibiuna.com.br\/index.php?rest_route=\/wp\/v2\/types\/post"}],"author":[{"embeddable":true,"href":"https:\/\/revistavitrineibiuna.com.br\/index.php?rest_route=\/wp\/v2\/users\/1"}],"replies":[{"embeddable":true,"href":"https:\/\/revistavitrineibiuna.com.br\/index.php?rest_route=%2Fwp%2Fv2%2Fcomments&post=34294"}],"version-history":[{"count":8,"href":"https:\/\/revistavitrineibiuna.com.br\/index.php?rest_route=\/wp\/v2\/posts\/34294\/revisions"}],"predecessor-version":[{"id":34306,"href":"https:\/\/revistavitrineibiuna.com.br\/index.php?rest_route=\/wp\/v2\/posts\/34294\/revisions\/34306"}],"wp:featuredmedia":[{"embeddable":true,"href":"https:\/\/revistavitrineibiuna.com.br\/index.php?rest_route=\/wp\/v2\/media\/34295"}],"wp:attachment":[{"href":"https:\/\/revistavitrineibiuna.com.br\/index.php?rest_route=%2Fwp%2Fv2%2Fmedia&parent=34294"}],"wp:term":[{"taxonomy":"category","embeddable":true,"href":"https:\/\/revistavitrineibiuna.com.br\/index.php?rest_route=%2Fwp%2Fv2%2Fcategories&post=34294"},{"taxonomy":"post_tag","embeddable":true,"href":"https:\/\/revistavitrineibiuna.com.br\/index.php?rest_route=%2Fwp%2Fv2%2Ftags&post=34294"}],"curies":[{"name":"wp","href":"https:\/\/api.w.org\/{rel}","templated":true}]}}