{"id":34307,"date":"2025-10-13T19:48:36","date_gmt":"2025-10-13T22:48:36","guid":{"rendered":"http:\/\/revistavitrineibiuna.com.br\/?p=34307"},"modified":"2025-10-13T21:23:08","modified_gmt":"2025-10-14T00:23:08","slug":"por-que-nao-se-publicam-fotos-de-suspeitos-de-crimes","status":"publish","type":"post","link":"https:\/\/revistavitrineibiuna.com.br\/?p=34307","title":{"rendered":"POR QUE N\u00c3O SE PUBLICAM FOTOS DE SUSPEITOS DE CRIMES"},"content":{"rendered":"\n<p class=\"has-drop-cap\">A not\u00edcia publicada por vitrine online no \u00faltimo s\u00e1bado (11) sobre a pris\u00e3o de um suspeito por abuso sexual contra onze mulheres, entre crian\u00e7as e adolescentes, da pr\u00f3pria fam\u00edlia, em um bairro do munic\u00edpio de Ibi\u00fana, j\u00e1 ultrapassou 30 mil visualiza\u00e7\u00f5es.<\/p>\n\n\n\n<p>O suposto autor desse crime encontra-se preso depois de ter passado por audi\u00eancia de cust\u00f3dia no F\u00f3rum da Comarca de Ibi\u00fana.<\/p>\n\n\n\n<p>Casos dessa natureza geram not\u00e1vel repercuss\u00e3o social pelo forte impacto emocional que provocam nas pessoas. Trata-se [uma vez comprovado no inqu\u00e9rito policial] de um crime que catapulta manifesta\u00e7\u00f5es de revolta na opini\u00e3o p\u00fablica, sobretudo por envolver vulner\u00e1veis. .<\/p>\n\n\n\n<p>\u201cMOSTRE A CARA DESSE LIXO\u201d<\/p>\n\n\n\n<p>Em meio \u00e0 diversidade de coment\u00e1rios feitos pela popula\u00e7\u00e3o sobre esse caso, houve aqueles que pediram que a fotografia do suspeito fosse divulgada. \u201cMostre a cara desse lixo\u201d, \u201c&#8230;desse monstro\u201d.<\/p>\n\n\n\n<p>Essa possibilidade, no entanto, n\u00e3o \u00e9 permitida pela Lei n\u00ba 13.869\/2019, que disp\u00f5e sobre crimes de abuso de autoridade. <\/p>\n\n\n\n<p>Um ve\u00edculo da imprensa ou mesmo uma autoridade policial n\u00e3o deve publicar a foto de um indiv\u00edduo preso por suspeita de crime, pois viola a presun\u00e7\u00e3o de inoc\u00eancia e o direito \u00e0 imagem, a menos que a divulga\u00e7\u00e3o seja autorizada pela Justi\u00e7a e feita de forma objetiva, sem sensacionalismo, e o suspeito seja procurado, condenado ou for uma figura p\u00fablica.<\/p>\n\n\n\n<p>A legisla\u00e7\u00e3o brasileira em vigor protege a imagem do indiv\u00edduo e a Constitui\u00e7\u00e3o Federal garante que ningu\u00e9m ser\u00e1 considerado culpado at\u00e9 que haja uma senten\u00e7a penal condenat\u00f3ria transitada em julgado.<\/p>\n\n\n\n<p>Em caso de viola\u00e7\u00e3o da lei, o envolvido pode ser responsabilizado criminal e civilmente, tanto pela conduta da pol\u00edcia quanto por uma eventual viola\u00e7\u00e3o do direito de imagem.<\/p>\n\n\n\n<p>Expor uma pessoa presa publicamente pode causar estigmatiza\u00e7\u00e3o [marcar o indiv\u00edduo], exclus\u00e3o social e preju\u00edzos morais duradouros, \u201cmesmo que ela seja inocentada no futuro\u201d.<\/p>\n\n\n\n<p>Existem propostas no Congresso Nacional para permitir a divulga\u00e7\u00e3o da imagem de suspeitos ou condenados por crimes violentos, mas ainda n\u00e3o aprovadas.<\/p>\n\n\n\n<p>A publica\u00e7\u00e3o da imagem, no entanto, pode ocorrer em casos espec\u00edficos, como quando o suspeito \u00e9 procurado pela pol\u00edcia, quando h\u00e1 uma autoriza\u00e7\u00e3o judicial, ou quando se trata de uma figura p\u00fablica cuja identidade j\u00e1 \u00e9 conhecida pela sociedade.<\/p>\n\n\n\n<p><strong>Nota da Reda\u00e7\u00e3o<\/strong>: vitrine online voltar\u00e1 a noticiar a respeito desse caso, assim que obtiver novas informa\u00e7\u00f5es.<\/p>\n","protected":false},"excerpt":{"rendered":"<p>A not\u00edcia publicada por vitrine online no \u00faltimo s\u00e1bado (11) sobre a pris\u00e3o de um suspeito por abuso sexual contra<\/p>\n","protected":false},"author":1,"featured_media":34295,"comment_status":"open","ping_status":"open","sticky":false,"template":"","format":"standard","meta":[],"categories":[3],"tags":[],"yoast_head":"<!-- This site is optimized with the Yoast SEO plugin v15.8 - https:\/\/yoast.com\/wordpress\/plugins\/seo\/ -->\n<title>POR QUE N\u00c3O SE PUBLICAM FOTOS DE SUSPEITOS DE CRIMES - Revista Vitrine Online<\/title>\n<meta name=\"robots\" content=\"index, follow, max-snippet:-1, max-image-preview:large, max-video-preview:-1\" \/>\n<link rel=\"canonical\" href=\"https:\/\/revistavitrineibiuna.com.br\/?p=34307\" \/>\n<meta property=\"og:locale\" content=\"pt_BR\" \/>\n<meta property=\"og:type\" content=\"article\" \/>\n<meta property=\"og:title\" content=\"POR QUE N\u00c3O SE PUBLICAM FOTOS DE SUSPEITOS DE CRIMES - Revista Vitrine Online\" \/>\n<meta property=\"og:description\" content=\"A not\u00edcia publicada por vitrine online no \u00faltimo s\u00e1bado (11) sobre a pris\u00e3o de um suspeito por abuso sexual contra\" \/>\n<meta property=\"og:url\" content=\"https:\/\/revistavitrineibiuna.com.br\/?p=34307\" \/>\n<meta property=\"og:site_name\" content=\"Revista Vitrine Online\" \/>\n<meta property=\"article:published_time\" content=\"2025-10-13T22:48:36+00:00\" \/>\n<meta property=\"article:modified_time\" content=\"2025-10-14T00:23:08+00:00\" \/>\n<meta property=\"og:image\" content=\"https:\/\/revistavitrineibiuna.com.br\/wp-content\/uploads\/2025\/10\/suspeito-algemado.png\" \/>\n\t<meta property=\"og:image:width\" content=\"877\" \/>\n\t<meta property=\"og:image:height\" content=\"524\" \/>\n<meta name=\"twitter:card\" content=\"summary\" \/>\n<meta name=\"twitter:label1\" content=\"Est. reading time\">\n\t<meta name=\"twitter:data1\" content=\"2 minutos\">\n<script type=\"application\/ld+json\" class=\"yoast-schema-graph\">{\"@context\":\"https:\/\/schema.org\",\"@graph\":[{\"@type\":\"WebSite\",\"@id\":\"https:\/\/revistavitrineibiuna.com.br\/#website\",\"url\":\"https:\/\/revistavitrineibiuna.com.br\/\",\"name\":\"Revista Vitrine Ibi\\u00fana\",\"description\":\"A Revista de Ibi\\u00fana e Regi\\u00e3o\",\"publisher\":{\"@id\":\"https:\/\/revistavitrineibiuna.com.br\/#\/schema\/person\/e51ef49d6d88170ea21ceabff3f73deb\"},\"potentialAction\":[{\"@type\":\"SearchAction\",\"target\":\"https:\/\/revistavitrineibiuna.com.br\/?s={search_term_string}\",\"query-input\":\"required name=search_term_string\"}],\"inLanguage\":\"pt-BR\"},{\"@type\":\"ImageObject\",\"@id\":\"https:\/\/revistavitrineibiuna.com.br\/?p=34307#primaryimage\",\"inLanguage\":\"pt-BR\",\"url\":\"https:\/\/revistavitrineibiuna.com.br\/wp-content\/uploads\/2025\/10\/suspeito-algemado.png\",\"width\":877,\"height\":524},{\"@type\":\"WebPage\",\"@id\":\"https:\/\/revistavitrineibiuna.com.br\/?p=34307#webpage\",\"url\":\"https:\/\/revistavitrineibiuna.com.br\/?p=34307\",\"name\":\"POR QUE N\\u00c3O SE PUBLICAM FOTOS DE SUSPEITOS DE CRIMES - Revista Vitrine Online\",\"isPartOf\":{\"@id\":\"https:\/\/revistavitrineibiuna.com.br\/#website\"},\"primaryImageOfPage\":{\"@id\":\"https:\/\/revistavitrineibiuna.com.br\/?p=34307#primaryimage\"},\"datePublished\":\"2025-10-13T22:48:36+00:00\",\"dateModified\":\"2025-10-14T00:23:08+00:00\",\"breadcrumb\":{\"@id\":\"https:\/\/revistavitrineibiuna.com.br\/?p=34307#breadcrumb\"},\"inLanguage\":\"pt-BR\",\"potentialAction\":[{\"@type\":\"ReadAction\",\"target\":[\"https:\/\/revistavitrineibiuna.com.br\/?p=34307\"]}]},{\"@type\":\"BreadcrumbList\",\"@id\":\"https:\/\/revistavitrineibiuna.com.br\/?p=34307#breadcrumb\",\"itemListElement\":[{\"@type\":\"ListItem\",\"position\":1,\"item\":{\"@type\":\"WebPage\",\"@id\":\"https:\/\/revistavitrineibiuna.com.br\/\",\"url\":\"https:\/\/revistavitrineibiuna.com.br\/\",\"name\":\"In\\u00edcio\"}},{\"@type\":\"ListItem\",\"position\":2,\"item\":{\"@type\":\"WebPage\",\"@id\":\"https:\/\/revistavitrineibiuna.com.br\/?p=34307\",\"url\":\"https:\/\/revistavitrineibiuna.com.br\/?p=34307\",\"name\":\"POR QUE N\\u00c3O SE PUBLICAM FOTOS DE SUSPEITOS DE CRIMES\"}}]},{\"@type\":\"Article\",\"@id\":\"https:\/\/revistavitrineibiuna.com.br\/?p=34307#article\",\"isPartOf\":{\"@id\":\"https:\/\/revistavitrineibiuna.com.br\/?p=34307#webpage\"},\"author\":{\"@id\":\"https:\/\/revistavitrineibiuna.com.br\/#\/schema\/person\/e51ef49d6d88170ea21ceabff3f73deb\"},\"headline\":\"POR QUE N\\u00c3O SE PUBLICAM FOTOS DE SUSPEITOS DE CRIMES\",\"datePublished\":\"2025-10-13T22:48:36+00:00\",\"dateModified\":\"2025-10-14T00:23:08+00:00\",\"mainEntityOfPage\":{\"@id\":\"https:\/\/revistavitrineibiuna.com.br\/?p=34307#webpage\"},\"commentCount\":0,\"publisher\":{\"@id\":\"https:\/\/revistavitrineibiuna.com.br\/#\/schema\/person\/e51ef49d6d88170ea21ceabff3f73deb\"},\"image\":{\"@id\":\"https:\/\/revistavitrineibiuna.com.br\/?p=34307#primaryimage\"},\"articleSection\":\"Not\\u00edcias\",\"inLanguage\":\"pt-BR\",\"potentialAction\":[{\"@type\":\"CommentAction\",\"name\":\"Comment\",\"target\":[\"https:\/\/revistavitrineibiuna.com.br\/?p=34307#respond\"]}]},{\"@type\":[\"Person\",\"Organization\"],\"@id\":\"https:\/\/revistavitrineibiuna.com.br\/#\/schema\/person\/e51ef49d6d88170ea21ceabff3f73deb\",\"name\":\"Carlos Rossini\",\"image\":{\"@type\":\"ImageObject\",\"@id\":\"https:\/\/revistavitrineibiuna.com.br\/#personlogo\",\"inLanguage\":\"pt-BR\",\"url\":\"https:\/\/secure.gravatar.com\/avatar\/4f2d0f99fac1f85c7d643f21f5c8d900?s=96&d=mm&r=g\",\"caption\":\"Carlos Rossini\"},\"logo\":{\"@id\":\"https:\/\/revistavitrineibiuna.com.br\/#personlogo\"},\"description\":\"Carlos Rossini \\u00e9 jornalista, soci\\u00f3logo, escritor e professor universit\\u00e1rio, tendo sido professor de jornalismo por vinte anos. Trabalhou em ve\\u00edculos de comunica\\u00e7\\u00e3o nas fun\\u00e7\\u00f5es de rep\\u00f3rter, redator, editor, articulista e colaborador, como Folha de S. Paulo, O Estado de S. Paulo, Di\\u00e1rio Popular, entre outros. Ao transferir a revista vitrine, vers\\u00e3o imprensa, de S\\u00e3o Paulo para Ibi\\u00fana h\\u00e1 alguns anos, iniciou uma nova experi\\u00eancia profissional, dedicando-se ao jornalismo regional, depois de cumprir uma trajet\\u00f3ria bem-sucedida na grande imprensa brasileira. Seu primeiro livro A Coragem de Comunicar foi lan\\u00e7ado na Bienal do Livro em S\\u00e3o Paulo no ano 2000, pela editora Madras.\"}]}<\/script>\n<!-- \/ Yoast SEO plugin. -->","_links":{"self":[{"href":"https:\/\/revistavitrineibiuna.com.br\/index.php?rest_route=\/wp\/v2\/posts\/34307"}],"collection":[{"href":"https:\/\/revistavitrineibiuna.com.br\/index.php?rest_route=\/wp\/v2\/posts"}],"about":[{"href":"https:\/\/revistavitrineibiuna.com.br\/index.php?rest_route=\/wp\/v2\/types\/post"}],"author":[{"embeddable":true,"href":"https:\/\/revistavitrineibiuna.com.br\/index.php?rest_route=\/wp\/v2\/users\/1"}],"replies":[{"embeddable":true,"href":"https:\/\/revistavitrineibiuna.com.br\/index.php?rest_route=%2Fwp%2Fv2%2Fcomments&post=34307"}],"version-history":[{"count":16,"href":"https:\/\/revistavitrineibiuna.com.br\/index.php?rest_route=\/wp\/v2\/posts\/34307\/revisions"}],"predecessor-version":[{"id":34324,"href":"https:\/\/revistavitrineibiuna.com.br\/index.php?rest_route=\/wp\/v2\/posts\/34307\/revisions\/34324"}],"wp:featuredmedia":[{"embeddable":true,"href":"https:\/\/revistavitrineibiuna.com.br\/index.php?rest_route=\/wp\/v2\/media\/34295"}],"wp:attachment":[{"href":"https:\/\/revistavitrineibiuna.com.br\/index.php?rest_route=%2Fwp%2Fv2%2Fmedia&parent=34307"}],"wp:term":[{"taxonomy":"category","embeddable":true,"href":"https:\/\/revistavitrineibiuna.com.br\/index.php?rest_route=%2Fwp%2Fv2%2Fcategories&post=34307"},{"taxonomy":"post_tag","embeddable":true,"href":"https:\/\/revistavitrineibiuna.com.br\/index.php?rest_route=%2Fwp%2Fv2%2Ftags&post=34307"}],"curies":[{"name":"wp","href":"https:\/\/api.w.org\/{rel}","templated":true}]}}