{"id":34325,"date":"2025-10-14T02:11:45","date_gmt":"2025-10-14T05:11:45","guid":{"rendered":"http:\/\/revistavitrineibiuna.com.br\/?p=34325"},"modified":"2025-10-14T06:57:03","modified_gmt":"2025-10-14T09:57:03","slug":"hospital-de-ibiuna-0h","status":"publish","type":"post","link":"https:\/\/revistavitrineibiuna.com.br\/?p=34325","title":{"rendered":"Hospital de Ibi\u00fana 0h"},"content":{"rendered":"\n<p class=\"has-drop-cap\"><strong>Entro ao Hospital Municipal de Ibi\u00fana exatamente \u00e0s 22h30 desta ter\u00e7a-feira (13). Antes de chegar ao balc\u00e3o envidra\u00e7ado da recep\u00e7\u00e3o, onde h\u00e1 duas atendentes, observo um grupo de pacientes \u00e0 espera do atendimento. O ambiente est\u00e1 tranquilo.<\/strong><\/p>\n\n\n\n<p><strong>Acompanho um parente que estava com press\u00e3o alta, febre, \u00e2nsia de v\u00f4mito, dores nas juntas, coriza e dist\u00farbio g\u00e1strico. O teste para dengue deu negativo, para covid-19, positivo.<\/strong><\/p>\n\n\n\n<p><strong>Era uma das suspeitas diagn\u00f3sticas do Dr. Ricardo Pagrion, que se mostrou acolhedor e carinhoso no atendimento, como a enfermeira Vanessa, notavelmente atenciosa. Em resumo, o atendimento foi profissional e eficiente considerando a quantidade e diversidade de pacientes naquele momento.<\/strong><\/p>\n\n\n\n<p><strong>Pude testemunhar a dedica\u00e7\u00e3o de tr\u00eas profissionais da enfermagem que se revezavam harmoniosamente na chamada dos pacientes sentados no corredor, cada qual com necessidade espec\u00edfica: comprimido para&nbsp; baixar press\u00e3o, aplica\u00e7\u00e3o de soro, inje\u00e7\u00f5es de antibi\u00f3ticos, incluindo a temida benzetacil, rem\u00e9dio contra n\u00e1usea.<\/strong><\/p>\n\n\n\n<p><strong>A certa altura ouve-se um grito assustador. \u201c\u00c9 um paciente psiqui\u00e1trico\u201d, sou informado.<\/strong><\/p>\n\n\n\n<p><strong>Antes disso h\u00e1 uma repentina agita\u00e7\u00e3o no corredor. Observo a dist\u00e2ncia algu\u00e9m cair no piso fazendo um estrondo. Um rapaz jovem, com barba, acabara de se atirar ao ch\u00e3o. Segundos antes, ele havia, subitamente, desferido tapas em duas pessoas, tentara beijar uma enfermeira e tomar posse de um celular. O porteiro interveio, e vendo que o homem estava surtado, agiu de modo respeitoso, at\u00e9 o homem retornar \u00e0 recep\u00e7\u00e3o.<\/strong><\/p>\n\n\n\n<p><strong>Como se v\u00ea, o cl\u00e1ssico cartaz em que uma elegante enfermeira p\u00f5e o dedo indicador na frentedo nariz lembrando as pessoas que mantenham o ambiente em sil\u00eancio tem estado cada vez mais fora da realidade hospitalar.<\/strong><\/p>\n\n\n\n<p><strong>A GCM foi chamada a intervir para garantir a seguran\u00e7a no local, j\u00e1 que o jovem, muito alterado, poderia tentar agredir outros pacientes.<\/strong><\/p>\n\n\n\n<p><strong>Fatos dessa natureza n\u00e3o s\u00e3o raros considerando que o hospital \u00e9 o destino de muitas pessoas com as mais diversas enfermidades, v\u00edtimas de acidentes, alguns extremamente graves, coma alco\u00f3lico, overdose, picadas de cobras e aranhas, quedas de cavalo, fraturas expostas, problemas card\u00edacos, press\u00e3o alta, crise de diabetes, e tantas outras.<\/strong><\/p>\n\n\n\n<p><strong>Tanto os m\u00e9dicos quanto o pessoal da enfermagem, que atua na linha&nbsp; de frente, repetimos, com not\u00e1vel dedica\u00e7\u00e3o, segurando o roj\u00e3o como se diz, deixam claro o&nbsp; prop\u00f3sito de realizar o melhor desempenho, mesmo com todos os problemas estruturais que persistem e provocam constantes queixas dos pacientes.<\/strong><\/p>\n\n\n\n<p><strong>Neste momento todos est\u00e3o \u00e0 espera do que vai acontecer quando for anunciada a empresa vencedora da licita\u00e7\u00e3o para gerenciar o hospital, j\u00e1 que o prazo do contrato da empresa que continua atuando ali foi encerrado h\u00e1 meses. E todos esperam por dias melhores como v\u00eam sendo prometidos desde a campanha eleitoral\u00a0 pelo novo governante do munic\u00edpio.<\/strong><\/p>\n\n\n\n<p><strong>Perto da 0h, deixamos o hospital e fomos para a \u00fanica farm\u00e1cia aberta 24h na cidade, na rua XV de Novembro, servi\u00e7o que vinha sendo reivindicado pela popula\u00e7\u00e3o h\u00e1 tempos e pelo qual vitrine online fez o bom combate, como pode se visto no notici\u00e1rio publicado com destaque. (C.R.)<\/strong><\/p>\n","protected":false},"excerpt":{"rendered":"<p>Entro ao Hospital Municipal de Ibi\u00fana exatamente \u00e0s 22h30 desta ter\u00e7a-feira (13). Antes de chegar ao balc\u00e3o envidra\u00e7ado da recep\u00e7\u00e3o,<\/p>\n","protected":false},"author":1,"featured_media":34326,"comment_status":"open","ping_status":"open","sticky":false,"template":"","format":"standard","meta":[],"categories":[3],"tags":[],"yoast_head":"<!-- This site is optimized with the Yoast SEO plugin v15.8 - https:\/\/yoast.com\/wordpress\/plugins\/seo\/ -->\n<title>Hospital de Ibi\u00fana 0h - Revista Vitrine Online<\/title>\n<meta name=\"robots\" content=\"index, follow, max-snippet:-1, max-image-preview:large, max-video-preview:-1\" \/>\n<link rel=\"canonical\" href=\"http:\/\/revistavitrineibiuna.com.br\/?p=34325\" \/>\n<meta property=\"og:locale\" content=\"pt_BR\" \/>\n<meta property=\"og:type\" content=\"article\" \/>\n<meta property=\"og:title\" content=\"Hospital de Ibi\u00fana 0h - Revista Vitrine Online\" \/>\n<meta property=\"og:description\" content=\"Entro ao Hospital Municipal de Ibi\u00fana exatamente \u00e0s 22h30 desta ter\u00e7a-feira (13). Antes de chegar ao balc\u00e3o envidra\u00e7ado da recep\u00e7\u00e3o,\" \/>\n<meta property=\"og:url\" content=\"http:\/\/revistavitrineibiuna.com.br\/?p=34325\" \/>\n<meta property=\"og:site_name\" content=\"Revista Vitrine Online\" \/>\n<meta property=\"article:published_time\" content=\"2025-10-14T05:11:45+00:00\" \/>\n<meta property=\"article:modified_time\" content=\"2025-10-14T09:57:03+00:00\" \/>\n<meta property=\"og:image\" content=\"https:\/\/revistavitrineibiuna.com.br\/wp-content\/uploads\/2025\/10\/hospital-0h.png\" \/>\n\t<meta property=\"og:image:width\" content=\"1492\" \/>\n\t<meta property=\"og:image:height\" content=\"936\" \/>\n<meta name=\"twitter:card\" content=\"summary\" \/>\n<meta name=\"twitter:label1\" content=\"Est. reading time\">\n\t<meta name=\"twitter:data1\" content=\"3 minutos\">\n<script type=\"application\/ld+json\" class=\"yoast-schema-graph\">{\"@context\":\"https:\/\/schema.org\",\"@graph\":[{\"@type\":\"WebSite\",\"@id\":\"https:\/\/revistavitrineibiuna.com.br\/#website\",\"url\":\"https:\/\/revistavitrineibiuna.com.br\/\",\"name\":\"Revista Vitrine Ibi\\u00fana\",\"description\":\"A Revista de Ibi\\u00fana e Regi\\u00e3o\",\"publisher\":{\"@id\":\"https:\/\/revistavitrineibiuna.com.br\/#\/schema\/person\/e51ef49d6d88170ea21ceabff3f73deb\"},\"potentialAction\":[{\"@type\":\"SearchAction\",\"target\":\"https:\/\/revistavitrineibiuna.com.br\/?s={search_term_string}\",\"query-input\":\"required name=search_term_string\"}],\"inLanguage\":\"pt-BR\"},{\"@type\":\"ImageObject\",\"@id\":\"http:\/\/revistavitrineibiuna.com.br\/?p=34325#primaryimage\",\"inLanguage\":\"pt-BR\",\"url\":\"https:\/\/revistavitrineibiuna.com.br\/wp-content\/uploads\/2025\/10\/hospital-0h.png\",\"width\":1492,\"height\":936},{\"@type\":\"WebPage\",\"@id\":\"http:\/\/revistavitrineibiuna.com.br\/?p=34325#webpage\",\"url\":\"http:\/\/revistavitrineibiuna.com.br\/?p=34325\",\"name\":\"Hospital de Ibi\\u00fana 0h - Revista Vitrine Online\",\"isPartOf\":{\"@id\":\"https:\/\/revistavitrineibiuna.com.br\/#website\"},\"primaryImageOfPage\":{\"@id\":\"http:\/\/revistavitrineibiuna.com.br\/?p=34325#primaryimage\"},\"datePublished\":\"2025-10-14T05:11:45+00:00\",\"dateModified\":\"2025-10-14T09:57:03+00:00\",\"breadcrumb\":{\"@id\":\"http:\/\/revistavitrineibiuna.com.br\/?p=34325#breadcrumb\"},\"inLanguage\":\"pt-BR\",\"potentialAction\":[{\"@type\":\"ReadAction\",\"target\":[\"http:\/\/revistavitrineibiuna.com.br\/?p=34325\"]}]},{\"@type\":\"BreadcrumbList\",\"@id\":\"http:\/\/revistavitrineibiuna.com.br\/?p=34325#breadcrumb\",\"itemListElement\":[{\"@type\":\"ListItem\",\"position\":1,\"item\":{\"@type\":\"WebPage\",\"@id\":\"https:\/\/revistavitrineibiuna.com.br\/\",\"url\":\"https:\/\/revistavitrineibiuna.com.br\/\",\"name\":\"In\\u00edcio\"}},{\"@type\":\"ListItem\",\"position\":2,\"item\":{\"@type\":\"WebPage\",\"@id\":\"http:\/\/revistavitrineibiuna.com.br\/?p=34325\",\"url\":\"http:\/\/revistavitrineibiuna.com.br\/?p=34325\",\"name\":\"Hospital de Ibi\\u00fana 0h\"}}]},{\"@type\":\"Article\",\"@id\":\"http:\/\/revistavitrineibiuna.com.br\/?p=34325#article\",\"isPartOf\":{\"@id\":\"http:\/\/revistavitrineibiuna.com.br\/?p=34325#webpage\"},\"author\":{\"@id\":\"https:\/\/revistavitrineibiuna.com.br\/#\/schema\/person\/e51ef49d6d88170ea21ceabff3f73deb\"},\"headline\":\"Hospital de Ibi\\u00fana 0h\",\"datePublished\":\"2025-10-14T05:11:45+00:00\",\"dateModified\":\"2025-10-14T09:57:03+00:00\",\"mainEntityOfPage\":{\"@id\":\"http:\/\/revistavitrineibiuna.com.br\/?p=34325#webpage\"},\"commentCount\":0,\"publisher\":{\"@id\":\"https:\/\/revistavitrineibiuna.com.br\/#\/schema\/person\/e51ef49d6d88170ea21ceabff3f73deb\"},\"image\":{\"@id\":\"http:\/\/revistavitrineibiuna.com.br\/?p=34325#primaryimage\"},\"articleSection\":\"Not\\u00edcias\",\"inLanguage\":\"pt-BR\",\"potentialAction\":[{\"@type\":\"CommentAction\",\"name\":\"Comment\",\"target\":[\"http:\/\/revistavitrineibiuna.com.br\/?p=34325#respond\"]}]},{\"@type\":[\"Person\",\"Organization\"],\"@id\":\"https:\/\/revistavitrineibiuna.com.br\/#\/schema\/person\/e51ef49d6d88170ea21ceabff3f73deb\",\"name\":\"Carlos Rossini\",\"image\":{\"@type\":\"ImageObject\",\"@id\":\"https:\/\/revistavitrineibiuna.com.br\/#personlogo\",\"inLanguage\":\"pt-BR\",\"url\":\"https:\/\/secure.gravatar.com\/avatar\/4f2d0f99fac1f85c7d643f21f5c8d900?s=96&d=mm&r=g\",\"caption\":\"Carlos Rossini\"},\"logo\":{\"@id\":\"https:\/\/revistavitrineibiuna.com.br\/#personlogo\"},\"description\":\"Carlos Rossini \\u00e9 jornalista, soci\\u00f3logo, escritor e professor universit\\u00e1rio, tendo sido professor de jornalismo por vinte anos. Trabalhou em ve\\u00edculos de comunica\\u00e7\\u00e3o nas fun\\u00e7\\u00f5es de rep\\u00f3rter, redator, editor, articulista e colaborador, como Folha de S. Paulo, O Estado de S. Paulo, Di\\u00e1rio Popular, entre outros. Ao transferir a revista vitrine, vers\\u00e3o imprensa, de S\\u00e3o Paulo para Ibi\\u00fana h\\u00e1 alguns anos, iniciou uma nova experi\\u00eancia profissional, dedicando-se ao jornalismo regional, depois de cumprir uma trajet\\u00f3ria bem-sucedida na grande imprensa brasileira. Seu primeiro livro A Coragem de Comunicar foi lan\\u00e7ado na Bienal do Livro em S\\u00e3o Paulo no ano 2000, pela editora Madras.\"}]}<\/script>\n<!-- \/ Yoast SEO plugin. -->","_links":{"self":[{"href":"https:\/\/revistavitrineibiuna.com.br\/index.php?rest_route=\/wp\/v2\/posts\/34325"}],"collection":[{"href":"https:\/\/revistavitrineibiuna.com.br\/index.php?rest_route=\/wp\/v2\/posts"}],"about":[{"href":"https:\/\/revistavitrineibiuna.com.br\/index.php?rest_route=\/wp\/v2\/types\/post"}],"author":[{"embeddable":true,"href":"https:\/\/revistavitrineibiuna.com.br\/index.php?rest_route=\/wp\/v2\/users\/1"}],"replies":[{"embeddable":true,"href":"https:\/\/revistavitrineibiuna.com.br\/index.php?rest_route=%2Fwp%2Fv2%2Fcomments&post=34325"}],"version-history":[{"count":24,"href":"https:\/\/revistavitrineibiuna.com.br\/index.php?rest_route=\/wp\/v2\/posts\/34325\/revisions"}],"predecessor-version":[{"id":34361,"href":"https:\/\/revistavitrineibiuna.com.br\/index.php?rest_route=\/wp\/v2\/posts\/34325\/revisions\/34361"}],"wp:featuredmedia":[{"embeddable":true,"href":"https:\/\/revistavitrineibiuna.com.br\/index.php?rest_route=\/wp\/v2\/media\/34326"}],"wp:attachment":[{"href":"https:\/\/revistavitrineibiuna.com.br\/index.php?rest_route=%2Fwp%2Fv2%2Fmedia&parent=34325"}],"wp:term":[{"taxonomy":"category","embeddable":true,"href":"https:\/\/revistavitrineibiuna.com.br\/index.php?rest_route=%2Fwp%2Fv2%2Fcategories&post=34325"},{"taxonomy":"post_tag","embeddable":true,"href":"https:\/\/revistavitrineibiuna.com.br\/index.php?rest_route=%2Fwp%2Fv2%2Ftags&post=34325"}],"curies":[{"name":"wp","href":"https:\/\/api.w.org\/{rel}","templated":true}]}}