{"id":34363,"date":"2025-10-15T09:03:17","date_gmt":"2025-10-15T12:03:17","guid":{"rendered":"http:\/\/revistavitrineibiuna.com.br\/?p=34363"},"modified":"2025-10-15T09:22:24","modified_gmt":"2025-10-15T12:22:24","slug":"ibiuna-prefeitura-anuncia-orcamento-substimado-para-2026","status":"publish","type":"post","link":"https:\/\/revistavitrineibiuna.com.br\/?p=34363","title":{"rendered":"IBI\u00daNA \u2013 PREFEITURA ANUNCIA OR\u00c7AMENTO \u201cSUBSTIMADO\u201d PARA 2026"},"content":{"rendered":"\n<p class=\"has-drop-cap\"><strong>Duas audi\u00eancias p\u00fablicas, do PPA \u2013 Plano Plurianual e da LOA \u2013 Lei Or\u00e7ament\u00e1ria Anual consumiram ontem cerca de 5 horas em apresenta\u00e7\u00f5es e aprecia\u00e7\u00f5es na C\u00e2mara Municipal de Ibi\u00fana, com o audit\u00f3rio constitu\u00eddo em maioria absoluta por secret\u00e1rios e diretores municipais, al\u00e9m de vereadores.<\/strong><\/p>\n\n\n\n<p><strong>PPA \u00e9 o planejamento financeiro, estimando receitas e despesas para as v\u00e1rias \u00e1reas como sa\u00fade, educa\u00e7\u00e3o e seguran\u00e7a para os pr\u00f3ximos quatro anos [de 2026 a 2029]. A LOA [Projeto n\u00ba 55\/2025] fixa as despesas para o exerc\u00edcio financeiro de 2026.<\/strong><\/p>\n\n\n\n<p><strong>LOA<\/strong><\/p>\n\n\n\n<p><strong>A proposta do governo para 2026 ser\u00e1 apreciada pela C\u00e2mara que tem prazo at\u00e9 sexta-feira (17] para apresenta\u00e7\u00e3o de emendas ou modifica\u00e7\u00e3o por parte dos vereadores, antes de ser encaminhada de volta para o Executivo. A aprova\u00e7\u00e3o da LOA consolidada dever\u00e1 ocorrer at\u00e9 o fim do ano.<\/strong><\/p>\n\n\n\n<p><strong>Para 2026 a Prefeitura estimou um or\u00e7amento no montante de R$ 407.434.305,00, sendo R$ 392.134.305,00 para o Executivo e R$ 15.300.000,00 para o Poder Legislativo.<\/strong><\/p>\n\n\n\n<p><strong>POR SETORES<\/strong><\/p>\n\n\n\n<p><strong>Sa\u00fade [R$ 108.667.600,00] e Educa\u00e7\u00e3o [121.855.437,00] lideram a distribui\u00e7\u00e3o de recursos, seguidos por urbanismo [R$ 51.560.392,00], Encargos especiais [R$37.462.600,00], Administra\u00e7\u00e3o [R$ 21.120.000,00], Seguran\u00e7a P\u00fablica [R$ 16.750.001,00], Legislativa [R$ 15.300.000,00], Assist\u00eancia Social [R$ 10.739.100,00], Reservas de Conting\u00eancias [R$ 7.905.900,00].<\/strong><\/p>\n\n\n\n<p><strong>PPA<\/strong><\/p>\n\n\n\n<p><strong>Para o quatri\u00eanio 2026-2029 prev\u00ea arrecadar R$ 1.686.895.888,00 abrangendo um vasto programa, igualmente com focos priorit\u00e1rios para a sa\u00fade e a educa\u00e7\u00e3o.<\/strong><\/p>\n\n\n\n<p><strong>OR\u00c7AMENTO SUBSTIMADO<\/strong><\/p>\n\n\n\n<p><strong>Durante sua fala, o prefeito municipal qualificou o or\u00e7amento para 2026 de \u201csubestimado\u201d, um adjetivo que chama a aten\u00e7\u00e3o para um estilo de gest\u00e3o. Numa tradu\u00e7\u00e3o simplista se trata de \u201cum or\u00e7amento realista\u201d.<\/strong><\/p>\n\n\n\n<p><strong>Tecnicamente, um or\u00e7amento subestimado \u00e9 quando os gastos ou receitas planejados s\u00e3o considerados menores do que seu valor real, levando a um planejamento financeiro incorreto. Isso pode ocorrer com despesas pequenas e recorrentes que passam despercebidas, ou com a falha em prever custos indiretos, afetando a margem de lucro e podendo gerar conflitos financeiros. Em administra\u00e7\u00e3o p\u00fablica, pode indicar que a despesa foi subestimada, permitindo um excedente na arrecada\u00e7\u00e3o.<\/strong><\/p>\n","protected":false},"excerpt":{"rendered":"<p>Duas audi\u00eancias p\u00fablicas, do PPA \u2013 Plano Plurianual e da LOA \u2013 Lei Or\u00e7ament\u00e1ria Anual consumiram ontem cerca de 5<\/p>\n","protected":false},"author":1,"featured_media":34364,"comment_status":"open","ping_status":"open","sticky":false,"template":"","format":"standard","meta":[],"categories":[3],"tags":[],"yoast_head":"<!-- This site is optimized with the Yoast SEO plugin v15.8 - https:\/\/yoast.com\/wordpress\/plugins\/seo\/ -->\n<title>IBI\u00daNA \u2013 PREFEITURA ANUNCIA OR\u00c7AMENTO \u201cSUBSTIMADO\u201d PARA 2026 - Revista Vitrine Online<\/title>\n<meta name=\"robots\" content=\"index, follow, max-snippet:-1, max-image-preview:large, max-video-preview:-1\" \/>\n<link rel=\"canonical\" href=\"http:\/\/revistavitrineibiuna.com.br\/?p=34363\" \/>\n<meta property=\"og:locale\" content=\"pt_BR\" \/>\n<meta property=\"og:type\" content=\"article\" \/>\n<meta property=\"og:title\" content=\"IBI\u00daNA \u2013 PREFEITURA ANUNCIA OR\u00c7AMENTO \u201cSUBSTIMADO\u201d PARA 2026 - Revista Vitrine Online\" \/>\n<meta property=\"og:description\" content=\"Duas audi\u00eancias p\u00fablicas, do PPA \u2013 Plano Plurianual e da LOA \u2013 Lei Or\u00e7ament\u00e1ria Anual consumiram ontem cerca de 5\" \/>\n<meta property=\"og:url\" content=\"http:\/\/revistavitrineibiuna.com.br\/?p=34363\" \/>\n<meta property=\"og:site_name\" content=\"Revista Vitrine Online\" \/>\n<meta property=\"article:published_time\" content=\"2025-10-15T12:03:17+00:00\" \/>\n<meta property=\"article:modified_time\" content=\"2025-10-15T12:22:24+00:00\" \/>\n<meta property=\"og:image\" content=\"https:\/\/revistavitrineibiuna.com.br\/wp-content\/uploads\/2025\/10\/orcamento-substimado.png\" \/>\n\t<meta property=\"og:image:width\" content=\"1193\" \/>\n\t<meta property=\"og:image:height\" content=\"758\" \/>\n<meta name=\"twitter:card\" content=\"summary\" \/>\n<meta name=\"twitter:label1\" content=\"Est. reading time\">\n\t<meta name=\"twitter:data1\" content=\"2 minutos\">\n<script type=\"application\/ld+json\" class=\"yoast-schema-graph\">{\"@context\":\"https:\/\/schema.org\",\"@graph\":[{\"@type\":\"WebSite\",\"@id\":\"https:\/\/revistavitrineibiuna.com.br\/#website\",\"url\":\"https:\/\/revistavitrineibiuna.com.br\/\",\"name\":\"Revista Vitrine Ibi\\u00fana\",\"description\":\"A Revista de Ibi\\u00fana e Regi\\u00e3o\",\"publisher\":{\"@id\":\"https:\/\/revistavitrineibiuna.com.br\/#\/schema\/person\/e51ef49d6d88170ea21ceabff3f73deb\"},\"potentialAction\":[{\"@type\":\"SearchAction\",\"target\":\"https:\/\/revistavitrineibiuna.com.br\/?s={search_term_string}\",\"query-input\":\"required name=search_term_string\"}],\"inLanguage\":\"pt-BR\"},{\"@type\":\"ImageObject\",\"@id\":\"http:\/\/revistavitrineibiuna.com.br\/?p=34363#primaryimage\",\"inLanguage\":\"pt-BR\",\"url\":\"https:\/\/revistavitrineibiuna.com.br\/wp-content\/uploads\/2025\/10\/orcamento-substimado.png\",\"width\":1193,\"height\":758},{\"@type\":\"WebPage\",\"@id\":\"http:\/\/revistavitrineibiuna.com.br\/?p=34363#webpage\",\"url\":\"http:\/\/revistavitrineibiuna.com.br\/?p=34363\",\"name\":\"IBI\\u00daNA \\u2013 PREFEITURA ANUNCIA OR\\u00c7AMENTO \\u201cSUBSTIMADO\\u201d PARA 2026 - Revista Vitrine Online\",\"isPartOf\":{\"@id\":\"https:\/\/revistavitrineibiuna.com.br\/#website\"},\"primaryImageOfPage\":{\"@id\":\"http:\/\/revistavitrineibiuna.com.br\/?p=34363#primaryimage\"},\"datePublished\":\"2025-10-15T12:03:17+00:00\",\"dateModified\":\"2025-10-15T12:22:24+00:00\",\"breadcrumb\":{\"@id\":\"http:\/\/revistavitrineibiuna.com.br\/?p=34363#breadcrumb\"},\"inLanguage\":\"pt-BR\",\"potentialAction\":[{\"@type\":\"ReadAction\",\"target\":[\"http:\/\/revistavitrineibiuna.com.br\/?p=34363\"]}]},{\"@type\":\"BreadcrumbList\",\"@id\":\"http:\/\/revistavitrineibiuna.com.br\/?p=34363#breadcrumb\",\"itemListElement\":[{\"@type\":\"ListItem\",\"position\":1,\"item\":{\"@type\":\"WebPage\",\"@id\":\"https:\/\/revistavitrineibiuna.com.br\/\",\"url\":\"https:\/\/revistavitrineibiuna.com.br\/\",\"name\":\"In\\u00edcio\"}},{\"@type\":\"ListItem\",\"position\":2,\"item\":{\"@type\":\"WebPage\",\"@id\":\"http:\/\/revistavitrineibiuna.com.br\/?p=34363\",\"url\":\"http:\/\/revistavitrineibiuna.com.br\/?p=34363\",\"name\":\"IBI\\u00daNA \\u2013 PREFEITURA ANUNCIA OR\\u00c7AMENTO \\u201cSUBSTIMADO\\u201d PARA 2026\"}}]},{\"@type\":\"Article\",\"@id\":\"http:\/\/revistavitrineibiuna.com.br\/?p=34363#article\",\"isPartOf\":{\"@id\":\"http:\/\/revistavitrineibiuna.com.br\/?p=34363#webpage\"},\"author\":{\"@id\":\"https:\/\/revistavitrineibiuna.com.br\/#\/schema\/person\/e51ef49d6d88170ea21ceabff3f73deb\"},\"headline\":\"IBI\\u00daNA \\u2013 PREFEITURA ANUNCIA OR\\u00c7AMENTO \\u201cSUBSTIMADO\\u201d PARA 2026\",\"datePublished\":\"2025-10-15T12:03:17+00:00\",\"dateModified\":\"2025-10-15T12:22:24+00:00\",\"mainEntityOfPage\":{\"@id\":\"http:\/\/revistavitrineibiuna.com.br\/?p=34363#webpage\"},\"commentCount\":0,\"publisher\":{\"@id\":\"https:\/\/revistavitrineibiuna.com.br\/#\/schema\/person\/e51ef49d6d88170ea21ceabff3f73deb\"},\"image\":{\"@id\":\"http:\/\/revistavitrineibiuna.com.br\/?p=34363#primaryimage\"},\"articleSection\":\"Not\\u00edcias\",\"inLanguage\":\"pt-BR\",\"potentialAction\":[{\"@type\":\"CommentAction\",\"name\":\"Comment\",\"target\":[\"http:\/\/revistavitrineibiuna.com.br\/?p=34363#respond\"]}]},{\"@type\":[\"Person\",\"Organization\"],\"@id\":\"https:\/\/revistavitrineibiuna.com.br\/#\/schema\/person\/e51ef49d6d88170ea21ceabff3f73deb\",\"name\":\"Carlos Rossini\",\"image\":{\"@type\":\"ImageObject\",\"@id\":\"https:\/\/revistavitrineibiuna.com.br\/#personlogo\",\"inLanguage\":\"pt-BR\",\"url\":\"https:\/\/secure.gravatar.com\/avatar\/4f2d0f99fac1f85c7d643f21f5c8d900?s=96&d=mm&r=g\",\"caption\":\"Carlos Rossini\"},\"logo\":{\"@id\":\"https:\/\/revistavitrineibiuna.com.br\/#personlogo\"},\"description\":\"Carlos Rossini \\u00e9 jornalista, soci\\u00f3logo, escritor e professor universit\\u00e1rio, tendo sido professor de jornalismo por vinte anos. Trabalhou em ve\\u00edculos de comunica\\u00e7\\u00e3o nas fun\\u00e7\\u00f5es de rep\\u00f3rter, redator, editor, articulista e colaborador, como Folha de S. Paulo, O Estado de S. Paulo, Di\\u00e1rio Popular, entre outros. Ao transferir a revista vitrine, vers\\u00e3o imprensa, de S\\u00e3o Paulo para Ibi\\u00fana h\\u00e1 alguns anos, iniciou uma nova experi\\u00eancia profissional, dedicando-se ao jornalismo regional, depois de cumprir uma trajet\\u00f3ria bem-sucedida na grande imprensa brasileira. Seu primeiro livro A Coragem de Comunicar foi lan\\u00e7ado na Bienal do Livro em S\\u00e3o Paulo no ano 2000, pela editora Madras.\"}]}<\/script>\n<!-- \/ Yoast SEO plugin. -->","_links":{"self":[{"href":"https:\/\/revistavitrineibiuna.com.br\/index.php?rest_route=\/wp\/v2\/posts\/34363"}],"collection":[{"href":"https:\/\/revistavitrineibiuna.com.br\/index.php?rest_route=\/wp\/v2\/posts"}],"about":[{"href":"https:\/\/revistavitrineibiuna.com.br\/index.php?rest_route=\/wp\/v2\/types\/post"}],"author":[{"embeddable":true,"href":"https:\/\/revistavitrineibiuna.com.br\/index.php?rest_route=\/wp\/v2\/users\/1"}],"replies":[{"embeddable":true,"href":"https:\/\/revistavitrineibiuna.com.br\/index.php?rest_route=%2Fwp%2Fv2%2Fcomments&post=34363"}],"version-history":[{"count":5,"href":"https:\/\/revistavitrineibiuna.com.br\/index.php?rest_route=\/wp\/v2\/posts\/34363\/revisions"}],"predecessor-version":[{"id":34370,"href":"https:\/\/revistavitrineibiuna.com.br\/index.php?rest_route=\/wp\/v2\/posts\/34363\/revisions\/34370"}],"wp:featuredmedia":[{"embeddable":true,"href":"https:\/\/revistavitrineibiuna.com.br\/index.php?rest_route=\/wp\/v2\/media\/34364"}],"wp:attachment":[{"href":"https:\/\/revistavitrineibiuna.com.br\/index.php?rest_route=%2Fwp%2Fv2%2Fmedia&parent=34363"}],"wp:term":[{"taxonomy":"category","embeddable":true,"href":"https:\/\/revistavitrineibiuna.com.br\/index.php?rest_route=%2Fwp%2Fv2%2Fcategories&post=34363"},{"taxonomy":"post_tag","embeddable":true,"href":"https:\/\/revistavitrineibiuna.com.br\/index.php?rest_route=%2Fwp%2Fv2%2Ftags&post=34363"}],"curies":[{"name":"wp","href":"https:\/\/api.w.org\/{rel}","templated":true}]}}