{"id":34371,"date":"2025-10-15T21:34:26","date_gmt":"2025-10-16T00:34:26","guid":{"rendered":"http:\/\/revistavitrineibiuna.com.br\/?p=34371"},"modified":"2025-10-15T21:51:46","modified_gmt":"2025-10-16T00:51:46","slug":"uma-questao-de-transparencia","status":"publish","type":"post","link":"https:\/\/revistavitrineibiuna.com.br\/?p=34371","title":{"rendered":"UMA QUEST\u00c3O DE TRANSPAR\u00caNCIA"},"content":{"rendered":"\n<p class=\"has-drop-cap\"><strong>H\u00e1 um roteiro l\u00f3gico na arte da ret\u00f3rica. Prop\u00f5e a seguinte ordem: primeiro vem o pensamento, em seguida, a palavra, e, finalmente, a a\u00e7\u00e3o, a ideia revelada.<\/strong><\/p>\n\n\n\n<p><strong>Quem se v\u00ea diante da revela\u00e7\u00e3o pode ter tr\u00eas rea\u00e7\u00f5es: saber, sentir e agir. Essa tr\u00edade constitui a ess\u00eancia do comportamento humano habitual.<\/strong><\/p>\n\n\n\n<p><strong>Na dupla audi\u00eancia p\u00fablica que apreciou os planos de investimentos da Prefeitura de Ibi\u00fana plurianual e de 2026, realizada na ter\u00e7a-feira (14), na C\u00e2mara Municipal de Ibi\u00fana, o atual prefeito fez uso de dois aforismos indicadores de sua vis\u00e3o sobre a arte de governar.<\/strong><\/p>\n\n\n\n<p><strong>Ambas as frases se interconectam politicamente apontando a necessidade de manter-se um cuidado redobrado no trato da coisa p\u00fablica.<\/strong><\/p>\n\n\n\n<p><strong>SANTO AGOSTINHO<\/strong><\/p>\n\n\n\n<p><strong>\u201cPrefiro surpreender a decepcionar\u201d, proclamou em determinado momento de sua explana\u00e7\u00e3o por que definiu o or\u00e7amento para 2026 de subestimado [saiba mais na not\u00edcia IBI\u00daNA \u2013 PREFEITURA ANUNCIA OR\u00c7AMENTO \u201cSUBSTIMADO\u201d PARA 2026, na vitrine online].<\/strong><\/p>\n\n\n\n<p><strong>A outra tomou de empr\u00e9stimo a Santo Agostinho (354dC-430dC):<\/strong><\/p>\n\n\n\n<p><strong>&#8220;Prefiro os que me criticam, porque me corrigem, aos que me elogiam, porque me corrompem.&#8221;<\/strong><\/p>\n\n\n\n<p><strong>INTERPRETA\u00c7\u00c3O BENEVOLENTE<\/strong><\/p>\n\n\n\n<p><strong>A primeira express\u00e3o diz respeito a um desejo subentendido de que pretende fazer um bom governo, surpreendente. A segunda, evoca de alguma forma, um compromisso com a verdade, como combust\u00edvel para uma conduta correta contra ilus\u00f5es e armadilhas.<\/strong><\/p>\n\n\n\n<p><strong>TRANSPAR\u00caNCIA<\/strong><\/p>\n\n\n\n<p><strong>Transpar\u00eancia significa \u2018tornar vis\u00edvel\u201d. Foi exatamente esse tema de que fez uso o editor de vitrine online, diretor da TVUNA e presidente do Clube dos Amigos de Ibi\u00fana, fundado em abril de 2025, jornalista Carlos Rossini, que havia se inscrito para se pronunciar durante a audi\u00eancia mencionada acima.<\/strong><\/p>\n\n\n\n<p><strong>Referindo-se a institui\u00e7\u00f5es governamentais ou organizacionais, disse existirem dois tipos de transpar\u00eancia. A ativa, que compreende a divulga\u00e7\u00e3o espont\u00e2nea de dados e informa\u00e7\u00f5es \u00e0 popula\u00e7\u00e3o; e a passiva, que ocorre quando o poder p\u00fablico atende a um pedido de informa\u00e7\u00f5es feito por algu\u00e9m [que pode ser um simples cidad\u00e3o ou vereadores], seja pessoa f\u00edsica ou jur\u00eddica.<\/strong><\/p>\n\n\n\n<p><strong>No caso de vereadores, os requerimentos de informa\u00e7\u00f5es podem p\u00f4r uma pulga atr\u00e1s da orelha&nbsp; do Executivo, se ele n\u00e3o responder dentro do prazo regimental.<\/strong><\/p>\n\n\n\n<p><strong>Alertou que o problema de falta de transpar\u00eancia p\u00fablica no munic\u00edpio \u00e9 recorrente na hist\u00f3ria de sucessivos governantes. Portanto, n\u00e3o se trata de caso pontual da atual administra\u00e7\u00e3o. Por motivos estrat\u00e9gicos, cautela ou mesmo temor, muitas informa\u00e7\u00f5es de interesse p\u00fablico ficam represadas ou mesmo ocultas nos escaninhos administrativos. Numa palavra, n\u00e3o se torna vis\u00edvel aos olhos dos cidad\u00e3os.<\/strong><\/p>\n\n\n\n<p><strong>NO CONTEXTO DA AUDI\u00caNCIA<\/strong><\/p>\n\n\n\n<p><strong>A breve fala do jornalista, ainda que n\u00e3o tivesse feito men\u00e7\u00e3o a valores e programas, ocorreu no cen\u00e1rio dos objetivos da audi\u00eancia p\u00fablica, por si s\u00f3, um instrumento impositivo por lei federal, exatamente para transparecer os programas, planejamento, previs\u00e3o de investimentos do Poder Executivo.<\/strong><\/p>\n\n\n\n<p><strong>Portanto, a transpar\u00eancia seja ela ativa ou passiva deve reger o comportamento tanto dos vereadores quanto dos integrantes do Poder Executivo, a fim de que as previs\u00f5es se efetivem e desvios ou distor\u00e7\u00f5es sejam corrigidos. Trata-se, n\u00e3o custa recordar, do uso do dinheiro dos bolsos da popula\u00e7\u00e3o, angariado por meio dos impostos.<\/strong><\/p>\n\n\n\n<p><strong>A ideia era torn\u00e1-la especialmente p\u00fablica, como uma quest\u00e3o a ser enfatizada como essencial e priorit\u00e1ria nas idas e vindas das rela\u00e7\u00f5es entre os agentes dos Poderes Legislativo e Executivo.<\/strong><\/p>\n\n\n\n<p><strong>OPACIDADE APONTADA<\/strong><\/p>\n\n\n\n<p><strong>Pois foi exatamente a quest\u00e3o da transpar\u00eancia que motivou os ent\u00e3o eleitos a prefeito e vice-prefeito, lembram-se?, a fazerem den\u00fancias dram\u00e1ticas perante a opini\u00e3o p\u00fablica e o Poder Judici\u00e1rio: retardamento no processo da indispens\u00e1vel transi\u00e7\u00e3o, d\u00edvidas camufladas, contas banc\u00e1rias zeradas, \u201cprefeitura falida\u201d, etc.<\/strong><\/p>\n\n\n\n<p><strong>Era dever do governo em fim de linha ter uma atitude transparente, a fim de que os novos gestores pudessem tomar p\u00e9 da heran\u00e7a recebida e organizarem-se para cumprir suas responsabilidades.<\/strong><\/p>\n\n\n\n<p><strong>PARTICIPA\u00c7\u00c3O ATIVA<\/strong><\/p>\n\n\n\n<p><strong>Pois foi exatamente com o prop\u00f3sito de chamar a aten\u00e7\u00e3o para esse fator decisivo para o sucesso do or\u00e7amento aplicado que o jornalista declarou que tanto o governo anterior quanto o atual est\u00e3o inclusos na rubrica de ref\u00e9ns de equ\u00edvocos provocados por uma vis\u00e3o m\u00edope no que seja comunica\u00e7\u00e3o em um contexto pol\u00edtico-administrativo-social.<\/strong><\/p>\n\n\n\n<p><strong>O ponto positivo \u00e9 que o novo governo pode corrigir o rumo da espa\u00e7onave cujo comando assumiu h\u00e1 dez meses. Est\u00e1 ainda protegido pelo admitido noviciado. Muitas pessoas manifestam exatamente o sentimento de que ainda \u00e9 cedo para fazer exig\u00eancias inoportunas, embora se observem muitos descontentamentos.<\/strong><\/p>\n\n\n\n<p><strong>PREFEITO N\u00c3O GOSTOU<\/strong><\/p>\n\n\n\n<p><strong>O prefeito n\u00e3o gostou, mostrando-se contrariado. Citou que a imprensa local n\u00e3o compareceu a nenhuma das audi\u00eancias preparat\u00f3rias do PPA [Plano Plurianual] realizadas nos bairros. Talvez devesse refletir um pouco sobre os prov\u00e1veis motivos para sua observa\u00e7\u00e3o, um dos quais o desaparecimento dos pr\u00f3prios ve\u00edculos, substitu\u00eddos pelas p\u00e1ginas das redes sociais, intensamente frequentadas pelas postagens do Executivo.<\/strong><\/p>\n\n\n\n<p><strong>Mas, felizmente, ainda existe entre n\u00f3s quem, de forma at\u00e9 ousada, humilde e persistente, pratica um jornalismo fiel \u00e0s suas pr\u00f3prias origens. A ressalva \u00e9 que talvez sejam malvistos e indisciplinados por preferirem publicar informa\u00e7\u00f5es de interesse p\u00fablico, mas n\u00e3o pe\u00e7as de natureza publicit\u00e1ria ou promocional, a servi\u00e7o do oportunista marketing pol\u00edtico.<\/strong><\/p>\n\n\n\n<p><strong>Referindo-se diretamente \u00e0 vitrine online declarou que esta n\u00e3o\u00a0 publicou a not\u00edcia do acordo que beneficiou os professores da rede municipal. Ou se equivocou ou n\u00e3o apreciou a forma como a not\u00edcia foi escrita. Mas \u00e9 s\u00f3 abrir a p\u00e1gina e encontrar sob o t\u00edtulo IBI\u00daNA \u2013 ACORDO ASSEGURA EQUIPARA\u00c7\u00c3O DO PISO NACIONAL AOS PROFESSORES MUNICIPAIS<\/strong><\/p>\n\n\n\n<p><strong>O cidad\u00e3o bem-informado pode se tornar um aliado do governante, desde que ele perceba que pode confiar no que v\u00ea e ouve. Antes de falar, \u00e9 preciso exercitar a escuta sincera. O povo tem um senso de propor\u00e7\u00e3o, da verdade e \u00e9 o principal term\u00f4metro para se conhecer quando um governo vai bem o mal.<\/strong><\/p>\n\n\n\n<p><strong>Quem est\u00e1 habituado a ouvir pessoas para compreend\u00ea-las e n\u00e3o para responder, \u00e0s vezes interrompendo a fala do outro, acaba percebendo alguns segredos fundamentais do comportamento humano, seja no plano dos indiv\u00edduos e da coletividade.<\/strong><\/p>\n\n\n\n<p><strong>Em suma: transpar\u00eancia \u00e9 dever dos administradores perante a sociedade que os mant\u00e9m.<\/strong><\/p>\n\n\n\n<p><strong>Quando a finalidade principal dos vereadores \u2013 fiscalizar as a\u00e7\u00f5es do Poder Executivo \u2013 coincidir com os prop\u00f3sitos e disposi\u00e7\u00f5es do Executivo, a\u00ed poderemos ter, enfim, o exerc\u00edcio da pol\u00edtica em seu sentido de organizar a vida social pelo bem comum.<\/strong><\/p>\n\n\n\n<p><strong>Sabemos que essa perspectiva, comparada com a dura realidade, pode soar como utopia, mas n\u00e3o ser\u00e1 uma loucura viver eternamente de esperan\u00e7a?<\/strong><\/p>\n\n\n\n<p><strong>Por \u00faltimo, mas n\u00e3o menos importante, acredite, prefeito M\u00e1rio Pires, n\u00f3s continuamos torcendo para que seu governo d\u00ea certo. Est\u00e1vamos de saco cheio da mesmice retr\u00f3grada. (Carlos Rossini)<\/strong><\/p>\n\n\n\n<p><strong><em>*Na foto, da esquerda para a direita: prefeito M\u00e1rio Pires; Carlinhos Marques, presidente da Comiss\u00e3o de Or\u00e7amento e Finan\u00e7as; e Paulinho Dias, presidente da C\u00e2mara Municipal \u2013 durante a audi\u00eancia p\u00fablica dos or\u00e7amentos plurianual [2026-2029] e para 2026.<\/em><\/strong><\/p>\n","protected":false},"excerpt":{"rendered":"<p>H\u00e1 um roteiro l\u00f3gico na arte da ret\u00f3rica. Prop\u00f5e a seguinte ordem: primeiro vem o pensamento, em seguida, a palavra,<\/p>\n","protected":false},"author":1,"featured_media":34372,"comment_status":"open","ping_status":"open","sticky":false,"template":"","format":"standard","meta":[],"categories":[3],"tags":[],"yoast_head":"<!-- This site is optimized with the Yoast SEO plugin v15.8 - https:\/\/yoast.com\/wordpress\/plugins\/seo\/ -->\n<title>UMA QUEST\u00c3O DE TRANSPAR\u00caNCIA - Revista Vitrine Online<\/title>\n<meta name=\"robots\" content=\"index, follow, max-snippet:-1, max-image-preview:large, max-video-preview:-1\" \/>\n<link rel=\"canonical\" href=\"http:\/\/revistavitrineibiuna.com.br\/?p=34371\" \/>\n<meta property=\"og:locale\" content=\"pt_BR\" \/>\n<meta property=\"og:type\" content=\"article\" \/>\n<meta property=\"og:title\" content=\"UMA QUEST\u00c3O DE TRANSPAR\u00caNCIA - Revista Vitrine Online\" \/>\n<meta property=\"og:description\" content=\"H\u00e1 um roteiro l\u00f3gico na arte da ret\u00f3rica. Prop\u00f5e a seguinte ordem: primeiro vem o pensamento, em seguida, a palavra,\" \/>\n<meta property=\"og:url\" content=\"http:\/\/revistavitrineibiuna.com.br\/?p=34371\" \/>\n<meta property=\"og:site_name\" content=\"Revista Vitrine Online\" \/>\n<meta property=\"article:published_time\" content=\"2025-10-16T00:34:26+00:00\" \/>\n<meta property=\"article:modified_time\" content=\"2025-10-16T00:51:46+00:00\" \/>\n<meta property=\"og:image\" content=\"https:\/\/revistavitrineibiuna.com.br\/wp-content\/uploads\/2025\/10\/mario-carlinhos-e-paulinho.png\" \/>\n\t<meta property=\"og:image:width\" content=\"576\" \/>\n\t<meta property=\"og:image:height\" content=\"399\" \/>\n<meta name=\"twitter:card\" content=\"summary\" \/>\n<meta name=\"twitter:label1\" content=\"Est. reading time\">\n\t<meta name=\"twitter:data1\" content=\"5 minutos\">\n<script type=\"application\/ld+json\" class=\"yoast-schema-graph\">{\"@context\":\"https:\/\/schema.org\",\"@graph\":[{\"@type\":\"WebSite\",\"@id\":\"https:\/\/revistavitrineibiuna.com.br\/#website\",\"url\":\"https:\/\/revistavitrineibiuna.com.br\/\",\"name\":\"Revista Vitrine Ibi\\u00fana\",\"description\":\"A Revista de Ibi\\u00fana e Regi\\u00e3o\",\"publisher\":{\"@id\":\"https:\/\/revistavitrineibiuna.com.br\/#\/schema\/person\/e51ef49d6d88170ea21ceabff3f73deb\"},\"potentialAction\":[{\"@type\":\"SearchAction\",\"target\":\"https:\/\/revistavitrineibiuna.com.br\/?s={search_term_string}\",\"query-input\":\"required name=search_term_string\"}],\"inLanguage\":\"pt-BR\"},{\"@type\":\"ImageObject\",\"@id\":\"http:\/\/revistavitrineibiuna.com.br\/?p=34371#primaryimage\",\"inLanguage\":\"pt-BR\",\"url\":\"https:\/\/revistavitrineibiuna.com.br\/wp-content\/uploads\/2025\/10\/mario-carlinhos-e-paulinho.png\",\"width\":576,\"height\":399},{\"@type\":\"WebPage\",\"@id\":\"http:\/\/revistavitrineibiuna.com.br\/?p=34371#webpage\",\"url\":\"http:\/\/revistavitrineibiuna.com.br\/?p=34371\",\"name\":\"UMA QUEST\\u00c3O DE TRANSPAR\\u00caNCIA - Revista Vitrine Online\",\"isPartOf\":{\"@id\":\"https:\/\/revistavitrineibiuna.com.br\/#website\"},\"primaryImageOfPage\":{\"@id\":\"http:\/\/revistavitrineibiuna.com.br\/?p=34371#primaryimage\"},\"datePublished\":\"2025-10-16T00:34:26+00:00\",\"dateModified\":\"2025-10-16T00:51:46+00:00\",\"breadcrumb\":{\"@id\":\"http:\/\/revistavitrineibiuna.com.br\/?p=34371#breadcrumb\"},\"inLanguage\":\"pt-BR\",\"potentialAction\":[{\"@type\":\"ReadAction\",\"target\":[\"http:\/\/revistavitrineibiuna.com.br\/?p=34371\"]}]},{\"@type\":\"BreadcrumbList\",\"@id\":\"http:\/\/revistavitrineibiuna.com.br\/?p=34371#breadcrumb\",\"itemListElement\":[{\"@type\":\"ListItem\",\"position\":1,\"item\":{\"@type\":\"WebPage\",\"@id\":\"https:\/\/revistavitrineibiuna.com.br\/\",\"url\":\"https:\/\/revistavitrineibiuna.com.br\/\",\"name\":\"In\\u00edcio\"}},{\"@type\":\"ListItem\",\"position\":2,\"item\":{\"@type\":\"WebPage\",\"@id\":\"http:\/\/revistavitrineibiuna.com.br\/?p=34371\",\"url\":\"http:\/\/revistavitrineibiuna.com.br\/?p=34371\",\"name\":\"UMA QUEST\\u00c3O DE TRANSPAR\\u00caNCIA\"}}]},{\"@type\":\"Article\",\"@id\":\"http:\/\/revistavitrineibiuna.com.br\/?p=34371#article\",\"isPartOf\":{\"@id\":\"http:\/\/revistavitrineibiuna.com.br\/?p=34371#webpage\"},\"author\":{\"@id\":\"https:\/\/revistavitrineibiuna.com.br\/#\/schema\/person\/e51ef49d6d88170ea21ceabff3f73deb\"},\"headline\":\"UMA QUEST\\u00c3O DE TRANSPAR\\u00caNCIA\",\"datePublished\":\"2025-10-16T00:34:26+00:00\",\"dateModified\":\"2025-10-16T00:51:46+00:00\",\"mainEntityOfPage\":{\"@id\":\"http:\/\/revistavitrineibiuna.com.br\/?p=34371#webpage\"},\"commentCount\":0,\"publisher\":{\"@id\":\"https:\/\/revistavitrineibiuna.com.br\/#\/schema\/person\/e51ef49d6d88170ea21ceabff3f73deb\"},\"image\":{\"@id\":\"http:\/\/revistavitrineibiuna.com.br\/?p=34371#primaryimage\"},\"articleSection\":\"Not\\u00edcias\",\"inLanguage\":\"pt-BR\",\"potentialAction\":[{\"@type\":\"CommentAction\",\"name\":\"Comment\",\"target\":[\"http:\/\/revistavitrineibiuna.com.br\/?p=34371#respond\"]}]},{\"@type\":[\"Person\",\"Organization\"],\"@id\":\"https:\/\/revistavitrineibiuna.com.br\/#\/schema\/person\/e51ef49d6d88170ea21ceabff3f73deb\",\"name\":\"Carlos Rossini\",\"image\":{\"@type\":\"ImageObject\",\"@id\":\"https:\/\/revistavitrineibiuna.com.br\/#personlogo\",\"inLanguage\":\"pt-BR\",\"url\":\"https:\/\/secure.gravatar.com\/avatar\/4f2d0f99fac1f85c7d643f21f5c8d900?s=96&d=mm&r=g\",\"caption\":\"Carlos Rossini\"},\"logo\":{\"@id\":\"https:\/\/revistavitrineibiuna.com.br\/#personlogo\"},\"description\":\"Carlos Rossini \\u00e9 jornalista, soci\\u00f3logo, escritor e professor universit\\u00e1rio, tendo sido professor de jornalismo por vinte anos. Trabalhou em ve\\u00edculos de comunica\\u00e7\\u00e3o nas fun\\u00e7\\u00f5es de rep\\u00f3rter, redator, editor, articulista e colaborador, como Folha de S. Paulo, O Estado de S. Paulo, Di\\u00e1rio Popular, entre outros. Ao transferir a revista vitrine, vers\\u00e3o imprensa, de S\\u00e3o Paulo para Ibi\\u00fana h\\u00e1 alguns anos, iniciou uma nova experi\\u00eancia profissional, dedicando-se ao jornalismo regional, depois de cumprir uma trajet\\u00f3ria bem-sucedida na grande imprensa brasileira. Seu primeiro livro A Coragem de Comunicar foi lan\\u00e7ado na Bienal do Livro em S\\u00e3o Paulo no ano 2000, pela editora Madras.\"}]}<\/script>\n<!-- \/ Yoast SEO plugin. -->","_links":{"self":[{"href":"https:\/\/revistavitrineibiuna.com.br\/index.php?rest_route=\/wp\/v2\/posts\/34371"}],"collection":[{"href":"https:\/\/revistavitrineibiuna.com.br\/index.php?rest_route=\/wp\/v2\/posts"}],"about":[{"href":"https:\/\/revistavitrineibiuna.com.br\/index.php?rest_route=\/wp\/v2\/types\/post"}],"author":[{"embeddable":true,"href":"https:\/\/revistavitrineibiuna.com.br\/index.php?rest_route=\/wp\/v2\/users\/1"}],"replies":[{"embeddable":true,"href":"https:\/\/revistavitrineibiuna.com.br\/index.php?rest_route=%2Fwp%2Fv2%2Fcomments&post=34371"}],"version-history":[{"count":3,"href":"https:\/\/revistavitrineibiuna.com.br\/index.php?rest_route=\/wp\/v2\/posts\/34371\/revisions"}],"predecessor-version":[{"id":34375,"href":"https:\/\/revistavitrineibiuna.com.br\/index.php?rest_route=\/wp\/v2\/posts\/34371\/revisions\/34375"}],"wp:featuredmedia":[{"embeddable":true,"href":"https:\/\/revistavitrineibiuna.com.br\/index.php?rest_route=\/wp\/v2\/media\/34372"}],"wp:attachment":[{"href":"https:\/\/revistavitrineibiuna.com.br\/index.php?rest_route=%2Fwp%2Fv2%2Fmedia&parent=34371"}],"wp:term":[{"taxonomy":"category","embeddable":true,"href":"https:\/\/revistavitrineibiuna.com.br\/index.php?rest_route=%2Fwp%2Fv2%2Fcategories&post=34371"},{"taxonomy":"post_tag","embeddable":true,"href":"https:\/\/revistavitrineibiuna.com.br\/index.php?rest_route=%2Fwp%2Fv2%2Ftags&post=34371"}],"curies":[{"name":"wp","href":"https:\/\/api.w.org\/{rel}","templated":true}]}}