{"id":34376,"date":"2025-10-17T13:29:24","date_gmt":"2025-10-17T16:29:24","guid":{"rendered":"http:\/\/revistavitrineibiuna.com.br\/?p=34376"},"modified":"2025-10-17T14:27:19","modified_gmt":"2025-10-17T17:27:19","slug":"ibiuna-suspeito-de-abuso-sexual-de-11-mulheres-preparava-fuga","status":"publish","type":"post","link":"https:\/\/revistavitrineibiuna.com.br\/?p=34376","title":{"rendered":"IBI\u00daNA \u2013 SUSPEITO DE ABUSO SEXUAL DE 11 MULHERES PREPARAVA FUGA"},"content":{"rendered":"\n<p class=\"has-drop-cap\"><strong>O homem de 55 anos, suspeito de abusar de 11 mulheres da pr\u00f3pria fam\u00edlia [filhas, netas e sobrinha] se preparava para fugir antes de ser preso no \u00faltimo s\u00e1bado (11) no Samano, na regi\u00e3o da Vargem do Salto, no munic\u00edpio de Ibi\u00fana, informou \u00e0 vitrine online o Dr. J\u00falio Grossi, delegado que coordenou as a\u00e7\u00f5es de captura.<\/strong><\/p>\n\n\n\n<p><strong>Tr\u00eas filhas de I.A.D. foram as primeiras a fazerem as den\u00fancias. Na sequ\u00eancia, outras mulheres v\u00edtimas tamb\u00e9m fizeram relatos aos escriv\u00e3es de virar o est\u00f4mago, mesmo em autoridades com anos de carreira e habituadas com grande diversidade da viol\u00eancia que aflige a sociedade.<\/strong><\/p>\n\n\n\n<p><strong>\u201cEu nunca tinha deparado perto de mim com tamanha covardia pela viol\u00eancia praticada contra crian\u00e7as e adolescentes, seres sabidamente vulner\u00e1veis\u201d, disse um agente.<\/strong><\/p>\n\n\n\n<p><strong>Al\u00e9m da filha hoje com 22 anos, que declarou ter sido abusada pelo pai dos 6 aos 12 anos, o suspeito tamb\u00e9m foi apontado por abusar da pr\u00f3pria neta, uma menina autista.<\/strong><\/p>\n\n\n\n<p><strong>T\u00e3o logo soube das den\u00fancias, o delegado tomou provid\u00eancias imediatas junto ao F\u00f3rum de Ibi\u00fana para obter o mandado de pris\u00e3o que foi liberado em poucas horas, tendo em vista a gravidade dos fatos.<\/strong><\/p>\n\n\n\n<p><strong>Assim que teve acesso a um \u00e1udio em que o suspeito dizia que ia fugir, a policia civil iniciou uma campana na quinta-feira (9) nos locais de passagem do suspeito, em conjunto com uma equipe da Guarda Civil Municipal de Ibi\u00fana \u2013 GCM.<\/strong><\/p>\n\n\n\n<p><strong>No s\u00e1bado (11), \u00e0s 12h45, a equipe da GCM que conhece a regi\u00e3o interceptou e prendeu o suspeito que passava no seu carro numa estradinha no meio do mato.<\/strong><\/p>\n\n\n\n<p><strong>\u201cN\u00c3O SE LEMBRAVA\u201d<\/strong><\/p>\n\n\n\n<p><strong>Ao ser interrogado na delegacia o suspeito disse que \u201cn\u00e3o se lembrava de nada\u201d, em rela\u00e7\u00e3o aos fatos relatados pelas v\u00edtimas Uma das mulheres ouvidas por vitrine online informou que I.A.D. \u00e9 m\u00fasico, evang\u00e9lico, e frequentava uma igreja na regi\u00e3o, fato que provocou perplexidade no meio da irmandade religiosa.<\/strong><\/p>\n\n\n\n<p><strong>INQU\u00c9RITO<\/strong><\/p>\n\n\n\n<p><strong>O delegado informou que o suspeito est\u00e1 preso da Penitenci\u00e1ria de Sorocaba, em \u00e1rea isolada, e que o inqu\u00e9rito j\u00e1 est\u00e1 bem avan\u00e7ado e que ser\u00e1 conclu\u00eddo nos pr\u00f3ximos dias.<\/strong><\/p>\n\n\n\n<p><strong>REVOLTA<\/strong><\/p>\n\n\n\n<p><strong>A not\u00edcia desse caso publicada na revista vitrine online no \u00faltimo s\u00e1bado (11), exatamente no dia da pris\u00e3o, foi visualizada por mais de 50 mil pessoas em Ibi\u00fana e Regi\u00e3o, provocando imensa revolta na popula\u00e7\u00e3o.<\/strong><\/p>\n\n\n\n<p><strong>Muitos leitores e leitoras pediram para que sua foto fosse publicada, \u201cmostre a cara desse lixo, desse monstro&#8230;\u201d, o que \u00e9 proibido por lei, enquanto ele n\u00e3o for julgado pela Justi\u00e7a pelos crimes que lhe s\u00e3o imputados.<\/strong><\/p>\n","protected":false},"excerpt":{"rendered":"<p>O homem de 55 anos, suspeito de abusar de 11 mulheres da pr\u00f3pria fam\u00edlia [filhas, netas e sobrinha] se preparava<\/p>\n","protected":false},"author":1,"featured_media":34377,"comment_status":"open","ping_status":"open","sticky":false,"template":"","format":"standard","meta":[],"categories":[3],"tags":[],"yoast_head":"<!-- This site is optimized with the Yoast SEO plugin v15.8 - https:\/\/yoast.com\/wordpress\/plugins\/seo\/ -->\n<title>IBI\u00daNA \u2013 SUSPEITO DE ABUSO SEXUAL DE 11 MULHERES PREPARAVA FUGA - Revista Vitrine Online<\/title>\n<meta name=\"robots\" content=\"index, follow, max-snippet:-1, max-image-preview:large, max-video-preview:-1\" \/>\n<link rel=\"canonical\" href=\"http:\/\/revistavitrineibiuna.com.br\/?p=34376\" \/>\n<meta property=\"og:locale\" content=\"pt_BR\" \/>\n<meta property=\"og:type\" content=\"article\" \/>\n<meta property=\"og:title\" content=\"IBI\u00daNA \u2013 SUSPEITO DE ABUSO SEXUAL DE 11 MULHERES PREPARAVA FUGA - Revista Vitrine Online\" \/>\n<meta property=\"og:description\" content=\"O homem de 55 anos, suspeito de abusar de 11 mulheres da pr\u00f3pria fam\u00edlia [filhas, netas e sobrinha] se preparava\" \/>\n<meta property=\"og:url\" content=\"http:\/\/revistavitrineibiuna.com.br\/?p=34376\" \/>\n<meta property=\"og:site_name\" content=\"Revista Vitrine Online\" \/>\n<meta property=\"article:published_time\" content=\"2025-10-17T16:29:24+00:00\" \/>\n<meta property=\"article:modified_time\" content=\"2025-10-17T17:27:19+00:00\" \/>\n<meta property=\"og:image\" content=\"https:\/\/revistavitrineibiuna.com.br\/wp-content\/uploads\/2025\/10\/APOS-SER-PRESO.png\" \/>\n\t<meta property=\"og:image:width\" content=\"848\" \/>\n\t<meta property=\"og:image:height\" content=\"564\" \/>\n<meta name=\"twitter:card\" content=\"summary\" \/>\n<meta name=\"twitter:label1\" content=\"Est. reading time\">\n\t<meta name=\"twitter:data1\" content=\"2 minutos\">\n<script type=\"application\/ld+json\" class=\"yoast-schema-graph\">{\"@context\":\"https:\/\/schema.org\",\"@graph\":[{\"@type\":\"WebSite\",\"@id\":\"https:\/\/revistavitrineibiuna.com.br\/#website\",\"url\":\"https:\/\/revistavitrineibiuna.com.br\/\",\"name\":\"Revista Vitrine Ibi\\u00fana\",\"description\":\"A Revista de Ibi\\u00fana e Regi\\u00e3o\",\"publisher\":{\"@id\":\"https:\/\/revistavitrineibiuna.com.br\/#\/schema\/person\/e51ef49d6d88170ea21ceabff3f73deb\"},\"potentialAction\":[{\"@type\":\"SearchAction\",\"target\":\"https:\/\/revistavitrineibiuna.com.br\/?s={search_term_string}\",\"query-input\":\"required name=search_term_string\"}],\"inLanguage\":\"pt-BR\"},{\"@type\":\"ImageObject\",\"@id\":\"http:\/\/revistavitrineibiuna.com.br\/?p=34376#primaryimage\",\"inLanguage\":\"pt-BR\",\"url\":\"https:\/\/revistavitrineibiuna.com.br\/wp-content\/uploads\/2025\/10\/APOS-SER-PRESO.png\",\"width\":848,\"height\":564},{\"@type\":\"WebPage\",\"@id\":\"http:\/\/revistavitrineibiuna.com.br\/?p=34376#webpage\",\"url\":\"http:\/\/revistavitrineibiuna.com.br\/?p=34376\",\"name\":\"IBI\\u00daNA \\u2013 SUSPEITO DE ABUSO SEXUAL DE 11 MULHERES PREPARAVA FUGA - Revista Vitrine Online\",\"isPartOf\":{\"@id\":\"https:\/\/revistavitrineibiuna.com.br\/#website\"},\"primaryImageOfPage\":{\"@id\":\"http:\/\/revistavitrineibiuna.com.br\/?p=34376#primaryimage\"},\"datePublished\":\"2025-10-17T16:29:24+00:00\",\"dateModified\":\"2025-10-17T17:27:19+00:00\",\"breadcrumb\":{\"@id\":\"http:\/\/revistavitrineibiuna.com.br\/?p=34376#breadcrumb\"},\"inLanguage\":\"pt-BR\",\"potentialAction\":[{\"@type\":\"ReadAction\",\"target\":[\"http:\/\/revistavitrineibiuna.com.br\/?p=34376\"]}]},{\"@type\":\"BreadcrumbList\",\"@id\":\"http:\/\/revistavitrineibiuna.com.br\/?p=34376#breadcrumb\",\"itemListElement\":[{\"@type\":\"ListItem\",\"position\":1,\"item\":{\"@type\":\"WebPage\",\"@id\":\"https:\/\/revistavitrineibiuna.com.br\/\",\"url\":\"https:\/\/revistavitrineibiuna.com.br\/\",\"name\":\"In\\u00edcio\"}},{\"@type\":\"ListItem\",\"position\":2,\"item\":{\"@type\":\"WebPage\",\"@id\":\"http:\/\/revistavitrineibiuna.com.br\/?p=34376\",\"url\":\"http:\/\/revistavitrineibiuna.com.br\/?p=34376\",\"name\":\"IBI\\u00daNA \\u2013 SUSPEITO DE ABUSO SEXUAL DE 11 MULHERES PREPARAVA FUGA\"}}]},{\"@type\":\"Article\",\"@id\":\"http:\/\/revistavitrineibiuna.com.br\/?p=34376#article\",\"isPartOf\":{\"@id\":\"http:\/\/revistavitrineibiuna.com.br\/?p=34376#webpage\"},\"author\":{\"@id\":\"https:\/\/revistavitrineibiuna.com.br\/#\/schema\/person\/e51ef49d6d88170ea21ceabff3f73deb\"},\"headline\":\"IBI\\u00daNA \\u2013 SUSPEITO DE ABUSO SEXUAL DE 11 MULHERES PREPARAVA FUGA\",\"datePublished\":\"2025-10-17T16:29:24+00:00\",\"dateModified\":\"2025-10-17T17:27:19+00:00\",\"mainEntityOfPage\":{\"@id\":\"http:\/\/revistavitrineibiuna.com.br\/?p=34376#webpage\"},\"commentCount\":0,\"publisher\":{\"@id\":\"https:\/\/revistavitrineibiuna.com.br\/#\/schema\/person\/e51ef49d6d88170ea21ceabff3f73deb\"},\"image\":{\"@id\":\"http:\/\/revistavitrineibiuna.com.br\/?p=34376#primaryimage\"},\"articleSection\":\"Not\\u00edcias\",\"inLanguage\":\"pt-BR\",\"potentialAction\":[{\"@type\":\"CommentAction\",\"name\":\"Comment\",\"target\":[\"http:\/\/revistavitrineibiuna.com.br\/?p=34376#respond\"]}]},{\"@type\":[\"Person\",\"Organization\"],\"@id\":\"https:\/\/revistavitrineibiuna.com.br\/#\/schema\/person\/e51ef49d6d88170ea21ceabff3f73deb\",\"name\":\"Carlos Rossini\",\"image\":{\"@type\":\"ImageObject\",\"@id\":\"https:\/\/revistavitrineibiuna.com.br\/#personlogo\",\"inLanguage\":\"pt-BR\",\"url\":\"https:\/\/secure.gravatar.com\/avatar\/4f2d0f99fac1f85c7d643f21f5c8d900?s=96&d=mm&r=g\",\"caption\":\"Carlos Rossini\"},\"logo\":{\"@id\":\"https:\/\/revistavitrineibiuna.com.br\/#personlogo\"},\"description\":\"Carlos Rossini \\u00e9 jornalista, soci\\u00f3logo, escritor e professor universit\\u00e1rio, tendo sido professor de jornalismo por vinte anos. Trabalhou em ve\\u00edculos de comunica\\u00e7\\u00e3o nas fun\\u00e7\\u00f5es de rep\\u00f3rter, redator, editor, articulista e colaborador, como Folha de S. Paulo, O Estado de S. Paulo, Di\\u00e1rio Popular, entre outros. Ao transferir a revista vitrine, vers\\u00e3o imprensa, de S\\u00e3o Paulo para Ibi\\u00fana h\\u00e1 alguns anos, iniciou uma nova experi\\u00eancia profissional, dedicando-se ao jornalismo regional, depois de cumprir uma trajet\\u00f3ria bem-sucedida na grande imprensa brasileira. Seu primeiro livro A Coragem de Comunicar foi lan\\u00e7ado na Bienal do Livro em S\\u00e3o Paulo no ano 2000, pela editora Madras.\"}]}<\/script>\n<!-- \/ Yoast SEO plugin. -->","_links":{"self":[{"href":"https:\/\/revistavitrineibiuna.com.br\/index.php?rest_route=\/wp\/v2\/posts\/34376"}],"collection":[{"href":"https:\/\/revistavitrineibiuna.com.br\/index.php?rest_route=\/wp\/v2\/posts"}],"about":[{"href":"https:\/\/revistavitrineibiuna.com.br\/index.php?rest_route=\/wp\/v2\/types\/post"}],"author":[{"embeddable":true,"href":"https:\/\/revistavitrineibiuna.com.br\/index.php?rest_route=\/wp\/v2\/users\/1"}],"replies":[{"embeddable":true,"href":"https:\/\/revistavitrineibiuna.com.br\/index.php?rest_route=%2Fwp%2Fv2%2Fcomments&post=34376"}],"version-history":[{"count":3,"href":"https:\/\/revistavitrineibiuna.com.br\/index.php?rest_route=\/wp\/v2\/posts\/34376\/revisions"}],"predecessor-version":[{"id":34380,"href":"https:\/\/revistavitrineibiuna.com.br\/index.php?rest_route=\/wp\/v2\/posts\/34376\/revisions\/34380"}],"wp:featuredmedia":[{"embeddable":true,"href":"https:\/\/revistavitrineibiuna.com.br\/index.php?rest_route=\/wp\/v2\/media\/34377"}],"wp:attachment":[{"href":"https:\/\/revistavitrineibiuna.com.br\/index.php?rest_route=%2Fwp%2Fv2%2Fmedia&parent=34376"}],"wp:term":[{"taxonomy":"category","embeddable":true,"href":"https:\/\/revistavitrineibiuna.com.br\/index.php?rest_route=%2Fwp%2Fv2%2Fcategories&post=34376"},{"taxonomy":"post_tag","embeddable":true,"href":"https:\/\/revistavitrineibiuna.com.br\/index.php?rest_route=%2Fwp%2Fv2%2Ftags&post=34376"}],"curies":[{"name":"wp","href":"https:\/\/api.w.org\/{rel}","templated":true}]}}