{"id":34382,"date":"2025-10-20T20:14:44","date_gmt":"2025-10-20T23:14:44","guid":{"rendered":"http:\/\/revistavitrineibiuna.com.br\/?p=34382"},"modified":"2025-10-20T20:33:58","modified_gmt":"2025-10-20T23:33:58","slug":"ibiuna-prefeitura-da-desconto-ate-100-em-juros-e-multas-em-quitacao-de-dividas","status":"publish","type":"post","link":"https:\/\/revistavitrineibiuna.com.br\/?p=34382","title":{"rendered":"IBI\u00daNA \u2013 PREFEITURA D\u00c1 DESCONTO AT\u00c9 100% EM JUROS E MULTAS NA QUITA\u00c7\u00c3O DE D\u00cdVIDAS"},"content":{"rendered":"\n<p class=\"has-drop-cap\"><strong>A prefeitura de Ibi\u00fana lan\u00e7ou tabela de descontos para quita\u00e7\u00e3o de d\u00edvidas com o munic\u00edpio que varia de 50% a 100% em juros e multas. O Programa 100% Ibi\u00fana vai durar at\u00e9 o dia 19 de dezembro com condi\u00e7\u00f5es especiais e parcelamento em at\u00e9 48 vezes.<\/strong><\/p>\n\n\n\n<p><strong>Este ano, o Executivo aumentou do n\u00famero de parcelas, que passou de 36 para at\u00e9 48, e ampliou desconto m\u00e1ximo de 100%, para pagamento \u00e0 vista, que agora tamb\u00e9m vale para pagamentos parcelados em at\u00e9 3 vezes.<\/strong><\/p>\n\n\n\n<p><strong>O programa \u00e9 v\u00e1lido para d\u00edvidas inscritas ou n\u00e3o na d\u00edvida ativa, em fase administrativa ou judicial. O prazo para ades\u00e3o vai at\u00e9 o dia 19 de dezembro de 2025.<\/strong><\/p>\n\n\n\n<p><strong>Ap\u00f3s esse per\u00edodo, o benef\u00edcio ser\u00e1 mantido at\u00e9 1\u00ba de maio de 2026, com desconto reduzido para 20% em juros e multas e possibilidade de parcelamento em at\u00e9 12 vezes.<\/strong><\/p>\n\n\n\n<p><strong>ON-LINE<\/strong><\/p>\n\n\n\n<p><strong>Al\u00e9m disso, a Prefeitura modernizou o processo de ades\u00e3o: o contribuinte n\u00e3o precisa mais comparecer presencialmente ao Pa\u00e7o Municipal. Toda a negocia\u00e7\u00e3o pode ser feita on-line, diretamente no site da Prefeitura de Ibi\u00fana, com envio digital dos documentos necess\u00e1rios.<\/strong><\/p>\n\n\n\n<p><strong>CONDI\u00c7\u00d5ES DE PAGAMENTO<\/strong><\/p>\n\n\n\n<p><strong>\u2022&nbsp;&nbsp;&nbsp;&nbsp;&nbsp;&nbsp;&nbsp;&nbsp; 100% de desconto em juros e multas \u2013 \u00e0 vista ou em at\u00e9 3x<\/strong><\/p>\n\n\n\n<p><strong>\u2022&nbsp;&nbsp;&nbsp;&nbsp;&nbsp;&nbsp;&nbsp;&nbsp; 90% de desconto \u2013 de 4x at\u00e9 6x<\/strong><\/p>\n\n\n\n<p><strong>\u2022&nbsp;&nbsp;&nbsp;&nbsp;&nbsp;&nbsp;&nbsp;&nbsp; 80% de desconto \u2013 de 7x at\u00e9 12x<\/strong><\/p>\n\n\n\n<p><strong>\u2022&nbsp;&nbsp;&nbsp;&nbsp;&nbsp;&nbsp;&nbsp;&nbsp; 70% de desconto \u2013 de 13x at\u00e9 24x<\/strong><\/p>\n\n\n\n<p><strong>\u2022&nbsp;&nbsp;&nbsp;&nbsp;&nbsp;&nbsp;&nbsp;&nbsp; 60% de desconto \u2013 de 25x at\u00e9 36x<\/strong><\/p>\n\n\n\n<p><strong>\u2022&nbsp;&nbsp;&nbsp;&nbsp;&nbsp;&nbsp;&nbsp;&nbsp; 50% de desconto \u2013 de 37x at\u00e9 48x<\/strong><\/p>\n\n\n\n<p><strong>O vencimento da primeira parcela ser\u00e1 em at\u00e9 cinco dias \u00fateis ap\u00f3s o acordo, e as demais seguir\u00e3o na mesma data de vencimento nos meses seguintes.<\/strong><\/p>\n\n\n\n<p><strong>\u201cA Prefeitura de Ibi\u00fana refor\u00e7a que o objetivo do programa \u00e9 incentivar a regulariza\u00e7\u00e3o fiscal dos cidad\u00e3os e empresas, oferecendo condi\u00e7\u00f5es acess\u00edveis para quita\u00e7\u00e3o de d\u00e9bitos, al\u00e9m de contribuir para o fortalecimento das receitas municipais, que retornam em benef\u00edcios e melhorias para toda a popula\u00e7\u00e3o\u201d, informa o comunicado oficial da municipalidade.<\/strong><\/p>\n","protected":false},"excerpt":{"rendered":"<p>A prefeitura de Ibi\u00fana lan\u00e7ou tabela de descontos para quita\u00e7\u00e3o de d\u00edvidas com o munic\u00edpio que varia de 50% a<\/p>\n","protected":false},"author":1,"featured_media":34383,"comment_status":"open","ping_status":"open","sticky":false,"template":"","format":"standard","meta":[],"categories":[3],"tags":[],"yoast_head":"<!-- This site is optimized with the Yoast SEO plugin v15.8 - https:\/\/yoast.com\/wordpress\/plugins\/seo\/ -->\n<title>IBI\u00daNA \u2013 PREFEITURA D\u00c1 DESCONTO AT\u00c9 100% EM JUROS E MULTAS NA QUITA\u00c7\u00c3O DE D\u00cdVIDAS - Revista Vitrine Online<\/title>\n<meta name=\"robots\" content=\"index, follow, max-snippet:-1, max-image-preview:large, max-video-preview:-1\" \/>\n<link rel=\"canonical\" href=\"http:\/\/revistavitrineibiuna.com.br\/?p=34382\" \/>\n<meta property=\"og:locale\" content=\"pt_BR\" \/>\n<meta property=\"og:type\" content=\"article\" \/>\n<meta property=\"og:title\" content=\"IBI\u00daNA \u2013 PREFEITURA D\u00c1 DESCONTO AT\u00c9 100% EM JUROS E MULTAS NA QUITA\u00c7\u00c3O DE D\u00cdVIDAS - Revista Vitrine Online\" \/>\n<meta property=\"og:description\" content=\"A prefeitura de Ibi\u00fana lan\u00e7ou tabela de descontos para quita\u00e7\u00e3o de d\u00edvidas com o munic\u00edpio que varia de 50% a\" \/>\n<meta property=\"og:url\" content=\"http:\/\/revistavitrineibiuna.com.br\/?p=34382\" \/>\n<meta property=\"og:site_name\" content=\"Revista Vitrine Online\" \/>\n<meta property=\"article:published_time\" content=\"2025-10-20T23:14:44+00:00\" \/>\n<meta property=\"article:modified_time\" content=\"2025-10-20T23:33:58+00:00\" \/>\n<meta property=\"og:image\" content=\"https:\/\/revistavitrineibiuna.com.br\/wp-content\/uploads\/2025\/10\/foto-quitacao-de-dividas.png\" \/>\n\t<meta property=\"og:image:width\" content=\"1280\" \/>\n\t<meta property=\"og:image:height\" content=\"720\" \/>\n<meta name=\"twitter:card\" content=\"summary\" \/>\n<meta name=\"twitter:label1\" content=\"Est. reading time\">\n\t<meta name=\"twitter:data1\" content=\"2 minutos\">\n<script type=\"application\/ld+json\" class=\"yoast-schema-graph\">{\"@context\":\"https:\/\/schema.org\",\"@graph\":[{\"@type\":\"WebSite\",\"@id\":\"https:\/\/revistavitrineibiuna.com.br\/#website\",\"url\":\"https:\/\/revistavitrineibiuna.com.br\/\",\"name\":\"Revista Vitrine Ibi\\u00fana\",\"description\":\"A Revista de Ibi\\u00fana e Regi\\u00e3o\",\"publisher\":{\"@id\":\"https:\/\/revistavitrineibiuna.com.br\/#\/schema\/person\/e51ef49d6d88170ea21ceabff3f73deb\"},\"potentialAction\":[{\"@type\":\"SearchAction\",\"target\":\"https:\/\/revistavitrineibiuna.com.br\/?s={search_term_string}\",\"query-input\":\"required name=search_term_string\"}],\"inLanguage\":\"pt-BR\"},{\"@type\":\"ImageObject\",\"@id\":\"http:\/\/revistavitrineibiuna.com.br\/?p=34382#primaryimage\",\"inLanguage\":\"pt-BR\",\"url\":\"https:\/\/revistavitrineibiuna.com.br\/wp-content\/uploads\/2025\/10\/foto-quitacao-de-dividas.png\",\"width\":1280,\"height\":720},{\"@type\":\"WebPage\",\"@id\":\"http:\/\/revistavitrineibiuna.com.br\/?p=34382#webpage\",\"url\":\"http:\/\/revistavitrineibiuna.com.br\/?p=34382\",\"name\":\"IBI\\u00daNA \\u2013 PREFEITURA D\\u00c1 DESCONTO AT\\u00c9 100% EM JUROS E MULTAS NA QUITA\\u00c7\\u00c3O DE D\\u00cdVIDAS - Revista Vitrine Online\",\"isPartOf\":{\"@id\":\"https:\/\/revistavitrineibiuna.com.br\/#website\"},\"primaryImageOfPage\":{\"@id\":\"http:\/\/revistavitrineibiuna.com.br\/?p=34382#primaryimage\"},\"datePublished\":\"2025-10-20T23:14:44+00:00\",\"dateModified\":\"2025-10-20T23:33:58+00:00\",\"breadcrumb\":{\"@id\":\"http:\/\/revistavitrineibiuna.com.br\/?p=34382#breadcrumb\"},\"inLanguage\":\"pt-BR\",\"potentialAction\":[{\"@type\":\"ReadAction\",\"target\":[\"http:\/\/revistavitrineibiuna.com.br\/?p=34382\"]}]},{\"@type\":\"BreadcrumbList\",\"@id\":\"http:\/\/revistavitrineibiuna.com.br\/?p=34382#breadcrumb\",\"itemListElement\":[{\"@type\":\"ListItem\",\"position\":1,\"item\":{\"@type\":\"WebPage\",\"@id\":\"https:\/\/revistavitrineibiuna.com.br\/\",\"url\":\"https:\/\/revistavitrineibiuna.com.br\/\",\"name\":\"In\\u00edcio\"}},{\"@type\":\"ListItem\",\"position\":2,\"item\":{\"@type\":\"WebPage\",\"@id\":\"http:\/\/revistavitrineibiuna.com.br\/?p=34382\",\"url\":\"http:\/\/revistavitrineibiuna.com.br\/?p=34382\",\"name\":\"IBI\\u00daNA \\u2013 PREFEITURA D\\u00c1 DESCONTO AT\\u00c9 100% EM JUROS E MULTAS NA QUITA\\u00c7\\u00c3O DE D\\u00cdVIDAS\"}}]},{\"@type\":\"Article\",\"@id\":\"http:\/\/revistavitrineibiuna.com.br\/?p=34382#article\",\"isPartOf\":{\"@id\":\"http:\/\/revistavitrineibiuna.com.br\/?p=34382#webpage\"},\"author\":{\"@id\":\"https:\/\/revistavitrineibiuna.com.br\/#\/schema\/person\/e51ef49d6d88170ea21ceabff3f73deb\"},\"headline\":\"IBI\\u00daNA \\u2013 PREFEITURA D\\u00c1 DESCONTO AT\\u00c9 100% EM JUROS E MULTAS NA QUITA\\u00c7\\u00c3O DE D\\u00cdVIDAS\",\"datePublished\":\"2025-10-20T23:14:44+00:00\",\"dateModified\":\"2025-10-20T23:33:58+00:00\",\"mainEntityOfPage\":{\"@id\":\"http:\/\/revistavitrineibiuna.com.br\/?p=34382#webpage\"},\"commentCount\":0,\"publisher\":{\"@id\":\"https:\/\/revistavitrineibiuna.com.br\/#\/schema\/person\/e51ef49d6d88170ea21ceabff3f73deb\"},\"image\":{\"@id\":\"http:\/\/revistavitrineibiuna.com.br\/?p=34382#primaryimage\"},\"articleSection\":\"Not\\u00edcias\",\"inLanguage\":\"pt-BR\",\"potentialAction\":[{\"@type\":\"CommentAction\",\"name\":\"Comment\",\"target\":[\"http:\/\/revistavitrineibiuna.com.br\/?p=34382#respond\"]}]},{\"@type\":[\"Person\",\"Organization\"],\"@id\":\"https:\/\/revistavitrineibiuna.com.br\/#\/schema\/person\/e51ef49d6d88170ea21ceabff3f73deb\",\"name\":\"Carlos Rossini\",\"image\":{\"@type\":\"ImageObject\",\"@id\":\"https:\/\/revistavitrineibiuna.com.br\/#personlogo\",\"inLanguage\":\"pt-BR\",\"url\":\"https:\/\/secure.gravatar.com\/avatar\/4f2d0f99fac1f85c7d643f21f5c8d900?s=96&d=mm&r=g\",\"caption\":\"Carlos Rossini\"},\"logo\":{\"@id\":\"https:\/\/revistavitrineibiuna.com.br\/#personlogo\"},\"description\":\"Carlos Rossini \\u00e9 jornalista, soci\\u00f3logo, escritor e professor universit\\u00e1rio, tendo sido professor de jornalismo por vinte anos. Trabalhou em ve\\u00edculos de comunica\\u00e7\\u00e3o nas fun\\u00e7\\u00f5es de rep\\u00f3rter, redator, editor, articulista e colaborador, como Folha de S. Paulo, O Estado de S. Paulo, Di\\u00e1rio Popular, entre outros. Ao transferir a revista vitrine, vers\\u00e3o imprensa, de S\\u00e3o Paulo para Ibi\\u00fana h\\u00e1 alguns anos, iniciou uma nova experi\\u00eancia profissional, dedicando-se ao jornalismo regional, depois de cumprir uma trajet\\u00f3ria bem-sucedida na grande imprensa brasileira. Seu primeiro livro A Coragem de Comunicar foi lan\\u00e7ado na Bienal do Livro em S\\u00e3o Paulo no ano 2000, pela editora Madras.\"}]}<\/script>\n<!-- \/ Yoast SEO plugin. -->","_links":{"self":[{"href":"https:\/\/revistavitrineibiuna.com.br\/index.php?rest_route=\/wp\/v2\/posts\/34382"}],"collection":[{"href":"https:\/\/revistavitrineibiuna.com.br\/index.php?rest_route=\/wp\/v2\/posts"}],"about":[{"href":"https:\/\/revistavitrineibiuna.com.br\/index.php?rest_route=\/wp\/v2\/types\/post"}],"author":[{"embeddable":true,"href":"https:\/\/revistavitrineibiuna.com.br\/index.php?rest_route=\/wp\/v2\/users\/1"}],"replies":[{"embeddable":true,"href":"https:\/\/revistavitrineibiuna.com.br\/index.php?rest_route=%2Fwp%2Fv2%2Fcomments&post=34382"}],"version-history":[{"count":2,"href":"https:\/\/revistavitrineibiuna.com.br\/index.php?rest_route=\/wp\/v2\/posts\/34382\/revisions"}],"predecessor-version":[{"id":34385,"href":"https:\/\/revistavitrineibiuna.com.br\/index.php?rest_route=\/wp\/v2\/posts\/34382\/revisions\/34385"}],"wp:featuredmedia":[{"embeddable":true,"href":"https:\/\/revistavitrineibiuna.com.br\/index.php?rest_route=\/wp\/v2\/media\/34383"}],"wp:attachment":[{"href":"https:\/\/revistavitrineibiuna.com.br\/index.php?rest_route=%2Fwp%2Fv2%2Fmedia&parent=34382"}],"wp:term":[{"taxonomy":"category","embeddable":true,"href":"https:\/\/revistavitrineibiuna.com.br\/index.php?rest_route=%2Fwp%2Fv2%2Fcategories&post=34382"},{"taxonomy":"post_tag","embeddable":true,"href":"https:\/\/revistavitrineibiuna.com.br\/index.php?rest_route=%2Fwp%2Fv2%2Ftags&post=34382"}],"curies":[{"name":"wp","href":"https:\/\/api.w.org\/{rel}","templated":true}]}}