{"id":34387,"date":"2025-10-24T15:21:00","date_gmt":"2025-10-24T18:21:00","guid":{"rendered":"http:\/\/revistavitrineibiuna.com.br\/?p=34387"},"modified":"2025-10-24T15:36:47","modified_gmt":"2025-10-24T18:36:47","slug":"mpt-sp-flaga-trabalho-analogo-a-escravidao-em-ibiuna","status":"publish","type":"post","link":"https:\/\/revistavitrineibiuna.com.br\/?p=34387","title":{"rendered":"MPT-SP FLAGRA TRABALHO AN\u00c1LOGO \u00c0 ESCRAVID\u00c3O EM IBI\u00daNA"},"content":{"rendered":"\n<p class=\"has-drop-cap\"><strong>A promotora e agentes do Minist\u00e9rio P\u00fablico do Trabalho de S\u00e3o Paulo \u2013 MPT-SP realizaram ontem (23) fiscaliza\u00e7\u00e3o em tr\u00eas propriedades agr\u00edcolas no munic\u00edpio de Ibi\u00fana.<\/strong><\/p>\n\n\n\n<p><strong>Uma delas foi autuada pela constata\u00e7\u00e3o de pelos menos tr\u00eas casos de trabalhadores em condi\u00e7\u00e3o de trabalho an\u00e1logo \u00e0 escravid\u00e3o.<\/strong><\/p>\n\n\n\n<p><strong>As outras duas propriedades, alertadas por seus advogados, j\u00e1 haviam deixado a pr\u00e1tica desse delito e, por isso, n\u00e3o foram notificadas<\/strong>.<\/p>\n\n\n\n<p><strong>Toda a opera\u00e7\u00e3o foi acompanhada pelos&nbsp; representantes do Sindicato dos Trabalhadores Rurais de Ibi\u00fana.<\/strong><\/p>\n\n\n\n<p><strong>IRREGULARIDADES<\/strong><\/p>\n\n\n\n<p><strong>Esses trabalhadores s\u00e3o recrutados por terceiros, n\u00e3o s\u00e3o registrados e recebem metade de um sal\u00e1rio m\u00ednimo por m\u00eas. N\u00e3o recebem hora extra ou quaisquer outros adicionais. A outra parte&nbsp; fica para a empresa que&nbsp; faz a intermedia\u00e7\u00e3o.<\/strong><\/p>\n\n\n\n<p><strong>A autoridade apurou uma irregularidade ainda mais alarmante. Os trabalhadores s\u00e3o homens em recupera\u00e7\u00e3o de uma cl\u00ednica para tratamento de dependentes qu\u00edmicos.<\/strong><\/p>\n\n\n\n<p><strong>NOVAS FISCALIZA\u00c7\u00d5ES<\/strong><\/p>\n\n\n\n<p><strong>Tendo em vista a probabilidade de haver v\u00e1rios outros casos semelhantes o Minist\u00e9rio P\u00fablico do Trabalho de S\u00e3o Paulo dever\u00e1 fazer novas fiscaliza\u00e7\u00f5es-surpresa.<\/strong><\/p>\n","protected":false},"excerpt":{"rendered":"<p>A promotora e agentes do Minist\u00e9rio P\u00fablico do Trabalho de S\u00e3o Paulo \u2013 MPT-SP realizaram ontem (23) fiscaliza\u00e7\u00e3o em tr\u00eas<\/p>\n","protected":false},"author":1,"featured_media":34388,"comment_status":"open","ping_status":"open","sticky":false,"template":"","format":"standard","meta":[],"categories":[3],"tags":[],"yoast_head":"<!-- This site is optimized with the Yoast SEO plugin v15.8 - https:\/\/yoast.com\/wordpress\/plugins\/seo\/ -->\n<title>MPT-SP FLAGRA TRABALHO AN\u00c1LOGO \u00c0 ESCRAVID\u00c3O EM IBI\u00daNA - Revista Vitrine Online<\/title>\n<meta name=\"robots\" content=\"index, follow, max-snippet:-1, max-image-preview:large, max-video-preview:-1\" \/>\n<link rel=\"canonical\" href=\"https:\/\/revistavitrineibiuna.com.br\/?p=34387\" \/>\n<meta property=\"og:locale\" content=\"pt_BR\" \/>\n<meta property=\"og:type\" content=\"article\" \/>\n<meta property=\"og:title\" content=\"MPT-SP FLAGRA TRABALHO AN\u00c1LOGO \u00c0 ESCRAVID\u00c3O EM IBI\u00daNA - Revista Vitrine Online\" \/>\n<meta property=\"og:description\" content=\"A promotora e agentes do Minist\u00e9rio P\u00fablico do Trabalho de S\u00e3o Paulo \u2013 MPT-SP realizaram ontem (23) fiscaliza\u00e7\u00e3o em tr\u00eas\" \/>\n<meta property=\"og:url\" content=\"https:\/\/revistavitrineibiuna.com.br\/?p=34387\" \/>\n<meta property=\"og:site_name\" content=\"Revista Vitrine Online\" \/>\n<meta property=\"article:published_time\" content=\"2025-10-24T18:21:00+00:00\" \/>\n<meta property=\"article:modified_time\" content=\"2025-10-24T18:36:47+00:00\" \/>\n<meta property=\"og:image\" content=\"https:\/\/revistavitrineibiuna.com.br\/wp-content\/uploads\/2025\/10\/viatura-do-MPT-SP.png\" \/>\n\t<meta property=\"og:image:width\" content=\"1073\" \/>\n\t<meta property=\"og:image:height\" content=\"702\" \/>\n<meta name=\"twitter:card\" content=\"summary\" \/>\n<meta name=\"twitter:label1\" content=\"Est. reading time\">\n\t<meta name=\"twitter:data1\" content=\"1 minuto\">\n<script type=\"application\/ld+json\" class=\"yoast-schema-graph\">{\"@context\":\"https:\/\/schema.org\",\"@graph\":[{\"@type\":\"WebSite\",\"@id\":\"https:\/\/revistavitrineibiuna.com.br\/#website\",\"url\":\"https:\/\/revistavitrineibiuna.com.br\/\",\"name\":\"Revista Vitrine Ibi\\u00fana\",\"description\":\"A Revista de Ibi\\u00fana e Regi\\u00e3o\",\"publisher\":{\"@id\":\"https:\/\/revistavitrineibiuna.com.br\/#\/schema\/person\/e51ef49d6d88170ea21ceabff3f73deb\"},\"potentialAction\":[{\"@type\":\"SearchAction\",\"target\":\"https:\/\/revistavitrineibiuna.com.br\/?s={search_term_string}\",\"query-input\":\"required name=search_term_string\"}],\"inLanguage\":\"pt-BR\"},{\"@type\":\"ImageObject\",\"@id\":\"https:\/\/revistavitrineibiuna.com.br\/?p=34387#primaryimage\",\"inLanguage\":\"pt-BR\",\"url\":\"https:\/\/revistavitrineibiuna.com.br\/wp-content\/uploads\/2025\/10\/viatura-do-MPT-SP.png\",\"width\":1073,\"height\":702},{\"@type\":\"WebPage\",\"@id\":\"https:\/\/revistavitrineibiuna.com.br\/?p=34387#webpage\",\"url\":\"https:\/\/revistavitrineibiuna.com.br\/?p=34387\",\"name\":\"MPT-SP FLAGRA TRABALHO AN\\u00c1LOGO \\u00c0 ESCRAVID\\u00c3O EM IBI\\u00daNA - Revista Vitrine Online\",\"isPartOf\":{\"@id\":\"https:\/\/revistavitrineibiuna.com.br\/#website\"},\"primaryImageOfPage\":{\"@id\":\"https:\/\/revistavitrineibiuna.com.br\/?p=34387#primaryimage\"},\"datePublished\":\"2025-10-24T18:21:00+00:00\",\"dateModified\":\"2025-10-24T18:36:47+00:00\",\"breadcrumb\":{\"@id\":\"https:\/\/revistavitrineibiuna.com.br\/?p=34387#breadcrumb\"},\"inLanguage\":\"pt-BR\",\"potentialAction\":[{\"@type\":\"ReadAction\",\"target\":[\"https:\/\/revistavitrineibiuna.com.br\/?p=34387\"]}]},{\"@type\":\"BreadcrumbList\",\"@id\":\"https:\/\/revistavitrineibiuna.com.br\/?p=34387#breadcrumb\",\"itemListElement\":[{\"@type\":\"ListItem\",\"position\":1,\"item\":{\"@type\":\"WebPage\",\"@id\":\"https:\/\/revistavitrineibiuna.com.br\/\",\"url\":\"https:\/\/revistavitrineibiuna.com.br\/\",\"name\":\"In\\u00edcio\"}},{\"@type\":\"ListItem\",\"position\":2,\"item\":{\"@type\":\"WebPage\",\"@id\":\"https:\/\/revistavitrineibiuna.com.br\/?p=34387\",\"url\":\"https:\/\/revistavitrineibiuna.com.br\/?p=34387\",\"name\":\"MPT-SP FLAGRA TRABALHO AN\\u00c1LOGO \\u00c0 ESCRAVID\\u00c3O EM IBI\\u00daNA\"}}]},{\"@type\":\"Article\",\"@id\":\"https:\/\/revistavitrineibiuna.com.br\/?p=34387#article\",\"isPartOf\":{\"@id\":\"https:\/\/revistavitrineibiuna.com.br\/?p=34387#webpage\"},\"author\":{\"@id\":\"https:\/\/revistavitrineibiuna.com.br\/#\/schema\/person\/e51ef49d6d88170ea21ceabff3f73deb\"},\"headline\":\"MPT-SP FLAGRA TRABALHO AN\\u00c1LOGO \\u00c0 ESCRAVID\\u00c3O EM IBI\\u00daNA\",\"datePublished\":\"2025-10-24T18:21:00+00:00\",\"dateModified\":\"2025-10-24T18:36:47+00:00\",\"mainEntityOfPage\":{\"@id\":\"https:\/\/revistavitrineibiuna.com.br\/?p=34387#webpage\"},\"commentCount\":0,\"publisher\":{\"@id\":\"https:\/\/revistavitrineibiuna.com.br\/#\/schema\/person\/e51ef49d6d88170ea21ceabff3f73deb\"},\"image\":{\"@id\":\"https:\/\/revistavitrineibiuna.com.br\/?p=34387#primaryimage\"},\"articleSection\":\"Not\\u00edcias\",\"inLanguage\":\"pt-BR\",\"potentialAction\":[{\"@type\":\"CommentAction\",\"name\":\"Comment\",\"target\":[\"https:\/\/revistavitrineibiuna.com.br\/?p=34387#respond\"]}]},{\"@type\":[\"Person\",\"Organization\"],\"@id\":\"https:\/\/revistavitrineibiuna.com.br\/#\/schema\/person\/e51ef49d6d88170ea21ceabff3f73deb\",\"name\":\"Carlos Rossini\",\"image\":{\"@type\":\"ImageObject\",\"@id\":\"https:\/\/revistavitrineibiuna.com.br\/#personlogo\",\"inLanguage\":\"pt-BR\",\"url\":\"https:\/\/secure.gravatar.com\/avatar\/4f2d0f99fac1f85c7d643f21f5c8d900?s=96&d=mm&r=g\",\"caption\":\"Carlos Rossini\"},\"logo\":{\"@id\":\"https:\/\/revistavitrineibiuna.com.br\/#personlogo\"},\"description\":\"Carlos Rossini \\u00e9 jornalista, soci\\u00f3logo, escritor e professor universit\\u00e1rio, tendo sido professor de jornalismo por vinte anos. Trabalhou em ve\\u00edculos de comunica\\u00e7\\u00e3o nas fun\\u00e7\\u00f5es de rep\\u00f3rter, redator, editor, articulista e colaborador, como Folha de S. Paulo, O Estado de S. Paulo, Di\\u00e1rio Popular, entre outros. Ao transferir a revista vitrine, vers\\u00e3o imprensa, de S\\u00e3o Paulo para Ibi\\u00fana h\\u00e1 alguns anos, iniciou uma nova experi\\u00eancia profissional, dedicando-se ao jornalismo regional, depois de cumprir uma trajet\\u00f3ria bem-sucedida na grande imprensa brasileira. Seu primeiro livro A Coragem de Comunicar foi lan\\u00e7ado na Bienal do Livro em S\\u00e3o Paulo no ano 2000, pela editora Madras.\"}]}<\/script>\n<!-- \/ Yoast SEO plugin. -->","_links":{"self":[{"href":"https:\/\/revistavitrineibiuna.com.br\/index.php?rest_route=\/wp\/v2\/posts\/34387"}],"collection":[{"href":"https:\/\/revistavitrineibiuna.com.br\/index.php?rest_route=\/wp\/v2\/posts"}],"about":[{"href":"https:\/\/revistavitrineibiuna.com.br\/index.php?rest_route=\/wp\/v2\/types\/post"}],"author":[{"embeddable":true,"href":"https:\/\/revistavitrineibiuna.com.br\/index.php?rest_route=\/wp\/v2\/users\/1"}],"replies":[{"embeddable":true,"href":"https:\/\/revistavitrineibiuna.com.br\/index.php?rest_route=%2Fwp%2Fv2%2Fcomments&post=34387"}],"version-history":[{"count":3,"href":"https:\/\/revistavitrineibiuna.com.br\/index.php?rest_route=\/wp\/v2\/posts\/34387\/revisions"}],"predecessor-version":[{"id":34392,"href":"https:\/\/revistavitrineibiuna.com.br\/index.php?rest_route=\/wp\/v2\/posts\/34387\/revisions\/34392"}],"wp:featuredmedia":[{"embeddable":true,"href":"https:\/\/revistavitrineibiuna.com.br\/index.php?rest_route=\/wp\/v2\/media\/34388"}],"wp:attachment":[{"href":"https:\/\/revistavitrineibiuna.com.br\/index.php?rest_route=%2Fwp%2Fv2%2Fmedia&parent=34387"}],"wp:term":[{"taxonomy":"category","embeddable":true,"href":"https:\/\/revistavitrineibiuna.com.br\/index.php?rest_route=%2Fwp%2Fv2%2Fcategories&post=34387"},{"taxonomy":"post_tag","embeddable":true,"href":"https:\/\/revistavitrineibiuna.com.br\/index.php?rest_route=%2Fwp%2Fv2%2Ftags&post=34387"}],"curies":[{"name":"wp","href":"https:\/\/api.w.org\/{rel}","templated":true}]}}