{"id":34393,"date":"2025-10-25T10:30:22","date_gmt":"2025-10-25T13:30:22","guid":{"rendered":"http:\/\/revistavitrineibiuna.com.br\/?p=34393"},"modified":"2025-10-25T10:30:22","modified_gmt":"2025-10-25T13:30:22","slug":"ibiuna-obras-de-duplicacao-da-bunjiro-serao-retomadas-nesta-segunda-feira","status":"publish","type":"post","link":"https:\/\/revistavitrineibiuna.com.br\/?p=34393","title":{"rendered":"IBI\u00daNA &#8211; OBRAS DE DUPLICA\u00c7\u00c3O DA BUNJIRO SER\u00c3O RETOMADAS NESTA SEGUNDA-FEIRA"},"content":{"rendered":"\n<p class=\"has-drop-cap\">A TVUNA noticiou com exclusividade na quarta-feira (22) a retomada antecipada das obras da duplica\u00e7\u00e3o da rodovia Bunjiro Nakao nesta segunda-feira, dia 27, com grande repercuss\u00e3o em Ibi\u00fana e regi\u00e3o.<\/p>\n\n\n\n<p>Diversos telespectadores reagiram como faria S\u00e3o Tom\u00e9: \u201cS\u00f3 acredito vendo!\u201d ou simplesmente \u201cduvido\u201d ou \u201cTomara, j\u00e1 chega de tanta engana\u00e7\u00e3o\u201d. Houve tamb\u00e9m declara\u00e7\u00f5es otimistas: \u201cNossa, que not\u00edcia boa! Gra\u00e7as a Deus! N\u00e3o se pode nem pensar em pegar a Bunjiro \u00e0 noite. \u00c9 um terror!\u201d<\/p>\n\n\n\n<p>S\u00e3o rea\u00e7\u00f5es naturalmente compreensivas, pois as obras duplica\u00e7\u00e3o da rodovia, considerada perigosa e com registros de acidentes grav\u00edssimos, tiveram in\u00edcio h\u00e1 7 anos e est\u00e3o paralisadas h\u00e1 cerca de tr\u00eas anos.<\/p>\n\n\n\n<p>Um dos argumentos para antecipa\u00e7\u00e3o do in\u00edcio das obras foi exatamente a ocorr\u00eancia de acidentes com uma frequ\u00eancia assustadora.<\/p>\n\n\n\n<p>Pelo contrato original firmado entre a Motiva \u2013 CCR Sorocabana, concession\u00e1ria que ganhou a licita\u00e7\u00e3o para realizar melhorias em diversas rodovias da regi\u00e3o Sorocaba e a Artesp \u2013 Ag\u00eancia de Transportes do Estado de S\u00e3o Paulo, a conclus\u00e3o da duplica\u00e7\u00e3o aconteceria somente em 2028. No entanto ela foi antecipada e dever\u00e1 ocorrer no primeiro semestre de 2027.<\/p>\n\n\n\n<p>INFORMA\u00c7\u00d5ES OFICIAIS<\/p>\n\n\n\n<p>Reproduzimos abaixo, na \u00edntegra, a nota encaminhada para vitrine online pela assessoria de Imprensa da Motiva [CCR Sorocabana]:<\/p>\n\n\n\n<p>Inicialmente, o comunicado informa que as interven\u00e7\u00f5es v\u00e3o ampliar a capacidade da via entre Vargem Grande Paulista e Ibi\u00fana, \u201ccom mais fluidez e seguran\u00e7a para os usu\u00e1rios\u201d.<\/p>\n\n\n\n<p>\u201cA Concession\u00e1ria Sorocabana, uma empresa da Motiva, d\u00e1 in\u00edcio, na pr\u00f3xima segunda-feira (27), \u00e0s obras de duplica\u00e7\u00e3o da Rodovia Bunjiro Nakao (SP-250) no trecho entre os quil\u00f4metros 45 e 68,7, ligando os munic\u00edpios de Vargem Grande Paulista e Ibi\u00fana. O investimento previsto \u00e9 de aproximadamente R$ 129 milh\u00f5es e integra o programa de moderniza\u00e7\u00e3o da malha rodovi\u00e1ria no interior paulista administrada pela concession\u00e1ria.<\/p>\n\n\n\n<p>Com 300 empregos diretos gerados, a duplica\u00e7\u00e3o representa um avan\u00e7o importante para a mobilidade e o desenvolvimento da regi\u00e3o. A interven\u00e7\u00e3o permitir\u00e1 a segrega\u00e7\u00e3o do tr\u00e1fego de longa dist\u00e2ncia e local, ampliando a fluidez e a seguran\u00e7a para motoristas e moradores das comunidades lindeiras. Al\u00e9m disso, a obra reduzir\u00e1 o tempo de viagem e contribuir\u00e1 para a qualidade de vida da popula\u00e7\u00e3o ao longo do corredor rodovi\u00e1rio.<\/p>\n\n\n\n<p>As atividades previstas contemplam servi\u00e7os de terraplenagem, pavimenta\u00e7\u00e3o, obras de drenagem, sinaliza\u00e7\u00e3o, implanta\u00e7\u00e3o de defensas met\u00e1licas e barreiras r\u00edgidas, al\u00e9m da execu\u00e7\u00e3o de passarelas e dispositivos de retorno. O prazo estimado para a conclus\u00e3o da duplica\u00e7\u00e3o \u00e9 primeiro semestre de 2027.<\/p>\n\n\n\n<p>O projeto inclui ainda:<\/p>\n\n\n\n<p>\u2022&nbsp;&nbsp;&nbsp;&nbsp;&nbsp; Conclus\u00e3o de 10 km de duplica\u00e7\u00e3o em pavimento flex\u00edvel;<\/p>\n\n\n\n<p>\u2022&nbsp;&nbsp;&nbsp;&nbsp;&nbsp; Conclus\u00e3o de 14 km de segmentos j\u00e1 duplicados;<\/p>\n\n\n\n<p>\u2022&nbsp;&nbsp;&nbsp;&nbsp;&nbsp; Finaliza\u00e7\u00e3o de 4 Obras de Arte Especiais;<\/p>\n\n\n\n<p>\u2022&nbsp;&nbsp;&nbsp;&nbsp;&nbsp; Instala\u00e7\u00e3o e adequa\u00e7\u00e3o de 5 passarelas para pedestres;<\/p>\n\n\n\n<p>\u2022&nbsp;&nbsp;&nbsp;&nbsp;&nbsp; Implanta\u00e7\u00e3o de 6 novos dispositivos de retorno, melhorando a acessibilidade e a seguran\u00e7a vi\u00e1ria.<\/p>\n\n\n\n<p>Com a execu\u00e7\u00e3o dessas obras, a Sorocabana refor\u00e7a o compromisso de transformar a mobilidade e garantir mais conforto e seguran\u00e7a aos usu\u00e1rios que trafegam por uma das principais liga\u00e7\u00f5es entre a Regi\u00e3o Metropolitana de S\u00e3o Paulo e o interior paulista.\u201d<\/p>\n","protected":false},"excerpt":{"rendered":"<p>A TVUNA noticiou com exclusividade na quarta-feira (22) a retomada antecipada das obras da duplica\u00e7\u00e3o da rodovia Bunjiro Nakao nesta<\/p>\n","protected":false},"author":1,"featured_media":34394,"comment_status":"open","ping_status":"open","sticky":false,"template":"","format":"standard","meta":[],"categories":[1],"tags":[],"yoast_head":"<!-- This site is optimized with the Yoast SEO plugin v15.8 - https:\/\/yoast.com\/wordpress\/plugins\/seo\/ -->\n<title>IBI\u00daNA - OBRAS DE DUPLICA\u00c7\u00c3O DA BUNJIRO SER\u00c3O RETOMADAS NESTA SEGUNDA-FEIRA - Revista Vitrine Online<\/title>\n<meta name=\"robots\" content=\"index, follow, max-snippet:-1, max-image-preview:large, max-video-preview:-1\" \/>\n<link rel=\"canonical\" href=\"https:\/\/revistavitrineibiuna.com.br\/?p=34393\" \/>\n<meta property=\"og:locale\" content=\"pt_BR\" \/>\n<meta property=\"og:type\" content=\"article\" \/>\n<meta property=\"og:title\" content=\"IBI\u00daNA - OBRAS DE DUPLICA\u00c7\u00c3O DA BUNJIRO SER\u00c3O RETOMADAS NESTA SEGUNDA-FEIRA - Revista Vitrine Online\" \/>\n<meta property=\"og:description\" content=\"A TVUNA noticiou com exclusividade na quarta-feira (22) a retomada antecipada das obras da duplica\u00e7\u00e3o da rodovia Bunjiro Nakao nesta\" \/>\n<meta property=\"og:url\" content=\"https:\/\/revistavitrineibiuna.com.br\/?p=34393\" \/>\n<meta property=\"og:site_name\" content=\"Revista Vitrine Online\" \/>\n<meta property=\"article:published_time\" content=\"2025-10-25T13:30:22+00:00\" \/>\n<meta property=\"og:image\" content=\"https:\/\/revistavitrineibiuna.com.br\/wp-content\/uploads\/2025\/10\/retomada-das-obras.png\" \/>\n\t<meta property=\"og:image:width\" content=\"658\" \/>\n\t<meta property=\"og:image:height\" content=\"415\" \/>\n<meta name=\"twitter:card\" content=\"summary\" \/>\n<meta name=\"twitter:label1\" content=\"Est. reading time\">\n\t<meta name=\"twitter:data1\" content=\"3 minutos\">\n<script type=\"application\/ld+json\" class=\"yoast-schema-graph\">{\"@context\":\"https:\/\/schema.org\",\"@graph\":[{\"@type\":\"WebSite\",\"@id\":\"https:\/\/revistavitrineibiuna.com.br\/#website\",\"url\":\"https:\/\/revistavitrineibiuna.com.br\/\",\"name\":\"Revista Vitrine Ibi\\u00fana\",\"description\":\"A Revista de Ibi\\u00fana e Regi\\u00e3o\",\"publisher\":{\"@id\":\"https:\/\/revistavitrineibiuna.com.br\/#\/schema\/person\/e51ef49d6d88170ea21ceabff3f73deb\"},\"potentialAction\":[{\"@type\":\"SearchAction\",\"target\":\"https:\/\/revistavitrineibiuna.com.br\/?s={search_term_string}\",\"query-input\":\"required name=search_term_string\"}],\"inLanguage\":\"pt-BR\"},{\"@type\":\"ImageObject\",\"@id\":\"https:\/\/revistavitrineibiuna.com.br\/?p=34393#primaryimage\",\"inLanguage\":\"pt-BR\",\"url\":\"https:\/\/revistavitrineibiuna.com.br\/wp-content\/uploads\/2025\/10\/retomada-das-obras.png\",\"width\":658,\"height\":415},{\"@type\":\"WebPage\",\"@id\":\"https:\/\/revistavitrineibiuna.com.br\/?p=34393#webpage\",\"url\":\"https:\/\/revistavitrineibiuna.com.br\/?p=34393\",\"name\":\"IBI\\u00daNA - OBRAS DE DUPLICA\\u00c7\\u00c3O DA BUNJIRO SER\\u00c3O RETOMADAS NESTA SEGUNDA-FEIRA - Revista Vitrine Online\",\"isPartOf\":{\"@id\":\"https:\/\/revistavitrineibiuna.com.br\/#website\"},\"primaryImageOfPage\":{\"@id\":\"https:\/\/revistavitrineibiuna.com.br\/?p=34393#primaryimage\"},\"datePublished\":\"2025-10-25T13:30:22+00:00\",\"dateModified\":\"2025-10-25T13:30:22+00:00\",\"breadcrumb\":{\"@id\":\"https:\/\/revistavitrineibiuna.com.br\/?p=34393#breadcrumb\"},\"inLanguage\":\"pt-BR\",\"potentialAction\":[{\"@type\":\"ReadAction\",\"target\":[\"https:\/\/revistavitrineibiuna.com.br\/?p=34393\"]}]},{\"@type\":\"BreadcrumbList\",\"@id\":\"https:\/\/revistavitrineibiuna.com.br\/?p=34393#breadcrumb\",\"itemListElement\":[{\"@type\":\"ListItem\",\"position\":1,\"item\":{\"@type\":\"WebPage\",\"@id\":\"https:\/\/revistavitrineibiuna.com.br\/\",\"url\":\"https:\/\/revistavitrineibiuna.com.br\/\",\"name\":\"In\\u00edcio\"}},{\"@type\":\"ListItem\",\"position\":2,\"item\":{\"@type\":\"WebPage\",\"@id\":\"https:\/\/revistavitrineibiuna.com.br\/?p=34393\",\"url\":\"https:\/\/revistavitrineibiuna.com.br\/?p=34393\",\"name\":\"IBI\\u00daNA &#8211; OBRAS DE DUPLICA\\u00c7\\u00c3O DA BUNJIRO SER\\u00c3O RETOMADAS NESTA SEGUNDA-FEIRA\"}}]},{\"@type\":\"Article\",\"@id\":\"https:\/\/revistavitrineibiuna.com.br\/?p=34393#article\",\"isPartOf\":{\"@id\":\"https:\/\/revistavitrineibiuna.com.br\/?p=34393#webpage\"},\"author\":{\"@id\":\"https:\/\/revistavitrineibiuna.com.br\/#\/schema\/person\/e51ef49d6d88170ea21ceabff3f73deb\"},\"headline\":\"IBI\\u00daNA &#8211; OBRAS DE DUPLICA\\u00c7\\u00c3O DA BUNJIRO SER\\u00c3O RETOMADAS NESTA SEGUNDA-FEIRA\",\"datePublished\":\"2025-10-25T13:30:22+00:00\",\"dateModified\":\"2025-10-25T13:30:22+00:00\",\"mainEntityOfPage\":{\"@id\":\"https:\/\/revistavitrineibiuna.com.br\/?p=34393#webpage\"},\"commentCount\":0,\"publisher\":{\"@id\":\"https:\/\/revistavitrineibiuna.com.br\/#\/schema\/person\/e51ef49d6d88170ea21ceabff3f73deb\"},\"image\":{\"@id\":\"https:\/\/revistavitrineibiuna.com.br\/?p=34393#primaryimage\"},\"articleSection\":\"Uncategorized\",\"inLanguage\":\"pt-BR\",\"potentialAction\":[{\"@type\":\"CommentAction\",\"name\":\"Comment\",\"target\":[\"https:\/\/revistavitrineibiuna.com.br\/?p=34393#respond\"]}]},{\"@type\":[\"Person\",\"Organization\"],\"@id\":\"https:\/\/revistavitrineibiuna.com.br\/#\/schema\/person\/e51ef49d6d88170ea21ceabff3f73deb\",\"name\":\"Carlos Rossini\",\"image\":{\"@type\":\"ImageObject\",\"@id\":\"https:\/\/revistavitrineibiuna.com.br\/#personlogo\",\"inLanguage\":\"pt-BR\",\"url\":\"https:\/\/secure.gravatar.com\/avatar\/4f2d0f99fac1f85c7d643f21f5c8d900?s=96&d=mm&r=g\",\"caption\":\"Carlos Rossini\"},\"logo\":{\"@id\":\"https:\/\/revistavitrineibiuna.com.br\/#personlogo\"},\"description\":\"Carlos Rossini \\u00e9 jornalista, soci\\u00f3logo, escritor e professor universit\\u00e1rio, tendo sido professor de jornalismo por vinte anos. Trabalhou em ve\\u00edculos de comunica\\u00e7\\u00e3o nas fun\\u00e7\\u00f5es de rep\\u00f3rter, redator, editor, articulista e colaborador, como Folha de S. Paulo, O Estado de S. Paulo, Di\\u00e1rio Popular, entre outros. Ao transferir a revista vitrine, vers\\u00e3o imprensa, de S\\u00e3o Paulo para Ibi\\u00fana h\\u00e1 alguns anos, iniciou uma nova experi\\u00eancia profissional, dedicando-se ao jornalismo regional, depois de cumprir uma trajet\\u00f3ria bem-sucedida na grande imprensa brasileira. Seu primeiro livro A Coragem de Comunicar foi lan\\u00e7ado na Bienal do Livro em S\\u00e3o Paulo no ano 2000, pela editora Madras.\"}]}<\/script>\n<!-- \/ Yoast SEO plugin. -->","_links":{"self":[{"href":"https:\/\/revistavitrineibiuna.com.br\/index.php?rest_route=\/wp\/v2\/posts\/34393"}],"collection":[{"href":"https:\/\/revistavitrineibiuna.com.br\/index.php?rest_route=\/wp\/v2\/posts"}],"about":[{"href":"https:\/\/revistavitrineibiuna.com.br\/index.php?rest_route=\/wp\/v2\/types\/post"}],"author":[{"embeddable":true,"href":"https:\/\/revistavitrineibiuna.com.br\/index.php?rest_route=\/wp\/v2\/users\/1"}],"replies":[{"embeddable":true,"href":"https:\/\/revistavitrineibiuna.com.br\/index.php?rest_route=%2Fwp%2Fv2%2Fcomments&post=34393"}],"version-history":[{"count":1,"href":"https:\/\/revistavitrineibiuna.com.br\/index.php?rest_route=\/wp\/v2\/posts\/34393\/revisions"}],"predecessor-version":[{"id":34395,"href":"https:\/\/revistavitrineibiuna.com.br\/index.php?rest_route=\/wp\/v2\/posts\/34393\/revisions\/34395"}],"wp:featuredmedia":[{"embeddable":true,"href":"https:\/\/revistavitrineibiuna.com.br\/index.php?rest_route=\/wp\/v2\/media\/34394"}],"wp:attachment":[{"href":"https:\/\/revistavitrineibiuna.com.br\/index.php?rest_route=%2Fwp%2Fv2%2Fmedia&parent=34393"}],"wp:term":[{"taxonomy":"category","embeddable":true,"href":"https:\/\/revistavitrineibiuna.com.br\/index.php?rest_route=%2Fwp%2Fv2%2Fcategories&post=34393"},{"taxonomy":"post_tag","embeddable":true,"href":"https:\/\/revistavitrineibiuna.com.br\/index.php?rest_route=%2Fwp%2Fv2%2Ftags&post=34393"}],"curies":[{"name":"wp","href":"https:\/\/api.w.org\/{rel}","templated":true}]}}