{"id":34396,"date":"2025-10-25T18:55:51","date_gmt":"2025-10-25T21:55:51","guid":{"rendered":"http:\/\/revistavitrineibiuna.com.br\/?p=34396"},"modified":"2025-10-25T19:58:08","modified_gmt":"2025-10-25T22:58:08","slug":"atuacao-do-mpt-sp-em-ibiuna-foi-positiva-diz-sindicato-dos-trabalhadores-rurais","status":"publish","type":"post","link":"https:\/\/revistavitrineibiuna.com.br\/?p=34396","title":{"rendered":"\u201cATUA\u00c7\u00c3O DO MPT-SP EM IBI\u00daNA FOI POSITIVA\u201d, DIZ SINDICATO DOS TRABALHADORES RURAIS"},"content":{"rendered":"\n<p class=\"has-drop-cap\"><strong>&nbsp;\u201cA atua\u00e7\u00e3o do MPT-SP \u2013 Minist\u00e9rio P\u00fablico do Trabalho de S\u00e3o Paulo realizada ontem (23) em propriedades agr\u00edcolas, para fiscalizar den\u00fancias de trabalho an\u00e1logo \u00e0 escravid\u00e3o, foi positiva.\u201d<\/strong><\/p>\n\n\n\n<p><strong>A avalia\u00e7\u00e3o \u00e9 do presidente Sindicato dos Trabalhadores Rurais de Ibi\u00fana, Francisco Edivan Pereira. Ele disse que a not\u00edcia causou not\u00e1vel impacto no setor. \u201cContadores de diversas empresas ligaram para o nosso sindicato para saberem o que estava acontecendo.\u201d<\/strong><\/p>\n\n\n\n<p><strong>[<em>Saiba mais na not\u00edcia \u201cMPT-SP FLAGRA TRABALHO AN\u00c1LOGO \u00c0 ESCRAVID\u00c3O EM IBI\u00daNA, na vitrine online<\/em>]<\/strong><\/p>\n\n\n\n<p><strong>Pereira disse ainda que a interven\u00e7\u00e3o do MPT-SP contribui decisivamente para \u201cimpedir a a\u00e7\u00e3o do \u2018gato\u2019, que \u00e9 um intermedi\u00e1rio de m\u00e3o de obra que contrata trabalhadores para fazendas ou propriedades rurais, cometendo abusos alarmantes de recrutar internos em cl\u00ednica de recupera\u00e7\u00e3o de dependentes qu\u00edmicos\u201d.<\/strong><\/p>\n\n\n\n<p><strong>Al\u00e9m disso, \u201c\u00e9 importante para conscientizar os trabalhadores rurais, pessoas simples, de que est\u00e3o sendo explorados irregularmente.\u201d<\/strong><\/p>\n\n\n\n<p><strong>\u201cComo o munic\u00edpio de Ibi\u00fana \u00e9 gigantesco e a maioria dos trabalhadores t\u00eam medo de fazer den\u00fancias para n\u00e3o sofrerem algum tipo de repres\u00e1lia, a atua\u00e7\u00e3o do MPT-SP acaba sendo&nbsp; exemplar.\u201d<\/strong><\/p>\n\n\n\n<p><strong>GRANDE PROBLEMA<\/strong><\/p>\n\n\n\n<p><strong>Pereira recordou que em 1993, quando o Sindicato dos Trabalhadores Rurais de Ibi\u00fana foi criado, mesmo com a CLT \u2013 Consolida\u00e7\u00e3o das Leis do Trabalho em vigor, apenas 5% dos trabalhadores rurais eram contratados com registro em carteira.<\/strong><\/p>\n\n\n\n<p><strong>\u201cHoje a situa\u00e7\u00e3o irregular continua preocupante, mas o MPT-SP voltar\u00e1 a fazer fiscaliza\u00e7\u00f5es-surpresa e n\u00f3s, como fizemos ontem, vamos acompanhar e apoiar essa a\u00e7\u00e3o em defesa do trabalhador rural\u201d. \u00a0<\/strong><\/p>\n\n\n\n<p><strong>EXPLORA\u00c7\u00c3O DE VULNER\u00c1VEIS<\/strong><\/p>\n\n\n\n<p><strong>Adriana Ang\u00e9lica Santos publicou, entre outros coment\u00e1riois de leitores: &#8220;\u00c9 o que mais tem em Ibi\u00fana! Infelizmente n\u00e3o tem fiscaliza\u00e7\u00e3o pra isso, mas exisem muitos empregadores que se aproveitam da vulnerabilidade do outro e oferecem um barraco como moradia e pagam sal\u00e1rio que mal d\u00e1 pra pessoa se mater.&#8221;<\/strong><\/p>\n","protected":false},"excerpt":{"rendered":"<p>&nbsp;\u201cA atua\u00e7\u00e3o do MPT-SP \u2013 Minist\u00e9rio P\u00fablico do Trabalho de S\u00e3o Paulo realizada ontem (23) em propriedades agr\u00edcolas, para fiscalizar<\/p>\n","protected":false},"author":1,"featured_media":34397,"comment_status":"open","ping_status":"open","sticky":false,"template":"","format":"standard","meta":[],"categories":[3],"tags":[],"yoast_head":"<!-- This site is optimized with the Yoast SEO plugin v15.8 - https:\/\/yoast.com\/wordpress\/plugins\/seo\/ -->\n<title>\u201cATUA\u00c7\u00c3O DO MPT-SP EM IBI\u00daNA FOI POSITIVA\u201d, DIZ SINDICATO DOS TRABALHADORES RURAIS - Revista Vitrine Online<\/title>\n<meta name=\"robots\" content=\"index, follow, max-snippet:-1, max-image-preview:large, max-video-preview:-1\" \/>\n<link rel=\"canonical\" href=\"https:\/\/revistavitrineibiuna.com.br\/?p=34396\" \/>\n<meta property=\"og:locale\" content=\"pt_BR\" \/>\n<meta property=\"og:type\" content=\"article\" \/>\n<meta property=\"og:title\" content=\"\u201cATUA\u00c7\u00c3O DO MPT-SP EM IBI\u00daNA FOI POSITIVA\u201d, DIZ SINDICATO DOS TRABALHADORES RURAIS - Revista Vitrine Online\" \/>\n<meta property=\"og:description\" content=\"&nbsp;\u201cA atua\u00e7\u00e3o do MPT-SP \u2013 Minist\u00e9rio P\u00fablico do Trabalho de S\u00e3o Paulo realizada ontem (23) em propriedades agr\u00edcolas, para fiscalizar\" \/>\n<meta property=\"og:url\" content=\"https:\/\/revistavitrineibiuna.com.br\/?p=34396\" \/>\n<meta property=\"og:site_name\" content=\"Revista Vitrine Online\" \/>\n<meta property=\"article:published_time\" content=\"2025-10-25T21:55:51+00:00\" \/>\n<meta property=\"article:modified_time\" content=\"2025-10-25T22:58:08+00:00\" \/>\n<meta property=\"og:image\" content=\"https:\/\/revistavitrineibiuna.com.br\/wp-content\/uploads\/2025\/10\/Francisco.png\" \/>\n\t<meta property=\"og:image:width\" content=\"1600\" \/>\n\t<meta property=\"og:image:height\" content=\"1068\" \/>\n<meta name=\"twitter:card\" content=\"summary\" \/>\n<meta name=\"twitter:label1\" content=\"Est. reading time\">\n\t<meta name=\"twitter:data1\" content=\"2 minutos\">\n<script type=\"application\/ld+json\" class=\"yoast-schema-graph\">{\"@context\":\"https:\/\/schema.org\",\"@graph\":[{\"@type\":\"WebSite\",\"@id\":\"https:\/\/revistavitrineibiuna.com.br\/#website\",\"url\":\"https:\/\/revistavitrineibiuna.com.br\/\",\"name\":\"Revista Vitrine Ibi\\u00fana\",\"description\":\"A Revista de Ibi\\u00fana e Regi\\u00e3o\",\"publisher\":{\"@id\":\"https:\/\/revistavitrineibiuna.com.br\/#\/schema\/person\/e51ef49d6d88170ea21ceabff3f73deb\"},\"potentialAction\":[{\"@type\":\"SearchAction\",\"target\":\"https:\/\/revistavitrineibiuna.com.br\/?s={search_term_string}\",\"query-input\":\"required name=search_term_string\"}],\"inLanguage\":\"pt-BR\"},{\"@type\":\"ImageObject\",\"@id\":\"https:\/\/revistavitrineibiuna.com.br\/?p=34396#primaryimage\",\"inLanguage\":\"pt-BR\",\"url\":\"https:\/\/revistavitrineibiuna.com.br\/wp-content\/uploads\/2025\/10\/Francisco.png\",\"width\":1600,\"height\":1068},{\"@type\":\"WebPage\",\"@id\":\"https:\/\/revistavitrineibiuna.com.br\/?p=34396#webpage\",\"url\":\"https:\/\/revistavitrineibiuna.com.br\/?p=34396\",\"name\":\"\\u201cATUA\\u00c7\\u00c3O DO MPT-SP EM IBI\\u00daNA FOI POSITIVA\\u201d, DIZ SINDICATO DOS TRABALHADORES RURAIS - Revista Vitrine Online\",\"isPartOf\":{\"@id\":\"https:\/\/revistavitrineibiuna.com.br\/#website\"},\"primaryImageOfPage\":{\"@id\":\"https:\/\/revistavitrineibiuna.com.br\/?p=34396#primaryimage\"},\"datePublished\":\"2025-10-25T21:55:51+00:00\",\"dateModified\":\"2025-10-25T22:58:08+00:00\",\"breadcrumb\":{\"@id\":\"https:\/\/revistavitrineibiuna.com.br\/?p=34396#breadcrumb\"},\"inLanguage\":\"pt-BR\",\"potentialAction\":[{\"@type\":\"ReadAction\",\"target\":[\"https:\/\/revistavitrineibiuna.com.br\/?p=34396\"]}]},{\"@type\":\"BreadcrumbList\",\"@id\":\"https:\/\/revistavitrineibiuna.com.br\/?p=34396#breadcrumb\",\"itemListElement\":[{\"@type\":\"ListItem\",\"position\":1,\"item\":{\"@type\":\"WebPage\",\"@id\":\"https:\/\/revistavitrineibiuna.com.br\/\",\"url\":\"https:\/\/revistavitrineibiuna.com.br\/\",\"name\":\"In\\u00edcio\"}},{\"@type\":\"ListItem\",\"position\":2,\"item\":{\"@type\":\"WebPage\",\"@id\":\"https:\/\/revistavitrineibiuna.com.br\/?p=34396\",\"url\":\"https:\/\/revistavitrineibiuna.com.br\/?p=34396\",\"name\":\"\\u201cATUA\\u00c7\\u00c3O DO MPT-SP EM IBI\\u00daNA FOI POSITIVA\\u201d, DIZ SINDICATO DOS TRABALHADORES RURAIS\"}}]},{\"@type\":\"Article\",\"@id\":\"https:\/\/revistavitrineibiuna.com.br\/?p=34396#article\",\"isPartOf\":{\"@id\":\"https:\/\/revistavitrineibiuna.com.br\/?p=34396#webpage\"},\"author\":{\"@id\":\"https:\/\/revistavitrineibiuna.com.br\/#\/schema\/person\/e51ef49d6d88170ea21ceabff3f73deb\"},\"headline\":\"\\u201cATUA\\u00c7\\u00c3O DO MPT-SP EM IBI\\u00daNA FOI POSITIVA\\u201d, DIZ SINDICATO DOS TRABALHADORES RURAIS\",\"datePublished\":\"2025-10-25T21:55:51+00:00\",\"dateModified\":\"2025-10-25T22:58:08+00:00\",\"mainEntityOfPage\":{\"@id\":\"https:\/\/revistavitrineibiuna.com.br\/?p=34396#webpage\"},\"commentCount\":0,\"publisher\":{\"@id\":\"https:\/\/revistavitrineibiuna.com.br\/#\/schema\/person\/e51ef49d6d88170ea21ceabff3f73deb\"},\"image\":{\"@id\":\"https:\/\/revistavitrineibiuna.com.br\/?p=34396#primaryimage\"},\"articleSection\":\"Not\\u00edcias\",\"inLanguage\":\"pt-BR\",\"potentialAction\":[{\"@type\":\"CommentAction\",\"name\":\"Comment\",\"target\":[\"https:\/\/revistavitrineibiuna.com.br\/?p=34396#respond\"]}]},{\"@type\":[\"Person\",\"Organization\"],\"@id\":\"https:\/\/revistavitrineibiuna.com.br\/#\/schema\/person\/e51ef49d6d88170ea21ceabff3f73deb\",\"name\":\"Carlos Rossini\",\"image\":{\"@type\":\"ImageObject\",\"@id\":\"https:\/\/revistavitrineibiuna.com.br\/#personlogo\",\"inLanguage\":\"pt-BR\",\"url\":\"https:\/\/secure.gravatar.com\/avatar\/4f2d0f99fac1f85c7d643f21f5c8d900?s=96&d=mm&r=g\",\"caption\":\"Carlos Rossini\"},\"logo\":{\"@id\":\"https:\/\/revistavitrineibiuna.com.br\/#personlogo\"},\"description\":\"Carlos Rossini \\u00e9 jornalista, soci\\u00f3logo, escritor e professor universit\\u00e1rio, tendo sido professor de jornalismo por vinte anos. Trabalhou em ve\\u00edculos de comunica\\u00e7\\u00e3o nas fun\\u00e7\\u00f5es de rep\\u00f3rter, redator, editor, articulista e colaborador, como Folha de S. Paulo, O Estado de S. Paulo, Di\\u00e1rio Popular, entre outros. Ao transferir a revista vitrine, vers\\u00e3o imprensa, de S\\u00e3o Paulo para Ibi\\u00fana h\\u00e1 alguns anos, iniciou uma nova experi\\u00eancia profissional, dedicando-se ao jornalismo regional, depois de cumprir uma trajet\\u00f3ria bem-sucedida na grande imprensa brasileira. Seu primeiro livro A Coragem de Comunicar foi lan\\u00e7ado na Bienal do Livro em S\\u00e3o Paulo no ano 2000, pela editora Madras.\"}]}<\/script>\n<!-- \/ Yoast SEO plugin. -->","_links":{"self":[{"href":"https:\/\/revistavitrineibiuna.com.br\/index.php?rest_route=\/wp\/v2\/posts\/34396"}],"collection":[{"href":"https:\/\/revistavitrineibiuna.com.br\/index.php?rest_route=\/wp\/v2\/posts"}],"about":[{"href":"https:\/\/revistavitrineibiuna.com.br\/index.php?rest_route=\/wp\/v2\/types\/post"}],"author":[{"embeddable":true,"href":"https:\/\/revistavitrineibiuna.com.br\/index.php?rest_route=\/wp\/v2\/users\/1"}],"replies":[{"embeddable":true,"href":"https:\/\/revistavitrineibiuna.com.br\/index.php?rest_route=%2Fwp%2Fv2%2Fcomments&post=34396"}],"version-history":[{"count":5,"href":"https:\/\/revistavitrineibiuna.com.br\/index.php?rest_route=\/wp\/v2\/posts\/34396\/revisions"}],"predecessor-version":[{"id":34403,"href":"https:\/\/revistavitrineibiuna.com.br\/index.php?rest_route=\/wp\/v2\/posts\/34396\/revisions\/34403"}],"wp:featuredmedia":[{"embeddable":true,"href":"https:\/\/revistavitrineibiuna.com.br\/index.php?rest_route=\/wp\/v2\/media\/34397"}],"wp:attachment":[{"href":"https:\/\/revistavitrineibiuna.com.br\/index.php?rest_route=%2Fwp%2Fv2%2Fmedia&parent=34396"}],"wp:term":[{"taxonomy":"category","embeddable":true,"href":"https:\/\/revistavitrineibiuna.com.br\/index.php?rest_route=%2Fwp%2Fv2%2Fcategories&post=34396"},{"taxonomy":"post_tag","embeddable":true,"href":"https:\/\/revistavitrineibiuna.com.br\/index.php?rest_route=%2Fwp%2Fv2%2Ftags&post=34396"}],"curies":[{"name":"wp","href":"https:\/\/api.w.org\/{rel}","templated":true}]}}