{"id":34410,"date":"2025-10-28T14:56:56","date_gmt":"2025-10-28T17:56:56","guid":{"rendered":"http:\/\/revistavitrineibiuna.com.br\/?p=34410"},"modified":"2025-10-28T15:19:38","modified_gmt":"2025-10-28T18:19:38","slug":"sao-roque-justica-arquiva-inquerito-contra-promotor-de-eventos","status":"publish","type":"post","link":"https:\/\/revistavitrineibiuna.com.br\/?p=34410","title":{"rendered":"S\u00c3O ROQUE \u2013 JUSTI\u00c7A ARQUIVA INQU\u00c9RITO CONTRA PROMOTOR DE EVENTOS"},"content":{"rendered":"\n<p class=\"has-drop-cap\"><strong>O promotor Washington Luiz Rodrigues Alves, da Comarca &nbsp;de S\u00e3o Roque, decidiu na \u00faltima sexta-feira (24) arquivar, por falta de provas&nbsp; concretas, o inqu\u00e9rito policial que apurava den\u00fancia de estrupo contra um adolescente de 17 anos que teria ocorrido no estacionamento da casa&nbsp; noturna Pepper, em S\u00e3o Roque, em agosto de 2023.<\/strong><\/p>\n\n\n\n<p><strong>Essa decis\u00e3o inocenta o promotor de eventos de S\u00e3o Roque Lucas Di Mario, um dos investigados. \u201cS\u00e3o Roque Not\u00edcias\u201d publicou essa not\u00edcia, assinalando que o parecer do promotor aponta que Di M\u00e1rio n\u00e3o teve participa\u00e7\u00e3o nos fatos e colaborou com as investiga\u00e7\u00f5es, fornecendo inclusive material gen\u00e9tico para exame de DNA, cujo resultado apontou incompatibilidade total com o material colhido da v\u00edtima.<\/strong><\/p>\n\n\n\n<p><strong>O caso foi amplamente investigado pela Pol\u00edcia Civil de S\u00e3o Roque, que ouviu todos os envolvidos, analisou imagens de c\u00e2meras de seguran\u00e7a, mensagens e \u00e1udios de celulares. Durante o processo, foram colhidos depoimentos do adolescente, de amigos, de testemunhas, de Lucas Di M\u00e1rio e de outros frequentadores do evento.<\/strong><\/p>\n\n\n\n<p><strong>O promotor, em seu parecer, ressaltou que, embora seja reconhecida a gravidade da den\u00fancia e o relato da fam\u00edlia, as provas apresentadas n\u00e3o sustentam a acusa\u00e7\u00e3o. Segundo as considera\u00e7\u00f5es alinhadas na decis\u00e3o judicial,\u201cnenhuma das testemunhas presenciou conduta suspeita por parte dos investigados. Al\u00e9m disso, o resultado do exame de DNA demonstrou a incompatibilidade do material colhido da v\u00edtima com os suspeitos.\u201d<\/strong><\/p>\n\n\n\n<p>&#8220;<strong>Diante da aus\u00eancia de provas concretas, o Minist\u00e9rio P\u00fablico concluiu que a continuidade do processo seria &#8216;uma a\u00e7\u00e3o temer\u00e1ria&#8217;, afirmando que a instaura\u00e7\u00e3o de uma a\u00e7\u00e3o penal sem elementos s\u00f3lidos \u201catentaria contra o status dignitatis dos investigados\u201d.<\/strong><\/p>\n\n\n\n<p><strong>Com base nesses fundamentos, o \u00f3rg\u00e3o requereu o arquivamento definitivo do inqu\u00e9rito, ressaltando, contudo, que a autoridade policial poder\u00e1 retomar as investiga\u00e7\u00f5es caso surjam novas provas.<\/strong><\/p>\n\n\n\n<p><strong>O promotor Lucas Di M\u00e1rio, ap\u00f3s tomar conhecimento da decis\u00e3o, afirmou que ingressar\u00e1 com a\u00e7\u00f5es civis e criminais contra uma p\u00e1gina nas redes sociais que chegou a publicar sua foto, o acusando injustamente.<\/strong><\/p>\n\n\n\n<p><strong>\u201cForam meses de muita dor, mas sempre confiei na Justi\u00e7a e na verdade. Agora \u00e9 seguir em frente e reparar os danos causados por essa exposi\u00e7\u00e3o injusta\u201d, ele declarou.<\/strong><\/p>\n\n\n\n<p><strong>\u201c\u2019APANHEI\u2019 POR CAUSA DISSO\u201d<\/strong><\/p>\n\n\n\n<p><strong>Em contato com vitrine online, Lucas Di M\u00e1rio disse que \u201capanhou\u201d por causa disso [do inqu\u00e9rito policial] quando trabalhava na campanha de Renan Godinho\u201d. Ele foi respons\u00e1vel pelas a\u00e7\u00f5es de marketing na campanha do candidato a prefeito de Ibi\u00fana, nas \u00faltimas elei\u00e7\u00f5es municipais em Ibi\u00fana.<\/strong><\/p>\n","protected":false},"excerpt":{"rendered":"<p>O promotor Washington Luiz Rodrigues Alves, da Comarca &nbsp;de S\u00e3o Roque, decidiu na \u00faltima sexta-feira (24) arquivar, por falta de<\/p>\n","protected":false},"author":1,"featured_media":34411,"comment_status":"open","ping_status":"open","sticky":false,"template":"","format":"standard","meta":[],"categories":[70],"tags":[],"yoast_head":"<!-- This site is optimized with the Yoast SEO plugin v15.8 - https:\/\/yoast.com\/wordpress\/plugins\/seo\/ -->\n<title>S\u00c3O ROQUE \u2013 JUSTI\u00c7A ARQUIVA INQU\u00c9RITO CONTRA PROMOTOR DE EVENTOS - Revista Vitrine Online<\/title>\n<meta name=\"robots\" content=\"index, follow, max-snippet:-1, max-image-preview:large, max-video-preview:-1\" \/>\n<link rel=\"canonical\" href=\"http:\/\/revistavitrineibiuna.com.br\/?p=34410\" \/>\n<meta property=\"og:locale\" content=\"pt_BR\" \/>\n<meta property=\"og:type\" content=\"article\" \/>\n<meta property=\"og:title\" content=\"S\u00c3O ROQUE \u2013 JUSTI\u00c7A ARQUIVA INQU\u00c9RITO CONTRA PROMOTOR DE EVENTOS - Revista Vitrine Online\" \/>\n<meta property=\"og:description\" content=\"O promotor Washington Luiz Rodrigues Alves, da Comarca &nbsp;de S\u00e3o Roque, decidiu na \u00faltima sexta-feira (24) arquivar, por falta de\" \/>\n<meta property=\"og:url\" content=\"http:\/\/revistavitrineibiuna.com.br\/?p=34410\" \/>\n<meta property=\"og:site_name\" content=\"Revista Vitrine Online\" \/>\n<meta property=\"article:published_time\" content=\"2025-10-28T17:56:56+00:00\" \/>\n<meta property=\"article:modified_time\" content=\"2025-10-28T18:19:38+00:00\" \/>\n<meta property=\"og:image\" content=\"https:\/\/revistavitrineibiuna.com.br\/wp-content\/uploads\/2025\/10\/Lucas-di-Mario.png\" \/>\n\t<meta property=\"og:image:width\" content=\"713\" \/>\n\t<meta property=\"og:image:height\" content=\"577\" \/>\n<meta name=\"twitter:card\" content=\"summary\" \/>\n<meta name=\"twitter:label1\" content=\"Est. reading time\">\n\t<meta name=\"twitter:data1\" content=\"2 minutos\">\n<script type=\"application\/ld+json\" class=\"yoast-schema-graph\">{\"@context\":\"https:\/\/schema.org\",\"@graph\":[{\"@type\":\"WebSite\",\"@id\":\"https:\/\/revistavitrineibiuna.com.br\/#website\",\"url\":\"https:\/\/revistavitrineibiuna.com.br\/\",\"name\":\"Revista Vitrine Ibi\\u00fana\",\"description\":\"A Revista de Ibi\\u00fana e Regi\\u00e3o\",\"publisher\":{\"@id\":\"https:\/\/revistavitrineibiuna.com.br\/#\/schema\/person\/e51ef49d6d88170ea21ceabff3f73deb\"},\"potentialAction\":[{\"@type\":\"SearchAction\",\"target\":\"https:\/\/revistavitrineibiuna.com.br\/?s={search_term_string}\",\"query-input\":\"required name=search_term_string\"}],\"inLanguage\":\"pt-BR\"},{\"@type\":\"ImageObject\",\"@id\":\"http:\/\/revistavitrineibiuna.com.br\/?p=34410#primaryimage\",\"inLanguage\":\"pt-BR\",\"url\":\"https:\/\/revistavitrineibiuna.com.br\/wp-content\/uploads\/2025\/10\/Lucas-di-Mario.png\",\"width\":713,\"height\":577},{\"@type\":\"WebPage\",\"@id\":\"http:\/\/revistavitrineibiuna.com.br\/?p=34410#webpage\",\"url\":\"http:\/\/revistavitrineibiuna.com.br\/?p=34410\",\"name\":\"S\\u00c3O ROQUE \\u2013 JUSTI\\u00c7A ARQUIVA INQU\\u00c9RITO CONTRA PROMOTOR DE EVENTOS - Revista Vitrine Online\",\"isPartOf\":{\"@id\":\"https:\/\/revistavitrineibiuna.com.br\/#website\"},\"primaryImageOfPage\":{\"@id\":\"http:\/\/revistavitrineibiuna.com.br\/?p=34410#primaryimage\"},\"datePublished\":\"2025-10-28T17:56:56+00:00\",\"dateModified\":\"2025-10-28T18:19:38+00:00\",\"breadcrumb\":{\"@id\":\"http:\/\/revistavitrineibiuna.com.br\/?p=34410#breadcrumb\"},\"inLanguage\":\"pt-BR\",\"potentialAction\":[{\"@type\":\"ReadAction\",\"target\":[\"http:\/\/revistavitrineibiuna.com.br\/?p=34410\"]}]},{\"@type\":\"BreadcrumbList\",\"@id\":\"http:\/\/revistavitrineibiuna.com.br\/?p=34410#breadcrumb\",\"itemListElement\":[{\"@type\":\"ListItem\",\"position\":1,\"item\":{\"@type\":\"WebPage\",\"@id\":\"https:\/\/revistavitrineibiuna.com.br\/\",\"url\":\"https:\/\/revistavitrineibiuna.com.br\/\",\"name\":\"In\\u00edcio\"}},{\"@type\":\"ListItem\",\"position\":2,\"item\":{\"@type\":\"WebPage\",\"@id\":\"http:\/\/revistavitrineibiuna.com.br\/?p=34410\",\"url\":\"http:\/\/revistavitrineibiuna.com.br\/?p=34410\",\"name\":\"S\\u00c3O ROQUE \\u2013 JUSTI\\u00c7A ARQUIVA INQU\\u00c9RITO CONTRA PROMOTOR DE EVENTOS\"}}]},{\"@type\":\"Article\",\"@id\":\"http:\/\/revistavitrineibiuna.com.br\/?p=34410#article\",\"isPartOf\":{\"@id\":\"http:\/\/revistavitrineibiuna.com.br\/?p=34410#webpage\"},\"author\":{\"@id\":\"https:\/\/revistavitrineibiuna.com.br\/#\/schema\/person\/e51ef49d6d88170ea21ceabff3f73deb\"},\"headline\":\"S\\u00c3O ROQUE \\u2013 JUSTI\\u00c7A ARQUIVA INQU\\u00c9RITO CONTRA PROMOTOR DE EVENTOS\",\"datePublished\":\"2025-10-28T17:56:56+00:00\",\"dateModified\":\"2025-10-28T18:19:38+00:00\",\"mainEntityOfPage\":{\"@id\":\"http:\/\/revistavitrineibiuna.com.br\/?p=34410#webpage\"},\"commentCount\":0,\"publisher\":{\"@id\":\"https:\/\/revistavitrineibiuna.com.br\/#\/schema\/person\/e51ef49d6d88170ea21ceabff3f73deb\"},\"image\":{\"@id\":\"http:\/\/revistavitrineibiuna.com.br\/?p=34410#primaryimage\"},\"articleSection\":\"Rapidinhas\",\"inLanguage\":\"pt-BR\",\"potentialAction\":[{\"@type\":\"CommentAction\",\"name\":\"Comment\",\"target\":[\"http:\/\/revistavitrineibiuna.com.br\/?p=34410#respond\"]}]},{\"@type\":[\"Person\",\"Organization\"],\"@id\":\"https:\/\/revistavitrineibiuna.com.br\/#\/schema\/person\/e51ef49d6d88170ea21ceabff3f73deb\",\"name\":\"Carlos Rossini\",\"image\":{\"@type\":\"ImageObject\",\"@id\":\"https:\/\/revistavitrineibiuna.com.br\/#personlogo\",\"inLanguage\":\"pt-BR\",\"url\":\"https:\/\/secure.gravatar.com\/avatar\/4f2d0f99fac1f85c7d643f21f5c8d900?s=96&d=mm&r=g\",\"caption\":\"Carlos Rossini\"},\"logo\":{\"@id\":\"https:\/\/revistavitrineibiuna.com.br\/#personlogo\"},\"description\":\"Carlos Rossini \\u00e9 jornalista, soci\\u00f3logo, escritor e professor universit\\u00e1rio, tendo sido professor de jornalismo por vinte anos. Trabalhou em ve\\u00edculos de comunica\\u00e7\\u00e3o nas fun\\u00e7\\u00f5es de rep\\u00f3rter, redator, editor, articulista e colaborador, como Folha de S. Paulo, O Estado de S. Paulo, Di\\u00e1rio Popular, entre outros. Ao transferir a revista vitrine, vers\\u00e3o imprensa, de S\\u00e3o Paulo para Ibi\\u00fana h\\u00e1 alguns anos, iniciou uma nova experi\\u00eancia profissional, dedicando-se ao jornalismo regional, depois de cumprir uma trajet\\u00f3ria bem-sucedida na grande imprensa brasileira. Seu primeiro livro A Coragem de Comunicar foi lan\\u00e7ado na Bienal do Livro em S\\u00e3o Paulo no ano 2000, pela editora Madras.\"}]}<\/script>\n<!-- \/ Yoast SEO plugin. -->","_links":{"self":[{"href":"https:\/\/revistavitrineibiuna.com.br\/index.php?rest_route=\/wp\/v2\/posts\/34410"}],"collection":[{"href":"https:\/\/revistavitrineibiuna.com.br\/index.php?rest_route=\/wp\/v2\/posts"}],"about":[{"href":"https:\/\/revistavitrineibiuna.com.br\/index.php?rest_route=\/wp\/v2\/types\/post"}],"author":[{"embeddable":true,"href":"https:\/\/revistavitrineibiuna.com.br\/index.php?rest_route=\/wp\/v2\/users\/1"}],"replies":[{"embeddable":true,"href":"https:\/\/revistavitrineibiuna.com.br\/index.php?rest_route=%2Fwp%2Fv2%2Fcomments&post=34410"}],"version-history":[{"count":5,"href":"https:\/\/revistavitrineibiuna.com.br\/index.php?rest_route=\/wp\/v2\/posts\/34410\/revisions"}],"predecessor-version":[{"id":34417,"href":"https:\/\/revistavitrineibiuna.com.br\/index.php?rest_route=\/wp\/v2\/posts\/34410\/revisions\/34417"}],"wp:featuredmedia":[{"embeddable":true,"href":"https:\/\/revistavitrineibiuna.com.br\/index.php?rest_route=\/wp\/v2\/media\/34411"}],"wp:attachment":[{"href":"https:\/\/revistavitrineibiuna.com.br\/index.php?rest_route=%2Fwp%2Fv2%2Fmedia&parent=34410"}],"wp:term":[{"taxonomy":"category","embeddable":true,"href":"https:\/\/revistavitrineibiuna.com.br\/index.php?rest_route=%2Fwp%2Fv2%2Fcategories&post=34410"},{"taxonomy":"post_tag","embeddable":true,"href":"https:\/\/revistavitrineibiuna.com.br\/index.php?rest_route=%2Fwp%2Fv2%2Ftags&post=34410"}],"curies":[{"name":"wp","href":"https:\/\/api.w.org\/{rel}","templated":true}]}}