{"id":34418,"date":"2025-10-31T14:51:14","date_gmt":"2025-10-31T17:51:14","guid":{"rendered":"http:\/\/revistavitrineibiuna.com.br\/?p=34418"},"modified":"2025-10-31T15:13:35","modified_gmt":"2025-10-31T18:13:35","slug":"diante-das-cameras-eles-fazem-de-tudo-para-chamar-a-sua-atencao","status":"publish","type":"post","link":"https:\/\/revistavitrineibiuna.com.br\/?p=34418","title":{"rendered":"DIANTE DAS C\u00c2MERAS \u2013 ELES FAZEM DE TUDO PARA CHAMAR A SUA ATEN\u00c7\u00c3O"},"content":{"rendered":"\n<p class=\"has-drop-cap\"><strong>Os pol\u00edticos est\u00e3o cada vez mais ousados, criativos e tamb\u00e9m divertidos em suas apari\u00e7\u00f5es p\u00fablicas. Eles, deixando de lado quaisquer vest\u00edgios de pudor, fazem de tudo para chamar e prender a aten\u00e7\u00e3o dos cidad\u00e3os.<\/strong><\/p>\n\n\n\n<p><strong>D\u00e3o susto em merendeira, fingem desmaio, transformam-se em cantores e personagens famosos, se \u201catiram de paraquedas\u201d.<\/strong><\/p>\n\n\n\n<p><strong>S\u00e3o personagens surgidos na era das redes sociais. E est\u00e3o conseguindo se destacar por meio de cenas em que o exagero c\u00f4mico \u00e9 o denominador comum dos roteiros que eles pr\u00f3prios ou seu pessoal de marketing pol\u00edtico criam para consumo emocional.<\/strong><\/p>\n\n\n\n<p><strong>Em nossa regi\u00e3o dois prefeitos e um vereador v\u00eam se sobressaindo exatamente porque romperam os limites do que se considerava um h\u00e1bito tanto cultural quanto moral de comportamento p\u00fablico: Rodrigo Manga (Sorocaba), Guto Issa (S\u00e3o Roque), vereador Lucas Pires (Ibi\u00fana).<\/strong><\/p>\n\n\n\n<p><strong>Dos tr\u00eas o que leva a coisa ao paroxismo \u00e9 Manga. Veja essa cena. Ele se aproxima de uma merendeira e diz com aparente irrita\u00e7\u00e3o: \u201cQuem fez essa comida? A mulher assustada mal consegue falar e ele: \u201cMeus parab\u00e9ns! A merenda de nossa cidade foi escolhida a melhor merenda do Brasil! A mulher p\u00f5e a m\u00e3o sobre o cora\u00e7\u00e3o e demonstra estar aliviada.<\/strong><\/p>\n\n\n\n<figure class=\"wp-block-image size-large\"><img loading=\"lazy\" width=\"709\" height=\"647\" src=\"http:\/\/revistavitrineibiuna.com.br\/wp-content\/uploads\/2025\/10\/Mangas-quem-fez.png\" alt=\"\" class=\"wp-image-34422\" srcset=\"https:\/\/revistavitrineibiuna.com.br\/wp-content\/uploads\/2025\/10\/Mangas-quem-fez.png 709w, https:\/\/revistavitrineibiuna.com.br\/wp-content\/uploads\/2025\/10\/Mangas-quem-fez-300x274.png 300w\" sizes=\"(max-width: 709px) 100vw, 709px\" \/><figcaption>Manga: &#8220;Quem  fez essa comida?&#8230;&#8221;<\/figcaption><\/figure>\n\n\n\n<figure class=\"wp-block-image size-large\"><img loading=\"lazy\" width=\"720\" height=\"770\" src=\"http:\/\/revistavitrineibiuna.com.br\/wp-content\/uploads\/2025\/10\/manga-ea-merendeira-alivio.png\" alt=\"\" class=\"wp-image-34423\" srcset=\"https:\/\/revistavitrineibiuna.com.br\/wp-content\/uploads\/2025\/10\/manga-ea-merendeira-alivio.png 720w, https:\/\/revistavitrineibiuna.com.br\/wp-content\/uploads\/2025\/10\/manga-ea-merendeira-alivio-281x300.png 281w\" sizes=\"(max-width: 720px) 100vw, 720px\" \/><figcaption>Manga: &#8220;Parab\u00e9ns, a merenda de Sorocaba \u00e9  a melhor do Brasil&#8221;<\/figcaption><\/figure>\n\n\n\n<p><strong>Outra cena. Sentado em sua poltrona no gabinete. De repente dois rapazes come\u00e7am esbofete\u00e1-lo. O pano de fundo seria um ato demonstrando insatisfa\u00e7\u00e3o com a falta de rem\u00e9dios nas unidades de sa\u00fade do munic\u00edpio. Ent\u00e3o, Manga anuncia que agora os mun\u00edcipes, se precisarem de medicamento basta ir a uma farm\u00e1cia credenciada e pegar o rem\u00e9dio. A Prefeitura pagar\u00e1 a farm\u00e1cia via Pix.<\/strong><\/p>\n\n\n\n<figure class=\"wp-block-image size-large\"><img loading=\"lazy\" width=\"717\" height=\"890\" src=\"http:\/\/revistavitrineibiuna.com.br\/wp-content\/uploads\/2025\/10\/manga-e-a-coca-cola.png\" alt=\"\" class=\"wp-image-34424\" srcset=\"https:\/\/revistavitrineibiuna.com.br\/wp-content\/uploads\/2025\/10\/manga-e-a-coca-cola.png 717w, https:\/\/revistavitrineibiuna.com.br\/wp-content\/uploads\/2025\/10\/manga-e-a-coca-cola-242x300.png 242w\" sizes=\"(max-width: 717px) 100vw, 717px\" \/><figcaption>O prefeito sorocabano ao anunciar distribui\u00e7\u00e3o gratuita de Coca Cola<\/figcaption><\/figure>\n\n\n\n<p><strong>Durante uma entrevista, os rep\u00f3rteres falam que ele est\u00e1 sendo alvo de cr\u00edticas negativas. Ele come\u00e7a a responder, mas parece sentir algo estranho e parece que vai cair, mas, subitamente, ele se vira e anuncia que haver\u00e1 distribui\u00e7\u00e3o gratuita de sorvetes.<\/strong><\/p>\n\n\n\n<p><strong>Manga tamb\u00e9m, sempre de forma dramatizada, anunciou a &nbsp;distribui\u00e7\u00e3o de caf\u00e9, Coca Cola e churrasco gratuitos&nbsp; em pra\u00e7a p\u00fablica, assinalando que o trabalhador tamb\u00e9m tem direito a esse prazeres.<\/strong><\/p>\n\n\n\n<p><strong>PARAQUEDAS<\/strong><\/p>\n\n\n\n<p><strong>Mesmo antes de ser candidato a vereador, Lucas Pires, o mais jovem parlamentar ibiunense, j\u00e1 nadava de bra\u00e7ada como ativista pol\u00edtico com not\u00e1vel dom\u00ednio na arte de produ\u00e7\u00f5es digitais. Postava v\u00eddeo simulando estar pescando em buracos cheios de \u00e1gua nas ruas, denunciava irregularidades tanto no Executivo quanto no Legislativo.<\/strong><\/p>\n\n\n\n<p><strong>Na sua cria\u00e7\u00e3o mais recente ele, pendurado em um suposto helic\u00f3ptero, simplesmente \u201cse atira\u2019 de paraquedas, feito com um pl\u00e1stico preto e uma sacola pendurada nas costas. \u201cDesce\u201d em um gramado e come\u00e7a a fazer um relato de sua atua\u00e7\u00e3o pol\u00edtica que inclui 150 proposituras apresentadas na C\u00e2mara Municipal.<\/strong><\/p>\n\n\n\n<figure class=\"wp-block-image size-large\"><img loading=\"lazy\" width=\"719\" height=\"539\" src=\"http:\/\/revistavitrineibiuna.com.br\/wp-content\/uploads\/2025\/10\/lucas-pires-paraquedas-no-chao.png\" alt=\"\" class=\"wp-image-34427\" srcset=\"https:\/\/revistavitrineibiuna.com.br\/wp-content\/uploads\/2025\/10\/lucas-pires-paraquedas-no-chao.png 719w, https:\/\/revistavitrineibiuna.com.br\/wp-content\/uploads\/2025\/10\/lucas-pires-paraquedas-no-chao-300x225.png 300w, https:\/\/revistavitrineibiuna.com.br\/wp-content\/uploads\/2025\/10\/lucas-pires-paraquedas-no-chao-320x240.png 320w\" sizes=\"(max-width: 719px) 100vw, 719px\" \/><figcaption>Lucas Pires e seu paraquedas. Note a bolsa onde estava acomodado<\/figcaption><\/figure>\n\n\n\n<figure class=\"wp-block-image size-large\"><img loading=\"lazy\" width=\"665\" height=\"439\" src=\"http:\/\/revistavitrineibiuna.com.br\/wp-content\/uploads\/2025\/10\/alemao-ataca-lucas-pires.png\" alt=\"\" class=\"wp-image-34431\" srcset=\"https:\/\/revistavitrineibiuna.com.br\/wp-content\/uploads\/2025\/10\/alemao-ataca-lucas-pires.png 665w, https:\/\/revistavitrineibiuna.com.br\/wp-content\/uploads\/2025\/10\/alemao-ataca-lucas-pires-300x198.png 300w\" sizes=\"(max-width: 665px) 100vw, 665px\" \/><figcaption>De repente algu\u00e9m &#8220;desfere&#8221; um soco no vereador. Pura brincadeira para chamar a aten\u00e7\u00e3o<\/figcaption><\/figure>\n\n\n\n<p><strong>Menciona melhorias conseguidas, por meio de suas not\u00edcias, em escolas, UBSs, al\u00e9m de instalar, ele mesmo, duas tampas nos vasos sanit\u00e1rios existentes na recep\u00e7\u00e3o do Hospital Municipal.<\/strong><\/p>\n\n\n\n<p><strong>No terreno situado ao lado da C\u00e2mara Municipial, ele \u201csofre\u201d ataque. Um homem surgem repentinamente e lhe desfere um soco previamente combinado. O \u201cagressor\u201d \u00e9 seu assessor parlamentar Fernando Estevam, o Alem\u00e3o. Tudo combinado para causar impacto.<\/strong><\/p>\n\n\n\n<p><strong>O objetivo do v\u00eddeo era chamar a aten\u00e7\u00e3o para outro v\u00eddeo que traria um assunto importante. \u201cAceitem meu pedido, n\u00e3o deixem de assistir\u201d, reivindicava Lucas Pires.<\/strong><\/p>\n\n\n\n<p><strong>GUTO ISSA<\/strong><\/p>\n\n\n\n<p><strong>Num dos v\u00eddeos postados, o prefeito de S\u00e3o Roque parece cair do c\u00e9u em uma rua. O objetivo \u00e9 mostrar que est\u00e3o sendo asfaltadas algumas ruas no munic\u00edpio.<\/strong><\/p>\n\n\n\n<p><strong>Em outra grava\u00e7\u00e3o, Issa faz dupla consigo mesmo. \u201cAmbos\u201d conversam entre si sobre prefer\u00eancias musicais. Com um viol\u00e3o nos bra\u00e7os ele anuncia um novo festival de musica popular brasileira na cidade.<\/strong><\/p>\n\n\n\n<p><strong>Agora ele aparece pilotando um drone. Faz a seguinte narrativa: s\u00e3o tantas as obras em andamento em S\u00e3o Roque que somente um drone pode visualizar, enquanto aparecem vistas a\u00e9reas da cidade.<\/strong><\/p>\n\n\n\n<figure class=\"wp-block-image size-large\"><img loading=\"lazy\" width=\"645\" height=\"457\" src=\"http:\/\/revistavitrineibiuna.com.br\/wp-content\/uploads\/2025\/10\/guto-issa-no-violao.png\" alt=\"\" class=\"wp-image-34434\" srcset=\"https:\/\/revistavitrineibiuna.com.br\/wp-content\/uploads\/2025\/10\/guto-issa-no-violao.png 645w, https:\/\/revistavitrineibiuna.com.br\/wp-content\/uploads\/2025\/10\/guto-issa-no-violao-300x213.png 300w\" sizes=\"(max-width: 645px) 100vw, 645px\" \/><figcaption>Guto Issa em dobro, cantor com pandeiro e viol\u00e3o para anunciar um festival de musica na cidade<\/figcaption><\/figure>\n\n\n\n<figure class=\"wp-block-image size-large\"><img loading=\"lazy\" width=\"680\" height=\"477\" src=\"http:\/\/revistavitrineibiuna.com.br\/wp-content\/uploads\/2025\/10\/guto-issa-homem-aranha.png\" alt=\"\" class=\"wp-image-34435\" srcset=\"https:\/\/revistavitrineibiuna.com.br\/wp-content\/uploads\/2025\/10\/guto-issa-homem-aranha.png 680w, https:\/\/revistavitrineibiuna.com.br\/wp-content\/uploads\/2025\/10\/guto-issa-homem-aranha-300x210.png 300w, https:\/\/revistavitrineibiuna.com.br\/wp-content\/uploads\/2025\/10\/guto-issa-homem-aranha-130x90.png 130w\" sizes=\"(max-width: 680px) 100vw, 680px\" \/><figcaption>No personagem do Homem Aranha promovendo a festa do Dia das Crian\u00e7as<\/figcaption><\/figure>\n\n\n\n<p><strong>Ao anunciar um novo parquinho infantil ele se torna um m\u00e1gico em um gramado. D\u00e1 um salto e subitamente surgem diversos brinquedos.<\/strong><\/p>\n\n\n\n<p><strong>Na semana das crian\u00e7as incorpora o personagem do Homem Aranha. \u201cNa semana das crian\u00e7as quem manda na cidade \u00e9 o Homem Aranha e eu venho aqui para convidar voc\u00ea, meu amiguinho e minha amiguinha, e tudo vai ser de gra\u00e7a brinquedos, personagens e muita alimenta\u00e7\u00e3o.\u201d \u00c9 naturalmente engra\u00e7ado.<\/strong><\/p>\n\n\n\n<p><strong>NOVO FIL\u00c3O<\/strong><\/p>\n\n\n\n<p><strong>Esse novo fil\u00e3o autopromocional que vem sendo utilizado pela nova gera\u00e7\u00e3o de pol\u00edticos tem como alvo atingir a emo\u00e7\u00e3o das pessoas como imperativo para maximizar o engajamento nas redes sociais. Cabe lembrar que o objetivo de aparecer e ser reconhecido se tornou um desejo universal nas redes sociais.<\/strong><\/p>\n\n\n\n<p><strong>As modalidades teatrais de divulga\u00e7\u00e3o, especialmente no caso dos prefeitos, s\u00e3o \u00fateis tamb\u00e9m para distrair a aten\u00e7\u00e3o e afastar o foco dos problemas e conflitos nas rela\u00e7\u00f5es entre o poder p\u00fablico e a cidadania.<\/strong><\/p>\n\n\n\n<p><strong>E, l\u00f3gico, essa for\u00e7a de marketing pol\u00edtico n\u00e3o consegue ocupar integralmente o espa\u00e7o para as cr\u00edticas geradas por queixas dos cidad\u00e3os.<\/strong><\/p>\n\n\n\n<p><strong>No caso do prefeito de Sorocaba uma vereadora se queixou de que ele est\u00e1 fazendo um disp\u00eandio de recursos para oferecer caf\u00e9, Coca Cola e churrasco com verba p\u00fablica. Ele rebateu dizendo que, na realidade, est\u00e1 fazendo \u201cparceria com a iniciativa privada\u201d.<\/strong><\/p>\n\n\n\n<p><strong>O tema central de sua movimenta\u00e7\u00e3o parece ter se fixado na mente de muitos brasileiros: \u201cVamos fazer de Sorocaba a melhor cidade do Brasil para se viver\u201d.<\/strong><\/p>\n\n\n\n<p><strong>Issa, de seu lado, procura dissolver a mancha negativa que o elevado aumento do IPTU provocou em seu governo no ano passado. Al\u00e9m da revolta vis\u00edvel nas mesmas redes sociais, esse fato provocou diversas manifesta\u00e7\u00f5es p\u00fablicas, muitas delas no plen\u00e1rio da C\u00e2mara Municipal sanroquense. &nbsp;<\/strong><\/p>\n","protected":false},"excerpt":{"rendered":"<p>Os pol\u00edticos est\u00e3o cada vez mais ousados, criativos e tamb\u00e9m divertidos em suas apari\u00e7\u00f5es p\u00fablicas. Eles, deixando de lado quaisquer<\/p>\n","protected":false},"author":1,"featured_media":34419,"comment_status":"open","ping_status":"open","sticky":false,"template":"","format":"standard","meta":[],"categories":[3],"tags":[],"yoast_head":"<!-- This site is optimized with the Yoast SEO plugin v15.8 - https:\/\/yoast.com\/wordpress\/plugins\/seo\/ -->\n<title>DIANTE DAS C\u00c2MERAS \u2013 ELES FAZEM DE TUDO PARA CHAMAR A SUA ATEN\u00c7\u00c3O - Revista Vitrine Online<\/title>\n<meta name=\"robots\" content=\"index, follow, max-snippet:-1, max-image-preview:large, max-video-preview:-1\" \/>\n<link rel=\"canonical\" href=\"http:\/\/revistavitrineibiuna.com.br\/?p=34418\" \/>\n<meta property=\"og:locale\" content=\"pt_BR\" \/>\n<meta property=\"og:type\" content=\"article\" \/>\n<meta property=\"og:title\" content=\"DIANTE DAS C\u00c2MERAS \u2013 ELES FAZEM DE TUDO PARA CHAMAR A SUA ATEN\u00c7\u00c3O - Revista Vitrine Online\" \/>\n<meta property=\"og:description\" content=\"Os pol\u00edticos est\u00e3o cada vez mais ousados, criativos e tamb\u00e9m divertidos em suas apari\u00e7\u00f5es p\u00fablicas. Eles, deixando de lado quaisquer\" \/>\n<meta property=\"og:url\" content=\"http:\/\/revistavitrineibiuna.com.br\/?p=34418\" \/>\n<meta property=\"og:site_name\" content=\"Revista Vitrine Online\" \/>\n<meta property=\"article:published_time\" content=\"2025-10-31T17:51:14+00:00\" \/>\n<meta property=\"article:modified_time\" content=\"2025-10-31T18:13:35+00:00\" \/>\n<meta property=\"og:image\" content=\"https:\/\/revistavitrineibiuna.com.br\/wp-content\/uploads\/2025\/10\/f04c5c56-017a-4163-b196-e06cebeff6c5-1.jpg\" \/>\n\t<meta property=\"og:image:width\" content=\"796\" \/>\n\t<meta property=\"og:image:height\" content=\"438\" \/>\n<meta name=\"twitter:card\" content=\"summary\" \/>\n<meta name=\"twitter:label1\" content=\"Est. reading time\">\n\t<meta name=\"twitter:data1\" content=\"6 minutos\">\n<script type=\"application\/ld+json\" class=\"yoast-schema-graph\">{\"@context\":\"https:\/\/schema.org\",\"@graph\":[{\"@type\":\"WebSite\",\"@id\":\"https:\/\/revistavitrineibiuna.com.br\/#website\",\"url\":\"https:\/\/revistavitrineibiuna.com.br\/\",\"name\":\"Revista Vitrine Ibi\\u00fana\",\"description\":\"A Revista de Ibi\\u00fana e Regi\\u00e3o\",\"publisher\":{\"@id\":\"https:\/\/revistavitrineibiuna.com.br\/#\/schema\/person\/e51ef49d6d88170ea21ceabff3f73deb\"},\"potentialAction\":[{\"@type\":\"SearchAction\",\"target\":\"https:\/\/revistavitrineibiuna.com.br\/?s={search_term_string}\",\"query-input\":\"required name=search_term_string\"}],\"inLanguage\":\"pt-BR\"},{\"@type\":\"ImageObject\",\"@id\":\"http:\/\/revistavitrineibiuna.com.br\/?p=34418#primaryimage\",\"inLanguage\":\"pt-BR\",\"url\":\"https:\/\/revistavitrineibiuna.com.br\/wp-content\/uploads\/2025\/10\/f04c5c56-017a-4163-b196-e06cebeff6c5-1.jpg\",\"width\":796,\"height\":438},{\"@type\":\"WebPage\",\"@id\":\"http:\/\/revistavitrineibiuna.com.br\/?p=34418#webpage\",\"url\":\"http:\/\/revistavitrineibiuna.com.br\/?p=34418\",\"name\":\"DIANTE DAS C\\u00c2MERAS \\u2013 ELES FAZEM DE TUDO PARA CHAMAR A SUA ATEN\\u00c7\\u00c3O - Revista Vitrine Online\",\"isPartOf\":{\"@id\":\"https:\/\/revistavitrineibiuna.com.br\/#website\"},\"primaryImageOfPage\":{\"@id\":\"http:\/\/revistavitrineibiuna.com.br\/?p=34418#primaryimage\"},\"datePublished\":\"2025-10-31T17:51:14+00:00\",\"dateModified\":\"2025-10-31T18:13:35+00:00\",\"breadcrumb\":{\"@id\":\"http:\/\/revistavitrineibiuna.com.br\/?p=34418#breadcrumb\"},\"inLanguage\":\"pt-BR\",\"potentialAction\":[{\"@type\":\"ReadAction\",\"target\":[\"http:\/\/revistavitrineibiuna.com.br\/?p=34418\"]}]},{\"@type\":\"BreadcrumbList\",\"@id\":\"http:\/\/revistavitrineibiuna.com.br\/?p=34418#breadcrumb\",\"itemListElement\":[{\"@type\":\"ListItem\",\"position\":1,\"item\":{\"@type\":\"WebPage\",\"@id\":\"https:\/\/revistavitrineibiuna.com.br\/\",\"url\":\"https:\/\/revistavitrineibiuna.com.br\/\",\"name\":\"In\\u00edcio\"}},{\"@type\":\"ListItem\",\"position\":2,\"item\":{\"@type\":\"WebPage\",\"@id\":\"http:\/\/revistavitrineibiuna.com.br\/?p=34418\",\"url\":\"http:\/\/revistavitrineibiuna.com.br\/?p=34418\",\"name\":\"DIANTE DAS C\\u00c2MERAS \\u2013 ELES FAZEM DE TUDO PARA CHAMAR A SUA ATEN\\u00c7\\u00c3O\"}}]},{\"@type\":\"Article\",\"@id\":\"http:\/\/revistavitrineibiuna.com.br\/?p=34418#article\",\"isPartOf\":{\"@id\":\"http:\/\/revistavitrineibiuna.com.br\/?p=34418#webpage\"},\"author\":{\"@id\":\"https:\/\/revistavitrineibiuna.com.br\/#\/schema\/person\/e51ef49d6d88170ea21ceabff3f73deb\"},\"headline\":\"DIANTE DAS C\\u00c2MERAS \\u2013 ELES FAZEM DE TUDO PARA CHAMAR A SUA ATEN\\u00c7\\u00c3O\",\"datePublished\":\"2025-10-31T17:51:14+00:00\",\"dateModified\":\"2025-10-31T18:13:35+00:00\",\"mainEntityOfPage\":{\"@id\":\"http:\/\/revistavitrineibiuna.com.br\/?p=34418#webpage\"},\"commentCount\":0,\"publisher\":{\"@id\":\"https:\/\/revistavitrineibiuna.com.br\/#\/schema\/person\/e51ef49d6d88170ea21ceabff3f73deb\"},\"image\":{\"@id\":\"http:\/\/revistavitrineibiuna.com.br\/?p=34418#primaryimage\"},\"articleSection\":\"Not\\u00edcias\",\"inLanguage\":\"pt-BR\",\"potentialAction\":[{\"@type\":\"CommentAction\",\"name\":\"Comment\",\"target\":[\"http:\/\/revistavitrineibiuna.com.br\/?p=34418#respond\"]}]},{\"@type\":[\"Person\",\"Organization\"],\"@id\":\"https:\/\/revistavitrineibiuna.com.br\/#\/schema\/person\/e51ef49d6d88170ea21ceabff3f73deb\",\"name\":\"Carlos Rossini\",\"image\":{\"@type\":\"ImageObject\",\"@id\":\"https:\/\/revistavitrineibiuna.com.br\/#personlogo\",\"inLanguage\":\"pt-BR\",\"url\":\"https:\/\/secure.gravatar.com\/avatar\/4f2d0f99fac1f85c7d643f21f5c8d900?s=96&d=mm&r=g\",\"caption\":\"Carlos Rossini\"},\"logo\":{\"@id\":\"https:\/\/revistavitrineibiuna.com.br\/#personlogo\"},\"description\":\"Carlos Rossini \\u00e9 jornalista, soci\\u00f3logo, escritor e professor universit\\u00e1rio, tendo sido professor de jornalismo por vinte anos. Trabalhou em ve\\u00edculos de comunica\\u00e7\\u00e3o nas fun\\u00e7\\u00f5es de rep\\u00f3rter, redator, editor, articulista e colaborador, como Folha de S. Paulo, O Estado de S. Paulo, Di\\u00e1rio Popular, entre outros. Ao transferir a revista vitrine, vers\\u00e3o imprensa, de S\\u00e3o Paulo para Ibi\\u00fana h\\u00e1 alguns anos, iniciou uma nova experi\\u00eancia profissional, dedicando-se ao jornalismo regional, depois de cumprir uma trajet\\u00f3ria bem-sucedida na grande imprensa brasileira. Seu primeiro livro A Coragem de Comunicar foi lan\\u00e7ado na Bienal do Livro em S\\u00e3o Paulo no ano 2000, pela editora Madras.\"}]}<\/script>\n<!-- \/ Yoast SEO plugin. -->","_links":{"self":[{"href":"https:\/\/revistavitrineibiuna.com.br\/index.php?rest_route=\/wp\/v2\/posts\/34418"}],"collection":[{"href":"https:\/\/revistavitrineibiuna.com.br\/index.php?rest_route=\/wp\/v2\/posts"}],"about":[{"href":"https:\/\/revistavitrineibiuna.com.br\/index.php?rest_route=\/wp\/v2\/types\/post"}],"author":[{"embeddable":true,"href":"https:\/\/revistavitrineibiuna.com.br\/index.php?rest_route=\/wp\/v2\/users\/1"}],"replies":[{"embeddable":true,"href":"https:\/\/revistavitrineibiuna.com.br\/index.php?rest_route=%2Fwp%2Fv2%2Fcomments&post=34418"}],"version-history":[{"count":5,"href":"https:\/\/revistavitrineibiuna.com.br\/index.php?rest_route=\/wp\/v2\/posts\/34418\/revisions"}],"predecessor-version":[{"id":34436,"href":"https:\/\/revistavitrineibiuna.com.br\/index.php?rest_route=\/wp\/v2\/posts\/34418\/revisions\/34436"}],"wp:featuredmedia":[{"embeddable":true,"href":"https:\/\/revistavitrineibiuna.com.br\/index.php?rest_route=\/wp\/v2\/media\/34419"}],"wp:attachment":[{"href":"https:\/\/revistavitrineibiuna.com.br\/index.php?rest_route=%2Fwp%2Fv2%2Fmedia&parent=34418"}],"wp:term":[{"taxonomy":"category","embeddable":true,"href":"https:\/\/revistavitrineibiuna.com.br\/index.php?rest_route=%2Fwp%2Fv2%2Fcategories&post=34418"},{"taxonomy":"post_tag","embeddable":true,"href":"https:\/\/revistavitrineibiuna.com.br\/index.php?rest_route=%2Fwp%2Fv2%2Ftags&post=34418"}],"curies":[{"name":"wp","href":"https:\/\/api.w.org\/{rel}","templated":true}]}}