{"id":34438,"date":"2025-11-02T02:05:09","date_gmt":"2025-11-02T05:05:09","guid":{"rendered":"http:\/\/revistavitrineibiuna.com.br\/?p=34438"},"modified":"2025-11-02T06:05:48","modified_gmt":"2025-11-02T09:05:48","slug":"duplicacao-e-pedagios-que-voce-precisa-saber-da-bunjiro-nakao","status":"publish","type":"post","link":"https:\/\/revistavitrineibiuna.com.br\/?p=34438","title":{"rendered":"DUPLICA\u00c7\u00c3O E PED\u00c1GIOS &#8211; O QUE VOC\u00ca PRECISA SABER DA BUNJIRO NAKAO"},"content":{"rendered":"\n<p class=\"has-drop-cap\"><strong>Conforme noticiado pela TVUNA na quinta-feira (30), a instala\u00e7\u00e3o de um p\u00f3rtico [ped\u00e1gio eletr\u00f4nico de cobran\u00e7a autom\u00e1tica] no km 57 da rodovia Bunjiro Nakao, pr\u00f3ximo da Nissin, j\u00e1 est\u00e1 conclu\u00edda, mas, segundo apuramos, somente dever\u00e1 entrar em opera\u00e7\u00e3o a partir de janeiro de 2026.<\/strong><\/p>\n\n\n\n<p><strong>Um outro p\u00f3rtico foi tamb\u00e9m erguido no km 89, j\u00e1 no territ\u00f3rio de Piedade e dever\u00e1 estar conclu\u00eddo no fim deste m\u00eas, mas n\u00e3o h\u00e1 previs\u00e3o sobre quando come\u00e7ar\u00e1 operar.<\/strong><\/p>\n\n\n\n<p><strong>MOVIMENTA\u00c7\u00c3O CONTRA PED\u00c1GIOS<\/strong><\/p>\n\n\n\n<p><strong>Diversas cidades que tiveram estradas concessionadas inclusas nos projetos de instala\u00e7\u00f5es de p\u00f3rticos est\u00e3o se mobilizando para impedir que suas popula\u00e7\u00f5es sejam prejudicadas pela cobran\u00e7a das tarifas.<\/strong><\/p>\n\n\n\n<p><strong>Prefeitos, vereadores, associa\u00e7\u00f5es, entidades e cidad\u00e3os apreensivos, sobretudo porque h\u00e1 ped\u00e1gios cont\u00edguos a \u00e1reas urbanas e que ter\u00e3o sob rigoroso controle a movimenta\u00e7\u00e3o entre os bairros, t\u00eam se mobilizado, at\u00e9 mesmo com protestos p\u00fablicos como aconteceu na rodovia Raposo Tavares, entrando com representa\u00e7\u00f5es no Poder Judici\u00e1rio e enviando of\u00edcios \u00e0s autoridades estaduais.<\/strong><\/p>\n\n\n\n<p><strong>Algumas situa\u00e7\u00f5es t\u00eam sido revistas com importantes conquistas. Tarc\u00edsio de Freitas, agora denominado \u201cgovernador dos ped\u00e1gios\u201d chegou a suspender a cobran\u00e7a em algumas localidades.<\/strong><\/p>\n\n\n\n<p><strong>ALUM\u00cdNIO<\/strong><\/p>\n\n\n\n<p><strong>Recentemente, a prefeita de Alum\u00ednio, Ana Paula de Cassia Neto, postou um v\u00eddeo de um encontro do qual participou o Rafael Benini, secret\u00e1rio estadual de Parcerias em Investimentos e a deputada Maria L\u00facia Amary, anunciando, com not\u00e1vel contentamento, que o p\u00f3rtico na divisa de Alum\u00ednio e Mairinque no km 72,390 funcionar\u00e1 apenas a titulo de monitoramento. Essa decis\u00e3o contempla bairros que seriam penalizados com a cobran\u00e7a.<\/strong><\/p>\n\n\n\n<p><strong>MOGI DAS CRUZES<\/strong><\/p>\n\n\n\n<p><strong>Na \u00faltima quinta-feira (30) a prefeita de Mogi das Cruzes, Mara Bertaiolli, liderou um grande movimento com a participa\u00e7\u00e3o de secret\u00e1rios municipais, vereadores e representantes da popula\u00e7\u00e3o que resultou no envio de uma carta ao governador contra o funcionamento [previsto para este s\u00e1bado &#8211; 1\u00ba.11] do p\u00f3rtico instalado na estrada que liga Mogi \u00e0 via Dutra.<\/strong><\/p>\n\n\n\n<p><strong>A prefeita chegou a declarar, na pior das hip\u00f3teses, que aos menos popula\u00e7\u00e3o residente do munic\u00edpio fique isenta da cobran\u00e7a do ped\u00e1gio.<\/strong><\/p>\n\n\n\n<p><strong>IBI\u00daNA<\/strong><\/p>\n\n\n\n<p><strong>A instala\u00e7\u00e3o dos p\u00f3rticos nos km 57 e 89 da rodovia Bunjiro Nakao tem provocado sentimento de revolta popula\u00e7\u00e3o ibiunense porque atingir\u00e1 os bolsos dos cidad\u00e3os, que se movimentam diariamente de um bairro a outro e destes ao centro urbano. A mesma situa\u00e7\u00e3o se verifica e no caso de Piedade, munic\u00edpio que faz limite com Ibi\u00fana.<\/strong><\/p>\n\n\n\n<p><strong>Em Ibi\u00fana, a C\u00e2mara Municipal criou a Comiss\u00e3o de Vereadores da Bunjiro Nakao que j\u00e1 enviou of\u00edcios \u00e0s autoridades contra a instala\u00e7\u00e3o de ambos os ped\u00e1gios eletr\u00f4nicos e aguarda a respostas para tomar novas atitudes.<\/strong><\/p>\n\n\n\n<p><strong>O deputado estadual Antonio Donato e o vereador Carlinhos Marques deram entrada em uma representa\u00e7\u00e3o no Minist\u00e9rio P\u00fablico estadual pedindo medidas para coibir a cobran\u00e7a.<\/strong><\/p>\n\n\n\n<p><strong>Marques informou que obtiveram retorno no sentido de que a institui\u00e7\u00e3o ir\u00e1 abrir um processo para apurar a den\u00fancia a fim de dar um parecer para a ado\u00e7\u00e3o de uma medida judicial.<\/strong><\/p>\n\n\n\n<p><strong>REPERCUSS\u00c3O<\/strong><\/p>\n\n\n\n<p><strong>As not\u00edcias veiculadas pela TVUNA e vitrine online v\u00eam obtendo milhares de visualiza\u00e7\u00f5es e coment\u00e1rios contra a instala\u00e7\u00e3o dos p\u00f3rticos que vai gerar uma cadeia de custos que afetar\u00e1 toda a popula\u00e7\u00e3o, assim como intenso fluxo de transportes de produtos agr\u00edcolas para o Ceagesp, em S\u00e3o Paulo. O motor econ\u00f4mico de Ibi\u00fana \u00e9 exatamente a produ\u00e7\u00e3o agr\u00edcola, sobretudo de verduras.<\/strong><\/p>\n\n\n\n<p><strong>DUPLICA\u00c7\u00c3O &#8211; 1<\/strong><\/p>\n\n\n\n<p><strong>De acordo com informa\u00e7\u00e3o oficial da Motiva-CCR Sorocabana a retomada das obras de duplica\u00e7\u00e3o da rodovia entre Vargem Grande Paulista a Ibi\u00fana deveria ter sido iniciada no dia 27 \u00faltimo, conforme noticiamos, o que n\u00e3o aconteceu ainda, segundo a empresa, por causa das chuvas.<\/strong> <strong>Tiveram que adiar a montagem do acampamento dos trabalhadores e maquin\u00e1rio.<\/strong><\/p>\n\n\n\n<p><strong>No entanto, segundo apuramos, o in\u00edcio da retomada da duplica\u00e7\u00e3o dever\u00e1 acontecer na pr\u00f3xima semana, j\u00e1 que h\u00e1 um prazo contratual entre a Motiva-CCR e a Artesp \u2013 Ag\u00eancia Reguladora de Transportes de S\u00e3o Paulo, respons\u00e1vel pela contrata\u00e7\u00e3o e libera\u00e7\u00e3o das obras.<\/strong><\/p>\n\n\n\n<p><strong>DUPLICA\u00c7\u00c3O \u2013 2<\/strong><\/p>\n\n\n\n<p><strong>Originalmente a autoriza\u00e7\u00e3o da duplica\u00e7\u00e3o da&nbsp; Bunjiro Nakao foi assinada, em uma tenda instalada na beira da estrada, pelo govenador Geraldo Alckmin em dezembro de 2017, por meio do Departamento de Estradas de Rodagem, com previs\u00e3o para a sua&nbsp; conclus\u00e3o em 2019.<\/strong> <strong>Desde ent\u00e3o passaram os governos de Geraldo Alckmin, Jo\u00e3o D\u00f3ria, Rodrigo Garcia e, atualmente, Tarc\u00edsio de Freitas.<\/strong><\/p>\n\n\n\n<p><strong>Recorda-se que essa obra foi iniciada com recursos do Banco Mundial \u2013 Banco Internacional para Reconstru\u00e7\u00e3o e Desenvolvimento [Bird] e se encontra paralisada h\u00e1 cerca de tr\u00eas anos.<\/strong><\/p>\n\n\n\n<p><strong>Recentemente, por ter vencido um leil\u00e3o para cuidar de 460 quil\u00f4metros de 17 estradas paulistas, inclu\u00edda a Bunjiro Nakao, a CCR-Sorocabana, agora denominada Motiva, fez diversas melhorias na rodovia, sobretudo nos pontos inacabados, que se tornaram perigosos por estreitametos s\u00fabitos da estrada, alguns em curvas<\/strong>, <strong>o que torna a mobilidade perigosa<\/strong>,<strong> sobretudo \u00e0 noite<\/strong>.<\/p>\n\n\n\n<p><strong>\u00c9 oportuno lembrar que a rodovia Bunjiro Nakao foi palco de acidentes grav\u00edssimos com \u00f3bitos nos \u00faltimos anos, um dos principais motivos justificados para a sua duplica\u00e7\u00e3o.<\/strong><\/p>\n\n\n\n<p><strong><em>Nota da Reda\u00e7\u00e3o: vitrine online acompanha com notici\u00e1rio o processo de duplica\u00e7\u00e3o da Bunjiro desde 2017. A TVUNA lan\u00e7ada h\u00e1 pouco mais de dois anos tamb\u00e9m passou a informar a popula\u00e7\u00e3o sobre o andamento das obras, de sua paralisa\u00e7\u00e3o e agora est\u00e1 atenta \u00e0 retomada das obras<\/em>, que deveria ter ocorrido no fim de agosto ou in\u00edcio de setembro, de acordo com an\u00fancio feito pelo governador Tarc\u00edsio de Freitas.<\/strong><\/p>\n\n\n\n<p><strong><em>A TVUNA e vitrine online continuar\u00e3o acompanhando de perto os fatos relacionados a essa importante rodovia pela qual transitam mais de 13 mil ve\u00edculos\/dia.<\/em><\/strong><\/p>\n\n\n\n<figure class=\"wp-block-image size-large\"><img loading=\"lazy\" width=\"750\" height=\"430\" src=\"https:\/\/revistavitrineibiuna.com.br\/wp-content\/uploads\/2025\/11\/bunjiro-duplicacao.jpg\" alt=\"\" class=\"wp-image-34442\" srcset=\"https:\/\/revistavitrineibiuna.com.br\/wp-content\/uploads\/2025\/11\/bunjiro-duplicacao.jpg 750w, https:\/\/revistavitrineibiuna.com.br\/wp-content\/uploads\/2025\/11\/bunjiro-duplicacao-300x172.jpg 300w\" sizes=\"(max-width: 750px) 100vw, 750px\" \/><figcaption>As obras de duplica\u00e7\u00e3o paralisadas deixaram cenas como essa, que falam por si<\/figcaption><\/figure>\n\n\n\n<figure class=\"wp-block-image size-large\"><img loading=\"lazy\" width=\"640\" height=\"395\" src=\"https:\/\/revistavitrineibiuna.com.br\/wp-content\/uploads\/2025\/11\/bunjiro-2.jpg\" alt=\"\" class=\"wp-image-34445\" srcset=\"https:\/\/revistavitrineibiuna.com.br\/wp-content\/uploads\/2025\/11\/bunjiro-2.jpg 640w, https:\/\/revistavitrineibiuna.com.br\/wp-content\/uploads\/2025\/11\/bunjiro-2-300x185.jpg 300w\" sizes=\"(max-width: 640px) 100vw, 640px\" \/><figcaption>21 de dezembro de 2017. Uma pose para a foto, depois que o governador Alckmin assinou a ordem de servi\u00e7o para o in\u00edcio das obras de duplica\u00e7\u00e3o<\/figcaption><\/figure>\n","protected":false},"excerpt":{"rendered":"<p>Conforme noticiado pela TVUNA na quinta-feira (30), a instala\u00e7\u00e3o de um p\u00f3rtico [ped\u00e1gio eletr\u00f4nico de cobran\u00e7a autom\u00e1tica] no km 57<\/p>\n","protected":false},"author":1,"featured_media":34439,"comment_status":"open","ping_status":"open","sticky":false,"template":"","format":"standard","meta":[],"categories":[3],"tags":[],"yoast_head":"<!-- This site is optimized with the Yoast SEO plugin v15.8 - https:\/\/yoast.com\/wordpress\/plugins\/seo\/ -->\n<title>DUPLICA\u00c7\u00c3O E PED\u00c1GIOS - O QUE VOC\u00ca PRECISA SABER DA BUNJIRO NAKAO - Revista Vitrine Online<\/title>\n<meta name=\"robots\" content=\"index, follow, max-snippet:-1, max-image-preview:large, max-video-preview:-1\" \/>\n<link rel=\"canonical\" href=\"http:\/\/revistavitrineibiuna.com.br\/?p=34438\" \/>\n<meta property=\"og:locale\" content=\"pt_BR\" \/>\n<meta property=\"og:type\" content=\"article\" \/>\n<meta property=\"og:title\" content=\"DUPLICA\u00c7\u00c3O E PED\u00c1GIOS - O QUE VOC\u00ca PRECISA SABER DA BUNJIRO NAKAO - Revista Vitrine Online\" \/>\n<meta property=\"og:description\" content=\"Conforme noticiado pela TVUNA na quinta-feira (30), a instala\u00e7\u00e3o de um p\u00f3rtico [ped\u00e1gio eletr\u00f4nico de cobran\u00e7a autom\u00e1tica] no km 57\" \/>\n<meta property=\"og:url\" content=\"http:\/\/revistavitrineibiuna.com.br\/?p=34438\" \/>\n<meta property=\"og:site_name\" content=\"Revista Vitrine Online\" \/>\n<meta property=\"article:published_time\" content=\"2025-11-02T05:05:09+00:00\" \/>\n<meta property=\"article:modified_time\" content=\"2025-11-02T09:05:48+00:00\" \/>\n<meta property=\"og:image\" content=\"https:\/\/revistavitrineibiuna.com.br\/wp-content\/uploads\/2025\/11\/Portico-no-km-57.png\" \/>\n\t<meta property=\"og:image:width\" content=\"656\" \/>\n\t<meta property=\"og:image:height\" content=\"412\" \/>\n<meta name=\"twitter:card\" content=\"summary\" \/>\n<meta name=\"twitter:label1\" content=\"Est. reading time\">\n\t<meta name=\"twitter:data1\" content=\"5 minutos\">\n<script type=\"application\/ld+json\" class=\"yoast-schema-graph\">{\"@context\":\"https:\/\/schema.org\",\"@graph\":[{\"@type\":\"WebSite\",\"@id\":\"https:\/\/revistavitrineibiuna.com.br\/#website\",\"url\":\"https:\/\/revistavitrineibiuna.com.br\/\",\"name\":\"Revista Vitrine Ibi\\u00fana\",\"description\":\"A Revista de Ibi\\u00fana e Regi\\u00e3o\",\"publisher\":{\"@id\":\"https:\/\/revistavitrineibiuna.com.br\/#\/schema\/person\/e51ef49d6d88170ea21ceabff3f73deb\"},\"potentialAction\":[{\"@type\":\"SearchAction\",\"target\":\"https:\/\/revistavitrineibiuna.com.br\/?s={search_term_string}\",\"query-input\":\"required name=search_term_string\"}],\"inLanguage\":\"pt-BR\"},{\"@type\":\"ImageObject\",\"@id\":\"http:\/\/revistavitrineibiuna.com.br\/?p=34438#primaryimage\",\"inLanguage\":\"pt-BR\",\"url\":\"https:\/\/revistavitrineibiuna.com.br\/wp-content\/uploads\/2025\/11\/Portico-no-km-57.png\",\"width\":656,\"height\":412},{\"@type\":\"WebPage\",\"@id\":\"http:\/\/revistavitrineibiuna.com.br\/?p=34438#webpage\",\"url\":\"http:\/\/revistavitrineibiuna.com.br\/?p=34438\",\"name\":\"DUPLICA\\u00c7\\u00c3O E PED\\u00c1GIOS - O QUE VOC\\u00ca PRECISA SABER DA BUNJIRO NAKAO - Revista Vitrine Online\",\"isPartOf\":{\"@id\":\"https:\/\/revistavitrineibiuna.com.br\/#website\"},\"primaryImageOfPage\":{\"@id\":\"http:\/\/revistavitrineibiuna.com.br\/?p=34438#primaryimage\"},\"datePublished\":\"2025-11-02T05:05:09+00:00\",\"dateModified\":\"2025-11-02T09:05:48+00:00\",\"breadcrumb\":{\"@id\":\"http:\/\/revistavitrineibiuna.com.br\/?p=34438#breadcrumb\"},\"inLanguage\":\"pt-BR\",\"potentialAction\":[{\"@type\":\"ReadAction\",\"target\":[\"http:\/\/revistavitrineibiuna.com.br\/?p=34438\"]}]},{\"@type\":\"BreadcrumbList\",\"@id\":\"http:\/\/revistavitrineibiuna.com.br\/?p=34438#breadcrumb\",\"itemListElement\":[{\"@type\":\"ListItem\",\"position\":1,\"item\":{\"@type\":\"WebPage\",\"@id\":\"https:\/\/revistavitrineibiuna.com.br\/\",\"url\":\"https:\/\/revistavitrineibiuna.com.br\/\",\"name\":\"In\\u00edcio\"}},{\"@type\":\"ListItem\",\"position\":2,\"item\":{\"@type\":\"WebPage\",\"@id\":\"http:\/\/revistavitrineibiuna.com.br\/?p=34438\",\"url\":\"http:\/\/revistavitrineibiuna.com.br\/?p=34438\",\"name\":\"DUPLICA\\u00c7\\u00c3O E PED\\u00c1GIOS &#8211; O QUE VOC\\u00ca PRECISA SABER DA BUNJIRO NAKAO\"}}]},{\"@type\":\"Article\",\"@id\":\"http:\/\/revistavitrineibiuna.com.br\/?p=34438#article\",\"isPartOf\":{\"@id\":\"http:\/\/revistavitrineibiuna.com.br\/?p=34438#webpage\"},\"author\":{\"@id\":\"https:\/\/revistavitrineibiuna.com.br\/#\/schema\/person\/e51ef49d6d88170ea21ceabff3f73deb\"},\"headline\":\"DUPLICA\\u00c7\\u00c3O E PED\\u00c1GIOS &#8211; O QUE VOC\\u00ca PRECISA SABER DA BUNJIRO NAKAO\",\"datePublished\":\"2025-11-02T05:05:09+00:00\",\"dateModified\":\"2025-11-02T09:05:48+00:00\",\"mainEntityOfPage\":{\"@id\":\"http:\/\/revistavitrineibiuna.com.br\/?p=34438#webpage\"},\"commentCount\":0,\"publisher\":{\"@id\":\"https:\/\/revistavitrineibiuna.com.br\/#\/schema\/person\/e51ef49d6d88170ea21ceabff3f73deb\"},\"image\":{\"@id\":\"http:\/\/revistavitrineibiuna.com.br\/?p=34438#primaryimage\"},\"articleSection\":\"Not\\u00edcias\",\"inLanguage\":\"pt-BR\",\"potentialAction\":[{\"@type\":\"CommentAction\",\"name\":\"Comment\",\"target\":[\"http:\/\/revistavitrineibiuna.com.br\/?p=34438#respond\"]}]},{\"@type\":[\"Person\",\"Organization\"],\"@id\":\"https:\/\/revistavitrineibiuna.com.br\/#\/schema\/person\/e51ef49d6d88170ea21ceabff3f73deb\",\"name\":\"Carlos Rossini\",\"image\":{\"@type\":\"ImageObject\",\"@id\":\"https:\/\/revistavitrineibiuna.com.br\/#personlogo\",\"inLanguage\":\"pt-BR\",\"url\":\"https:\/\/secure.gravatar.com\/avatar\/4f2d0f99fac1f85c7d643f21f5c8d900?s=96&d=mm&r=g\",\"caption\":\"Carlos Rossini\"},\"logo\":{\"@id\":\"https:\/\/revistavitrineibiuna.com.br\/#personlogo\"},\"description\":\"Carlos Rossini \\u00e9 jornalista, soci\\u00f3logo, escritor e professor universit\\u00e1rio, tendo sido professor de jornalismo por vinte anos. Trabalhou em ve\\u00edculos de comunica\\u00e7\\u00e3o nas fun\\u00e7\\u00f5es de rep\\u00f3rter, redator, editor, articulista e colaborador, como Folha de S. Paulo, O Estado de S. Paulo, Di\\u00e1rio Popular, entre outros. Ao transferir a revista vitrine, vers\\u00e3o imprensa, de S\\u00e3o Paulo para Ibi\\u00fana h\\u00e1 alguns anos, iniciou uma nova experi\\u00eancia profissional, dedicando-se ao jornalismo regional, depois de cumprir uma trajet\\u00f3ria bem-sucedida na grande imprensa brasileira. Seu primeiro livro A Coragem de Comunicar foi lan\\u00e7ado na Bienal do Livro em S\\u00e3o Paulo no ano 2000, pela editora Madras.\"}]}<\/script>\n<!-- \/ Yoast SEO plugin. -->","_links":{"self":[{"href":"https:\/\/revistavitrineibiuna.com.br\/index.php?rest_route=\/wp\/v2\/posts\/34438"}],"collection":[{"href":"https:\/\/revistavitrineibiuna.com.br\/index.php?rest_route=\/wp\/v2\/posts"}],"about":[{"href":"https:\/\/revistavitrineibiuna.com.br\/index.php?rest_route=\/wp\/v2\/types\/post"}],"author":[{"embeddable":true,"href":"https:\/\/revistavitrineibiuna.com.br\/index.php?rest_route=\/wp\/v2\/users\/1"}],"replies":[{"embeddable":true,"href":"https:\/\/revistavitrineibiuna.com.br\/index.php?rest_route=%2Fwp%2Fv2%2Fcomments&post=34438"}],"version-history":[{"count":35,"href":"https:\/\/revistavitrineibiuna.com.br\/index.php?rest_route=\/wp\/v2\/posts\/34438\/revisions"}],"predecessor-version":[{"id":34491,"href":"https:\/\/revistavitrineibiuna.com.br\/index.php?rest_route=\/wp\/v2\/posts\/34438\/revisions\/34491"}],"wp:featuredmedia":[{"embeddable":true,"href":"https:\/\/revistavitrineibiuna.com.br\/index.php?rest_route=\/wp\/v2\/media\/34439"}],"wp:attachment":[{"href":"https:\/\/revistavitrineibiuna.com.br\/index.php?rest_route=%2Fwp%2Fv2%2Fmedia&parent=34438"}],"wp:term":[{"taxonomy":"category","embeddable":true,"href":"https:\/\/revistavitrineibiuna.com.br\/index.php?rest_route=%2Fwp%2Fv2%2Fcategories&post=34438"},{"taxonomy":"post_tag","embeddable":true,"href":"https:\/\/revistavitrineibiuna.com.br\/index.php?rest_route=%2Fwp%2Fv2%2Ftags&post=34438"}],"curies":[{"name":"wp","href":"https:\/\/api.w.org\/{rel}","templated":true}]}}