{"id":34492,"date":"2025-11-03T12:13:49","date_gmt":"2025-11-03T15:13:49","guid":{"rendered":"http:\/\/revistavitrineibiuna.com.br\/?p=34492"},"modified":"2025-11-03T12:13:50","modified_gmt":"2025-11-03T15:13:50","slug":"super-run-uma-corrida-pela-saude-e-solidariedade","status":"publish","type":"post","link":"https:\/\/revistavitrineibiuna.com.br\/?p=34492","title":{"rendered":"SUPER RUN  &#8211; UMA CORRIDA PELA SA\u00daDE E SOLIDARIEDADE"},"content":{"rendered":"\n<p class=\"has-drop-cap\"><strong>O Supermercado Ibi\u00fana promover\u00e1 no pr\u00f3ximo dia 23 (domingo), \u00e0s 7h30, a 1\u00aa Super Run.<\/strong><\/p>\n\n\n\n<p><strong>Trata-se de um evento muito especial pelos seus prop\u00f3sitos: conscientizar a popula\u00e7\u00e3o sobre o \u201cNovembro Azul\u201d, os cuidados com a sa\u00fade dos homens, e angariar recursos a serem destinados \u00e0 Casa de Santa Rita, o lar dos idosos de Ibi\u00fana.<\/strong><\/p>\n\n\n\n<p><strong>\u201cA 1\u00ba Super Run Ibi\u00fana vai movimentar a cidade com muita energia, sa\u00fade e solidariedade\u201d, anuncia Priscila Fernanda (foto), encarregada do Marketing do&nbsp; Supermercado Ibi\u00fana, ao convidar toda a popula\u00e7\u00e3o para participar.<\/strong><\/p>\n\n\n\n<p><strong>VEJA AS ATRA\u00c7\u00d5ES<\/strong><\/p>\n\n\n\n<p><strong>\u201cAl\u00e9m da corrida e da caminhada, teremos estandes de degusta\u00e7\u00e3o, massagens relaxantes, trancistas e diversas atra\u00e7\u00f5es para toda a fam\u00edlia.\u201d<\/strong><\/p>\n\n\n\n<p><strong>E tem mais: os atletas ainda v\u00e3o concorrer a vale-compras, medalhas e trof\u00e9us!<\/strong><\/p>\n\n\n\n<p><strong>Para se inscrever \u00e9 s\u00f3 acessar o link na bio do Instagram do Supermercado Ibi\u00fana e fazer sua inscri\u00e7\u00e3o.<\/strong><\/p>\n\n\n\n<p><strong>\u201cN\u00e3o deixe para depois, porque as vagas s\u00e3o limitadas!\u201d, adverte Fernanda.<\/strong><\/p>\n","protected":false},"excerpt":{"rendered":"<p>O Supermercado Ibi\u00fana promover\u00e1 no pr\u00f3ximo dia 23 (domingo), \u00e0s 7h30, a 1\u00aa Super Run. Trata-se de um evento muito<\/p>\n","protected":false},"author":1,"featured_media":34493,"comment_status":"open","ping_status":"open","sticky":false,"template":"","format":"standard","meta":[],"categories":[70],"tags":[],"yoast_head":"<!-- This site is optimized with the Yoast SEO plugin v15.8 - https:\/\/yoast.com\/wordpress\/plugins\/seo\/ -->\n<title>SUPER RUN - UMA CORRIDA PELA SA\u00daDE E SOLIDARIEDADE - Revista Vitrine Online<\/title>\n<meta name=\"robots\" content=\"index, follow, max-snippet:-1, max-image-preview:large, max-video-preview:-1\" \/>\n<link rel=\"canonical\" href=\"http:\/\/revistavitrineibiuna.com.br\/?p=34492\" \/>\n<meta property=\"og:locale\" content=\"pt_BR\" \/>\n<meta property=\"og:type\" content=\"article\" \/>\n<meta property=\"og:title\" content=\"SUPER RUN - UMA CORRIDA PELA SA\u00daDE E SOLIDARIEDADE - Revista Vitrine Online\" \/>\n<meta property=\"og:description\" content=\"O Supermercado Ibi\u00fana promover\u00e1 no pr\u00f3ximo dia 23 (domingo), \u00e0s 7h30, a 1\u00aa Super Run. Trata-se de um evento muito\" \/>\n<meta property=\"og:url\" content=\"http:\/\/revistavitrineibiuna.com.br\/?p=34492\" \/>\n<meta property=\"og:site_name\" content=\"Revista Vitrine Online\" \/>\n<meta property=\"article:published_time\" content=\"2025-11-03T15:13:49+00:00\" \/>\n<meta property=\"article:modified_time\" content=\"2025-11-03T15:13:50+00:00\" \/>\n<meta property=\"og:image\" content=\"https:\/\/revistavitrineibiuna.com.br\/wp-content\/uploads\/2025\/11\/Priscila-Fernanda.png\" \/>\n\t<meta property=\"og:image:width\" content=\"573\" \/>\n\t<meta property=\"og:image:height\" content=\"405\" \/>\n<meta name=\"twitter:card\" content=\"summary\" \/>\n<meta name=\"twitter:label1\" content=\"Est. reading time\">\n\t<meta name=\"twitter:data1\" content=\"1 minuto\">\n<script type=\"application\/ld+json\" class=\"yoast-schema-graph\">{\"@context\":\"https:\/\/schema.org\",\"@graph\":[{\"@type\":\"WebSite\",\"@id\":\"https:\/\/revistavitrineibiuna.com.br\/#website\",\"url\":\"https:\/\/revistavitrineibiuna.com.br\/\",\"name\":\"Revista Vitrine Ibi\\u00fana\",\"description\":\"A Revista de Ibi\\u00fana e Regi\\u00e3o\",\"publisher\":{\"@id\":\"https:\/\/revistavitrineibiuna.com.br\/#\/schema\/person\/e51ef49d6d88170ea21ceabff3f73deb\"},\"potentialAction\":[{\"@type\":\"SearchAction\",\"target\":\"https:\/\/revistavitrineibiuna.com.br\/?s={search_term_string}\",\"query-input\":\"required name=search_term_string\"}],\"inLanguage\":\"pt-BR\"},{\"@type\":\"ImageObject\",\"@id\":\"http:\/\/revistavitrineibiuna.com.br\/?p=34492#primaryimage\",\"inLanguage\":\"pt-BR\",\"url\":\"https:\/\/revistavitrineibiuna.com.br\/wp-content\/uploads\/2025\/11\/Priscila-Fernanda.png\",\"width\":573,\"height\":405},{\"@type\":\"WebPage\",\"@id\":\"http:\/\/revistavitrineibiuna.com.br\/?p=34492#webpage\",\"url\":\"http:\/\/revistavitrineibiuna.com.br\/?p=34492\",\"name\":\"SUPER RUN - UMA CORRIDA PELA SA\\u00daDE E SOLIDARIEDADE - Revista Vitrine Online\",\"isPartOf\":{\"@id\":\"https:\/\/revistavitrineibiuna.com.br\/#website\"},\"primaryImageOfPage\":{\"@id\":\"http:\/\/revistavitrineibiuna.com.br\/?p=34492#primaryimage\"},\"datePublished\":\"2025-11-03T15:13:49+00:00\",\"dateModified\":\"2025-11-03T15:13:50+00:00\",\"breadcrumb\":{\"@id\":\"http:\/\/revistavitrineibiuna.com.br\/?p=34492#breadcrumb\"},\"inLanguage\":\"pt-BR\",\"potentialAction\":[{\"@type\":\"ReadAction\",\"target\":[\"http:\/\/revistavitrineibiuna.com.br\/?p=34492\"]}]},{\"@type\":\"BreadcrumbList\",\"@id\":\"http:\/\/revistavitrineibiuna.com.br\/?p=34492#breadcrumb\",\"itemListElement\":[{\"@type\":\"ListItem\",\"position\":1,\"item\":{\"@type\":\"WebPage\",\"@id\":\"https:\/\/revistavitrineibiuna.com.br\/\",\"url\":\"https:\/\/revistavitrineibiuna.com.br\/\",\"name\":\"In\\u00edcio\"}},{\"@type\":\"ListItem\",\"position\":2,\"item\":{\"@type\":\"WebPage\",\"@id\":\"http:\/\/revistavitrineibiuna.com.br\/?p=34492\",\"url\":\"http:\/\/revistavitrineibiuna.com.br\/?p=34492\",\"name\":\"SUPER RUN &#8211; UMA CORRIDA PELA SA\\u00daDE E SOLIDARIEDADE\"}}]},{\"@type\":\"Article\",\"@id\":\"http:\/\/revistavitrineibiuna.com.br\/?p=34492#article\",\"isPartOf\":{\"@id\":\"http:\/\/revistavitrineibiuna.com.br\/?p=34492#webpage\"},\"author\":{\"@id\":\"https:\/\/revistavitrineibiuna.com.br\/#\/schema\/person\/e51ef49d6d88170ea21ceabff3f73deb\"},\"headline\":\"SUPER RUN &#8211; UMA CORRIDA PELA SA\\u00daDE E SOLIDARIEDADE\",\"datePublished\":\"2025-11-03T15:13:49+00:00\",\"dateModified\":\"2025-11-03T15:13:50+00:00\",\"mainEntityOfPage\":{\"@id\":\"http:\/\/revistavitrineibiuna.com.br\/?p=34492#webpage\"},\"commentCount\":0,\"publisher\":{\"@id\":\"https:\/\/revistavitrineibiuna.com.br\/#\/schema\/person\/e51ef49d6d88170ea21ceabff3f73deb\"},\"image\":{\"@id\":\"http:\/\/revistavitrineibiuna.com.br\/?p=34492#primaryimage\"},\"articleSection\":\"Rapidinhas\",\"inLanguage\":\"pt-BR\",\"potentialAction\":[{\"@type\":\"CommentAction\",\"name\":\"Comment\",\"target\":[\"http:\/\/revistavitrineibiuna.com.br\/?p=34492#respond\"]}]},{\"@type\":[\"Person\",\"Organization\"],\"@id\":\"https:\/\/revistavitrineibiuna.com.br\/#\/schema\/person\/e51ef49d6d88170ea21ceabff3f73deb\",\"name\":\"Carlos Rossini\",\"image\":{\"@type\":\"ImageObject\",\"@id\":\"https:\/\/revistavitrineibiuna.com.br\/#personlogo\",\"inLanguage\":\"pt-BR\",\"url\":\"https:\/\/secure.gravatar.com\/avatar\/4f2d0f99fac1f85c7d643f21f5c8d900?s=96&d=mm&r=g\",\"caption\":\"Carlos Rossini\"},\"logo\":{\"@id\":\"https:\/\/revistavitrineibiuna.com.br\/#personlogo\"},\"description\":\"Carlos Rossini \\u00e9 jornalista, soci\\u00f3logo, escritor e professor universit\\u00e1rio, tendo sido professor de jornalismo por vinte anos. Trabalhou em ve\\u00edculos de comunica\\u00e7\\u00e3o nas fun\\u00e7\\u00f5es de rep\\u00f3rter, redator, editor, articulista e colaborador, como Folha de S. Paulo, O Estado de S. Paulo, Di\\u00e1rio Popular, entre outros. Ao transferir a revista vitrine, vers\\u00e3o imprensa, de S\\u00e3o Paulo para Ibi\\u00fana h\\u00e1 alguns anos, iniciou uma nova experi\\u00eancia profissional, dedicando-se ao jornalismo regional, depois de cumprir uma trajet\\u00f3ria bem-sucedida na grande imprensa brasileira. Seu primeiro livro A Coragem de Comunicar foi lan\\u00e7ado na Bienal do Livro em S\\u00e3o Paulo no ano 2000, pela editora Madras.\"}]}<\/script>\n<!-- \/ Yoast SEO plugin. -->","_links":{"self":[{"href":"https:\/\/revistavitrineibiuna.com.br\/index.php?rest_route=\/wp\/v2\/posts\/34492"}],"collection":[{"href":"https:\/\/revistavitrineibiuna.com.br\/index.php?rest_route=\/wp\/v2\/posts"}],"about":[{"href":"https:\/\/revistavitrineibiuna.com.br\/index.php?rest_route=\/wp\/v2\/types\/post"}],"author":[{"embeddable":true,"href":"https:\/\/revistavitrineibiuna.com.br\/index.php?rest_route=\/wp\/v2\/users\/1"}],"replies":[{"embeddable":true,"href":"https:\/\/revistavitrineibiuna.com.br\/index.php?rest_route=%2Fwp%2Fv2%2Fcomments&post=34492"}],"version-history":[{"count":1,"href":"https:\/\/revistavitrineibiuna.com.br\/index.php?rest_route=\/wp\/v2\/posts\/34492\/revisions"}],"predecessor-version":[{"id":34494,"href":"https:\/\/revistavitrineibiuna.com.br\/index.php?rest_route=\/wp\/v2\/posts\/34492\/revisions\/34494"}],"wp:featuredmedia":[{"embeddable":true,"href":"https:\/\/revistavitrineibiuna.com.br\/index.php?rest_route=\/wp\/v2\/media\/34493"}],"wp:attachment":[{"href":"https:\/\/revistavitrineibiuna.com.br\/index.php?rest_route=%2Fwp%2Fv2%2Fmedia&parent=34492"}],"wp:term":[{"taxonomy":"category","embeddable":true,"href":"https:\/\/revistavitrineibiuna.com.br\/index.php?rest_route=%2Fwp%2Fv2%2Fcategories&post=34492"},{"taxonomy":"post_tag","embeddable":true,"href":"https:\/\/revistavitrineibiuna.com.br\/index.php?rest_route=%2Fwp%2Fv2%2Ftags&post=34492"}],"curies":[{"name":"wp","href":"https:\/\/api.w.org\/{rel}","templated":true}]}}