{"id":34498,"date":"2025-11-08T17:52:40","date_gmt":"2025-11-08T20:52:40","guid":{"rendered":"http:\/\/revistavitrineibiuna.com.br\/?p=34498"},"modified":"2025-11-08T18:31:06","modified_gmt":"2025-11-08T21:31:06","slug":"dr-nacib-realiza-cirurgia-no-hospital-onde-nasceu-ha-51-anos-em-piedade","status":"publish","type":"post","link":"https:\/\/revistavitrineibiuna.com.br\/?p=34498","title":{"rendered":"DR. NACIB REALIZA CIRURGIA NO HOSPITAL ONDE NASCEU H\u00c1 51 ANOS EM PIEDADE"},"content":{"rendered":"\n<p class=\"has-drop-cap\"><strong>H\u00e1 51 anos, para ser exato no dia 6 de novembro de 1974, nascia na Santa Casa de Piedade Nacib da Luz Camargo J\u00fanior.<\/strong><\/p>\n\n\n\n<p><strong>Nesta sexta-feira, dia 7 de novembro de 2025, ele viveria um dos dias mais marcantes em sua vida.<\/strong><\/p>\n\n\n\n<p><strong>Agora m\u00e9dico ortopedista, muito querido e respeitado, realizou ali uma cirurgia por v\u00eddeo no joelho de um jovem.<\/strong><\/p>\n\n\n\n<p><strong>\u201cEsse momento vai ficar para sempre na minha mem\u00f3ria\u201d, declarou a vitrine online.<\/strong><\/p>\n\n\n\n<p><strong>Ele pr\u00f3prio revela a celebra\u00e7\u00e3o desse dia:<\/strong><\/p>\n\n\n\n<p><strong>\u201cOntem vivi um dos momentos mais marcantes da minha trajet\u00f3ria profissional.<\/strong><\/p>\n\n\n\n<p><strong>Ap\u00f3s j\u00e1 ter atuado nos principais hospitais de S\u00e3o Paulo, tive a honra de realizar, na Santa Casa de Miseric\u00f3rdia de Piedade, a primeira cirurgia de reconstru\u00e7\u00e3o do ligamento cruzado anterior por v\u00eddeo.<\/strong><\/p>\n\n\n\n<p><strong>Esse momento representa um marco hist\u00f3rico para uma institui\u00e7\u00e3o t\u00e3o especial \u2014 o hospital onde nasci \u2014 e hoje tenho o privil\u00e9gio de retribuir, trazendo para a Santa Casa mais um avan\u00e7o tecnol\u00f3gico em prol dos nossos pacientes.<\/strong><\/p>\n\n\n\n<figure class=\"wp-block-image size-large\"><img loading=\"lazy\" width=\"1024\" height=\"756\" src=\"https:\/\/revistavitrineibiuna.com.br\/wp-content\/uploads\/2025\/11\/dr.-Nacib-2-1024x756.png\" alt=\"\" class=\"wp-image-34502\" srcset=\"https:\/\/revistavitrineibiuna.com.br\/wp-content\/uploads\/2025\/11\/dr.-Nacib-2-1024x756.png 1024w, https:\/\/revistavitrineibiuna.com.br\/wp-content\/uploads\/2025\/11\/dr.-Nacib-2-300x221.png 300w, https:\/\/revistavitrineibiuna.com.br\/wp-content\/uploads\/2025\/11\/dr.-Nacib-2-768x567.png 768w, https:\/\/revistavitrineibiuna.com.br\/wp-content\/uploads\/2025\/11\/dr.-Nacib-2.png 1190w\" sizes=\"(max-width: 1024px) 100vw, 1024px\" \/><figcaption>Essa modalidade cir\u00fargica \u00e9 um marco na hist\u00f3ria da Santa Casa de Piedade<\/figcaption><\/figure>\n\n\n\n<p><strong>Mais do que uma conquista profissional, \u00e9 uma realiza\u00e7\u00e3o pessoal que renova minha inspira\u00e7\u00e3o e refor\u00e7a meu compromisso com a medicina e com o cuidado humano<\/strong><\/p>\n\n\n\n<p><strong>O Dr. Nacib \u00e9 m\u00e9dico ortopedista especialista em cirurgia do joelho<\/strong><\/p>\n\n\n\n<p><strong>Professor da faculdade de medicina da universidade 9 de julho<\/strong><\/p>\n\n\n\n<p><strong>Preceptor da resid\u00eancia m\u00e9dica do conjunto Hospitalar do Mandaqui<\/strong><\/p>\n\n\n\n<p><strong>J\u00e1 operou em in\u00fameros hospitais, mas a cirurgia que realizou ontem na Santa Casa de Piedade, o hospital onde nasceu, \u201cfoi simplesmente incr\u00edvel!\u201d, afirmou, acrescentando \u201cfoi um marco pra institui\u00e7\u00e3o\u201d e &#8220;um momento que vai ficar pra sempre na minha mem\u00f3ria&#8221;.<\/strong><\/p>\n\n\n\n<p><strong>O paciente \u00e9 um jovem ibiunense que rompeu o ligamento cruzado e o menisco.<\/strong><\/p>\n","protected":false},"excerpt":{"rendered":"<p>H\u00e1 51 anos, para ser exato no dia 6 de novembro de 1974, nascia na Santa Casa de Piedade Nacib<\/p>\n","protected":false},"author":1,"featured_media":34499,"comment_status":"open","ping_status":"open","sticky":false,"template":"","format":"standard","meta":[],"categories":[3],"tags":[],"yoast_head":"<!-- This site is optimized with the Yoast SEO plugin v15.8 - https:\/\/yoast.com\/wordpress\/plugins\/seo\/ -->\n<title>DR. NACIB REALIZA CIRURGIA NO HOSPITAL ONDE NASCEU H\u00c1 51 ANOS EM PIEDADE - Revista Vitrine Online<\/title>\n<meta name=\"robots\" content=\"index, follow, max-snippet:-1, max-image-preview:large, max-video-preview:-1\" \/>\n<link rel=\"canonical\" href=\"http:\/\/revistavitrineibiuna.com.br\/?p=34498\" \/>\n<meta property=\"og:locale\" content=\"pt_BR\" \/>\n<meta property=\"og:type\" content=\"article\" \/>\n<meta property=\"og:title\" content=\"DR. NACIB REALIZA CIRURGIA NO HOSPITAL ONDE NASCEU H\u00c1 51 ANOS EM PIEDADE - Revista Vitrine Online\" \/>\n<meta property=\"og:description\" content=\"H\u00e1 51 anos, para ser exato no dia 6 de novembro de 1974, nascia na Santa Casa de Piedade Nacib\" \/>\n<meta property=\"og:url\" content=\"http:\/\/revistavitrineibiuna.com.br\/?p=34498\" \/>\n<meta property=\"og:site_name\" content=\"Revista Vitrine Online\" \/>\n<meta property=\"article:published_time\" content=\"2025-11-08T20:52:40+00:00\" \/>\n<meta property=\"article:modified_time\" content=\"2025-11-08T21:31:06+00:00\" \/>\n<meta property=\"og:image\" content=\"https:\/\/revistavitrineibiuna.com.br\/wp-content\/uploads\/2025\/11\/dr.-nacib-1.png\" \/>\n\t<meta property=\"og:image:width\" content=\"1189\" \/>\n\t<meta property=\"og:image:height\" content=\"718\" \/>\n<meta name=\"twitter:card\" content=\"summary\" \/>\n<meta name=\"twitter:label1\" content=\"Est. reading time\">\n\t<meta name=\"twitter:data1\" content=\"2 minutos\">\n<script type=\"application\/ld+json\" class=\"yoast-schema-graph\">{\"@context\":\"https:\/\/schema.org\",\"@graph\":[{\"@type\":\"WebSite\",\"@id\":\"https:\/\/revistavitrineibiuna.com.br\/#website\",\"url\":\"https:\/\/revistavitrineibiuna.com.br\/\",\"name\":\"Revista Vitrine Ibi\\u00fana\",\"description\":\"A Revista de Ibi\\u00fana e Regi\\u00e3o\",\"publisher\":{\"@id\":\"https:\/\/revistavitrineibiuna.com.br\/#\/schema\/person\/e51ef49d6d88170ea21ceabff3f73deb\"},\"potentialAction\":[{\"@type\":\"SearchAction\",\"target\":\"https:\/\/revistavitrineibiuna.com.br\/?s={search_term_string}\",\"query-input\":\"required name=search_term_string\"}],\"inLanguage\":\"pt-BR\"},{\"@type\":\"ImageObject\",\"@id\":\"http:\/\/revistavitrineibiuna.com.br\/?p=34498#primaryimage\",\"inLanguage\":\"pt-BR\",\"url\":\"https:\/\/revistavitrineibiuna.com.br\/wp-content\/uploads\/2025\/11\/dr.-nacib-1.png\",\"width\":1189,\"height\":718},{\"@type\":\"WebPage\",\"@id\":\"http:\/\/revistavitrineibiuna.com.br\/?p=34498#webpage\",\"url\":\"http:\/\/revistavitrineibiuna.com.br\/?p=34498\",\"name\":\"DR. NACIB REALIZA CIRURGIA NO HOSPITAL ONDE NASCEU H\\u00c1 51 ANOS EM PIEDADE - Revista Vitrine Online\",\"isPartOf\":{\"@id\":\"https:\/\/revistavitrineibiuna.com.br\/#website\"},\"primaryImageOfPage\":{\"@id\":\"http:\/\/revistavitrineibiuna.com.br\/?p=34498#primaryimage\"},\"datePublished\":\"2025-11-08T20:52:40+00:00\",\"dateModified\":\"2025-11-08T21:31:06+00:00\",\"breadcrumb\":{\"@id\":\"http:\/\/revistavitrineibiuna.com.br\/?p=34498#breadcrumb\"},\"inLanguage\":\"pt-BR\",\"potentialAction\":[{\"@type\":\"ReadAction\",\"target\":[\"http:\/\/revistavitrineibiuna.com.br\/?p=34498\"]}]},{\"@type\":\"BreadcrumbList\",\"@id\":\"http:\/\/revistavitrineibiuna.com.br\/?p=34498#breadcrumb\",\"itemListElement\":[{\"@type\":\"ListItem\",\"position\":1,\"item\":{\"@type\":\"WebPage\",\"@id\":\"https:\/\/revistavitrineibiuna.com.br\/\",\"url\":\"https:\/\/revistavitrineibiuna.com.br\/\",\"name\":\"In\\u00edcio\"}},{\"@type\":\"ListItem\",\"position\":2,\"item\":{\"@type\":\"WebPage\",\"@id\":\"http:\/\/revistavitrineibiuna.com.br\/?p=34498\",\"url\":\"http:\/\/revistavitrineibiuna.com.br\/?p=34498\",\"name\":\"DR. NACIB REALIZA CIRURGIA NO HOSPITAL ONDE NASCEU H\\u00c1 51 ANOS EM PIEDADE\"}}]},{\"@type\":\"Article\",\"@id\":\"http:\/\/revistavitrineibiuna.com.br\/?p=34498#article\",\"isPartOf\":{\"@id\":\"http:\/\/revistavitrineibiuna.com.br\/?p=34498#webpage\"},\"author\":{\"@id\":\"https:\/\/revistavitrineibiuna.com.br\/#\/schema\/person\/e51ef49d6d88170ea21ceabff3f73deb\"},\"headline\":\"DR. NACIB REALIZA CIRURGIA NO HOSPITAL ONDE NASCEU H\\u00c1 51 ANOS EM PIEDADE\",\"datePublished\":\"2025-11-08T20:52:40+00:00\",\"dateModified\":\"2025-11-08T21:31:06+00:00\",\"mainEntityOfPage\":{\"@id\":\"http:\/\/revistavitrineibiuna.com.br\/?p=34498#webpage\"},\"commentCount\":0,\"publisher\":{\"@id\":\"https:\/\/revistavitrineibiuna.com.br\/#\/schema\/person\/e51ef49d6d88170ea21ceabff3f73deb\"},\"image\":{\"@id\":\"http:\/\/revistavitrineibiuna.com.br\/?p=34498#primaryimage\"},\"articleSection\":\"Not\\u00edcias\",\"inLanguage\":\"pt-BR\",\"potentialAction\":[{\"@type\":\"CommentAction\",\"name\":\"Comment\",\"target\":[\"http:\/\/revistavitrineibiuna.com.br\/?p=34498#respond\"]}]},{\"@type\":[\"Person\",\"Organization\"],\"@id\":\"https:\/\/revistavitrineibiuna.com.br\/#\/schema\/person\/e51ef49d6d88170ea21ceabff3f73deb\",\"name\":\"Carlos Rossini\",\"image\":{\"@type\":\"ImageObject\",\"@id\":\"https:\/\/revistavitrineibiuna.com.br\/#personlogo\",\"inLanguage\":\"pt-BR\",\"url\":\"https:\/\/secure.gravatar.com\/avatar\/4f2d0f99fac1f85c7d643f21f5c8d900?s=96&d=mm&r=g\",\"caption\":\"Carlos Rossini\"},\"logo\":{\"@id\":\"https:\/\/revistavitrineibiuna.com.br\/#personlogo\"},\"description\":\"Carlos Rossini \\u00e9 jornalista, soci\\u00f3logo, escritor e professor universit\\u00e1rio, tendo sido professor de jornalismo por vinte anos. Trabalhou em ve\\u00edculos de comunica\\u00e7\\u00e3o nas fun\\u00e7\\u00f5es de rep\\u00f3rter, redator, editor, articulista e colaborador, como Folha de S. Paulo, O Estado de S. Paulo, Di\\u00e1rio Popular, entre outros. Ao transferir a revista vitrine, vers\\u00e3o imprensa, de S\\u00e3o Paulo para Ibi\\u00fana h\\u00e1 alguns anos, iniciou uma nova experi\\u00eancia profissional, dedicando-se ao jornalismo regional, depois de cumprir uma trajet\\u00f3ria bem-sucedida na grande imprensa brasileira. Seu primeiro livro A Coragem de Comunicar foi lan\\u00e7ado na Bienal do Livro em S\\u00e3o Paulo no ano 2000, pela editora Madras.\"}]}<\/script>\n<!-- \/ Yoast SEO plugin. -->","_links":{"self":[{"href":"https:\/\/revistavitrineibiuna.com.br\/index.php?rest_route=\/wp\/v2\/posts\/34498"}],"collection":[{"href":"https:\/\/revistavitrineibiuna.com.br\/index.php?rest_route=\/wp\/v2\/posts"}],"about":[{"href":"https:\/\/revistavitrineibiuna.com.br\/index.php?rest_route=\/wp\/v2\/types\/post"}],"author":[{"embeddable":true,"href":"https:\/\/revistavitrineibiuna.com.br\/index.php?rest_route=\/wp\/v2\/users\/1"}],"replies":[{"embeddable":true,"href":"https:\/\/revistavitrineibiuna.com.br\/index.php?rest_route=%2Fwp%2Fv2%2Fcomments&post=34498"}],"version-history":[{"count":3,"href":"https:\/\/revistavitrineibiuna.com.br\/index.php?rest_route=\/wp\/v2\/posts\/34498\/revisions"}],"predecessor-version":[{"id":34504,"href":"https:\/\/revistavitrineibiuna.com.br\/index.php?rest_route=\/wp\/v2\/posts\/34498\/revisions\/34504"}],"wp:featuredmedia":[{"embeddable":true,"href":"https:\/\/revistavitrineibiuna.com.br\/index.php?rest_route=\/wp\/v2\/media\/34499"}],"wp:attachment":[{"href":"https:\/\/revistavitrineibiuna.com.br\/index.php?rest_route=%2Fwp%2Fv2%2Fmedia&parent=34498"}],"wp:term":[{"taxonomy":"category","embeddable":true,"href":"https:\/\/revistavitrineibiuna.com.br\/index.php?rest_route=%2Fwp%2Fv2%2Fcategories&post=34498"},{"taxonomy":"post_tag","embeddable":true,"href":"https:\/\/revistavitrineibiuna.com.br\/index.php?rest_route=%2Fwp%2Fv2%2Ftags&post=34498"}],"curies":[{"name":"wp","href":"https:\/\/api.w.org\/{rel}","templated":true}]}}