{"id":34505,"date":"2025-11-09T12:07:14","date_gmt":"2025-11-09T15:07:14","guid":{"rendered":"http:\/\/revistavitrineibiuna.com.br\/?p=34505"},"modified":"2025-11-09T14:09:20","modified_gmt":"2025-11-09T17:09:20","slug":"ibiuna-40a-noite-italiana-reune-mais-de-500-pessoas-em-prol-de-idosos","status":"publish","type":"post","link":"https:\/\/revistavitrineibiuna.com.br\/?p=34505","title":{"rendered":"IBI\u00daNA &#8211; \u201c40\u00aa NOITE ITALIANA\u201d RE\u00daNE MAIS DE 500 PESSOAS EM PROL DE IDOSOS"},"content":{"rendered":"\n<p class=\"has-drop-cap\"><strong>\u201cEste \u00e9 um evento de caridade\u201d, afirmou no palco o empres\u00e1rio e presidente da Casa Santa Rita, Luciano Bento Rolim de Freitas, ao dar as boas vindas e abrir o jantar musical da \u201c40\u00aa Noite Italiana\u201d, que reuniu mais de 500 pessoas no amplo sal\u00e3o do CCI \u2013 Centro Cultural e Esportivo de Ibi\u00fana, no centro da cidade de Ibi\u00fana.<\/strong><\/p>\n\n\n\n<p><strong>A Casa Santa Rita funciona h\u00e1 77 anos. Atualmente acolhe e cuida de vinte idosos e depende de recursos de doa\u00e7\u00f5es para ser mantida. Por isso, Freitas se referiu \u00e0 caridade que \u00e9 um ato de amor e dedica\u00e7\u00e3o ao pr\u00f3ximo.<\/strong><\/p>\n\n\n\n<p><strong>A \u201cNoite Italiana\u201d \u00e9 uma das a\u00e7\u00f5es para angariar recursos para assegurar a qualidade dos servi\u00e7os prestados aos idosos com uma infraestrutura que inclui nutri\u00e7\u00e3o, atendimento m\u00e9dico e psicol\u00f3gico, atividades laboriais, entre outros cuidados terap\u00eauticos, a fim de assegurar que os idosos vivam com conforto e dignidade.<\/strong><\/p>\n\n\n\n<figure class=\"wp-block-image size-large\"><img loading=\"lazy\" width=\"718\" height=\"431\" src=\"https:\/\/revistavitrineibiuna.com.br\/wp-content\/uploads\/2025\/11\/noite-italiana-entrada.png\" alt=\"\" class=\"wp-image-34509\" srcset=\"https:\/\/revistavitrineibiuna.com.br\/wp-content\/uploads\/2025\/11\/noite-italiana-entrada.png 718w, https:\/\/revistavitrineibiuna.com.br\/wp-content\/uploads\/2025\/11\/noite-italiana-entrada-300x180.png 300w\" sizes=\"(max-width: 718px) 100vw, 718px\" \/><figcaption>Na entrada do sal\u00e3o<\/figcaption><\/figure>\n\n\n\n<p><strong>M\u00daSICA, ALEGRIA E FAMILIARIDADE<\/strong><\/p>\n\n\n\n<p><strong>A \u201cNoite Italiana\u201d \u00e9 um ambiente em que a m\u00fasica, a alegria e a familiaridade se juntam em torno de uma mesa repleta de iguarias deliciosas incluindo massas, carnes e saladas \u00e0 vontade. E claro o clima fica marcado pela m\u00e1xima \u201cmangia che te fa bene\u201d.<\/strong><\/p>\n\n\n\n<p><strong>Neste s\u00e1bado, justificando o tema do encontro, a Banda Ece Som It\u00e1lia, dirigida por Elizabeth Sapienza [ela fundou a banda com o cantor Evandro Moura, que atuou por 30 anos], caprichou nas tarantelas, can\u00e7\u00f5es populares napolitanas, que animou a galera, al\u00e9m de m\u00fasicas rom\u00e2nticas nacionais e internacionais.<\/strong><\/p>\n\n\n\n<figure class=\"wp-block-image size-large\"><img loading=\"lazy\" width=\"717\" height=\"434\" src=\"https:\/\/revistavitrineibiuna.com.br\/wp-content\/uploads\/2025\/11\/noite-italiana-convivas.png\" alt=\"\" class=\"wp-image-34512\" srcset=\"https:\/\/revistavitrineibiuna.com.br\/wp-content\/uploads\/2025\/11\/noite-italiana-convivas.png 717w, https:\/\/revistavitrineibiuna.com.br\/wp-content\/uploads\/2025\/11\/noite-italiana-convivas-300x182.png 300w\" sizes=\"(max-width: 717px) 100vw, 717px\" \/><figcaption>Mais de 500 pessoas compareceram a um ambiente de conv\u00edvio social benemerente<\/figcaption><\/figure>\n\n\n\n<figure class=\"wp-block-image size-large\"><img loading=\"lazy\" width=\"720\" height=\"562\" src=\"https:\/\/revistavitrineibiuna.com.br\/wp-content\/uploads\/2025\/11\/Noite-italiana-3.png\" alt=\"\" class=\"wp-image-34515\" srcset=\"https:\/\/revistavitrineibiuna.com.br\/wp-content\/uploads\/2025\/11\/Noite-italiana-3.png 720w, https:\/\/revistavitrineibiuna.com.br\/wp-content\/uploads\/2025\/11\/Noite-italiana-3-300x234.png 300w\" sizes=\"(max-width: 720px) 100vw, 720px\" \/><figcaption>Elizabeth Sapienza (no fundo) e a dupla de cantores que animaram os convivas durante duas horas<\/figcaption><\/figure>\n\n\n\n<p><strong>Nesse ambiente agrad\u00e1vel e festivo, tamb\u00e9m houve sorteios e rifa dentro do mesmo prop\u00f3sito de garantir recursos para manter a Casa Santa Rita em sua importante miss\u00e3o.<\/strong><\/p>\n\n\n\n<p><strong>Empres\u00e1rios e profissionais liberais fizeram doa\u00e7\u00f5es para os sorteios, incluindo um burrinho, por sinal um simp\u00e1tico animalzinho que representa paz e humildade.<\/strong><\/p>\n\n\n\n<figure class=\"wp-block-image size-large\"><img loading=\"lazy\" width=\"704\" height=\"762\" src=\"https:\/\/revistavitrineibiuna.com.br\/wp-content\/uploads\/2025\/11\/noite-italiana-4.png\" alt=\"\" class=\"wp-image-34518\" srcset=\"https:\/\/revistavitrineibiuna.com.br\/wp-content\/uploads\/2025\/11\/noite-italiana-4.png 704w, https:\/\/revistavitrineibiuna.com.br\/wp-content\/uploads\/2025\/11\/noite-italiana-4-277x300.png 277w\" sizes=\"(max-width: 704px) 100vw, 704px\" \/><\/figure>\n\n\n\n<figure class=\"wp-block-image size-large\"><img loading=\"lazy\" width=\"1024\" height=\"632\" src=\"https:\/\/revistavitrineibiuna.com.br\/wp-content\/uploads\/2025\/11\/40-noite-italiana-diretoria-1024x632.png\" alt=\"\" class=\"wp-image-34519\" srcset=\"https:\/\/revistavitrineibiuna.com.br\/wp-content\/uploads\/2025\/11\/40-noite-italiana-diretoria-1024x632.png 1024w, https:\/\/revistavitrineibiuna.com.br\/wp-content\/uploads\/2025\/11\/40-noite-italiana-diretoria-300x185.png 300w, https:\/\/revistavitrineibiuna.com.br\/wp-content\/uploads\/2025\/11\/40-noite-italiana-diretoria-768x474.png 768w, https:\/\/revistavitrineibiuna.com.br\/wp-content\/uploads\/2025\/11\/40-noite-italiana-diretoria.png 1515w\" sizes=\"(max-width: 1024px) 100vw, 1024px\" \/><figcaption>Integrantes da diretoria e benfeitores da Casa Santa Rita <\/figcaption><\/figure>\n","protected":false},"excerpt":{"rendered":"<p>\u201cEste \u00e9 um evento de caridade\u201d, afirmou no palco o empres\u00e1rio e presidente da Casa Santa Rita, Luciano Bento Rolim<\/p>\n","protected":false},"author":1,"featured_media":34506,"comment_status":"open","ping_status":"open","sticky":false,"template":"","format":"standard","meta":[],"categories":[3],"tags":[],"yoast_head":"<!-- This site is optimized with the Yoast SEO plugin v15.8 - https:\/\/yoast.com\/wordpress\/plugins\/seo\/ -->\n<title>IBI\u00daNA - \u201c40\u00aa NOITE ITALIANA\u201d RE\u00daNE MAIS DE 500 PESSOAS EM PROL DE IDOSOS - Revista Vitrine Online<\/title>\n<meta name=\"robots\" content=\"index, follow, max-snippet:-1, max-image-preview:large, max-video-preview:-1\" \/>\n<link rel=\"canonical\" href=\"http:\/\/revistavitrineibiuna.com.br\/?p=34505\" \/>\n<meta property=\"og:locale\" content=\"pt_BR\" \/>\n<meta property=\"og:type\" content=\"article\" \/>\n<meta property=\"og:title\" content=\"IBI\u00daNA - \u201c40\u00aa NOITE ITALIANA\u201d RE\u00daNE MAIS DE 500 PESSOAS EM PROL DE IDOSOS - Revista Vitrine Online\" \/>\n<meta property=\"og:description\" content=\"\u201cEste \u00e9 um evento de caridade\u201d, afirmou no palco o empres\u00e1rio e presidente da Casa Santa Rita, Luciano Bento Rolim\" \/>\n<meta property=\"og:url\" content=\"http:\/\/revistavitrineibiuna.com.br\/?p=34505\" \/>\n<meta property=\"og:site_name\" content=\"Revista Vitrine Online\" \/>\n<meta property=\"article:published_time\" content=\"2025-11-09T15:07:14+00:00\" \/>\n<meta property=\"article:modified_time\" content=\"2025-11-09T17:09:20+00:00\" \/>\n<meta property=\"og:image\" content=\"https:\/\/revistavitrineibiuna.com.br\/wp-content\/uploads\/2025\/11\/Noite-Italiana-1.png\" \/>\n\t<meta property=\"og:image:width\" content=\"720\" \/>\n\t<meta property=\"og:image:height\" content=\"475\" \/>\n<meta name=\"twitter:card\" content=\"summary\" \/>\n<meta name=\"twitter:label1\" content=\"Est. reading time\">\n\t<meta name=\"twitter:data1\" content=\"3 minutos\">\n<script type=\"application\/ld+json\" class=\"yoast-schema-graph\">{\"@context\":\"https:\/\/schema.org\",\"@graph\":[{\"@type\":\"WebSite\",\"@id\":\"https:\/\/revistavitrineibiuna.com.br\/#website\",\"url\":\"https:\/\/revistavitrineibiuna.com.br\/\",\"name\":\"Revista Vitrine Ibi\\u00fana\",\"description\":\"A Revista de Ibi\\u00fana e Regi\\u00e3o\",\"publisher\":{\"@id\":\"https:\/\/revistavitrineibiuna.com.br\/#\/schema\/person\/e51ef49d6d88170ea21ceabff3f73deb\"},\"potentialAction\":[{\"@type\":\"SearchAction\",\"target\":\"https:\/\/revistavitrineibiuna.com.br\/?s={search_term_string}\",\"query-input\":\"required name=search_term_string\"}],\"inLanguage\":\"pt-BR\"},{\"@type\":\"ImageObject\",\"@id\":\"http:\/\/revistavitrineibiuna.com.br\/?p=34505#primaryimage\",\"inLanguage\":\"pt-BR\",\"url\":\"https:\/\/revistavitrineibiuna.com.br\/wp-content\/uploads\/2025\/11\/Noite-Italiana-1.png\",\"width\":720,\"height\":475},{\"@type\":\"WebPage\",\"@id\":\"http:\/\/revistavitrineibiuna.com.br\/?p=34505#webpage\",\"url\":\"http:\/\/revistavitrineibiuna.com.br\/?p=34505\",\"name\":\"IBI\\u00daNA - \\u201c40\\u00aa NOITE ITALIANA\\u201d RE\\u00daNE MAIS DE 500 PESSOAS EM PROL DE IDOSOS - Revista Vitrine Online\",\"isPartOf\":{\"@id\":\"https:\/\/revistavitrineibiuna.com.br\/#website\"},\"primaryImageOfPage\":{\"@id\":\"http:\/\/revistavitrineibiuna.com.br\/?p=34505#primaryimage\"},\"datePublished\":\"2025-11-09T15:07:14+00:00\",\"dateModified\":\"2025-11-09T17:09:20+00:00\",\"breadcrumb\":{\"@id\":\"http:\/\/revistavitrineibiuna.com.br\/?p=34505#breadcrumb\"},\"inLanguage\":\"pt-BR\",\"potentialAction\":[{\"@type\":\"ReadAction\",\"target\":[\"http:\/\/revistavitrineibiuna.com.br\/?p=34505\"]}]},{\"@type\":\"BreadcrumbList\",\"@id\":\"http:\/\/revistavitrineibiuna.com.br\/?p=34505#breadcrumb\",\"itemListElement\":[{\"@type\":\"ListItem\",\"position\":1,\"item\":{\"@type\":\"WebPage\",\"@id\":\"https:\/\/revistavitrineibiuna.com.br\/\",\"url\":\"https:\/\/revistavitrineibiuna.com.br\/\",\"name\":\"In\\u00edcio\"}},{\"@type\":\"ListItem\",\"position\":2,\"item\":{\"@type\":\"WebPage\",\"@id\":\"http:\/\/revistavitrineibiuna.com.br\/?p=34505\",\"url\":\"http:\/\/revistavitrineibiuna.com.br\/?p=34505\",\"name\":\"IBI\\u00daNA &#8211; \\u201c40\\u00aa NOITE ITALIANA\\u201d RE\\u00daNE MAIS DE 500 PESSOAS EM PROL DE IDOSOS\"}}]},{\"@type\":\"Article\",\"@id\":\"http:\/\/revistavitrineibiuna.com.br\/?p=34505#article\",\"isPartOf\":{\"@id\":\"http:\/\/revistavitrineibiuna.com.br\/?p=34505#webpage\"},\"author\":{\"@id\":\"https:\/\/revistavitrineibiuna.com.br\/#\/schema\/person\/e51ef49d6d88170ea21ceabff3f73deb\"},\"headline\":\"IBI\\u00daNA &#8211; \\u201c40\\u00aa NOITE ITALIANA\\u201d RE\\u00daNE MAIS DE 500 PESSOAS EM PROL DE IDOSOS\",\"datePublished\":\"2025-11-09T15:07:14+00:00\",\"dateModified\":\"2025-11-09T17:09:20+00:00\",\"mainEntityOfPage\":{\"@id\":\"http:\/\/revistavitrineibiuna.com.br\/?p=34505#webpage\"},\"commentCount\":0,\"publisher\":{\"@id\":\"https:\/\/revistavitrineibiuna.com.br\/#\/schema\/person\/e51ef49d6d88170ea21ceabff3f73deb\"},\"image\":{\"@id\":\"http:\/\/revistavitrineibiuna.com.br\/?p=34505#primaryimage\"},\"articleSection\":\"Not\\u00edcias\",\"inLanguage\":\"pt-BR\",\"potentialAction\":[{\"@type\":\"CommentAction\",\"name\":\"Comment\",\"target\":[\"http:\/\/revistavitrineibiuna.com.br\/?p=34505#respond\"]}]},{\"@type\":[\"Person\",\"Organization\"],\"@id\":\"https:\/\/revistavitrineibiuna.com.br\/#\/schema\/person\/e51ef49d6d88170ea21ceabff3f73deb\",\"name\":\"Carlos Rossini\",\"image\":{\"@type\":\"ImageObject\",\"@id\":\"https:\/\/revistavitrineibiuna.com.br\/#personlogo\",\"inLanguage\":\"pt-BR\",\"url\":\"https:\/\/secure.gravatar.com\/avatar\/4f2d0f99fac1f85c7d643f21f5c8d900?s=96&d=mm&r=g\",\"caption\":\"Carlos Rossini\"},\"logo\":{\"@id\":\"https:\/\/revistavitrineibiuna.com.br\/#personlogo\"},\"description\":\"Carlos Rossini \\u00e9 jornalista, soci\\u00f3logo, escritor e professor universit\\u00e1rio, tendo sido professor de jornalismo por vinte anos. Trabalhou em ve\\u00edculos de comunica\\u00e7\\u00e3o nas fun\\u00e7\\u00f5es de rep\\u00f3rter, redator, editor, articulista e colaborador, como Folha de S. Paulo, O Estado de S. Paulo, Di\\u00e1rio Popular, entre outros. Ao transferir a revista vitrine, vers\\u00e3o imprensa, de S\\u00e3o Paulo para Ibi\\u00fana h\\u00e1 alguns anos, iniciou uma nova experi\\u00eancia profissional, dedicando-se ao jornalismo regional, depois de cumprir uma trajet\\u00f3ria bem-sucedida na grande imprensa brasileira. Seu primeiro livro A Coragem de Comunicar foi lan\\u00e7ado na Bienal do Livro em S\\u00e3o Paulo no ano 2000, pela editora Madras.\"}]}<\/script>\n<!-- \/ Yoast SEO plugin. -->","_links":{"self":[{"href":"https:\/\/revistavitrineibiuna.com.br\/index.php?rest_route=\/wp\/v2\/posts\/34505"}],"collection":[{"href":"https:\/\/revistavitrineibiuna.com.br\/index.php?rest_route=\/wp\/v2\/posts"}],"about":[{"href":"https:\/\/revistavitrineibiuna.com.br\/index.php?rest_route=\/wp\/v2\/types\/post"}],"author":[{"embeddable":true,"href":"https:\/\/revistavitrineibiuna.com.br\/index.php?rest_route=\/wp\/v2\/users\/1"}],"replies":[{"embeddable":true,"href":"https:\/\/revistavitrineibiuna.com.br\/index.php?rest_route=%2Fwp%2Fv2%2Fcomments&post=34505"}],"version-history":[{"count":11,"href":"https:\/\/revistavitrineibiuna.com.br\/index.php?rest_route=\/wp\/v2\/posts\/34505\/revisions"}],"predecessor-version":[{"id":34527,"href":"https:\/\/revistavitrineibiuna.com.br\/index.php?rest_route=\/wp\/v2\/posts\/34505\/revisions\/34527"}],"wp:featuredmedia":[{"embeddable":true,"href":"https:\/\/revistavitrineibiuna.com.br\/index.php?rest_route=\/wp\/v2\/media\/34506"}],"wp:attachment":[{"href":"https:\/\/revistavitrineibiuna.com.br\/index.php?rest_route=%2Fwp%2Fv2%2Fmedia&parent=34505"}],"wp:term":[{"taxonomy":"category","embeddable":true,"href":"https:\/\/revistavitrineibiuna.com.br\/index.php?rest_route=%2Fwp%2Fv2%2Fcategories&post=34505"},{"taxonomy":"post_tag","embeddable":true,"href":"https:\/\/revistavitrineibiuna.com.br\/index.php?rest_route=%2Fwp%2Fv2%2Ftags&post=34505"}],"curies":[{"name":"wp","href":"https:\/\/api.w.org\/{rel}","templated":true}]}}