{"id":34529,"date":"2025-11-11T13:55:08","date_gmt":"2025-11-11T16:55:08","guid":{"rendered":"http:\/\/revistavitrineibiuna.com.br\/?p=34529"},"modified":"2025-11-11T13:55:09","modified_gmt":"2025-11-11T16:55:09","slug":"ibiuna-camara-aplaude-policia-civil-por-desbaratar-quadrilha-perigosa-e-violenta","status":"publish","type":"post","link":"https:\/\/revistavitrineibiuna.com.br\/?p=34529","title":{"rendered":"IBI\u00daNA \u2013 C\u00c2MARA APLAUDE POL\u00cdCIA CIVIL POR DESBARATAR QUADRILHA PERIGOSA E VIOLENTA"},"content":{"rendered":"\n<p class=\"has-drop-cap\"><strong>Na sess\u00e3o de hoje (11), a C\u00e2mara Municipal de Ibi\u00fana contemplou a Pol\u00edcia Civil com uma Mo\u00e7\u00e3o de Aplausos e Congratula\u00e7\u00f5es por ter, mediante uma investiga\u00e7\u00e3o minuciosa iniciada em 2024, desbaratado uma perigosa quadrilha interestadual que vinha aterrorizando a popula\u00e7\u00e3o de Ibi\u00fana e de cidade vizinhas.<\/strong><\/p>\n\n\n\n<p><strong>O grupo do crime organizado, origin\u00e1rio de Minas Gerais, vinha cometendo assaltos, roubos, agindo de modo violento com as v\u00edtimas. O bando&nbsp; realizou roubo na Vargem Salto, assaltos no Residencial Europa, roubo numa pizzaria no bairro dos Pintos, al\u00e9m de cometer assaltos a agricultores no Lageadinho.<\/strong><\/p>\n\n\n\n<p><strong>Os criminosos fizeram diversos assaltos no com\u00e9rcio e em resid\u00eancias, sempre fortemente armados, e mantinham as v\u00edtimas em cativeiro enquanto por horas faziam transfer\u00eancias banc\u00e1rias.<\/strong><\/p>\n\n\n\n<p><strong>A opera\u00e7\u00e3o resultou na identifica\u00e7\u00e3o dos bandidos, o que possibilitou a pris\u00e3o de v\u00e1rios elementos; alguns s\u00e3o fugitivos, mas com mandados de pris\u00e3o expedidos.<\/strong><\/p>\n\n\n\n<p><strong>HOMENAGEADOS<\/strong><\/p>\n\n\n\n<p><strong>Na Mo\u00e7\u00e3o de Aplausos e Congratula\u00e7\u00f5es, de autoria do vereador Rodrigo de Moraes, figuram: o delegado J\u00falio C\u00e9sar Grossi Silva; os investigadores Reginaldo Pires, Rodrigo Savioli e Hermann Santos de Almirante; o agente de investiga\u00e7\u00f5es Bruno Mendes; o agente de telecomunica\u00e7\u00f5es Norival Gon\u00e7alves; o delegado Sandro W. Tavares T\u00e1vora (que indiretamente tamb\u00e9m participou das investiga\u00e7\u00f5es).<\/strong><\/p>\n\n\n\n<p><strong>A homenagem se estendeu a todos os demais funcion\u00e1rios da Delegacia de Pol\u00edcia de Ibi\u00fana pelo empenho e dedica\u00e7\u00e3o no sucesso desta opera\u00e7\u00e3o que \u201cserve de inspira\u00e7\u00e3o e merece essa justa homenagem aos policiais que arriscam suas vidas para proteger os cidad\u00e3os de bem\u201d, real\u00e7ou Rodrigo Moraes.<\/strong><\/p>\n","protected":false},"excerpt":{"rendered":"<p>Na sess\u00e3o de hoje (11), a C\u00e2mara Municipal de Ibi\u00fana contemplou a Pol\u00edcia Civil com uma Mo\u00e7\u00e3o de Aplausos e<\/p>\n","protected":false},"author":1,"featured_media":34530,"comment_status":"open","ping_status":"open","sticky":false,"template":"","format":"standard","meta":[],"categories":[3],"tags":[],"yoast_head":"<!-- This site is optimized with the Yoast SEO plugin v15.8 - https:\/\/yoast.com\/wordpress\/plugins\/seo\/ -->\n<title>IBI\u00daNA \u2013 C\u00c2MARA APLAUDE POL\u00cdCIA CIVIL POR DESBARATAR QUADRILHA PERIGOSA E VIOLENTA - Revista Vitrine Online<\/title>\n<meta name=\"robots\" content=\"index, follow, max-snippet:-1, max-image-preview:large, max-video-preview:-1\" \/>\n<link rel=\"canonical\" href=\"https:\/\/revistavitrineibiuna.com.br\/?p=34529\" \/>\n<meta property=\"og:locale\" content=\"pt_BR\" \/>\n<meta property=\"og:type\" content=\"article\" \/>\n<meta property=\"og:title\" content=\"IBI\u00daNA \u2013 C\u00c2MARA APLAUDE POL\u00cdCIA CIVIL POR DESBARATAR QUADRILHA PERIGOSA E VIOLENTA - Revista Vitrine Online\" \/>\n<meta property=\"og:description\" content=\"Na sess\u00e3o de hoje (11), a C\u00e2mara Municipal de Ibi\u00fana contemplou a Pol\u00edcia Civil com uma Mo\u00e7\u00e3o de Aplausos e\" \/>\n<meta property=\"og:url\" content=\"https:\/\/revistavitrineibiuna.com.br\/?p=34529\" \/>\n<meta property=\"og:site_name\" content=\"Revista Vitrine Online\" \/>\n<meta property=\"article:published_time\" content=\"2025-11-11T16:55:08+00:00\" \/>\n<meta property=\"article:modified_time\" content=\"2025-11-11T16:55:09+00:00\" \/>\n<meta property=\"og:image\" content=\"https:\/\/revistavitrineibiuna.com.br\/wp-content\/uploads\/2025\/11\/camara-homenageia-policia-civil-1024x591.png\" \/>\n\t<meta property=\"og:image:width\" content=\"1024\" \/>\n\t<meta property=\"og:image:height\" content=\"591\" \/>\n<meta name=\"twitter:card\" content=\"summary\" \/>\n<meta name=\"twitter:label1\" content=\"Est. reading time\">\n\t<meta name=\"twitter:data1\" content=\"2 minutos\">\n<script type=\"application\/ld+json\" class=\"yoast-schema-graph\">{\"@context\":\"https:\/\/schema.org\",\"@graph\":[{\"@type\":\"WebSite\",\"@id\":\"https:\/\/revistavitrineibiuna.com.br\/#website\",\"url\":\"https:\/\/revistavitrineibiuna.com.br\/\",\"name\":\"Revista Vitrine Ibi\\u00fana\",\"description\":\"A Revista de Ibi\\u00fana e Regi\\u00e3o\",\"publisher\":{\"@id\":\"https:\/\/revistavitrineibiuna.com.br\/#\/schema\/person\/e51ef49d6d88170ea21ceabff3f73deb\"},\"potentialAction\":[{\"@type\":\"SearchAction\",\"target\":\"https:\/\/revistavitrineibiuna.com.br\/?s={search_term_string}\",\"query-input\":\"required name=search_term_string\"}],\"inLanguage\":\"pt-BR\"},{\"@type\":\"ImageObject\",\"@id\":\"https:\/\/revistavitrineibiuna.com.br\/?p=34529#primaryimage\",\"inLanguage\":\"pt-BR\",\"url\":\"https:\/\/revistavitrineibiuna.com.br\/wp-content\/uploads\/2025\/11\/camara-homenageia-policia-civil.png\",\"width\":1590,\"height\":917},{\"@type\":\"WebPage\",\"@id\":\"https:\/\/revistavitrineibiuna.com.br\/?p=34529#webpage\",\"url\":\"https:\/\/revistavitrineibiuna.com.br\/?p=34529\",\"name\":\"IBI\\u00daNA \\u2013 C\\u00c2MARA APLAUDE POL\\u00cdCIA CIVIL POR DESBARATAR QUADRILHA PERIGOSA E VIOLENTA - Revista Vitrine Online\",\"isPartOf\":{\"@id\":\"https:\/\/revistavitrineibiuna.com.br\/#website\"},\"primaryImageOfPage\":{\"@id\":\"https:\/\/revistavitrineibiuna.com.br\/?p=34529#primaryimage\"},\"datePublished\":\"2025-11-11T16:55:08+00:00\",\"dateModified\":\"2025-11-11T16:55:09+00:00\",\"breadcrumb\":{\"@id\":\"https:\/\/revistavitrineibiuna.com.br\/?p=34529#breadcrumb\"},\"inLanguage\":\"pt-BR\",\"potentialAction\":[{\"@type\":\"ReadAction\",\"target\":[\"https:\/\/revistavitrineibiuna.com.br\/?p=34529\"]}]},{\"@type\":\"BreadcrumbList\",\"@id\":\"https:\/\/revistavitrineibiuna.com.br\/?p=34529#breadcrumb\",\"itemListElement\":[{\"@type\":\"ListItem\",\"position\":1,\"item\":{\"@type\":\"WebPage\",\"@id\":\"https:\/\/revistavitrineibiuna.com.br\/\",\"url\":\"https:\/\/revistavitrineibiuna.com.br\/\",\"name\":\"In\\u00edcio\"}},{\"@type\":\"ListItem\",\"position\":2,\"item\":{\"@type\":\"WebPage\",\"@id\":\"https:\/\/revistavitrineibiuna.com.br\/?p=34529\",\"url\":\"https:\/\/revistavitrineibiuna.com.br\/?p=34529\",\"name\":\"IBI\\u00daNA \\u2013 C\\u00c2MARA APLAUDE POL\\u00cdCIA CIVIL POR DESBARATAR QUADRILHA PERIGOSA E VIOLENTA\"}}]},{\"@type\":\"Article\",\"@id\":\"https:\/\/revistavitrineibiuna.com.br\/?p=34529#article\",\"isPartOf\":{\"@id\":\"https:\/\/revistavitrineibiuna.com.br\/?p=34529#webpage\"},\"author\":{\"@id\":\"https:\/\/revistavitrineibiuna.com.br\/#\/schema\/person\/e51ef49d6d88170ea21ceabff3f73deb\"},\"headline\":\"IBI\\u00daNA \\u2013 C\\u00c2MARA APLAUDE POL\\u00cdCIA CIVIL POR DESBARATAR QUADRILHA PERIGOSA E VIOLENTA\",\"datePublished\":\"2025-11-11T16:55:08+00:00\",\"dateModified\":\"2025-11-11T16:55:09+00:00\",\"mainEntityOfPage\":{\"@id\":\"https:\/\/revistavitrineibiuna.com.br\/?p=34529#webpage\"},\"commentCount\":0,\"publisher\":{\"@id\":\"https:\/\/revistavitrineibiuna.com.br\/#\/schema\/person\/e51ef49d6d88170ea21ceabff3f73deb\"},\"image\":{\"@id\":\"https:\/\/revistavitrineibiuna.com.br\/?p=34529#primaryimage\"},\"articleSection\":\"Not\\u00edcias\",\"inLanguage\":\"pt-BR\",\"potentialAction\":[{\"@type\":\"CommentAction\",\"name\":\"Comment\",\"target\":[\"https:\/\/revistavitrineibiuna.com.br\/?p=34529#respond\"]}]},{\"@type\":[\"Person\",\"Organization\"],\"@id\":\"https:\/\/revistavitrineibiuna.com.br\/#\/schema\/person\/e51ef49d6d88170ea21ceabff3f73deb\",\"name\":\"Carlos Rossini\",\"image\":{\"@type\":\"ImageObject\",\"@id\":\"https:\/\/revistavitrineibiuna.com.br\/#personlogo\",\"inLanguage\":\"pt-BR\",\"url\":\"https:\/\/secure.gravatar.com\/avatar\/4f2d0f99fac1f85c7d643f21f5c8d900?s=96&d=mm&r=g\",\"caption\":\"Carlos Rossini\"},\"logo\":{\"@id\":\"https:\/\/revistavitrineibiuna.com.br\/#personlogo\"},\"description\":\"Carlos Rossini \\u00e9 jornalista, soci\\u00f3logo, escritor e professor universit\\u00e1rio, tendo sido professor de jornalismo por vinte anos. Trabalhou em ve\\u00edculos de comunica\\u00e7\\u00e3o nas fun\\u00e7\\u00f5es de rep\\u00f3rter, redator, editor, articulista e colaborador, como Folha de S. Paulo, O Estado de S. Paulo, Di\\u00e1rio Popular, entre outros. Ao transferir a revista vitrine, vers\\u00e3o imprensa, de S\\u00e3o Paulo para Ibi\\u00fana h\\u00e1 alguns anos, iniciou uma nova experi\\u00eancia profissional, dedicando-se ao jornalismo regional, depois de cumprir uma trajet\\u00f3ria bem-sucedida na grande imprensa brasileira. Seu primeiro livro A Coragem de Comunicar foi lan\\u00e7ado na Bienal do Livro em S\\u00e3o Paulo no ano 2000, pela editora Madras.\"}]}<\/script>\n<!-- \/ Yoast SEO plugin. -->","_links":{"self":[{"href":"https:\/\/revistavitrineibiuna.com.br\/index.php?rest_route=\/wp\/v2\/posts\/34529"}],"collection":[{"href":"https:\/\/revistavitrineibiuna.com.br\/index.php?rest_route=\/wp\/v2\/posts"}],"about":[{"href":"https:\/\/revistavitrineibiuna.com.br\/index.php?rest_route=\/wp\/v2\/types\/post"}],"author":[{"embeddable":true,"href":"https:\/\/revistavitrineibiuna.com.br\/index.php?rest_route=\/wp\/v2\/users\/1"}],"replies":[{"embeddable":true,"href":"https:\/\/revistavitrineibiuna.com.br\/index.php?rest_route=%2Fwp%2Fv2%2Fcomments&post=34529"}],"version-history":[{"count":1,"href":"https:\/\/revistavitrineibiuna.com.br\/index.php?rest_route=\/wp\/v2\/posts\/34529\/revisions"}],"predecessor-version":[{"id":34531,"href":"https:\/\/revistavitrineibiuna.com.br\/index.php?rest_route=\/wp\/v2\/posts\/34529\/revisions\/34531"}],"wp:featuredmedia":[{"embeddable":true,"href":"https:\/\/revistavitrineibiuna.com.br\/index.php?rest_route=\/wp\/v2\/media\/34530"}],"wp:attachment":[{"href":"https:\/\/revistavitrineibiuna.com.br\/index.php?rest_route=%2Fwp%2Fv2%2Fmedia&parent=34529"}],"wp:term":[{"taxonomy":"category","embeddable":true,"href":"https:\/\/revistavitrineibiuna.com.br\/index.php?rest_route=%2Fwp%2Fv2%2Fcategories&post=34529"},{"taxonomy":"post_tag","embeddable":true,"href":"https:\/\/revistavitrineibiuna.com.br\/index.php?rest_route=%2Fwp%2Fv2%2Ftags&post=34529"}],"curies":[{"name":"wp","href":"https:\/\/api.w.org\/{rel}","templated":true}]}}