{"id":34533,"date":"2025-11-19T19:42:30","date_gmt":"2025-11-19T22:42:30","guid":{"rendered":"http:\/\/revistavitrineibiuna.com.br\/?p=34533"},"modified":"2025-11-19T19:57:31","modified_gmt":"2025-11-19T22:57:31","slug":"acredite-a-duplicacao-da-bunjiro-vem-ai-depois-de-varios-adiamentos","status":"publish","type":"post","link":"https:\/\/revistavitrineibiuna.com.br\/?p=34533","title":{"rendered":"ACREDITE: A DUPLICA\u00c7\u00c3O DA BUNJIRO VEM A\u00cd, DEPOIS DE V\u00c1RIOS ADIAMENTOS"},"content":{"rendered":"\n<p class=\"has-drop-cap\"><strong>Iniciada h\u00e1 sete anos, interrompida h\u00e1 tr\u00eas, a retomada das obras de duplica\u00e7\u00e3o da rodovia Bunjiro Nakao est\u00e1, acredite, nos finalmente.<\/strong><\/p>\n\n\n\n<p><strong>S\u00f3 o governador Tar\u00edc\u00edsio de Freitas anunciou no m\u00ednimo duas datas, fins de agosto ou come\u00e7o de setembro, depois outubro, agora, finalmente, tudo indica que as obras ser\u00e3o retomadas. Freitas chegou a cravar que as obras seriam conclu\u00eddas em junho de 2026, o que est\u00e1 completamente fora das previs\u00f5es efetivas.<\/strong><\/p>\n\n\n\n<p><strong>A empresa terceirizada contratada pela Motiva-CCR Sorocabana, Dromos Infraestrutura Ltda., j\u00e1 estacionou caminh\u00f5es e tratores no p\u00e1tio de um posto de combust\u00edveis na altura do km 60 da rodovia. A promessa \u00e9 que o inicio seria 27 de outubro, depois dia 7, tudo em v\u00e3o.<\/strong><\/p>\n\n\n\n<p><strong>Mas de fato, ao que apuramos, falta apenas um ou outro ajuste final entre as duas empresas para que o servi\u00e7o tenha in\u00edcio de fato, j\u00e1 que foram citadas tamb\u00e9m as chuvas como causa compreens\u00edvel de adiamento.<\/strong><\/p>\n\n\n\n<p><strong>Vitrine online desde o lan\u00e7amento oficial do in\u00edcio das obras e a TVUNA, h\u00e1 pouco mais de dois anos, quando foi inaugurada, v\u00eam acompanhando de perto esse assunto da maior relev\u00e2ncia para Ibi\u00fana e toda a Regi\u00e3o, sobretudo no que diz respeito a evitar graves e tr\u00e1gicos acidentes registrados durante anos na rodovia.<\/strong><\/p>\n\n\n\n<p><strong>Leitores e telespectadores nesse per\u00edodo v\u00eam manifestando forte descren\u00e7a nas autoridades governamentais exatamente porque a prometida duplica\u00e7\u00e3o vem sendo repetidamente adiada.<\/strong><\/p>\n\n\n\n<p><strong>AGORA, SIM<\/strong><\/p>\n\n\n\n<p><strong>O compromisso firmado entre a Motiva &#8211; CCR Sorocabana e a Dromos Infraestrutura fixa a conclus\u00e3o das obras retomadas em mar\u00e7o de 2027, a data do inicio oficial era outubro de 2025, j\u00e1 obsoleta.<\/strong><\/p>\n\n\n\n<p><strong>As obras abrir\u00e3o 300 postos de trabalhos diretos e a fonte de receita considerada \u00e9 de ped\u00e1gio.<\/strong><\/p>\n\n\n\n<p><strong>A conclus\u00e3o das obras de duplica\u00e7\u00e3o da SP250 diz respeito ao segmento entre Vargem Grande Paulista (km 45) e Ibi\u00fana (km 68,7), considerada no projeto executivo como \u201cum marco muito importante para os motoristas que trafegam entre os munic\u00edpios da regi\u00e3o\u201d.<\/strong><\/p>\n\n\n\n<p><strong>\u201cA duplica\u00e7\u00e3o proporciona a segrega\u00e7\u00e3o do tr\u00e1fego de longa dist\u00e2ncia do tr\u00e1fego com maior seguran\u00e7a, conforto e fluidez aos usu\u00e1rios e mun\u00edcipes, maior qualidade de vida \u00e0 popula\u00e7\u00e3o com a redu\u00e7\u00e3o do tempo de trajeto e maior desenvolvimento \u00e0 regi\u00e3o.\u201d<\/strong><\/p>\n\n\n\n<p><strong>As obras ser\u00e3o realizadas contemplando uma infraestrutura completa onde ser\u00e3o retomados os servi\u00e7os de terraplenagem, implanta\u00e7\u00e3o de estruturas de conten\u00e7\u00e3o, execu\u00e7\u00e3o de pavimenta\u00e7\u00e3o, obras de arte corrente e drenagem, elementos de seguran\u00e7a, sinaliza\u00e7\u00e3o horizontal e vertical e revestimento vegetal.<\/strong><\/p>\n\n\n\n<p><strong>CARACTERISTICAS DA OBRA<\/strong><\/p>\n\n\n\n<p><strong>Eis as caracter\u00edsticas das obras que ser\u00e3o realizadas no trecho indicado:<\/strong><\/p>\n\n\n\n<p><strong>\u2022 Conclus\u00e3o de projeto de duplica\u00e7\u00e3o com 10 km de extens\u00e3o em pavimento flex\u00edvel, para conclus\u00e3o dos segmentos inacabados;<\/strong><\/p>\n\n\n\n<p><strong>\u2022 Conclus\u00e3o das obras em 14 km de extens\u00e3o nos segmentos inacabados j\u00e1 duplicados;<\/strong><\/p>\n\n\n\n<p><strong>\u2022 Conclus\u00e3o de 04 Obras de Arte Especial atualmente inacabadas;<\/strong><\/p>\n\n\n\n<p><strong>\u2022 Implanta\u00e7\u00e3o e adequa\u00e7\u00e3o de elementos de seguran\u00e7a: Defensas met\u00e1licas e barreiras r\u00edgida;<\/strong><\/p>\n\n\n\n<p><strong>\u2022 O sistema de drenagem superficial ser\u00e1 composto por sarjetas e valetas de prote\u00e7\u00e3o de cortes e aterros, entradas e descidas d\u2019agua, bueiros de greide, dissipadores de energia e caixas coletoras, bocas de lobo e drenos de pavimento rasos e profundos.<\/strong><\/p>\n\n\n\n<p><strong>\u2022 Adequa\u00e7\u00e3o e Implanta\u00e7\u00e3o de 05 Passarelas, sendo:<\/strong><\/p>\n\n\n\n<p><strong>\u25aa Passarela &#8211; Nova &#8211; km 046+595 \u2013 Redistribui\u00e7\u00e3o;<\/strong><\/p>\n\n\n\n<p><strong>\u25aa Passarela &#8211; Nova &#8211; km 049+040 \u2013 Redistribui\u00e7\u00e3o;<\/strong><\/p>\n\n\n\n<p><strong>\u25aa Passarela &#8211; Nova &#8211; km 062+215 \u2013 Redistribui\u00e7\u00e3o;<\/strong><\/p>\n\n\n\n<p><strong>\u25aa Passarela &#8211; Nova &#8211; km 068+530 \u2013 Redistribui\u00e7\u00e3o;<\/strong><\/p>\n\n\n\n<p><strong>\u25aa Passarela &#8211; Adequa\u00e7\u00e3o &#8211; km 059+155 \u2013 Redistribui\u00e7\u00e3o.<\/strong><\/p>\n\n\n\n<p><strong>\u2022 Implanta\u00e7\u00e3o de 07 Dispositivos de Retorno em N\u00edvel, sendo:<\/strong><\/p>\n\n\n\n<p><strong>\u25aa km 049+850 &#8211; Rotat\u00f3ria Alongada &#8211; Novo &#8211; Redistribui\u00e7\u00e3o<\/strong><\/p>\n\n\n\n<p><strong>\u25aa km 051+790 &#8211; Rotat\u00f3ria Alongada &#8211; Novo &#8211; Redistribui\u00e7\u00e3o<\/strong><\/p>\n\n\n\n<p><strong>\u25aa km 053+610 &#8211; Rotat\u00f3ria Alongada &#8211; Novo &#8211; Redistribui\u00e7\u00e3o<\/strong><\/p>\n\n\n\n<p><strong>\u25aa km 058+450 &#8211; Rotat\u00f3ria Alongada &#8211; Melhoria &#8211; Redistribui\u00e7\u00e3o<\/strong><\/p>\n\n\n\n<p><strong>\u25aa km 062+650 &#8211; Rotat\u00f3ria Alongada &#8211; Melhoria &#8211; Redistribui\u00e7\u00e3o<\/strong><\/p>\n\n\n\n<p><strong>\u25aa km 065+000 &#8211; Retorno em U &#8211; Novo &#8211; Redistribui\u00e7\u00e3o<\/strong><\/p>\n\n\n\n<p><strong>\u25aa km 067+770 &#8211; Retorno em X &#8211; Novo \u2013 Redistribui\u00e7\u00e3o.<\/strong><\/p>\n\n\n\n<p><strong>SAIBA O QUE \u00c9<\/strong><\/p>\n\n\n\n<p><strong><em>Nota da Reda\u00e7\u00e3o: Em constru\u00e7\u00e3o de rodovias, o termo &#8220;redistribui\u00e7\u00e3o&#8221; refere-se geralmente ao processo de movimenta\u00e7\u00e3o e realoca\u00e7\u00e3o de materiais (como solo, cascalho, brita ou outros agregados) dentro do canteiro de obras para garantir a correta forma\u00e7\u00e3o das camadas que comp\u00f5em a estrutura da estrada, como o subleito, a base e o revestimento.<\/em><\/strong><\/p>\n","protected":false},"excerpt":{"rendered":"<p>Iniciada h\u00e1 sete anos, interrompida h\u00e1 tr\u00eas, a retomada das obras de duplica\u00e7\u00e3o da rodovia Bunjiro Nakao est\u00e1, acredite, nos<\/p>\n","protected":false},"author":1,"featured_media":34534,"comment_status":"open","ping_status":"open","sticky":false,"template":"","format":"standard","meta":[],"categories":[3],"tags":[],"yoast_head":"<!-- This site is optimized with the Yoast SEO plugin v15.8 - https:\/\/yoast.com\/wordpress\/plugins\/seo\/ -->\n<title>ACREDITE: A DUPLICA\u00c7\u00c3O DA BUNJIRO VEM A\u00cd, DEPOIS DE V\u00c1RIOS ADIAMENTOS - Revista Vitrine Online<\/title>\n<meta name=\"robots\" content=\"index, follow, max-snippet:-1, max-image-preview:large, max-video-preview:-1\" \/>\n<link rel=\"canonical\" href=\"https:\/\/revistavitrineibiuna.com.br\/?p=34533\" \/>\n<meta property=\"og:locale\" content=\"pt_BR\" \/>\n<meta property=\"og:type\" content=\"article\" \/>\n<meta property=\"og:title\" content=\"ACREDITE: A DUPLICA\u00c7\u00c3O DA BUNJIRO VEM A\u00cd, DEPOIS DE V\u00c1RIOS ADIAMENTOS - Revista Vitrine Online\" \/>\n<meta property=\"og:description\" content=\"Iniciada h\u00e1 sete anos, interrompida h\u00e1 tr\u00eas, a retomada das obras de duplica\u00e7\u00e3o da rodovia Bunjiro Nakao est\u00e1, acredite, nos\" \/>\n<meta property=\"og:url\" content=\"https:\/\/revistavitrineibiuna.com.br\/?p=34533\" \/>\n<meta property=\"og:site_name\" content=\"Revista Vitrine Online\" \/>\n<meta property=\"article:published_time\" content=\"2025-11-19T22:42:30+00:00\" \/>\n<meta property=\"article:modified_time\" content=\"2025-11-19T22:57:31+00:00\" \/>\n<meta property=\"og:image\" content=\"https:\/\/revistavitrineibiuna.com.br\/wp-content\/uploads\/2025\/11\/trecho-das-obras-da-bunjiro.png\" \/>\n\t<meta property=\"og:image:width\" content=\"600\" \/>\n\t<meta property=\"og:image:height\" content=\"236\" \/>\n<meta name=\"twitter:card\" content=\"summary\" \/>\n<meta name=\"twitter:label1\" content=\"Est. reading time\">\n\t<meta name=\"twitter:data1\" content=\"3 minutos\">\n<script type=\"application\/ld+json\" class=\"yoast-schema-graph\">{\"@context\":\"https:\/\/schema.org\",\"@graph\":[{\"@type\":\"WebSite\",\"@id\":\"https:\/\/revistavitrineibiuna.com.br\/#website\",\"url\":\"https:\/\/revistavitrineibiuna.com.br\/\",\"name\":\"Revista Vitrine Ibi\\u00fana\",\"description\":\"A Revista de Ibi\\u00fana e Regi\\u00e3o\",\"publisher\":{\"@id\":\"https:\/\/revistavitrineibiuna.com.br\/#\/schema\/person\/e51ef49d6d88170ea21ceabff3f73deb\"},\"potentialAction\":[{\"@type\":\"SearchAction\",\"target\":\"https:\/\/revistavitrineibiuna.com.br\/?s={search_term_string}\",\"query-input\":\"required name=search_term_string\"}],\"inLanguage\":\"pt-BR\"},{\"@type\":\"ImageObject\",\"@id\":\"https:\/\/revistavitrineibiuna.com.br\/?p=34533#primaryimage\",\"inLanguage\":\"pt-BR\",\"url\":\"https:\/\/revistavitrineibiuna.com.br\/wp-content\/uploads\/2025\/11\/trecho-das-obras-da-bunjiro.png\",\"width\":600,\"height\":236},{\"@type\":\"WebPage\",\"@id\":\"https:\/\/revistavitrineibiuna.com.br\/?p=34533#webpage\",\"url\":\"https:\/\/revistavitrineibiuna.com.br\/?p=34533\",\"name\":\"ACREDITE: A DUPLICA\\u00c7\\u00c3O DA BUNJIRO VEM A\\u00cd, DEPOIS DE V\\u00c1RIOS ADIAMENTOS - Revista Vitrine Online\",\"isPartOf\":{\"@id\":\"https:\/\/revistavitrineibiuna.com.br\/#website\"},\"primaryImageOfPage\":{\"@id\":\"https:\/\/revistavitrineibiuna.com.br\/?p=34533#primaryimage\"},\"datePublished\":\"2025-11-19T22:42:30+00:00\",\"dateModified\":\"2025-11-19T22:57:31+00:00\",\"breadcrumb\":{\"@id\":\"https:\/\/revistavitrineibiuna.com.br\/?p=34533#breadcrumb\"},\"inLanguage\":\"pt-BR\",\"potentialAction\":[{\"@type\":\"ReadAction\",\"target\":[\"https:\/\/revistavitrineibiuna.com.br\/?p=34533\"]}]},{\"@type\":\"BreadcrumbList\",\"@id\":\"https:\/\/revistavitrineibiuna.com.br\/?p=34533#breadcrumb\",\"itemListElement\":[{\"@type\":\"ListItem\",\"position\":1,\"item\":{\"@type\":\"WebPage\",\"@id\":\"https:\/\/revistavitrineibiuna.com.br\/\",\"url\":\"https:\/\/revistavitrineibiuna.com.br\/\",\"name\":\"In\\u00edcio\"}},{\"@type\":\"ListItem\",\"position\":2,\"item\":{\"@type\":\"WebPage\",\"@id\":\"https:\/\/revistavitrineibiuna.com.br\/?p=34533\",\"url\":\"https:\/\/revistavitrineibiuna.com.br\/?p=34533\",\"name\":\"ACREDITE: A DUPLICA\\u00c7\\u00c3O DA BUNJIRO VEM A\\u00cd, DEPOIS DE V\\u00c1RIOS ADIAMENTOS\"}}]},{\"@type\":\"Article\",\"@id\":\"https:\/\/revistavitrineibiuna.com.br\/?p=34533#article\",\"isPartOf\":{\"@id\":\"https:\/\/revistavitrineibiuna.com.br\/?p=34533#webpage\"},\"author\":{\"@id\":\"https:\/\/revistavitrineibiuna.com.br\/#\/schema\/person\/e51ef49d6d88170ea21ceabff3f73deb\"},\"headline\":\"ACREDITE: A DUPLICA\\u00c7\\u00c3O DA BUNJIRO VEM A\\u00cd, DEPOIS DE V\\u00c1RIOS ADIAMENTOS\",\"datePublished\":\"2025-11-19T22:42:30+00:00\",\"dateModified\":\"2025-11-19T22:57:31+00:00\",\"mainEntityOfPage\":{\"@id\":\"https:\/\/revistavitrineibiuna.com.br\/?p=34533#webpage\"},\"commentCount\":0,\"publisher\":{\"@id\":\"https:\/\/revistavitrineibiuna.com.br\/#\/schema\/person\/e51ef49d6d88170ea21ceabff3f73deb\"},\"image\":{\"@id\":\"https:\/\/revistavitrineibiuna.com.br\/?p=34533#primaryimage\"},\"articleSection\":\"Not\\u00edcias\",\"inLanguage\":\"pt-BR\",\"potentialAction\":[{\"@type\":\"CommentAction\",\"name\":\"Comment\",\"target\":[\"https:\/\/revistavitrineibiuna.com.br\/?p=34533#respond\"]}]},{\"@type\":[\"Person\",\"Organization\"],\"@id\":\"https:\/\/revistavitrineibiuna.com.br\/#\/schema\/person\/e51ef49d6d88170ea21ceabff3f73deb\",\"name\":\"Carlos Rossini\",\"image\":{\"@type\":\"ImageObject\",\"@id\":\"https:\/\/revistavitrineibiuna.com.br\/#personlogo\",\"inLanguage\":\"pt-BR\",\"url\":\"https:\/\/secure.gravatar.com\/avatar\/4f2d0f99fac1f85c7d643f21f5c8d900?s=96&d=mm&r=g\",\"caption\":\"Carlos Rossini\"},\"logo\":{\"@id\":\"https:\/\/revistavitrineibiuna.com.br\/#personlogo\"},\"description\":\"Carlos Rossini \\u00e9 jornalista, soci\\u00f3logo, escritor e professor universit\\u00e1rio, tendo sido professor de jornalismo por vinte anos. Trabalhou em ve\\u00edculos de comunica\\u00e7\\u00e3o nas fun\\u00e7\\u00f5es de rep\\u00f3rter, redator, editor, articulista e colaborador, como Folha de S. Paulo, O Estado de S. Paulo, Di\\u00e1rio Popular, entre outros. Ao transferir a revista vitrine, vers\\u00e3o imprensa, de S\\u00e3o Paulo para Ibi\\u00fana h\\u00e1 alguns anos, iniciou uma nova experi\\u00eancia profissional, dedicando-se ao jornalismo regional, depois de cumprir uma trajet\\u00f3ria bem-sucedida na grande imprensa brasileira. Seu primeiro livro A Coragem de Comunicar foi lan\\u00e7ado na Bienal do Livro em S\\u00e3o Paulo no ano 2000, pela editora Madras.\"}]}<\/script>\n<!-- \/ Yoast SEO plugin. -->","_links":{"self":[{"href":"https:\/\/revistavitrineibiuna.com.br\/index.php?rest_route=\/wp\/v2\/posts\/34533"}],"collection":[{"href":"https:\/\/revistavitrineibiuna.com.br\/index.php?rest_route=\/wp\/v2\/posts"}],"about":[{"href":"https:\/\/revistavitrineibiuna.com.br\/index.php?rest_route=\/wp\/v2\/types\/post"}],"author":[{"embeddable":true,"href":"https:\/\/revistavitrineibiuna.com.br\/index.php?rest_route=\/wp\/v2\/users\/1"}],"replies":[{"embeddable":true,"href":"https:\/\/revistavitrineibiuna.com.br\/index.php?rest_route=%2Fwp%2Fv2%2Fcomments&post=34533"}],"version-history":[{"count":4,"href":"https:\/\/revistavitrineibiuna.com.br\/index.php?rest_route=\/wp\/v2\/posts\/34533\/revisions"}],"predecessor-version":[{"id":34538,"href":"https:\/\/revistavitrineibiuna.com.br\/index.php?rest_route=\/wp\/v2\/posts\/34533\/revisions\/34538"}],"wp:featuredmedia":[{"embeddable":true,"href":"https:\/\/revistavitrineibiuna.com.br\/index.php?rest_route=\/wp\/v2\/media\/34534"}],"wp:attachment":[{"href":"https:\/\/revistavitrineibiuna.com.br\/index.php?rest_route=%2Fwp%2Fv2%2Fmedia&parent=34533"}],"wp:term":[{"taxonomy":"category","embeddable":true,"href":"https:\/\/revistavitrineibiuna.com.br\/index.php?rest_route=%2Fwp%2Fv2%2Fcategories&post=34533"},{"taxonomy":"post_tag","embeddable":true,"href":"https:\/\/revistavitrineibiuna.com.br\/index.php?rest_route=%2Fwp%2Fv2%2Ftags&post=34533"}],"curies":[{"name":"wp","href":"https:\/\/api.w.org\/{rel}","templated":true}]}}