{"id":34559,"date":"2025-11-26T12:29:23","date_gmt":"2025-11-26T15:29:23","guid":{"rendered":"http:\/\/revistavitrineibiuna.com.br\/?p=34559"},"modified":"2025-11-26T12:41:29","modified_gmt":"2025-11-26T15:41:29","slug":"ibiuna-mpsp-anuncia-condenacoes-por-fraude-em-licitacao-de-merenda-escolar","status":"publish","type":"post","link":"https:\/\/revistavitrineibiuna.com.br\/?p=34559","title":{"rendered":"IBI\u00daNA \u2013 MPSP ANUNCIA CONDENA\u00c7\u00d5ES POR FRAUDE EM LICITA\u00c7\u00c3O DE MERENDA ESCOLAR"},"content":{"rendered":"\n<p class=\"has-drop-cap\"><strong>Em comunicado divulgado ontem (25), o Minist\u00e9rio P\u00fablicos do Estado de S\u00e3o Paulo \u2013 MPSP informa terem sido condenados por fraude em licita\u00e7\u00e3o de merenda escolar no munic\u00edpio de Ibi\u00fana o ex-prefeito F\u00e1bio Bello de Oliveira, Fabio Jos\u00e9 Rolim Soares, Eloizo Gomes Dur\u00e3es e a SPBrasil Alimenta\u00e7\u00e3o e Servi\u00e7os.<\/strong><\/p>\n\n\n\n<p><strong>\u201cOs r\u00e9us dever\u00e3o ressarcir o dano causado ao er\u00e1rio e pagar multa civil\u201d, diz a decis\u00e3o judicial.<\/strong><\/p>\n\n\n\n<p><strong>NOTA OFICIAL<\/strong><\/p>\n\n\n\n<p><strong>Eis a nota oficial do MPSP distribu\u00edda \u00e0 imprensa:<\/strong><\/p>\n\n\n\n<p><strong>\u201cUm ex-prefeito de Ibi\u00fana est\u00e1 entre os condenados por improbidade administrativa em a\u00e7\u00e3o proposta pelo Minist\u00e9rio P\u00fablico. Os demais envolvidos no caso de fraude a licita\u00e7\u00e3o de merenda escolar s\u00e3o um ex-diretor de Licita\u00e7\u00f5es e Contratos Administrativos da prefeitura, o s\u00f3cio administrador de uma empresa e a pr\u00f3pria pessoa jur\u00eddica. Todos os r\u00e9us dever\u00e3o ressarcir o dano causado ao er\u00e1rio e pagar multa civil, ficando ainda com os direitos pol\u00edticos suspensos e proibidos de contratar com o Poder P\u00fablico.\u201d<\/strong><\/p>\n\n\n\n<p><strong>\u201cDe acordo com demonstrado pelo MPSP, em 2015 a Prefeitura de Ibi\u00fana contratou, mediante procedimento fraudulento de dispensa de licita\u00e7\u00e3o, uma empresa para fornecimento de merenda escolar. No entanto, embora o contrato tivesse como objeto a elabora\u00e7\u00e3o, o preparo e o fornecimento da alimenta\u00e7\u00e3o para os estudantes, na pr\u00e1tica, a contratada apenas elaborava os card\u00e1pios e fornecias os insumos, enquanto o preparo das refei\u00e7\u00f5es continuou a ser executado pelas merendeiras contratadas pela prefeitura. Com isso, o sobrepre\u00e7o total estimado pelo Centro de Apoio \u00e0 Execu\u00e7\u00e3o (CAEx) foi de R$ 588.648,12.\u201d<\/strong><\/p>\n\n\n\n<p><strong>\u201cAtuaram no processo os promotores de Justi\u00e7a Thiago Henriques Bernini Ramos e Jefferson Leandro de Almeida.\u201d<\/strong><\/p>\n","protected":false},"excerpt":{"rendered":"<p>Em comunicado divulgado ontem (25), o Minist\u00e9rio P\u00fablicos do Estado de S\u00e3o Paulo \u2013 MPSP informa terem sido condenados por<\/p>\n","protected":false},"author":1,"featured_media":34560,"comment_status":"open","ping_status":"open","sticky":false,"template":"","format":"standard","meta":[],"categories":[3],"tags":[],"yoast_head":"<!-- This site is optimized with the Yoast SEO plugin v15.8 - https:\/\/yoast.com\/wordpress\/plugins\/seo\/ -->\n<title>IBI\u00daNA \u2013 MPSP ANUNCIA CONDENA\u00c7\u00d5ES POR FRAUDE EM LICITA\u00c7\u00c3O DE MERENDA ESCOLAR - Revista Vitrine Online<\/title>\n<meta name=\"robots\" content=\"index, follow, max-snippet:-1, max-image-preview:large, max-video-preview:-1\" \/>\n<link rel=\"canonical\" href=\"http:\/\/revistavitrineibiuna.com.br\/?p=34559\" \/>\n<meta property=\"og:locale\" content=\"pt_BR\" \/>\n<meta property=\"og:type\" content=\"article\" \/>\n<meta property=\"og:title\" content=\"IBI\u00daNA \u2013 MPSP ANUNCIA CONDENA\u00c7\u00d5ES POR FRAUDE EM LICITA\u00c7\u00c3O DE MERENDA ESCOLAR - Revista Vitrine Online\" \/>\n<meta property=\"og:description\" content=\"Em comunicado divulgado ontem (25), o Minist\u00e9rio P\u00fablicos do Estado de S\u00e3o Paulo \u2013 MPSP informa terem sido condenados por\" \/>\n<meta property=\"og:url\" content=\"http:\/\/revistavitrineibiuna.com.br\/?p=34559\" \/>\n<meta property=\"og:site_name\" content=\"Revista Vitrine Online\" \/>\n<meta property=\"article:published_time\" content=\"2025-11-26T15:29:23+00:00\" \/>\n<meta property=\"article:modified_time\" content=\"2025-11-26T15:41:29+00:00\" \/>\n<meta property=\"og:image\" content=\"https:\/\/revistavitrineibiuna.com.br\/wp-content\/uploads\/2025\/11\/foto-fabio-bello.png\" \/>\n\t<meta property=\"og:image:width\" content=\"638\" \/>\n\t<meta property=\"og:image:height\" content=\"374\" \/>\n<meta name=\"twitter:card\" content=\"summary\" \/>\n<meta name=\"twitter:label1\" content=\"Est. reading time\">\n\t<meta name=\"twitter:data1\" content=\"2 minutos\">\n<script type=\"application\/ld+json\" class=\"yoast-schema-graph\">{\"@context\":\"https:\/\/schema.org\",\"@graph\":[{\"@type\":\"WebSite\",\"@id\":\"https:\/\/revistavitrineibiuna.com.br\/#website\",\"url\":\"https:\/\/revistavitrineibiuna.com.br\/\",\"name\":\"Revista Vitrine Ibi\\u00fana\",\"description\":\"A Revista de Ibi\\u00fana e Regi\\u00e3o\",\"publisher\":{\"@id\":\"https:\/\/revistavitrineibiuna.com.br\/#\/schema\/person\/e51ef49d6d88170ea21ceabff3f73deb\"},\"potentialAction\":[{\"@type\":\"SearchAction\",\"target\":\"https:\/\/revistavitrineibiuna.com.br\/?s={search_term_string}\",\"query-input\":\"required name=search_term_string\"}],\"inLanguage\":\"pt-BR\"},{\"@type\":\"ImageObject\",\"@id\":\"http:\/\/revistavitrineibiuna.com.br\/?p=34559#primaryimage\",\"inLanguage\":\"pt-BR\",\"url\":\"https:\/\/revistavitrineibiuna.com.br\/wp-content\/uploads\/2025\/11\/foto-fabio-bello.png\",\"width\":638,\"height\":374},{\"@type\":\"WebPage\",\"@id\":\"http:\/\/revistavitrineibiuna.com.br\/?p=34559#webpage\",\"url\":\"http:\/\/revistavitrineibiuna.com.br\/?p=34559\",\"name\":\"IBI\\u00daNA \\u2013 MPSP ANUNCIA CONDENA\\u00c7\\u00d5ES POR FRAUDE EM LICITA\\u00c7\\u00c3O DE MERENDA ESCOLAR - Revista Vitrine Online\",\"isPartOf\":{\"@id\":\"https:\/\/revistavitrineibiuna.com.br\/#website\"},\"primaryImageOfPage\":{\"@id\":\"http:\/\/revistavitrineibiuna.com.br\/?p=34559#primaryimage\"},\"datePublished\":\"2025-11-26T15:29:23+00:00\",\"dateModified\":\"2025-11-26T15:41:29+00:00\",\"breadcrumb\":{\"@id\":\"http:\/\/revistavitrineibiuna.com.br\/?p=34559#breadcrumb\"},\"inLanguage\":\"pt-BR\",\"potentialAction\":[{\"@type\":\"ReadAction\",\"target\":[\"http:\/\/revistavitrineibiuna.com.br\/?p=34559\"]}]},{\"@type\":\"BreadcrumbList\",\"@id\":\"http:\/\/revistavitrineibiuna.com.br\/?p=34559#breadcrumb\",\"itemListElement\":[{\"@type\":\"ListItem\",\"position\":1,\"item\":{\"@type\":\"WebPage\",\"@id\":\"https:\/\/revistavitrineibiuna.com.br\/\",\"url\":\"https:\/\/revistavitrineibiuna.com.br\/\",\"name\":\"In\\u00edcio\"}},{\"@type\":\"ListItem\",\"position\":2,\"item\":{\"@type\":\"WebPage\",\"@id\":\"http:\/\/revistavitrineibiuna.com.br\/?p=34559\",\"url\":\"http:\/\/revistavitrineibiuna.com.br\/?p=34559\",\"name\":\"IBI\\u00daNA \\u2013 MPSP ANUNCIA CONDENA\\u00c7\\u00d5ES POR FRAUDE EM LICITA\\u00c7\\u00c3O DE MERENDA ESCOLAR\"}}]},{\"@type\":\"Article\",\"@id\":\"http:\/\/revistavitrineibiuna.com.br\/?p=34559#article\",\"isPartOf\":{\"@id\":\"http:\/\/revistavitrineibiuna.com.br\/?p=34559#webpage\"},\"author\":{\"@id\":\"https:\/\/revistavitrineibiuna.com.br\/#\/schema\/person\/e51ef49d6d88170ea21ceabff3f73deb\"},\"headline\":\"IBI\\u00daNA \\u2013 MPSP ANUNCIA CONDENA\\u00c7\\u00d5ES POR FRAUDE EM LICITA\\u00c7\\u00c3O DE MERENDA ESCOLAR\",\"datePublished\":\"2025-11-26T15:29:23+00:00\",\"dateModified\":\"2025-11-26T15:41:29+00:00\",\"mainEntityOfPage\":{\"@id\":\"http:\/\/revistavitrineibiuna.com.br\/?p=34559#webpage\"},\"commentCount\":0,\"publisher\":{\"@id\":\"https:\/\/revistavitrineibiuna.com.br\/#\/schema\/person\/e51ef49d6d88170ea21ceabff3f73deb\"},\"image\":{\"@id\":\"http:\/\/revistavitrineibiuna.com.br\/?p=34559#primaryimage\"},\"articleSection\":\"Not\\u00edcias\",\"inLanguage\":\"pt-BR\",\"potentialAction\":[{\"@type\":\"CommentAction\",\"name\":\"Comment\",\"target\":[\"http:\/\/revistavitrineibiuna.com.br\/?p=34559#respond\"]}]},{\"@type\":[\"Person\",\"Organization\"],\"@id\":\"https:\/\/revistavitrineibiuna.com.br\/#\/schema\/person\/e51ef49d6d88170ea21ceabff3f73deb\",\"name\":\"Carlos Rossini\",\"image\":{\"@type\":\"ImageObject\",\"@id\":\"https:\/\/revistavitrineibiuna.com.br\/#personlogo\",\"inLanguage\":\"pt-BR\",\"url\":\"https:\/\/secure.gravatar.com\/avatar\/4f2d0f99fac1f85c7d643f21f5c8d900?s=96&d=mm&r=g\",\"caption\":\"Carlos Rossini\"},\"logo\":{\"@id\":\"https:\/\/revistavitrineibiuna.com.br\/#personlogo\"},\"description\":\"Carlos Rossini \\u00e9 jornalista, soci\\u00f3logo, escritor e professor universit\\u00e1rio, tendo sido professor de jornalismo por vinte anos. Trabalhou em ve\\u00edculos de comunica\\u00e7\\u00e3o nas fun\\u00e7\\u00f5es de rep\\u00f3rter, redator, editor, articulista e colaborador, como Folha de S. Paulo, O Estado de S. Paulo, Di\\u00e1rio Popular, entre outros. Ao transferir a revista vitrine, vers\\u00e3o imprensa, de S\\u00e3o Paulo para Ibi\\u00fana h\\u00e1 alguns anos, iniciou uma nova experi\\u00eancia profissional, dedicando-se ao jornalismo regional, depois de cumprir uma trajet\\u00f3ria bem-sucedida na grande imprensa brasileira. Seu primeiro livro A Coragem de Comunicar foi lan\\u00e7ado na Bienal do Livro em S\\u00e3o Paulo no ano 2000, pela editora Madras.\"}]}<\/script>\n<!-- \/ Yoast SEO plugin. -->","_links":{"self":[{"href":"https:\/\/revistavitrineibiuna.com.br\/index.php?rest_route=\/wp\/v2\/posts\/34559"}],"collection":[{"href":"https:\/\/revistavitrineibiuna.com.br\/index.php?rest_route=\/wp\/v2\/posts"}],"about":[{"href":"https:\/\/revistavitrineibiuna.com.br\/index.php?rest_route=\/wp\/v2\/types\/post"}],"author":[{"embeddable":true,"href":"https:\/\/revistavitrineibiuna.com.br\/index.php?rest_route=\/wp\/v2\/users\/1"}],"replies":[{"embeddable":true,"href":"https:\/\/revistavitrineibiuna.com.br\/index.php?rest_route=%2Fwp%2Fv2%2Fcomments&post=34559"}],"version-history":[{"count":2,"href":"https:\/\/revistavitrineibiuna.com.br\/index.php?rest_route=\/wp\/v2\/posts\/34559\/revisions"}],"predecessor-version":[{"id":34562,"href":"https:\/\/revistavitrineibiuna.com.br\/index.php?rest_route=\/wp\/v2\/posts\/34559\/revisions\/34562"}],"wp:featuredmedia":[{"embeddable":true,"href":"https:\/\/revistavitrineibiuna.com.br\/index.php?rest_route=\/wp\/v2\/media\/34560"}],"wp:attachment":[{"href":"https:\/\/revistavitrineibiuna.com.br\/index.php?rest_route=%2Fwp%2Fv2%2Fmedia&parent=34559"}],"wp:term":[{"taxonomy":"category","embeddable":true,"href":"https:\/\/revistavitrineibiuna.com.br\/index.php?rest_route=%2Fwp%2Fv2%2Fcategories&post=34559"},{"taxonomy":"post_tag","embeddable":true,"href":"https:\/\/revistavitrineibiuna.com.br\/index.php?rest_route=%2Fwp%2Fv2%2Ftags&post=34559"}],"curies":[{"name":"wp","href":"https:\/\/api.w.org\/{rel}","templated":true}]}}