{"id":34563,"date":"2025-11-27T00:13:52","date_gmt":"2025-11-27T03:13:52","guid":{"rendered":"http:\/\/revistavitrineibiuna.com.br\/?p=34563"},"modified":"2025-11-27T00:52:58","modified_gmt":"2025-11-27T03:52:58","slug":"ibiuna-audiencia-do-projeto-contra-perturbacao-do-sossego-revela-gravidade-do-problema","status":"publish","type":"post","link":"https:\/\/revistavitrineibiuna.com.br\/?p=34563","title":{"rendered":"IBI\u00daNA \u2013 AUDI\u00caNCIA DO PROJETO CONTRA PERTURBA\u00c7\u00c3O DO SOSSEGO REVELA GRAVIDADE DO PROBLEMA"},"content":{"rendered":"\n<p class=\"has-drop-cap\"><strong>A audi\u00eancia p\u00fablica em torno de um novo projeto de lei contra a perturba\u00e7\u00e3o do sossego no munic\u00edpio de Ibi\u00fana, proposto pelo vereador Lucas Pires (Podemos), contou com a participa\u00e7\u00e3o ao menos de 100 pessoas.<\/strong><\/p>\n\n\n\n<p><strong>Iniciado ontem (26) \u00e0s 17h na C\u00e2mara Municipal se estendeu por quatro horas e revelou a gravidade desse problema em todo o munic\u00edpio de Ibi\u00fana, que ocorre h\u00e1 d\u00e9cadas ferindo os t\u00edmpanos da vizinhan\u00e7a e causando grande desconforto a todos aqueles que esperam poder descansar em paz em suas casas, o que, na verdade, \u00e9 um direito b\u00e1sico.<\/strong><\/p>\n\n\n\n<p><strong>SITUA\u00c7\u00c3O DRAM\u00c1TICA<\/strong><\/p>\n\n\n\n<p><strong>V\u00edtimas fizeram depoimentos dram\u00e1ticos envolvendo amea\u00e7as, intimida\u00e7\u00f5es e comportamentos agressivos por parte dos autores da perturba\u00e7\u00e3o sonora, de dist\u00farbios emocionais decorrentes da altura dos decib\u00e9is, al\u00e9m de se sentirem desamparados no que diz respeito \u00e0 seguran\u00e7a p\u00fablica.<\/strong><\/p>\n\n\n\n<p><strong>A queixa de que frequentemente as pol\u00edcias civil e militar n\u00e3o atendem aos chamados de ocorr\u00eancias ou n\u00e3o provocam efeito concreto quando atendem foi contrabalan\u00e7ada pelas informa\u00e7\u00f5es de que os contingentes dispon\u00edveis de equipes e viaturas s\u00e3o insuficientes para atender a alta demanda de chamados, n\u00e3o apenas no cap\u00edtulo da perturba\u00e7\u00e3o de sossego, mas tamb\u00e9m de outras ocorr\u00eancias mais graves e urgentes.<\/strong><\/p>\n\n\n\n<figure class=\"wp-block-image size-large\"><img loading=\"lazy\" width=\"1024\" height=\"715\" src=\"https:\/\/revistavitrineibiuna.com.br\/wp-content\/uploads\/2025\/11\/audiencia-perturbacao-Lucas-1024x715.png\" alt=\"\" class=\"wp-image-34566\" srcset=\"https:\/\/revistavitrineibiuna.com.br\/wp-content\/uploads\/2025\/11\/audiencia-perturbacao-Lucas-1024x715.png 1024w, https:\/\/revistavitrineibiuna.com.br\/wp-content\/uploads\/2025\/11\/audiencia-perturbacao-Lucas-300x209.png 300w, https:\/\/revistavitrineibiuna.com.br\/wp-content\/uploads\/2025\/11\/audiencia-perturbacao-Lucas-768x536.png 768w, https:\/\/revistavitrineibiuna.com.br\/wp-content\/uploads\/2025\/11\/audiencia-perturbacao-Lucas-1536x1072.png 1536w, https:\/\/revistavitrineibiuna.com.br\/wp-content\/uploads\/2025\/11\/audiencia-perturbacao-Lucas-130x90.png 130w, https:\/\/revistavitrineibiuna.com.br\/wp-content\/uploads\/2025\/11\/audiencia-perturbacao-Lucas.png 1600w\" sizes=\"(max-width: 1024px) 100vw, 1024px\" \/><figcaption>Lucas Pires recebeu v\u00e1rios elogios por sua iniciativa e pela forma democr\u00e1tica como conduziu a audi\u00eancia<\/figcaption><\/figure>\n\n\n\n<p><strong>A grande extens\u00e3o territorial do munic\u00edpio tamb\u00e9m foi alvo de men\u00e7\u00e3o como fator restritivo. H\u00e1 dist\u00e2ncias que chegam a dezenas de quil\u00f4metros entre um evento e outro, o que dificulta os atendimentos que ocorrem \u00e0s dezenas, sobretudo nos fins de semana, em muitas ch\u00e1caras de aluguel.<\/strong><\/p>\n\n\n\n<p><strong>AUDI\u00caNCIA HIST\u00d3RICA<\/strong><\/p>\n\n\n\n<p><strong>Participaram da audi\u00eancia o vice-prefeito atual, ex-prefeitos, vereadores, membros de conselhos municipais, propriet\u00e1rios de pousadas, representantes de deputados, vereadores de outros munic\u00edpios vizinhos, autoridades da Guarda Civil Municipal, da Pol\u00edcia Militar, do Conselho Comunit\u00e1rio de Seguran\u00e7a (Conseg).<\/strong><\/p>\n\n\n\n<p><strong>Em rela\u00e7\u00e3o a esse grave e cr\u00f4nico problema que afeta a vida de in\u00fameras fam\u00edlias no munic\u00edpio de Ibi\u00fana, a audi\u00eancia foi um marco hist\u00f3rico pela forma democr\u00e1tica, atenciosa e eficiente por parte do autor do projeto e presidente da audi\u00eancia Lucas Pires, o mais jovem vereador da Casa em seu primeiro mandato.<\/strong><\/p>\n\n\n\n<figure class=\"wp-block-image size-large\"><img loading=\"lazy\" width=\"1024\" height=\"644\" src=\"https:\/\/revistavitrineibiuna.com.br\/wp-content\/uploads\/2025\/11\/audiencia-hino-nacional-1024x644.png\" alt=\"\" class=\"wp-image-34569\" srcset=\"https:\/\/revistavitrineibiuna.com.br\/wp-content\/uploads\/2025\/11\/audiencia-hino-nacional-1024x644.png 1024w, https:\/\/revistavitrineibiuna.com.br\/wp-content\/uploads\/2025\/11\/audiencia-hino-nacional-300x189.png 300w, https:\/\/revistavitrineibiuna.com.br\/wp-content\/uploads\/2025\/11\/audiencia-hino-nacional-768x483.png 768w, https:\/\/revistavitrineibiuna.com.br\/wp-content\/uploads\/2025\/11\/audiencia-hino-nacional-1536x966.png 1536w, https:\/\/revistavitrineibiuna.com.br\/wp-content\/uploads\/2025\/11\/audiencia-hino-nacional.png 1598w\" sizes=\"(max-width: 1024px) 100vw, 1024px\" \/><figcaption>O Hino Nacional marcou presen\u00e7a <\/figcaption><\/figure>\n\n\n\n<p><strong>O protocolo da audi\u00eancia se cumpriu com depoimentos e testemunhos de autoridades no tel\u00e3o do plen\u00e1rio, leitura do teor da minuta do novo projeto de lei, manifesta\u00e7\u00f5es das autoridades que participaram da mesa e, por fim, dos cidad\u00e3os e cidad\u00e3s que se inscreveram para se manifestar contribuindo para aprimorar o texto inicial.<\/strong><\/p>\n\n\n\n<p><strong>Todas as sugest\u00f5es foram anotadas pelo presidente da audi\u00eancia no pr\u00f3prio corpo do documento para serem acrescentadas em nova minuta que dever\u00e1 ser finalizada, levada \u00e0 aprecia\u00e7\u00e3o da Casa para, posteriormente, ser votada e encaminhada para o Executivo sancionar.<\/strong><\/p>\n\n\n\n<p><strong>RESULTADOS POSITIVOS<\/strong><\/p>\n\n\n\n<p><strong>A audi\u00eancia, especialmente com os depoimentos apresentados, produziu um substantivo diagn\u00f3stico do problema em si, contribuindo para a constru\u00e7\u00e3o de um projeto de lei atualizado, por exemplo, no processo de autua\u00e7\u00e3o das ocorr\u00eancias e a imposi\u00e7\u00e3o de multas de valores mais elevados, que pesem no bolso dos perturbadores do sossego, e sejam efetivamente pagas.<\/strong><\/p>\n\n\n\n<figure class=\"wp-block-image size-large\"><img loading=\"lazy\" width=\"1024\" height=\"710\" src=\"https:\/\/revistavitrineibiuna.com.br\/wp-content\/uploads\/2025\/11\/audiencia-perturbacao-1-1024x710.png\" alt=\"\" class=\"wp-image-34572\" srcset=\"https:\/\/revistavitrineibiuna.com.br\/wp-content\/uploads\/2025\/11\/audiencia-perturbacao-1-1024x710.png 1024w, https:\/\/revistavitrineibiuna.com.br\/wp-content\/uploads\/2025\/11\/audiencia-perturbacao-1-300x208.png 300w, https:\/\/revistavitrineibiuna.com.br\/wp-content\/uploads\/2025\/11\/audiencia-perturbacao-1-768x533.png 768w, https:\/\/revistavitrineibiuna.com.br\/wp-content\/uploads\/2025\/11\/audiencia-perturbacao-1-1536x1066.png 1536w, https:\/\/revistavitrineibiuna.com.br\/wp-content\/uploads\/2025\/11\/audiencia-perturbacao-1-392x272.png 392w, https:\/\/revistavitrineibiuna.com.br\/wp-content\/uploads\/2025\/11\/audiencia-perturbacao-1-130x90.png 130w, https:\/\/revistavitrineibiuna.com.br\/wp-content\/uploads\/2025\/11\/audiencia-perturbacao-1.png 1600w\" sizes=\"(max-width: 1024px) 100vw, 1024px\" \/><figcaption>Pelo menos 100 pessoas participaram da audi\u00eancia que durou quatro horas <\/figcaption><\/figure>\n\n\n\n<p><strong>Atualmente, e esse aspecto foi apontado na audi\u00eancia, h\u00e1 recursos jur\u00eddicos que acabam beneficiando e livrando os infratores do pagamento das multas. Um deles \u00e9 a presun\u00e7\u00e3o de inoc\u00eancia.<\/strong><\/p>\n\n\n\n<p><strong>Um fato not\u00e1vel indica que as pol\u00edcias que atuam no munic\u00edpio precisam contar com mais recursos estruturais para produzirem resultados que permitam ao menos a redu\u00e7\u00e3o consider\u00e1vel de infra\u00e7\u00f5es e imponham um novo cen\u00e1rio em que todos aqueles que n\u00e3o se importam em azucrinar os ouvidos alheios pensem duas vezes antes de cometer a infra\u00e7\u00e3o.<\/strong><\/p>\n\n\n\n<p><strong>De modo geral, a audi\u00eancia parece ter constitu\u00eddo um la\u00e7o de solidariedade social e reacendido a esperan\u00e7a de que as coisas podem mudar e serem melhores do que antes. Foi um momento em que todos falaram o mesmo idioma.(C.R.)<\/strong><\/p>\n","protected":false},"excerpt":{"rendered":"<p>A audi\u00eancia p\u00fablica em torno de um novo projeto de lei contra a perturba\u00e7\u00e3o do sossego no munic\u00edpio de Ibi\u00fana,<\/p>\n","protected":false},"author":1,"featured_media":34564,"comment_status":"open","ping_status":"open","sticky":false,"template":"","format":"standard","meta":[],"categories":[3],"tags":[],"yoast_head":"<!-- This site is optimized with the Yoast SEO plugin v15.8 - https:\/\/yoast.com\/wordpress\/plugins\/seo\/ -->\n<title>IBI\u00daNA \u2013 AUDI\u00caNCIA DO PROJETO CONTRA PERTURBA\u00c7\u00c3O DO SOSSEGO REVELA GRAVIDADE DO PROBLEMA - Revista Vitrine Online<\/title>\n<meta name=\"robots\" content=\"index, follow, max-snippet:-1, max-image-preview:large, max-video-preview:-1\" \/>\n<link rel=\"canonical\" href=\"http:\/\/revistavitrineibiuna.com.br\/?p=34563\" \/>\n<meta property=\"og:locale\" content=\"pt_BR\" \/>\n<meta property=\"og:type\" content=\"article\" \/>\n<meta property=\"og:title\" content=\"IBI\u00daNA \u2013 AUDI\u00caNCIA DO PROJETO CONTRA PERTURBA\u00c7\u00c3O DO SOSSEGO REVELA GRAVIDADE DO PROBLEMA - Revista Vitrine Online\" \/>\n<meta property=\"og:description\" content=\"A audi\u00eancia p\u00fablica em torno de um novo projeto de lei contra a perturba\u00e7\u00e3o do sossego no munic\u00edpio de Ibi\u00fana,\" \/>\n<meta property=\"og:url\" content=\"http:\/\/revistavitrineibiuna.com.br\/?p=34563\" \/>\n<meta property=\"og:site_name\" content=\"Revista Vitrine Online\" \/>\n<meta property=\"article:published_time\" content=\"2025-11-27T03:13:52+00:00\" \/>\n<meta property=\"article:modified_time\" content=\"2025-11-27T03:52:58+00:00\" \/>\n<meta property=\"og:image\" content=\"https:\/\/revistavitrineibiuna.com.br\/wp-content\/uploads\/2025\/11\/audiencia-perturbacao-capa.png\" \/>\n\t<meta property=\"og:image:width\" content=\"1196\" \/>\n\t<meta property=\"og:image:height\" content=\"713\" \/>\n<meta name=\"twitter:card\" content=\"summary\" \/>\n<meta name=\"twitter:label1\" content=\"Est. reading time\">\n\t<meta name=\"twitter:data1\" content=\"4 minutos\">\n<script type=\"application\/ld+json\" class=\"yoast-schema-graph\">{\"@context\":\"https:\/\/schema.org\",\"@graph\":[{\"@type\":\"WebSite\",\"@id\":\"https:\/\/revistavitrineibiuna.com.br\/#website\",\"url\":\"https:\/\/revistavitrineibiuna.com.br\/\",\"name\":\"Revista Vitrine Ibi\\u00fana\",\"description\":\"A Revista de Ibi\\u00fana e Regi\\u00e3o\",\"publisher\":{\"@id\":\"https:\/\/revistavitrineibiuna.com.br\/#\/schema\/person\/e51ef49d6d88170ea21ceabff3f73deb\"},\"potentialAction\":[{\"@type\":\"SearchAction\",\"target\":\"https:\/\/revistavitrineibiuna.com.br\/?s={search_term_string}\",\"query-input\":\"required name=search_term_string\"}],\"inLanguage\":\"pt-BR\"},{\"@type\":\"ImageObject\",\"@id\":\"http:\/\/revistavitrineibiuna.com.br\/?p=34563#primaryimage\",\"inLanguage\":\"pt-BR\",\"url\":\"https:\/\/revistavitrineibiuna.com.br\/wp-content\/uploads\/2025\/11\/audiencia-perturbacao-capa.png\",\"width\":1196,\"height\":713},{\"@type\":\"WebPage\",\"@id\":\"http:\/\/revistavitrineibiuna.com.br\/?p=34563#webpage\",\"url\":\"http:\/\/revistavitrineibiuna.com.br\/?p=34563\",\"name\":\"IBI\\u00daNA \\u2013 AUDI\\u00caNCIA DO PROJETO CONTRA PERTURBA\\u00c7\\u00c3O DO SOSSEGO REVELA GRAVIDADE DO PROBLEMA - Revista Vitrine Online\",\"isPartOf\":{\"@id\":\"https:\/\/revistavitrineibiuna.com.br\/#website\"},\"primaryImageOfPage\":{\"@id\":\"http:\/\/revistavitrineibiuna.com.br\/?p=34563#primaryimage\"},\"datePublished\":\"2025-11-27T03:13:52+00:00\",\"dateModified\":\"2025-11-27T03:52:58+00:00\",\"breadcrumb\":{\"@id\":\"http:\/\/revistavitrineibiuna.com.br\/?p=34563#breadcrumb\"},\"inLanguage\":\"pt-BR\",\"potentialAction\":[{\"@type\":\"ReadAction\",\"target\":[\"http:\/\/revistavitrineibiuna.com.br\/?p=34563\"]}]},{\"@type\":\"BreadcrumbList\",\"@id\":\"http:\/\/revistavitrineibiuna.com.br\/?p=34563#breadcrumb\",\"itemListElement\":[{\"@type\":\"ListItem\",\"position\":1,\"item\":{\"@type\":\"WebPage\",\"@id\":\"https:\/\/revistavitrineibiuna.com.br\/\",\"url\":\"https:\/\/revistavitrineibiuna.com.br\/\",\"name\":\"In\\u00edcio\"}},{\"@type\":\"ListItem\",\"position\":2,\"item\":{\"@type\":\"WebPage\",\"@id\":\"http:\/\/revistavitrineibiuna.com.br\/?p=34563\",\"url\":\"http:\/\/revistavitrineibiuna.com.br\/?p=34563\",\"name\":\"IBI\\u00daNA \\u2013 AUDI\\u00caNCIA DO PROJETO CONTRA PERTURBA\\u00c7\\u00c3O DO SOSSEGO REVELA GRAVIDADE DO PROBLEMA\"}}]},{\"@type\":\"Article\",\"@id\":\"http:\/\/revistavitrineibiuna.com.br\/?p=34563#article\",\"isPartOf\":{\"@id\":\"http:\/\/revistavitrineibiuna.com.br\/?p=34563#webpage\"},\"author\":{\"@id\":\"https:\/\/revistavitrineibiuna.com.br\/#\/schema\/person\/e51ef49d6d88170ea21ceabff3f73deb\"},\"headline\":\"IBI\\u00daNA \\u2013 AUDI\\u00caNCIA DO PROJETO CONTRA PERTURBA\\u00c7\\u00c3O DO SOSSEGO REVELA GRAVIDADE DO PROBLEMA\",\"datePublished\":\"2025-11-27T03:13:52+00:00\",\"dateModified\":\"2025-11-27T03:52:58+00:00\",\"mainEntityOfPage\":{\"@id\":\"http:\/\/revistavitrineibiuna.com.br\/?p=34563#webpage\"},\"commentCount\":0,\"publisher\":{\"@id\":\"https:\/\/revistavitrineibiuna.com.br\/#\/schema\/person\/e51ef49d6d88170ea21ceabff3f73deb\"},\"image\":{\"@id\":\"http:\/\/revistavitrineibiuna.com.br\/?p=34563#primaryimage\"},\"articleSection\":\"Not\\u00edcias\",\"inLanguage\":\"pt-BR\",\"potentialAction\":[{\"@type\":\"CommentAction\",\"name\":\"Comment\",\"target\":[\"http:\/\/revistavitrineibiuna.com.br\/?p=34563#respond\"]}]},{\"@type\":[\"Person\",\"Organization\"],\"@id\":\"https:\/\/revistavitrineibiuna.com.br\/#\/schema\/person\/e51ef49d6d88170ea21ceabff3f73deb\",\"name\":\"Carlos Rossini\",\"image\":{\"@type\":\"ImageObject\",\"@id\":\"https:\/\/revistavitrineibiuna.com.br\/#personlogo\",\"inLanguage\":\"pt-BR\",\"url\":\"https:\/\/secure.gravatar.com\/avatar\/4f2d0f99fac1f85c7d643f21f5c8d900?s=96&d=mm&r=g\",\"caption\":\"Carlos Rossini\"},\"logo\":{\"@id\":\"https:\/\/revistavitrineibiuna.com.br\/#personlogo\"},\"description\":\"Carlos Rossini \\u00e9 jornalista, soci\\u00f3logo, escritor e professor universit\\u00e1rio, tendo sido professor de jornalismo por vinte anos. Trabalhou em ve\\u00edculos de comunica\\u00e7\\u00e3o nas fun\\u00e7\\u00f5es de rep\\u00f3rter, redator, editor, articulista e colaborador, como Folha de S. Paulo, O Estado de S. Paulo, Di\\u00e1rio Popular, entre outros. Ao transferir a revista vitrine, vers\\u00e3o imprensa, de S\\u00e3o Paulo para Ibi\\u00fana h\\u00e1 alguns anos, iniciou uma nova experi\\u00eancia profissional, dedicando-se ao jornalismo regional, depois de cumprir uma trajet\\u00f3ria bem-sucedida na grande imprensa brasileira. Seu primeiro livro A Coragem de Comunicar foi lan\\u00e7ado na Bienal do Livro em S\\u00e3o Paulo no ano 2000, pela editora Madras.\"}]}<\/script>\n<!-- \/ Yoast SEO plugin. -->","_links":{"self":[{"href":"https:\/\/revistavitrineibiuna.com.br\/index.php?rest_route=\/wp\/v2\/posts\/34563"}],"collection":[{"href":"https:\/\/revistavitrineibiuna.com.br\/index.php?rest_route=\/wp\/v2\/posts"}],"about":[{"href":"https:\/\/revistavitrineibiuna.com.br\/index.php?rest_route=\/wp\/v2\/types\/post"}],"author":[{"embeddable":true,"href":"https:\/\/revistavitrineibiuna.com.br\/index.php?rest_route=\/wp\/v2\/users\/1"}],"replies":[{"embeddable":true,"href":"https:\/\/revistavitrineibiuna.com.br\/index.php?rest_route=%2Fwp%2Fv2%2Fcomments&post=34563"}],"version-history":[{"count":7,"href":"https:\/\/revistavitrineibiuna.com.br\/index.php?rest_route=\/wp\/v2\/posts\/34563\/revisions"}],"predecessor-version":[{"id":34577,"href":"https:\/\/revistavitrineibiuna.com.br\/index.php?rest_route=\/wp\/v2\/posts\/34563\/revisions\/34577"}],"wp:featuredmedia":[{"embeddable":true,"href":"https:\/\/revistavitrineibiuna.com.br\/index.php?rest_route=\/wp\/v2\/media\/34564"}],"wp:attachment":[{"href":"https:\/\/revistavitrineibiuna.com.br\/index.php?rest_route=%2Fwp%2Fv2%2Fmedia&parent=34563"}],"wp:term":[{"taxonomy":"category","embeddable":true,"href":"https:\/\/revistavitrineibiuna.com.br\/index.php?rest_route=%2Fwp%2Fv2%2Fcategories&post=34563"},{"taxonomy":"post_tag","embeddable":true,"href":"https:\/\/revistavitrineibiuna.com.br\/index.php?rest_route=%2Fwp%2Fv2%2Ftags&post=34563"}],"curies":[{"name":"wp","href":"https:\/\/api.w.org\/{rel}","templated":true}]}}