{"id":34579,"date":"2025-11-28T23:05:36","date_gmt":"2025-11-29T02:05:36","guid":{"rendered":"http:\/\/revistavitrineibiuna.com.br\/?p=34579"},"modified":"2025-12-04T00:04:54","modified_gmt":"2025-12-04T03:04:54","slug":"black-friday-mais-de-20-mil-pessoas-passaram-pelos-caixas-do-supermercado-ibiuna","status":"publish","type":"post","link":"https:\/\/revistavitrineibiuna.com.br\/?p=34579","title":{"rendered":"BLACK FRIDAY \u2013 MAIS DE 20 MIL PESSOAS PASSARAM PELOS CAIXAS DO SUPERMERCADO IBI\u00daNA"},"content":{"rendered":"\n<p class=\"has-drop-cap\"><strong>Mais de 20 mil pessoas passaram pelos caixas do Supermercado Ibi\u00fana nesta sexta-feira (28) para aproveitar as ofertas da black friday.<\/strong><\/p>\n\n\n\n<p><strong>Corredores de mercadorias lotados, carrinhos cheios de produtos, especialmente alimentos, e, naturalmente, muita paci\u00eancia para chegar a vez de registrar e pagar as compras.<\/strong><\/p>\n\n\n\n<p><strong>No ano em que o Supermercado Ibi\u00fana comemora neste m\u00eas de dezembro seu 70\u00ba anivers\u00e1rio, num dia de grande movimento, n\u00e3o poderiam faltar as figuras de seus fundadores, j\u00e1 falecidos, no formato de bonecos que interagiram com clientes, e despertaram a aten\u00e7\u00e3o especialmente as crian\u00e7as.<\/strong><\/p>\n\n\n\n<p><strong>De um pequeno armaz\u00e9m fundado em 1955 pelos irm\u00e3os L\u00e1zaro Rolim de Freitas (Lazinho) e Benedito Rolim de Freitas (Ditinho) com apoio de suas esposas, na Rua XV de Novembro, hoje o Supermercado Ibi\u00fana \u00e9 o maior da regi\u00e3o, localizado na Rua Jos\u00e9 Juni, no centro de Ibi\u00fana.<\/strong><\/p>\n\n\n\n<p><strong>O Supermercado Ibi\u00fana \u00e9 administrado pelos herdeiros dos fundadores que, mantendo a tradi\u00e7\u00e3o de seus pais, cultivam o h\u00e1bito de tratarem seus clientes como extens\u00e3o de suas fam\u00edlias.<\/strong><\/p>\n\n\n\n<figure class=\"wp-block-image size-large\"><img loading=\"lazy\" width=\"1024\" height=\"631\" src=\"https:\/\/revistavitrineibiuna.com.br\/wp-content\/uploads\/2025\/11\/BLACK-FRIDAY-2-1024x631.png\" alt=\"\" class=\"wp-image-34582\" srcset=\"https:\/\/revistavitrineibiuna.com.br\/wp-content\/uploads\/2025\/11\/BLACK-FRIDAY-2-1024x631.png 1024w, https:\/\/revistavitrineibiuna.com.br\/wp-content\/uploads\/2025\/11\/BLACK-FRIDAY-2-300x185.png 300w, https:\/\/revistavitrineibiuna.com.br\/wp-content\/uploads\/2025\/11\/BLACK-FRIDAY-2-768x473.png 768w, https:\/\/revistavitrineibiuna.com.br\/wp-content\/uploads\/2025\/11\/BLACK-FRIDAY-2-1536x947.png 1536w, https:\/\/revistavitrineibiuna.com.br\/wp-content\/uploads\/2025\/11\/BLACK-FRIDAY-2.png 1593w\" sizes=\"(max-width: 1024px) 100vw, 1024px\" \/><figcaption>O movimento foi intenso o dia todo<\/figcaption><\/figure>\n\n\n\n<p><strong>Essa peculiaridade se verifica tanto no relacionamento de centenas de funcion\u00e1rios educados e atenciosos com os clientes, quanto na concep\u00e7\u00e3o do restaurante que serve comidas caseiras e conquistou uma marca de sucesso, com grande variedade pratos para todos os gostos.<\/strong><\/p>\n\n\n\n<p><strong>Vale lembrar que o supermercado teve que ampliar notavelmente seu estacionamento, se adaptou \u00e0s mais avan\u00e7adas tecnologias para seu ramo de neg\u00f3cios e estabeleceu procedimentos de marketing que falam a l\u00edngua da popula\u00e7\u00e3o, com alegria, bom humor e animada criatividade.<\/strong><\/p>\n\n\n\n<figure class=\"wp-block-image size-large\"><img loading=\"lazy\" width=\"712\" height=\"449\" src=\"https:\/\/revistavitrineibiuna.com.br\/wp-content\/uploads\/2025\/11\/BLACK-FRIDEY-5-FILA-DO-CAIXA-2.png\" alt=\"\" class=\"wp-image-34586\" srcset=\"https:\/\/revistavitrineibiuna.com.br\/wp-content\/uploads\/2025\/11\/BLACK-FRIDEY-5-FILA-DO-CAIXA-2.png 712w, https:\/\/revistavitrineibiuna.com.br\/wp-content\/uploads\/2025\/11\/BLACK-FRIDEY-5-FILA-DO-CAIXA-2-300x189.png 300w\" sizes=\"(max-width: 712px) 100vw, 712px\" \/><figcaption>As filas para os caixas exigiram paci\u00eancia dos clientes<\/figcaption><\/figure>\n\n\n\n<figure class=\"wp-block-image size-large\"><img loading=\"lazy\" width=\"718\" height=\"536\" src=\"https:\/\/revistavitrineibiuna.com.br\/wp-content\/uploads\/2025\/11\/BLECK-FRIDAY-4-FILA-DO-CAIXA.png\" alt=\"\" class=\"wp-image-34588\" srcset=\"https:\/\/revistavitrineibiuna.com.br\/wp-content\/uploads\/2025\/11\/BLECK-FRIDAY-4-FILA-DO-CAIXA.png 718w, https:\/\/revistavitrineibiuna.com.br\/wp-content\/uploads\/2025\/11\/BLECK-FRIDAY-4-FILA-DO-CAIXA-300x224.png 300w, https:\/\/revistavitrineibiuna.com.br\/wp-content\/uploads\/2025\/11\/BLECK-FRIDAY-4-FILA-DO-CAIXA-320x240.png 320w\" sizes=\"(max-width: 718px) 100vw, 718px\" \/><\/figure>\n\n\n\n<p><strong>Recentemente, promoveu uma corrida \u2013 a Super Run \u2013 da qual participaram trezentas pessoas com dois prop\u00f3sitos elogi\u00e1veis: arrecadar recursos para a manuten\u00e7\u00e3o da Casa Santa Rita, que acolhe e cuida de 20 idosos, e contribuir para a campanha Novembro Azul, de preven\u00e7\u00e3o do c\u00e2ncer de pr\u00f3stata.<\/strong><\/p>\n\n\n\n<figure class=\"wp-block-image size-large\"><img loading=\"lazy\" width=\"1024\" height=\"781\" src=\"https:\/\/revistavitrineibiuna.com.br\/wp-content\/uploads\/2025\/11\/BLACK-FRIDAY-3-1024x781.png\" alt=\"\" class=\"wp-image-34590\" srcset=\"https:\/\/revistavitrineibiuna.com.br\/wp-content\/uploads\/2025\/11\/BLACK-FRIDAY-3-1024x781.png 1024w, https:\/\/revistavitrineibiuna.com.br\/wp-content\/uploads\/2025\/11\/BLACK-FRIDAY-3-300x229.png 300w, https:\/\/revistavitrineibiuna.com.br\/wp-content\/uploads\/2025\/11\/BLACK-FRIDAY-3-768x585.png 768w, https:\/\/revistavitrineibiuna.com.br\/wp-content\/uploads\/2025\/11\/BLACK-FRIDAY-3.png 1123w\" sizes=\"(max-width: 1024px) 100vw, 1024px\" \/><figcaption>O jornalista Carlos Rossini entre os fundadores &#8220;Lazinho&#8221; e &#8220;Ditinho&#8221;<\/figcaption><\/figure>\n","protected":false},"excerpt":{"rendered":"<p>Mais de 20 mil pessoas passaram pelos caixas do Supermercado Ibi\u00fana nesta sexta-feira (28) para aproveitar as ofertas da black<\/p>\n","protected":false},"author":1,"featured_media":34580,"comment_status":"open","ping_status":"open","sticky":false,"template":"","format":"standard","meta":[],"categories":[3],"tags":[],"yoast_head":"<!-- This site is optimized with the Yoast SEO plugin v15.8 - https:\/\/yoast.com\/wordpress\/plugins\/seo\/ -->\n<title>BLACK FRIDAY \u2013 MAIS DE 20 MIL PESSOAS PASSARAM PELOS CAIXAS DO SUPERMERCADO IBI\u00daNA - Revista Vitrine Online<\/title>\n<meta name=\"robots\" content=\"index, follow, max-snippet:-1, max-image-preview:large, max-video-preview:-1\" \/>\n<link rel=\"canonical\" href=\"http:\/\/revistavitrineibiuna.com.br\/?p=34579\" \/>\n<meta property=\"og:locale\" content=\"pt_BR\" \/>\n<meta property=\"og:type\" content=\"article\" \/>\n<meta property=\"og:title\" content=\"BLACK FRIDAY \u2013 MAIS DE 20 MIL PESSOAS PASSARAM PELOS CAIXAS DO SUPERMERCADO IBI\u00daNA - Revista Vitrine Online\" \/>\n<meta property=\"og:description\" content=\"Mais de 20 mil pessoas passaram pelos caixas do Supermercado Ibi\u00fana nesta sexta-feira (28) para aproveitar as ofertas da black\" \/>\n<meta property=\"og:url\" content=\"http:\/\/revistavitrineibiuna.com.br\/?p=34579\" \/>\n<meta property=\"og:site_name\" content=\"Revista Vitrine Online\" \/>\n<meta property=\"article:published_time\" content=\"2025-11-29T02:05:36+00:00\" \/>\n<meta property=\"article:modified_time\" content=\"2025-12-04T03:04:54+00:00\" \/>\n<meta property=\"og:image\" content=\"https:\/\/revistavitrineibiuna.com.br\/wp-content\/uploads\/2025\/11\/BLACK-FRIDAY-1-1024x639.png\" \/>\n\t<meta property=\"og:image:width\" content=\"1024\" \/>\n\t<meta property=\"og:image:height\" content=\"639\" \/>\n<meta name=\"twitter:card\" content=\"summary\" \/>\n<meta name=\"twitter:label1\" content=\"Est. reading time\">\n\t<meta name=\"twitter:data1\" content=\"3 minutos\">\n<script type=\"application\/ld+json\" class=\"yoast-schema-graph\">{\"@context\":\"https:\/\/schema.org\",\"@graph\":[{\"@type\":\"WebSite\",\"@id\":\"https:\/\/revistavitrineibiuna.com.br\/#website\",\"url\":\"https:\/\/revistavitrineibiuna.com.br\/\",\"name\":\"Revista Vitrine Ibi\\u00fana\",\"description\":\"A Revista de Ibi\\u00fana e Regi\\u00e3o\",\"publisher\":{\"@id\":\"https:\/\/revistavitrineibiuna.com.br\/#\/schema\/person\/e51ef49d6d88170ea21ceabff3f73deb\"},\"potentialAction\":[{\"@type\":\"SearchAction\",\"target\":\"https:\/\/revistavitrineibiuna.com.br\/?s={search_term_string}\",\"query-input\":\"required name=search_term_string\"}],\"inLanguage\":\"pt-BR\"},{\"@type\":\"ImageObject\",\"@id\":\"http:\/\/revistavitrineibiuna.com.br\/?p=34579#primaryimage\",\"inLanguage\":\"pt-BR\",\"url\":\"https:\/\/revistavitrineibiuna.com.br\/wp-content\/uploads\/2025\/11\/BLACK-FRIDAY-1.png\",\"width\":1594,\"height\":994},{\"@type\":\"WebPage\",\"@id\":\"http:\/\/revistavitrineibiuna.com.br\/?p=34579#webpage\",\"url\":\"http:\/\/revistavitrineibiuna.com.br\/?p=34579\",\"name\":\"BLACK FRIDAY \\u2013 MAIS DE 20 MIL PESSOAS PASSARAM PELOS CAIXAS DO SUPERMERCADO IBI\\u00daNA - Revista Vitrine Online\",\"isPartOf\":{\"@id\":\"https:\/\/revistavitrineibiuna.com.br\/#website\"},\"primaryImageOfPage\":{\"@id\":\"http:\/\/revistavitrineibiuna.com.br\/?p=34579#primaryimage\"},\"datePublished\":\"2025-11-29T02:05:36+00:00\",\"dateModified\":\"2025-12-04T03:04:54+00:00\",\"breadcrumb\":{\"@id\":\"http:\/\/revistavitrineibiuna.com.br\/?p=34579#breadcrumb\"},\"inLanguage\":\"pt-BR\",\"potentialAction\":[{\"@type\":\"ReadAction\",\"target\":[\"http:\/\/revistavitrineibiuna.com.br\/?p=34579\"]}]},{\"@type\":\"BreadcrumbList\",\"@id\":\"http:\/\/revistavitrineibiuna.com.br\/?p=34579#breadcrumb\",\"itemListElement\":[{\"@type\":\"ListItem\",\"position\":1,\"item\":{\"@type\":\"WebPage\",\"@id\":\"https:\/\/revistavitrineibiuna.com.br\/\",\"url\":\"https:\/\/revistavitrineibiuna.com.br\/\",\"name\":\"In\\u00edcio\"}},{\"@type\":\"ListItem\",\"position\":2,\"item\":{\"@type\":\"WebPage\",\"@id\":\"http:\/\/revistavitrineibiuna.com.br\/?p=34579\",\"url\":\"http:\/\/revistavitrineibiuna.com.br\/?p=34579\",\"name\":\"BLACK FRIDAY \\u2013 MAIS DE 20 MIL PESSOAS PASSARAM PELOS CAIXAS DO SUPERMERCADO IBI\\u00daNA\"}}]},{\"@type\":\"Article\",\"@id\":\"http:\/\/revistavitrineibiuna.com.br\/?p=34579#article\",\"isPartOf\":{\"@id\":\"http:\/\/revistavitrineibiuna.com.br\/?p=34579#webpage\"},\"author\":{\"@id\":\"https:\/\/revistavitrineibiuna.com.br\/#\/schema\/person\/e51ef49d6d88170ea21ceabff3f73deb\"},\"headline\":\"BLACK FRIDAY \\u2013 MAIS DE 20 MIL PESSOAS PASSARAM PELOS CAIXAS DO SUPERMERCADO IBI\\u00daNA\",\"datePublished\":\"2025-11-29T02:05:36+00:00\",\"dateModified\":\"2025-12-04T03:04:54+00:00\",\"mainEntityOfPage\":{\"@id\":\"http:\/\/revistavitrineibiuna.com.br\/?p=34579#webpage\"},\"commentCount\":0,\"publisher\":{\"@id\":\"https:\/\/revistavitrineibiuna.com.br\/#\/schema\/person\/e51ef49d6d88170ea21ceabff3f73deb\"},\"image\":{\"@id\":\"http:\/\/revistavitrineibiuna.com.br\/?p=34579#primaryimage\"},\"articleSection\":\"Not\\u00edcias\",\"inLanguage\":\"pt-BR\",\"potentialAction\":[{\"@type\":\"CommentAction\",\"name\":\"Comment\",\"target\":[\"http:\/\/revistavitrineibiuna.com.br\/?p=34579#respond\"]}]},{\"@type\":[\"Person\",\"Organization\"],\"@id\":\"https:\/\/revistavitrineibiuna.com.br\/#\/schema\/person\/e51ef49d6d88170ea21ceabff3f73deb\",\"name\":\"Carlos Rossini\",\"image\":{\"@type\":\"ImageObject\",\"@id\":\"https:\/\/revistavitrineibiuna.com.br\/#personlogo\",\"inLanguage\":\"pt-BR\",\"url\":\"https:\/\/secure.gravatar.com\/avatar\/4f2d0f99fac1f85c7d643f21f5c8d900?s=96&d=mm&r=g\",\"caption\":\"Carlos Rossini\"},\"logo\":{\"@id\":\"https:\/\/revistavitrineibiuna.com.br\/#personlogo\"},\"description\":\"Carlos Rossini \\u00e9 jornalista, soci\\u00f3logo, escritor e professor universit\\u00e1rio, tendo sido professor de jornalismo por vinte anos. Trabalhou em ve\\u00edculos de comunica\\u00e7\\u00e3o nas fun\\u00e7\\u00f5es de rep\\u00f3rter, redator, editor, articulista e colaborador, como Folha de S. Paulo, O Estado de S. Paulo, Di\\u00e1rio Popular, entre outros. Ao transferir a revista vitrine, vers\\u00e3o imprensa, de S\\u00e3o Paulo para Ibi\\u00fana h\\u00e1 alguns anos, iniciou uma nova experi\\u00eancia profissional, dedicando-se ao jornalismo regional, depois de cumprir uma trajet\\u00f3ria bem-sucedida na grande imprensa brasileira. Seu primeiro livro A Coragem de Comunicar foi lan\\u00e7ado na Bienal do Livro em S\\u00e3o Paulo no ano 2000, pela editora Madras.\"}]}<\/script>\n<!-- \/ Yoast SEO plugin. -->","_links":{"self":[{"href":"https:\/\/revistavitrineibiuna.com.br\/index.php?rest_route=\/wp\/v2\/posts\/34579"}],"collection":[{"href":"https:\/\/revistavitrineibiuna.com.br\/index.php?rest_route=\/wp\/v2\/posts"}],"about":[{"href":"https:\/\/revistavitrineibiuna.com.br\/index.php?rest_route=\/wp\/v2\/types\/post"}],"author":[{"embeddable":true,"href":"https:\/\/revistavitrineibiuna.com.br\/index.php?rest_route=\/wp\/v2\/users\/1"}],"replies":[{"embeddable":true,"href":"https:\/\/revistavitrineibiuna.com.br\/index.php?rest_route=%2Fwp%2Fv2%2Fcomments&post=34579"}],"version-history":[{"count":6,"href":"https:\/\/revistavitrineibiuna.com.br\/index.php?rest_route=\/wp\/v2\/posts\/34579\/revisions"}],"predecessor-version":[{"id":34639,"href":"https:\/\/revistavitrineibiuna.com.br\/index.php?rest_route=\/wp\/v2\/posts\/34579\/revisions\/34639"}],"wp:featuredmedia":[{"embeddable":true,"href":"https:\/\/revistavitrineibiuna.com.br\/index.php?rest_route=\/wp\/v2\/media\/34580"}],"wp:attachment":[{"href":"https:\/\/revistavitrineibiuna.com.br\/index.php?rest_route=%2Fwp%2Fv2%2Fmedia&parent=34579"}],"wp:term":[{"taxonomy":"category","embeddable":true,"href":"https:\/\/revistavitrineibiuna.com.br\/index.php?rest_route=%2Fwp%2Fv2%2Fcategories&post=34579"},{"taxonomy":"post_tag","embeddable":true,"href":"https:\/\/revistavitrineibiuna.com.br\/index.php?rest_route=%2Fwp%2Fv2%2Ftags&post=34579"}],"curies":[{"name":"wp","href":"https:\/\/api.w.org\/{rel}","templated":true}]}}