{"id":34593,"date":"2025-11-29T07:56:01","date_gmt":"2025-11-29T10:56:01","guid":{"rendered":"http:\/\/revistavitrineibiuna.com.br\/?p=34593"},"modified":"2025-11-29T09:43:20","modified_gmt":"2025-11-29T12:43:20","slug":"ibiuna-nadja-holly-em-noite-de-autografos-de-mulheres-que-inspiram","status":"publish","type":"post","link":"https:\/\/revistavitrineibiuna.com.br\/?p=34593","title":{"rendered":"IBI\u00daNA \u2013 NADJA HOLLY EM NOITE DE AUT\u00d3GRAFOS DE \u201cMULHERES QUE INSPIRAM\u201d"},"content":{"rendered":"\n<p class=\"has-drop-cap\"><strong>Nadja Holly, detentora de uma exuberante intensidade art\u00edstica, estava radiante na noite desta sexta-feira (28), ao receber seus convidados para uma noite de aut\u00f3grafos do livro \u201cMulheres que Inspiram\u201d, uma admir\u00e1vel colet\u00e2nea de cap\u00edtulos inspirados no tema \u201cQuando uma mulher compartilha sua hist\u00f3ria, todas as outras se fortalecem\u201d.<\/strong><\/p>\n\n\n\n<p><strong>A contagiante alegria da nossa Holly se amparava num fato que nos enche de alegria. Ela \u00e9 a \u00fanica mulher ibiunense das onze mulheres brasileiras a assinarem essa obra inspiradora e apaixonante.<\/strong><\/p>\n\n\n\n<p><strong>O livro se apresenta na quarta capa: s\u00e3o hist\u00f3rias de mulheres \u201cque se desenvolveram e transformaram sua dificuldade profissional em for\u00e7a interior e se tornaram fonte de inspira\u00e7\u00e3o\u201d para todas as mulheres.<\/strong><\/p>\n\n\n\n<p><strong>Nadja Holly \u00e9 o nome art\u00edstico de Nadja Janaina da Silva, bailarina, professora de bal\u00e9 e propriet\u00e1ria do Nadja St\u00fadio e Cia., que j\u00e1 formou uma constela\u00e7\u00e3o de bailarinas e bailarinos na cidade de Ibi\u00fana.<\/strong><\/p>\n\n\n\n<figure class=\"wp-block-image size-large\"><img loading=\"lazy\" width=\"1024\" height=\"813\" src=\"http:\/\/revistavitrineibiuna.com.br\/wp-content\/uploads\/2025\/11\/Nadja-3-1024x813.png\" alt=\"\" class=\"wp-image-34596\" srcset=\"https:\/\/revistavitrineibiuna.com.br\/wp-content\/uploads\/2025\/11\/Nadja-3-1024x813.png 1024w, https:\/\/revistavitrineibiuna.com.br\/wp-content\/uploads\/2025\/11\/Nadja-3-300x238.png 300w, https:\/\/revistavitrineibiuna.com.br\/wp-content\/uploads\/2025\/11\/Nadja-3-768x610.png 768w, https:\/\/revistavitrineibiuna.com.br\/wp-content\/uploads\/2025\/11\/Nadja-3.png 1375w\" sizes=\"(max-width: 1024px) 100vw, 1024px\" \/><figcaption>A noite de aut\u00f3grafos se realizou numa casa de shows no centro de Ibi\u00fana; o cantor Fael May abrilhantou a noite<\/figcaption><\/figure>\n\n\n\n<figure class=\"wp-block-image size-large\"><img loading=\"lazy\" width=\"1024\" height=\"770\" src=\"http:\/\/revistavitrineibiuna.com.br\/wp-content\/uploads\/2025\/11\/Nadja-2-1024x770.png\" alt=\"\" class=\"wp-image-34600\" srcset=\"https:\/\/revistavitrineibiuna.com.br\/wp-content\/uploads\/2025\/11\/Nadja-2-1024x770.png 1024w, https:\/\/revistavitrineibiuna.com.br\/wp-content\/uploads\/2025\/11\/Nadja-2-300x226.png 300w, https:\/\/revistavitrineibiuna.com.br\/wp-content\/uploads\/2025\/11\/Nadja-2-768x578.png 768w, https:\/\/revistavitrineibiuna.com.br\/wp-content\/uploads\/2025\/11\/Nadja-2-320x240.png 320w, https:\/\/revistavitrineibiuna.com.br\/wp-content\/uploads\/2025\/11\/Nadja-2.png 1453w\" sizes=\"(max-width: 1024px) 100vw, 1024px\" \/><figcaption>Parentes e amigos prestigiaram a autora e garantiram seus exemplares<\/figcaption><\/figure>\n\n\n\n<p><strong>COREOGRAFIA DA VIDA<\/strong><\/p>\n\n\n\n<p><strong>A vida da nossa Holly [\u201cesperan\u00e7a\u201d] n\u00e3o foi f\u00e1cil, fato que se revela no denso prel\u00fadio de seu cap\u00edtulo: \u201cEu escolhi viver: a jornada de uma mulher quebrando barreiras\u201d. Veja um trecho do profundo mergulho que ela faz em sua pr\u00f3pria alma:<\/strong><\/p>\n\n\n\n<p><strong>\u201cDesde muito cedo, percebi que havia em mim algo diferente. Um chamado silencioso, quase sagrado, que se manifestava atrav\u00e9s da arte. A dan\u00e7a n\u00e3o foi uma escolha racional, mas uma\u00a0 resposta natural \u00e0quilo que pulsava dentro de mim.<\/strong><\/p>\n\n\n\n<p><strong>Quando dan\u00e7ava, eu n\u00e3o apenas me expressava \u2013 eu me reencontrava. Cada gesto, cada ritmo, cada movimento me conectava com algo que ia al\u00e9m da mat\u00e9ria.<\/strong><\/p>\n\n\n\n<p><strong>A dan\u00e7a era minha linguagem com o invis\u00edvel, minha&nbsp; maneira de conversar com Deus.<\/strong><\/p>\n\n\n\n<p><strong>No entanto, enquanto por dentro eu me encantava com a beleza dos movimentos, por fora enfrentava a dureza de um mundo que n\u00e3o compreendia essa sensibilidade.<\/strong>&#8220;<\/p>\n\n\n\n<figure class=\"wp-block-image size-large\"><img loading=\"lazy\" width=\"1024\" height=\"685\" src=\"http:\/\/revistavitrineibiuna.com.br\/wp-content\/uploads\/2025\/11\/Nadja-4-1024x685.png\" alt=\"\" class=\"wp-image-34603\" srcset=\"https:\/\/revistavitrineibiuna.com.br\/wp-content\/uploads\/2025\/11\/Nadja-4-1024x685.png 1024w, https:\/\/revistavitrineibiuna.com.br\/wp-content\/uploads\/2025\/11\/Nadja-4-300x201.png 300w, https:\/\/revistavitrineibiuna.com.br\/wp-content\/uploads\/2025\/11\/Nadja-4-768x514.png 768w, https:\/\/revistavitrineibiuna.com.br\/wp-content\/uploads\/2025\/11\/Nadja-4-1536x1027.png 1536w, https:\/\/revistavitrineibiuna.com.br\/wp-content\/uploads\/2025\/11\/Nadja-4.png 1600w\" sizes=\"(max-width: 1024px) 100vw, 1024px\" \/><\/figure>\n\n\n\n<p><strong>O CONJUNTO DA OBRA<\/strong><\/p>\n\n\n\n<p><strong>Bem, daqui para a frente cabe \u00e0 curiosidade dos leitores acessar o livro que \u00e9 um desfile de temas variados em torno talvez do anseio de liberdade que existe no interior dos seres humanos, especialmente das mulheres.<\/strong><\/p>\n\n\n\n<p><strong>. Taiyna Medeiros: \u201cTorne-se uma mulher atraente, confiante e pr\u00f3spera\u201d<\/strong><\/p>\n\n\n\n<p><strong>. Rejane Gomes: \u201cSua jornada de cura\u201d<\/strong><\/p>\n\n\n\n<p><strong>. Maria Antonia: \u201cO poder de transformar\u201d<\/strong><\/p>\n\n\n\n<p><strong>. Ana L\u00facia: \u201cBuscando sua&nbsp; melhor vers\u00e3o\u201d<\/strong><\/p>\n\n\n\n<p><strong>. Renata Galhardo: \u201cFa\u00edsca de esperan\u00e7a\u201d<\/strong><\/p>\n\n\n\n<p><strong>.Tha\u00eds Amaral: \u201cO aprendizado com os erros\u201d<\/strong><\/p>\n\n\n\n<p><strong>. Nadja Holly: \u201cJornada de transforma\u00e7\u00e3o\u201d<\/strong><\/p>\n\n\n\n<p><strong>. Fernanda Bitello: \u201cCoragem\u201d<\/strong><\/p>\n\n\n\n<p><strong>. Bruna Boscatto: \u201cO recome\u00e7o\u201d<\/strong><\/p>\n\n\n\n<p><strong>. Eliana Finarde: \u201cA capacidade de mudan\u00e7a\u201d<\/strong><\/p>\n\n\n\n<p><strong>. Ana Clara: \u201cN\u00e3o desista\u201d<\/strong><\/p>\n\n\n\n<p><strong>Elas se conheceram no universo dos imprevis\u00edveis relacionamentos humanos ao navegarem pela internet nos mares que levam ao continente onde se apresenta um admir\u00e1vel mundo novo, com o toque exuberante da feminilidade. (C.R.)<\/strong><\/p>\n\n\n\n<p><strong>P.S.: O livro lan\u00e7ado \u00e9 o volume 01, com 105 p\u00e1ginas; j\u00e1 est\u00e1 a caminho o volume 02.<\/strong><\/p>\n\n\n\n<p><strong>COMO ADQUIRIR<\/strong><\/p>\n\n\n\n<p><strong>O livro pode ser adquirido por meio do WhatsApp (15) 99726-3808 ou pelo Instagram @nadjaholly<\/strong><\/p>\n\n\n\n<figure class=\"wp-block-image size-large\"><img loading=\"lazy\" width=\"1024\" height=\"788\" src=\"http:\/\/revistavitrineibiuna.com.br\/wp-content\/uploads\/2025\/11\/nadja-5-1024x788.png\" alt=\"\" class=\"wp-image-34604\" srcset=\"https:\/\/revistavitrineibiuna.com.br\/wp-content\/uploads\/2025\/11\/nadja-5-1024x788.png 1024w, https:\/\/revistavitrineibiuna.com.br\/wp-content\/uploads\/2025\/11\/nadja-5-300x231.png 300w, https:\/\/revistavitrineibiuna.com.br\/wp-content\/uploads\/2025\/11\/nadja-5-768x591.png 768w, https:\/\/revistavitrineibiuna.com.br\/wp-content\/uploads\/2025\/11\/nadja-5.png 1200w\" sizes=\"(max-width: 1024px) 100vw, 1024px\" \/><figcaption>Nadja, C\u00e9lia e Carlos Rossini, da TVUNA e da vitrine online, estiveram presentes<\/figcaption><\/figure>\n","protected":false},"excerpt":{"rendered":"<p>Nadja Holly, detentora de uma exuberante intensidade art\u00edstica, estava radiante na noite desta sexta-feira (28), ao receber seus convidados para<\/p>\n","protected":false},"author":1,"featured_media":34594,"comment_status":"open","ping_status":"open","sticky":false,"template":"","format":"standard","meta":[],"categories":[3],"tags":[],"yoast_head":"<!-- This site is optimized with the Yoast SEO plugin v15.8 - https:\/\/yoast.com\/wordpress\/plugins\/seo\/ -->\n<title>IBI\u00daNA \u2013 NADJA HOLLY EM NOITE DE AUT\u00d3GRAFOS DE \u201cMULHERES QUE INSPIRAM\u201d - Revista Vitrine Online<\/title>\n<meta name=\"robots\" content=\"index, follow, max-snippet:-1, max-image-preview:large, max-video-preview:-1\" \/>\n<link rel=\"canonical\" href=\"http:\/\/revistavitrineibiuna.com.br\/?p=34593\" \/>\n<meta property=\"og:locale\" content=\"pt_BR\" \/>\n<meta property=\"og:type\" content=\"article\" \/>\n<meta property=\"og:title\" content=\"IBI\u00daNA \u2013 NADJA HOLLY EM NOITE DE AUT\u00d3GRAFOS DE \u201cMULHERES QUE INSPIRAM\u201d - Revista Vitrine Online\" \/>\n<meta property=\"og:description\" content=\"Nadja Holly, detentora de uma exuberante intensidade art\u00edstica, estava radiante na noite desta sexta-feira (28), ao receber seus convidados para\" \/>\n<meta property=\"og:url\" content=\"http:\/\/revistavitrineibiuna.com.br\/?p=34593\" \/>\n<meta property=\"og:site_name\" content=\"Revista Vitrine Online\" \/>\n<meta property=\"article:published_time\" content=\"2025-11-29T10:56:01+00:00\" \/>\n<meta property=\"article:modified_time\" content=\"2025-11-29T12:43:20+00:00\" \/>\n<meta property=\"og:image\" content=\"https:\/\/revistavitrineibiuna.com.br\/wp-content\/uploads\/2025\/11\/Nadja-1.png\" \/>\n\t<meta property=\"og:image:width\" content=\"1550\" \/>\n\t<meta property=\"og:image:height\" content=\"1070\" \/>\n<meta name=\"twitter:card\" content=\"summary\" \/>\n<meta name=\"twitter:label1\" content=\"Est. reading time\">\n\t<meta name=\"twitter:data1\" content=\"4 minutos\">\n<script type=\"application\/ld+json\" class=\"yoast-schema-graph\">{\"@context\":\"https:\/\/schema.org\",\"@graph\":[{\"@type\":\"WebSite\",\"@id\":\"https:\/\/revistavitrineibiuna.com.br\/#website\",\"url\":\"https:\/\/revistavitrineibiuna.com.br\/\",\"name\":\"Revista Vitrine Ibi\\u00fana\",\"description\":\"A Revista de Ibi\\u00fana e Regi\\u00e3o\",\"publisher\":{\"@id\":\"https:\/\/revistavitrineibiuna.com.br\/#\/schema\/person\/e51ef49d6d88170ea21ceabff3f73deb\"},\"potentialAction\":[{\"@type\":\"SearchAction\",\"target\":\"https:\/\/revistavitrineibiuna.com.br\/?s={search_term_string}\",\"query-input\":\"required name=search_term_string\"}],\"inLanguage\":\"pt-BR\"},{\"@type\":\"ImageObject\",\"@id\":\"http:\/\/revistavitrineibiuna.com.br\/?p=34593#primaryimage\",\"inLanguage\":\"pt-BR\",\"url\":\"https:\/\/revistavitrineibiuna.com.br\/wp-content\/uploads\/2025\/11\/Nadja-1.png\",\"width\":1550,\"height\":1070},{\"@type\":\"WebPage\",\"@id\":\"http:\/\/revistavitrineibiuna.com.br\/?p=34593#webpage\",\"url\":\"http:\/\/revistavitrineibiuna.com.br\/?p=34593\",\"name\":\"IBI\\u00daNA \\u2013 NADJA HOLLY EM NOITE DE AUT\\u00d3GRAFOS DE \\u201cMULHERES QUE INSPIRAM\\u201d - Revista Vitrine Online\",\"isPartOf\":{\"@id\":\"https:\/\/revistavitrineibiuna.com.br\/#website\"},\"primaryImageOfPage\":{\"@id\":\"http:\/\/revistavitrineibiuna.com.br\/?p=34593#primaryimage\"},\"datePublished\":\"2025-11-29T10:56:01+00:00\",\"dateModified\":\"2025-11-29T12:43:20+00:00\",\"breadcrumb\":{\"@id\":\"http:\/\/revistavitrineibiuna.com.br\/?p=34593#breadcrumb\"},\"inLanguage\":\"pt-BR\",\"potentialAction\":[{\"@type\":\"ReadAction\",\"target\":[\"http:\/\/revistavitrineibiuna.com.br\/?p=34593\"]}]},{\"@type\":\"BreadcrumbList\",\"@id\":\"http:\/\/revistavitrineibiuna.com.br\/?p=34593#breadcrumb\",\"itemListElement\":[{\"@type\":\"ListItem\",\"position\":1,\"item\":{\"@type\":\"WebPage\",\"@id\":\"https:\/\/revistavitrineibiuna.com.br\/\",\"url\":\"https:\/\/revistavitrineibiuna.com.br\/\",\"name\":\"In\\u00edcio\"}},{\"@type\":\"ListItem\",\"position\":2,\"item\":{\"@type\":\"WebPage\",\"@id\":\"http:\/\/revistavitrineibiuna.com.br\/?p=34593\",\"url\":\"http:\/\/revistavitrineibiuna.com.br\/?p=34593\",\"name\":\"IBI\\u00daNA \\u2013 NADJA HOLLY EM NOITE DE AUT\\u00d3GRAFOS DE \\u201cMULHERES QUE INSPIRAM\\u201d\"}}]},{\"@type\":\"Article\",\"@id\":\"http:\/\/revistavitrineibiuna.com.br\/?p=34593#article\",\"isPartOf\":{\"@id\":\"http:\/\/revistavitrineibiuna.com.br\/?p=34593#webpage\"},\"author\":{\"@id\":\"https:\/\/revistavitrineibiuna.com.br\/#\/schema\/person\/e51ef49d6d88170ea21ceabff3f73deb\"},\"headline\":\"IBI\\u00daNA \\u2013 NADJA HOLLY EM NOITE DE AUT\\u00d3GRAFOS DE \\u201cMULHERES QUE INSPIRAM\\u201d\",\"datePublished\":\"2025-11-29T10:56:01+00:00\",\"dateModified\":\"2025-11-29T12:43:20+00:00\",\"mainEntityOfPage\":{\"@id\":\"http:\/\/revistavitrineibiuna.com.br\/?p=34593#webpage\"},\"commentCount\":0,\"publisher\":{\"@id\":\"https:\/\/revistavitrineibiuna.com.br\/#\/schema\/person\/e51ef49d6d88170ea21ceabff3f73deb\"},\"image\":{\"@id\":\"http:\/\/revistavitrineibiuna.com.br\/?p=34593#primaryimage\"},\"articleSection\":\"Not\\u00edcias\",\"inLanguage\":\"pt-BR\",\"potentialAction\":[{\"@type\":\"CommentAction\",\"name\":\"Comment\",\"target\":[\"http:\/\/revistavitrineibiuna.com.br\/?p=34593#respond\"]}]},{\"@type\":[\"Person\",\"Organization\"],\"@id\":\"https:\/\/revistavitrineibiuna.com.br\/#\/schema\/person\/e51ef49d6d88170ea21ceabff3f73deb\",\"name\":\"Carlos Rossini\",\"image\":{\"@type\":\"ImageObject\",\"@id\":\"https:\/\/revistavitrineibiuna.com.br\/#personlogo\",\"inLanguage\":\"pt-BR\",\"url\":\"https:\/\/secure.gravatar.com\/avatar\/4f2d0f99fac1f85c7d643f21f5c8d900?s=96&d=mm&r=g\",\"caption\":\"Carlos Rossini\"},\"logo\":{\"@id\":\"https:\/\/revistavitrineibiuna.com.br\/#personlogo\"},\"description\":\"Carlos Rossini \\u00e9 jornalista, soci\\u00f3logo, escritor e professor universit\\u00e1rio, tendo sido professor de jornalismo por vinte anos. Trabalhou em ve\\u00edculos de comunica\\u00e7\\u00e3o nas fun\\u00e7\\u00f5es de rep\\u00f3rter, redator, editor, articulista e colaborador, como Folha de S. Paulo, O Estado de S. Paulo, Di\\u00e1rio Popular, entre outros. Ao transferir a revista vitrine, vers\\u00e3o imprensa, de S\\u00e3o Paulo para Ibi\\u00fana h\\u00e1 alguns anos, iniciou uma nova experi\\u00eancia profissional, dedicando-se ao jornalismo regional, depois de cumprir uma trajet\\u00f3ria bem-sucedida na grande imprensa brasileira. Seu primeiro livro A Coragem de Comunicar foi lan\\u00e7ado na Bienal do Livro em S\\u00e3o Paulo no ano 2000, pela editora Madras.\"}]}<\/script>\n<!-- \/ Yoast SEO plugin. -->","_links":{"self":[{"href":"https:\/\/revistavitrineibiuna.com.br\/index.php?rest_route=\/wp\/v2\/posts\/34593"}],"collection":[{"href":"https:\/\/revistavitrineibiuna.com.br\/index.php?rest_route=\/wp\/v2\/posts"}],"about":[{"href":"https:\/\/revistavitrineibiuna.com.br\/index.php?rest_route=\/wp\/v2\/types\/post"}],"author":[{"embeddable":true,"href":"https:\/\/revistavitrineibiuna.com.br\/index.php?rest_route=\/wp\/v2\/users\/1"}],"replies":[{"embeddable":true,"href":"https:\/\/revistavitrineibiuna.com.br\/index.php?rest_route=%2Fwp%2Fv2%2Fcomments&post=34593"}],"version-history":[{"count":10,"href":"https:\/\/revistavitrineibiuna.com.br\/index.php?rest_route=\/wp\/v2\/posts\/34593\/revisions"}],"predecessor-version":[{"id":34613,"href":"https:\/\/revistavitrineibiuna.com.br\/index.php?rest_route=\/wp\/v2\/posts\/34593\/revisions\/34613"}],"wp:featuredmedia":[{"embeddable":true,"href":"https:\/\/revistavitrineibiuna.com.br\/index.php?rest_route=\/wp\/v2\/media\/34594"}],"wp:attachment":[{"href":"https:\/\/revistavitrineibiuna.com.br\/index.php?rest_route=%2Fwp%2Fv2%2Fmedia&parent=34593"}],"wp:term":[{"taxonomy":"category","embeddable":true,"href":"https:\/\/revistavitrineibiuna.com.br\/index.php?rest_route=%2Fwp%2Fv2%2Fcategories&post=34593"},{"taxonomy":"post_tag","embeddable":true,"href":"https:\/\/revistavitrineibiuna.com.br\/index.php?rest_route=%2Fwp%2Fv2%2Ftags&post=34593"}],"curies":[{"name":"wp","href":"https:\/\/api.w.org\/{rel}","templated":true}]}}